{"id":2797,"date":"2023-04-01T12:50:27","date_gmt":"2023-04-01T10:50:27","guid":{"rendered":"https:\/\/jennipitko.fi\/koti\/?p=2797"},"modified":"2023-04-01T12:50:28","modified_gmt":"2023-04-01T10:50:28","slug":"neljan-tunnin-junalla-helsinkiin-ja-yojunalla-tukholmaan","status":"publish","type":"post","link":"https:\/\/jennipitko.fi\/koti\/neljan-tunnin-junalla-helsinkiin-ja-yojunalla-tukholmaan\/","title":{"rendered":"Nelj\u00e4n tunnin junalla Helsinkiin ja y\u00f6junalla Tukholmaan"},"content":{"rendered":"\n<p>Jos oikein katsoo Suomen karttaa, niin Oulu on k\u00e4tev\u00e4sti Suomen keskell\u00e4 ja yhteydess\u00e4 maatapitkin muuhun Eurooppaan. Nelj\u00e4n tunnin juna Helsinkiin ja reitin avaaminen Tukholmaan toisivat aidosti kilpailukykyisen vaihtoehdon lentomatkustamiselle ja auttaisi Suomea kohti hiilineutraaliutta. Siksi raideliikenteess\u00e4 tulee ottaa ensi eduskuntakaudella seuraavia askeleita kohti n\u00e4it\u00e4 tavoitteita.<\/p>\n\n\n\n<p>Liminka-Oulu-kaksoisraide on toteutettava pikimmiten ensi vaalikaudella. Se on askel kohti Nelj\u00e4n tunnin Oulu-Helsinki junaa sek\u00e4 paikallisen tihe\u00e4vuoroisen l\u00e4hijunaliikennepilotin k\u00e4ynnist\u00e4mist\u00e4.<\/p>\n\n\n\n<p>Milt\u00e4 kuulostaisi paikallisjuna esimerkiksi Iin, Haukiputaan, Tuiran, Limingantullin, Kempeleen ja Limingan asemien v\u00e4lill\u00e4? Oulun keskustan palvelut ja ty\u00f6paikat olisivat k\u00e4tev\u00e4sti junayhteyden p\u00e4\u00e4ss\u00e4 ja Iin kulttuurikauppilassa tai Liminganlahden luontokeskuksessa voisi k\u00e4tev\u00e4sti vierailla junan ja py\u00f6r\u00e4n yhdistelm\u00e4ll\u00e4. Olisi hienoa jos seudullamme olisi helpompaa elell\u00e4 ilman omaa autoa.<\/p>\n\n\n\n<p>My\u00f6s v\u00e4lin Ylivieska-Oulu-kaksoisraide tulee saada heti suunnitteluun. Kyseess\u00e4 on iso hanke, jolle voi saada EU-tukea. T\u00e4m\u00e4 hanke ei saa j\u00e4\u00e4d\u00e4 Etel\u00e4-Suomen isojen hankkeiden jalkoihin, se on my\u00f6s j\u00e4ttihankkeita helpompi toteuttaa. Huoltovarmuuden kannaltakin on huolestuttavaa, ett\u00e4 ainut maayhteytemme l\u00e4nteen on paikoin yksiraiteinen ja hyvin h\u00e4iri\u00f6herkk\u00e4.&nbsp;<\/p>\n\n\n\n<p>Olen erityisen ylpe\u00e4, ett\u00e4 henkil\u00f6liikenne Haaparannalle Ruotsiin otti t\u00e4ll\u00e4 kaudella merkitt\u00e4v\u00e4n harppauksen eteenp\u00e4in, kun p\u00e4\u00e4timme s\u00e4hk\u00f6ist\u00e4\u00e4 puuttuvan osuuden Keminmaan Laurilasta Haaparantaan. Ruotsin puolella junareitti Tukholmaan on jo toiminnassa. Siksi Suomen t\u00e4ytyy tehd\u00e4 p\u00e4\u00e4t\u00f6s henkil\u00f6liikenteen aloittamisesta Ruotsiin heti kun rata on valmis!&nbsp;<\/p>\n\n\n\n<p>Junan kyytiin Oulusta, vaihto Haaparannalla ja p\u00e4\u00e4 makuuhytin tyynyyn viimeist\u00e4\u00e4n Luulajassa. Aamulla her\u00e4tys Tukholmassa ja jatkoyhteys mihin vain Eurooppaan. T\u00e4m\u00e4 on mahdollista, jos niin halutaan!<\/p>\n\n\n\n<p>Jos saan jatkaa ty\u00f6t\u00e4ni eduskunnassa, lupaan tehd\u00e4 jatkossakin lujasti t\u00f6it\u00e4 raideyhteyksien kehitt\u00e4miseksi.<\/p>\n","protected":false},"excerpt":{"rendered":"<p>Jos oikein katsoo Suomen karttaa, niin Oulu on k\u00e4tev\u00e4sti Suomen keskell\u00e4 ja yhteydess\u00e4 maatapitkin muuhun Eurooppaan. Nelj\u00e4n tunnin juna Helsinkiin [&hellip;]<\/p>\n","protected":false},"author":1,"featured_media":0,"comment_status":"closed","ping_status":"closed","sticky":false,"template":"","format":"standard","meta":{"_monsterinsights_skip_tracking":false,"_monsterinsights_sitenote_active":false,"_monsterinsights_sitenote_note":"","_monsterinsights_sitenote_category":0,"site-sidebar-layout":"default","site-content-layout":"","ast-site-content-layout":"default","site-content-style":"default","site-sidebar-style":"default","ast-global-header-display":"","ast-banner-title-visibility":"","ast-main-header-display":"","ast-hfb-above-header-display":"","ast-hfb-below-header-display":"","ast-hfb-mobile-header-display":"","site-post-title":"","ast-breadcrumbs-content":"","ast-featured-img":"","footer-sml-layout":"","ast-disable-related-posts":"","theme-transparent-header-meta":"","adv-header-id-meta":"","stick-header-meta":"","header-above-stick-meta":"","header-main-stick-meta":"","header-below-stick-meta":"","astra-migrate-meta-layouts":"default","ast-page-background-enabled":"default","ast-page-background-meta":{"desktop":{"background-color":"var(--ast-global-color-5)","background-image":"","background-repeat":"repeat","background-position":"center center","background-size":"auto","background-attachment":"scroll","background-type":"","background-media":"","overlay-type":"","overlay-color":"","overlay-opacity":"","overlay-gradient":""},"tablet":{"background-color":"","background-image":"","background-repeat":"repeat","background-position":"center center","background-size":"auto","background-attachment":"scroll","background-type":"","background-media":"","overlay-type":"","overlay-color":"","overlay-opacity":"","overlay-gradient":""},"mobile":{"background-color":"","background-image":"","background-repeat":"repeat","background-position":"center center","background-size":"auto","background-attachment":"scroll","background-type":"","background-media":"","overlay-type":"","overlay-color":"","overlay-opacity":"","overlay-gradient":""}},"ast-content-background-meta":{"desktop":{"background-color":"var(--ast-global-color-4)","background-image":"","background-repeat":"repeat","background-position":"center center","background-size":"auto","background-attachment":"scroll","background-type":"","background-media":"","overlay-type":"","overlay-color":"","overlay-opacity":"","overlay-gradient":""},"tablet":{"background-color":"var(--ast-global-color-4)","background-image":"","background-repeat":"repeat","background-position":"center center","background-size":"auto","background-attachment":"scroll","background-type":"","background-media":"","overlay-type":"","overlay-color":"","overlay-opacity":"","overlay-gradient":""},"mobile":{"background-color":"var(--ast-global-color-4)","background-image":"","background-repeat":"repeat","background-position":"center center","background-size":"auto","background-attachment":"scroll","background-type":"","background-media":"","overlay-type":"","overlay-color":"","overlay-opacity":"","overlay-gradient":""}},"footnotes":""},"categories":[1],"tags":[],"class_list":["post-2797","post","type-post","status-publish","format-standard","hentry","category-uncategorized"],"yoast_head":"<!-- This site is optimized with the Yoast SEO plugin v27.5 - https:\/\/yoast.com\/product\/yoast-seo-wordpress\/ -->\n<title>Nelj\u00e4n tunnin junalla Helsinkiin ja y\u00f6junalla Tukholmaan - Jenni Pitko - Vihreiden varapuheenjohtaja, ymp\u00e4rist\u00f6valiokunnan puheenjohtaja, kansanedustaja ja arkkitehti Oulusta<\/title>\n<meta name=\"robots\" content=\"index, follow, max-snippet:-1, max-image-preview:large, max-video-preview:-1\" \/>\n<link rel=\"canonical\" href=\"https:\/\/jennipitko.fi\/koti\/neljan-tunnin-junalla-helsinkiin-ja-yojunalla-tukholmaan\/\" \/>\n<meta property=\"og:locale\" content=\"fi_FI\" \/>\n<meta property=\"og:type\" content=\"article\" \/>\n<meta property=\"og:title\" content=\"Nelj\u00e4n tunnin junalla Helsinkiin ja y\u00f6junalla Tukholmaan - Jenni Pitko - Vihreiden varapuheenjohtaja, ymp\u00e4rist\u00f6valiokunnan puheenjohtaja, kansanedustaja ja arkkitehti Oulusta\" \/>\n<meta property=\"og:description\" content=\"Jos oikein katsoo Suomen karttaa, niin Oulu on k\u00e4tev\u00e4sti Suomen keskell\u00e4 ja yhteydess\u00e4 maatapitkin muuhun Eurooppaan. Nelj\u00e4n tunnin juna Helsinkiin [&hellip;]\" \/>\n<meta property=\"og:url\" content=\"https:\/\/jennipitko.fi\/koti\/neljan-tunnin-junalla-helsinkiin-ja-yojunalla-tukholmaan\/\" \/>\n<meta property=\"og:site_name\" content=\"Jenni Pitko - Vihreiden varapuheenjohtaja, ymp\u00e4rist\u00f6valiokunnan puheenjohtaja, kansanedustaja ja arkkitehti Oulusta\" \/>\n<meta property=\"article:published_time\" content=\"2023-04-01T10:50:27+00:00\" \/>\n<meta property=\"article:modified_time\" content=\"2023-04-01T10:50:28+00:00\" \/>\n<meta name=\"author\" content=\"Jenni\" \/>\n<meta name=\"twitter:card\" content=\"summary_large_image\" \/>\n<meta name=\"twitter:label1\" content=\"Kirjoittanut\" \/>\n\t<meta name=\"twitter:data1\" content=\"Jenni\" \/>\n\t<meta name=\"twitter:label2\" content=\"Arvioitu lukuaika\" \/>\n\t<meta name=\"twitter:data2\" content=\"2 minuuttia\" \/>\n<script type=\"application\/ld+json\" class=\"yoast-schema-graph\">{\"@context\":\"https:\\\/\\\/schema.org\",\"@graph\":[{\"@type\":\"Article\",\"@id\":\"https:\\\/\\\/jennipitko.fi\\\/koti\\\/neljan-tunnin-junalla-helsinkiin-ja-yojunalla-tukholmaan\\\/#article\",\"isPartOf\":{\"@id\":\"https:\\\/\\\/jennipitko.fi\\\/koti\\\/neljan-tunnin-junalla-helsinkiin-ja-yojunalla-tukholmaan\\\/\"},\"author\":{\"name\":\"Jenni\",\"@id\":\"https:\\\/\\\/jennipitko.fi\\\/koti\\\/#\\\/schema\\\/person\\\/35955c467f851f10124809310e7e7ee8\"},\"headline\":\"Nelj\u00e4n tunnin junalla Helsinkiin ja y\u00f6junalla Tukholmaan\",\"datePublished\":\"2023-04-01T10:50:27+00:00\",\"dateModified\":\"2023-04-01T10:50:28+00:00\",\"mainEntityOfPage\":{\"@id\":\"https:\\\/\\\/jennipitko.fi\\\/koti\\\/neljan-tunnin-junalla-helsinkiin-ja-yojunalla-tukholmaan\\\/\"},\"wordCount\":290,\"publisher\":{\"@id\":\"https:\\\/\\\/jennipitko.fi\\\/koti\\\/#organization\"},\"articleSection\":[\"Uncategorized\"],\"inLanguage\":\"fi\"},{\"@type\":\"WebPage\",\"@id\":\"https:\\\/\\\/jennipitko.fi\\\/koti\\\/neljan-tunnin-junalla-helsinkiin-ja-yojunalla-tukholmaan\\\/\",\"url\":\"https:\\\/\\\/jennipitko.fi\\\/koti\\\/neljan-tunnin-junalla-helsinkiin-ja-yojunalla-tukholmaan\\\/\",\"name\":\"Nelj\u00e4n tunnin junalla Helsinkiin ja y\u00f6junalla Tukholmaan - Jenni Pitko - Vihreiden varapuheenjohtaja, ymp\u00e4rist\u00f6valiokunnan puheenjohtaja, kansanedustaja ja arkkitehti Oulusta\",\"isPartOf\":{\"@id\":\"https:\\\/\\\/jennipitko.fi\\\/koti\\\/#website\"},\"datePublished\":\"2023-04-01T10:50:27+00:00\",\"dateModified\":\"2023-04-01T10:50:28+00:00\",\"breadcrumb\":{\"@id\":\"https:\\\/\\\/jennipitko.fi\\\/koti\\\/neljan-tunnin-junalla-helsinkiin-ja-yojunalla-tukholmaan\\\/#breadcrumb\"},\"inLanguage\":\"fi\",\"potentialAction\":[{\"@type\":\"ReadAction\",\"target\":[\"https:\\\/\\\/jennipitko.fi\\\/koti\\\/neljan-tunnin-junalla-helsinkiin-ja-yojunalla-tukholmaan\\\/\"]}]},{\"@type\":\"BreadcrumbList\",\"@id\":\"https:\\\/\\\/jennipitko.fi\\\/koti\\\/neljan-tunnin-junalla-helsinkiin-ja-yojunalla-tukholmaan\\\/#breadcrumb\",\"itemListElement\":[{\"@type\":\"ListItem\",\"position\":1,\"name\":\"Home\",\"item\":\"https:\\\/\\\/jennipitko.fi\\\/koti\\\/\"},{\"@type\":\"ListItem\",\"position\":2,\"name\":\"Nelj\u00e4n tunnin junalla Helsinkiin ja y\u00f6junalla Tukholmaan\"}]},{\"@type\":\"WebSite\",\"@id\":\"https:\\\/\\\/jennipitko.fi\\\/koti\\\/#website\",\"url\":\"https:\\\/\\\/jennipitko.fi\\\/koti\\\/\",\"name\":\"Jenni Pitko - Vihreiden varapuheenjohtaja, ymp\u00e4rist\u00f6valiokunnan puheenjohtaja, kansanedustaja ja arkkitehti Oulusta\",\"description\":\"Jenni Pitko - Vihreiden varapuheenjohtaja, ymp\u00e4rist\u00f6valiokunnan puheenjohtaja, kansanedustaja ja arkkitehti Oulusta\",\"publisher\":{\"@id\":\"https:\\\/\\\/jennipitko.fi\\\/koti\\\/#organization\"},\"potentialAction\":[{\"@type\":\"SearchAction\",\"target\":{\"@type\":\"EntryPoint\",\"urlTemplate\":\"https:\\\/\\\/jennipitko.fi\\\/koti\\\/?s={search_term_string}\"},\"query-input\":{\"@type\":\"PropertyValueSpecification\",\"valueRequired\":true,\"valueName\":\"search_term_string\"}}],\"inLanguage\":\"fi\"},{\"@type\":\"Organization\",\"@id\":\"https:\\\/\\\/jennipitko.fi\\\/koti\\\/#organization\",\"name\":\"Jenni Pitko - Vihreiden varapuheenjohtaja, ymp\u00e4rist\u00f6valiokunnan puheenjohtaja, kansanedustaja ja arkkitehti Oulusta\",\"url\":\"https:\\\/\\\/jennipitko.fi\\\/koti\\\/\",\"logo\":{\"@type\":\"ImageObject\",\"inLanguage\":\"fi\",\"@id\":\"https:\\\/\\\/jennipitko.fi\\\/koti\\\/#\\\/schema\\\/logo\\\/image\\\/\",\"url\":\"https:\\\/\\\/jennipitko.fi\\\/koti\\\/wp-content\\\/uploads\\\/2025\\\/09\\\/Nimeton-malli-38.png\",\"contentUrl\":\"https:\\\/\\\/jennipitko.fi\\\/koti\\\/wp-content\\\/uploads\\\/2025\\\/09\\\/Nimeton-malli-38.png\",\"width\":1280,\"height\":847,\"caption\":\"Jenni Pitko - Vihreiden varapuheenjohtaja, ymp\u00e4rist\u00f6valiokunnan puheenjohtaja, kansanedustaja ja arkkitehti Oulusta\"},\"image\":{\"@id\":\"https:\\\/\\\/jennipitko.fi\\\/koti\\\/#\\\/schema\\\/logo\\\/image\\\/\"}},{\"@type\":\"Person\",\"@id\":\"https:\\\/\\\/jennipitko.fi\\\/koti\\\/#\\\/schema\\\/person\\\/35955c467f851f10124809310e7e7ee8\",\"name\":\"Jenni\",\"image\":{\"@type\":\"ImageObject\",\"inLanguage\":\"fi\",\"@id\":\"https:\\\/\\\/secure.gravatar.com\\\/avatar\\\/625a0e6413b293da7739d42617828d564a4d6028aec3f45d8939a2ba1617199f?s=96&d=blank&r=g\",\"url\":\"https:\\\/\\\/secure.gravatar.com\\\/avatar\\\/625a0e6413b293da7739d42617828d564a4d6028aec3f45d8939a2ba1617199f?s=96&d=blank&r=g\",\"contentUrl\":\"https:\\\/\\\/secure.gravatar.com\\\/avatar\\\/625a0e6413b293da7739d42617828d564a4d6028aec3f45d8939a2ba1617199f?s=96&d=blank&r=g\",\"caption\":\"Jenni\"},\"url\":\"https:\\\/\\\/jennipitko.fi\\\/koti\\\/author\\\/jenni\\\/\"}]}<\/script>\n<!-- \/ Yoast SEO plugin. -->","yoast_head_json":{"title":"Nelj\u00e4n tunnin junalla Helsinkiin ja y\u00f6junalla Tukholmaan - Jenni Pitko - Vihreiden varapuheenjohtaja, ymp\u00e4rist\u00f6valiokunnan puheenjohtaja, kansanedustaja ja arkkitehti Oulusta","robots":{"index":"index","follow":"follow","max-snippet":"max-snippet:-1","max-image-preview":"max-image-preview:large","max-video-preview":"max-video-preview:-1"},"canonical":"https:\/\/jennipitko.fi\/koti\/neljan-tunnin-junalla-helsinkiin-ja-yojunalla-tukholmaan\/","og_locale":"fi_FI","og_type":"article","og_title":"Nelj\u00e4n tunnin junalla Helsinkiin ja y\u00f6junalla Tukholmaan - Jenni Pitko - Vihreiden varapuheenjohtaja, ymp\u00e4rist\u00f6valiokunnan puheenjohtaja, kansanedustaja ja arkkitehti Oulusta","og_description":"Jos oikein katsoo Suomen karttaa, niin Oulu on k\u00e4tev\u00e4sti Suomen keskell\u00e4 ja yhteydess\u00e4 maatapitkin muuhun Eurooppaan. Nelj\u00e4n tunnin juna Helsinkiin [&hellip;]","og_url":"https:\/\/jennipitko.fi\/koti\/neljan-tunnin-junalla-helsinkiin-ja-yojunalla-tukholmaan\/","og_site_name":"Jenni Pitko - Vihreiden varapuheenjohtaja, ymp\u00e4rist\u00f6valiokunnan puheenjohtaja, kansanedustaja ja arkkitehti Oulusta","article_published_time":"2023-04-01T10:50:27+00:00","article_modified_time":"2023-04-01T10:50:28+00:00","author":"Jenni","twitter_card":"summary_large_image","twitter_misc":{"Kirjoittanut":"Jenni","Arvioitu lukuaika":"2 minuuttia"},"schema":{"@context":"https:\/\/schema.org","@graph":[{"@type":"Article","@id":"https:\/\/jennipitko.fi\/koti\/neljan-tunnin-junalla-helsinkiin-ja-yojunalla-tukholmaan\/#article","isPartOf":{"@id":"https:\/\/jennipitko.fi\/koti\/neljan-tunnin-junalla-helsinkiin-ja-yojunalla-tukholmaan\/"},"author":{"name":"Jenni","@id":"https:\/\/jennipitko.fi\/koti\/#\/schema\/person\/35955c467f851f10124809310e7e7ee8"},"headline":"Nelj\u00e4n tunnin junalla Helsinkiin ja y\u00f6junalla Tukholmaan","datePublished":"2023-04-01T10:50:27+00:00","dateModified":"2023-04-01T10:50:28+00:00","mainEntityOfPage":{"@id":"https:\/\/jennipitko.fi\/koti\/neljan-tunnin-junalla-helsinkiin-ja-yojunalla-tukholmaan\/"},"wordCount":290,"publisher":{"@id":"https:\/\/jennipitko.fi\/koti\/#organization"},"articleSection":["Uncategorized"],"inLanguage":"fi"},{"@type":"WebPage","@id":"https:\/\/jennipitko.fi\/koti\/neljan-tunnin-junalla-helsinkiin-ja-yojunalla-tukholmaan\/","url":"https:\/\/jennipitko.fi\/koti\/neljan-tunnin-junalla-helsinkiin-ja-yojunalla-tukholmaan\/","name":"Nelj\u00e4n tunnin junalla Helsinkiin ja y\u00f6junalla Tukholmaan - Jenni Pitko - Vihreiden varapuheenjohtaja, ymp\u00e4rist\u00f6valiokunnan puheenjohtaja, kansanedustaja ja arkkitehti Oulusta","isPartOf":{"@id":"https:\/\/jennipitko.fi\/koti\/#website"},"datePublished":"2023-04-01T10:50:27+00:00","dateModified":"2023-04-01T10:50:28+00:00","breadcrumb":{"@id":"https:\/\/jennipitko.fi\/koti\/neljan-tunnin-junalla-helsinkiin-ja-yojunalla-tukholmaan\/#breadcrumb"},"inLanguage":"fi","potentialAction":[{"@type":"ReadAction","target":["https:\/\/jennipitko.fi\/koti\/neljan-tunnin-junalla-helsinkiin-ja-yojunalla-tukholmaan\/"]}]},{"@type":"BreadcrumbList","@id":"https:\/\/jennipitko.fi\/koti\/neljan-tunnin-junalla-helsinkiin-ja-yojunalla-tukholmaan\/#breadcrumb","itemListElement":[{"@type":"ListItem","position":1,"name":"Home","item":"https:\/\/jennipitko.fi\/koti\/"},{"@type":"ListItem","position":2,"name":"Nelj\u00e4n tunnin junalla Helsinkiin ja y\u00f6junalla Tukholmaan"}]},{"@type":"WebSite","@id":"https:\/\/jennipitko.fi\/koti\/#website","url":"https:\/\/jennipitko.fi\/koti\/","name":"Jenni Pitko - Vihreiden varapuheenjohtaja, ymp\u00e4rist\u00f6valiokunnan puheenjohtaja, kansanedustaja ja arkkitehti Oulusta","description":"Jenni Pitko - Vihreiden varapuheenjohtaja, ymp\u00e4rist\u00f6valiokunnan puheenjohtaja, kansanedustaja ja arkkitehti Oulusta","publisher":{"@id":"https:\/\/jennipitko.fi\/koti\/#organization"},"potentialAction":[{"@type":"SearchAction","target":{"@type":"EntryPoint","urlTemplate":"https:\/\/jennipitko.fi\/koti\/?s={search_term_string}"},"query-input":{"@type":"PropertyValueSpecification","valueRequired":true,"valueName":"search_term_string"}}],"inLanguage":"fi"},{"@type":"Organization","@id":"https:\/\/jennipitko.fi\/koti\/#organization","name":"Jenni Pitko - Vihreiden varapuheenjohtaja, ymp\u00e4rist\u00f6valiokunnan puheenjohtaja, kansanedustaja ja arkkitehti Oulusta","url":"https:\/\/jennipitko.fi\/koti\/","logo":{"@type":"ImageObject","inLanguage":"fi","@id":"https:\/\/jennipitko.fi\/koti\/#\/schema\/logo\/image\/","url":"https:\/\/jennipitko.fi\/koti\/wp-content\/uploads\/2025\/09\/Nimeton-malli-38.png","contentUrl":"https:\/\/jennipitko.fi\/koti\/wp-content\/uploads\/2025\/09\/Nimeton-malli-38.png","width":1280,"height":847,"caption":"Jenni Pitko - Vihreiden varapuheenjohtaja, ymp\u00e4rist\u00f6valiokunnan puheenjohtaja, kansanedustaja ja arkkitehti Oulusta"},"image":{"@id":"https:\/\/jennipitko.fi\/koti\/#\/schema\/logo\/image\/"}},{"@type":"Person","@id":"https:\/\/jennipitko.fi\/koti\/#\/schema\/person\/35955c467f851f10124809310e7e7ee8","name":"Jenni","image":{"@type":"ImageObject","inLanguage":"fi","@id":"https:\/\/secure.gravatar.com\/avatar\/625a0e6413b293da7739d42617828d564a4d6028aec3f45d8939a2ba1617199f?s=96&d=blank&r=g","url":"https:\/\/secure.gravatar.com\/avatar\/625a0e6413b293da7739d42617828d564a4d6028aec3f45d8939a2ba1617199f?s=96&d=blank&r=g","contentUrl":"https:\/\/secure.gravatar.com\/avatar\/625a0e6413b293da7739d42617828d564a4d6028aec3f45d8939a2ba1617199f?s=96&d=blank&r=g","caption":"Jenni"},"url":"https:\/\/jennipitko.fi\/koti\/author\/jenni\/"}]}},"_links":{"self":[{"href":"https:\/\/jennipitko.fi\/koti\/wp-json\/wp\/v2\/posts\/2797","targetHints":{"allow":["GET"]}}],"collection":[{"href":"https:\/\/jennipitko.fi\/koti\/wp-json\/wp\/v2\/posts"}],"about":[{"href":"https:\/\/jennipitko.fi\/koti\/wp-json\/wp\/v2\/types\/post"}],"author":[{"embeddable":true,"href":"https:\/\/jennipitko.fi\/koti\/wp-json\/wp\/v2\/users\/1"}],"replies":[{"embeddable":true,"href":"https:\/\/jennipitko.fi\/koti\/wp-json\/wp\/v2\/comments?post=2797"}],"version-history":[{"count":1,"href":"https:\/\/jennipitko.fi\/koti\/wp-json\/wp\/v2\/posts\/2797\/revisions"}],"predecessor-version":[{"id":2798,"href":"https:\/\/jennipitko.fi\/koti\/wp-json\/wp\/v2\/posts\/2797\/revisions\/2798"}],"wp:attachment":[{"href":"https:\/\/jennipitko.fi\/koti\/wp-json\/wp\/v2\/media?parent=2797"}],"wp:term":[{"taxonomy":"category","embeddable":true,"href":"https:\/\/jennipitko.fi\/koti\/wp-json\/wp\/v2\/categories?post=2797"},{"taxonomy":"post_tag","embeddable":true,"href":"https:\/\/jennipitko.fi\/koti\/wp-json\/wp\/v2\/tags?post=2797"}],"curies":[{"name":"wp","href":"https:\/\/api.w.org\/{rel}","templated":true}]}}