{"id":282,"date":"2012-09-19T13:25:29","date_gmt":"2012-09-19T11:25:29","guid":{"rendered":"http:\/\/henkilot.vihreat.fi\/jenni.pitko\/?p=282"},"modified":"2014-12-30T14:59:43","modified_gmt":"2014-12-30T14:59:43","slug":"arkiliikunta","status":"publish","type":"post","link":"https:\/\/jennipitko.fi\/koti\/arkiliikunta\/","title":{"rendered":"Tavoitteena paras py\u00f6r\u00e4ilykaupunki, osa 1: arkiliikunta"},"content":{"rendered":"<p>Oulu kantaa mainetta <strong>Suomen parhaana py\u00f6r\u00e4ilykaupunkina<\/strong>. Jokaista oululaisasukasta kohden on yli 5m kevyenliikenteenv\u00e4yli\u00e4, joka on maan huippua. Kuitenkin joka kerta kun kuulen Oulun p\u00e4\u00e4tt\u00e4jien ja virkamiesten hihkuvan py\u00f6r\u00e4ilykaupunkiasiasta ylpe\u00e4n\u00e4, minua nolottaa. Minun kokemukseni Oulun py\u00f6r\u00e4ilyst\u00e4 ei ole kovinkaan mairittelevia. Olen monesti miettinytkin johtuuko se, ett\u00e4 Oulussa on paljon py\u00f6r\u00e4ily\u00e4 siit\u00e4, ett\u00e4 joukkoliikenne toimii huonosti vai siit\u00e4, ett\u00e4 Oulu on niin v\u00e4lj\u00e4sti kaavoitettu ja py\u00f6r\u00e4teit\u00e4 on t\u00e4ten muodostunut paljon. Joka tapauksessa, se ett\u00e4 py\u00f6r\u00e4teit\u00e4 on paljon ja niit\u00e4 k\u00e4ytet\u00e4\u00e4n luo hyv\u00e4t l\u00e4ht\u00f6kohdat kohti aidosti parasta py\u00f6r\u00e4ilykaupunkia!<\/p>\n<p><!--more--><\/p>\n<p>Minun ik\u00e4v\u00e4t kokemukseni perustuvat keskustan ja sen l\u00e4hialueille sek\u00e4 Oulu-Linnanmaa-v\u00e4lille. \u00a0Tied\u00e4n ja olen kuullut, ett\u00e4 Oulusta l\u00f6ytyy my\u00f6s maisemallisesti upeita ja toimivia py\u00f6r\u00e4ilyreittej\u00e4, mm. Oulujoen rantareitit.<\/p>\n<figure style=\"width: 593px\" class=\"wp-caption alignleft\"><img fetchpriority=\"high\" decoding=\"async\" style=\"max-width: 100%;\" title=\"Oulu\" src=\"http:\/\/liikennementori.files.wordpress.com\/2012\/07\/otos13.jpg\" alt=\"Otos13\" width=\"593\" height=\"389\"><figcaption class=\"wp-caption-text\">Portti Tervaporvarin silloille Oulujoen suistoon. Kuva Mauri Myllyl\u00e4<\/figcaption><\/figure>\n<p>Py\u00f6r\u00e4ily on terveellist\u00e4 ja lis\u00e4\u00e4 hyvinvointia. Siihen tulee kannustaa ja sen mahdollistamisen kulut kuitataan v\u00e4heneviss\u00e4 sosiaali- ja terveyskustannuksissa. Py\u00f6r\u00e4ilyyn kannustaminen auttaa p\u00e4\u00e4st\u00f6jen v\u00e4hent\u00e4misess\u00e4. Jokainen matka mit\u00e4 teemme, kauppaan, t\u00f6ihin tai harrastukseen, vaikuttaa ilmastoon. K\u00e4velyn ja py\u00f6r\u00e4ilyn tulisi lis\u00e4\u00e4nty\u00e4 viidenneksell\u00e4, jotta saavuttaisimme EU:n p\u00e4\u00e4st\u00f6velvoitteet.<\/p>\n<p>Py\u00f6r\u00e4ilyst\u00e4 ja arkiliikunnasta p\u00e4\u00e4tet\u00e4\u00e4n monella tasolla, monessa lautakunnassa, kaupungin p\u00e4\u00e4t\u00f6ksenteossa.\u00a0Py\u00f6r\u00e4ilyyn kannustaa lyhyet v\u00e4limatkat, eli yhdyskuntarakenteen tiiveys. Siihen vaikuttaa my\u00f6s palveluiden sijoittuminen. L\u00e4hikouluun py\u00f6r\u00e4ill\u00e4\u00e4n, kauemmaksi vied\u00e4\u00e4n autolla. Kouluverkko on siis my\u00f6s liikuntapoliittinen kysymys!<\/p>\n<p>Hyv\u00e4t arkiliikunnan ja py\u00f6r\u00e4ilyn olosuhteet ovat asioita, joilla on suuri merkitys my\u00f6s uusia asukkaita houkuteltaessa.<\/p>\n<p><strong>Hyv\u00e4 py\u00f6r\u00e4tie<\/strong> on valaistu ja esteet\u00f6n ja se tarjoaa autotielle kilpailukykyisen reitin. Py\u00f6r\u00e4 on pystytt\u00e4v\u00e4 pys\u00e4k\u00f6im\u00e4\u00e4n sujuvasti ja l\u00e4helle m\u00e4\u00e4r\u00e4np\u00e4\u00e4t\u00e4. Kyltitys kertoo miss\u00e4 m\u00e4\u00e4r\u00e4np\u00e4\u00e4 sijaitsee ja hyv\u00e4 jos se my\u00f6s kertoo et\u00e4isyyden.<\/p>\n<p>Hyv\u00e4 py\u00f6r\u00e4tie ei tarvitse katettuja py\u00f6r\u00e4teit\u00e4 (niin kuin tulevalle Hiukkavaaran alueelle on kaavailtu) eik\u00e4 muitakaan ihmeellisi\u00e4 asioita vaan ihan perusjuttuja.\u00a0Hyv\u00e4 kannustin l\u00e4ht\u00e4 liikkeelle py\u00f6r\u00e4ll\u00e4 auton sijaan on py\u00f6r\u00e4teiden sijainti niin, ett\u00e4 kulkija voi havinnoida historiallisesti tai arkkitehtonisesti arvokasta milj\u00f6\u00f6t\u00e4 tai maisemaa.<\/p>\n<p>Kilpailukykyisen reitin ja kyltityksen osalta murheenkryyni on <strong>py\u00f6r\u00e4ilyreitti keskustan ja Linnanmaan v\u00e4lill\u00e4<\/strong>. T\u00e4t\u00e4 v\u00e4li\u00e4 kulkee p\u00e4ivitt\u00e4in satoja, jos ei tuhansia yliopisto-opiskelijoita.<\/p>\n<p>Itse reitti t\u00e4ll\u00e4 v\u00e4lill\u00e4 mutkittelee parin asuinalueen l\u00e4pi, kun taas autotie t\u00e4ll\u00e4 v\u00e4lill\u00e4 on kutakuinkin piikkisuora. Ei siis kovin kilpailukykyinen. Sokkeloisuutta ei helpota yht\u00e4\u00e4n se, ett\u00e4 v\u00e4lill\u00e4 ei ole juurikaan opastusta. Jokaisella opiskelijalla on jokin muisto t\u00e4lle v\u00e4lille eksymisest\u00e4. Ja voi raukat kansainv\u00e4liset opiskelijat, jos Suomeksi opastusta on v\u00e4h\u00e4n, englanniksi sit\u00e4 ei ole ollenkaan.<\/p>\n<p>Seuraavassa blogitekstiss\u00e4ni ruodin mit\u00e4 ongelmia keskustapy\u00f6r\u00e4ilyss\u00e4 on.<\/p>\n<p>Hyv\u00e4\u00e4 valtakunnallista liikkujan viikkoa!<\/p>\n<p><strong>L\u00e4hteit\u00e4:\u00a0<\/strong><\/p>\n<p>http:\/\/www.liikuntakaavoitus.fi<\/p>\n<p>Kuva 1:\u00a0http:\/\/liikennementori.wordpress.com\/2012\/07\/18\/innovatiivisuus-kavelyn-ja-pyorailyn-kehittamisessa\/<\/p>\n<p>&nbsp;<\/p>\n","protected":false},"excerpt":{"rendered":"<p>Oulu kantaa mainetta Suomen parhaana py\u00f6r\u00e4ilykaupunkina. Jokaista oululaisasukasta kohden on yli 5m kevyenliikenteenv\u00e4yli\u00e4, joka on maan huippua. Kuitenkin joka kerta [&hellip;]<\/p>\n","protected":false},"author":2,"featured_media":0,"comment_status":"open","ping_status":"open","sticky":false,"template":"","format":"standard","meta":{"_monsterinsights_skip_tracking":false,"_monsterinsights_sitenote_active":false,"_monsterinsights_sitenote_note":"","_monsterinsights_sitenote_category":0,"site-sidebar-layout":"default","site-content-layout":"","ast-site-content-layout":"default","site-content-style":"default","site-sidebar-style":"default","ast-global-header-display":"","ast-banner-title-visibility":"","ast-main-header-display":"","ast-hfb-above-header-display":"","ast-hfb-below-header-display":"","ast-hfb-mobile-header-display":"","site-post-title":"","ast-breadcrumbs-content":"","ast-featured-img":"","footer-sml-layout":"","ast-disable-related-posts":"","theme-transparent-header-meta":"","adv-header-id-meta":"","stick-header-meta":"","header-above-stick-meta":"","header-main-stick-meta":"","header-below-stick-meta":"","astra-migrate-meta-layouts":"default","ast-page-background-enabled":"default","ast-page-background-meta":{"desktop":{"background-color":"var(--ast-global-color-5)","background-image":"","background-repeat":"repeat","background-position":"center center","background-size":"auto","background-attachment":"scroll","background-type":"","background-media":"","overlay-type":"","overlay-color":"","overlay-opacity":"","overlay-gradient":""},"tablet":{"background-color":"","background-image":"","background-repeat":"repeat","background-position":"center center","background-size":"auto","background-attachment":"scroll","background-type":"","background-media":"","overlay-type":"","overlay-color":"","overlay-opacity":"","overlay-gradient":""},"mobile":{"background-color":"","background-image":"","background-repeat":"repeat","background-position":"center center","background-size":"auto","background-attachment":"scroll","background-type":"","background-media":"","overlay-type":"","overlay-color":"","overlay-opacity":"","overlay-gradient":""}},"ast-content-background-meta":{"desktop":{"background-color":"var(--ast-global-color-4)","background-image":"","background-repeat":"repeat","background-position":"center center","background-size":"auto","background-attachment":"scroll","background-type":"","background-media":"","overlay-type":"","overlay-color":"","overlay-opacity":"","overlay-gradient":""},"tablet":{"background-color":"var(--ast-global-color-4)","background-image":"","background-repeat":"repeat","background-position":"center center","background-size":"auto","background-attachment":"scroll","background-type":"","background-media":"","overlay-type":"","overlay-color":"","overlay-opacity":"","overlay-gradient":""},"mobile":{"background-color":"var(--ast-global-color-4)","background-image":"","background-repeat":"repeat","background-position":"center center","background-size":"auto","background-attachment":"scroll","background-type":"","background-media":"","overlay-type":"","overlay-color":"","overlay-opacity":"","overlay-gradient":""}},"footnotes":""},"categories":[2],"tags":[8,16,17,18,19,20,21,22,23],"class_list":["post-282","post","type-post","status-publish","format-standard","hentry","category-blogi","tag-kaavoitus","tag-liikuntakaavoitus","tag-liikuntapolitiikka","tag-linnanmaa","tag-pyoraily","tag-pyorakaista","tag-pyoraparkki","tag-pyoratie","tag-virkistys"],"yoast_head":"<!-- This site is optimized with the Yoast SEO plugin v27.5 - https:\/\/yoast.com\/product\/yoast-seo-wordpress\/ -->\n<title>Tavoitteena paras py\u00f6r\u00e4ilykaupunki, osa 1: arkiliikunta - Jenni Pitko - Vihreiden varapuheenjohtaja, ymp\u00e4rist\u00f6valiokunnan puheenjohtaja, kansanedustaja ja arkkitehti Oulusta<\/title>\n<meta name=\"robots\" content=\"index, follow, max-snippet:-1, max-image-preview:large, max-video-preview:-1\" \/>\n<link rel=\"canonical\" href=\"https:\/\/jennipitko.fi\/koti\/arkiliikunta\/\" \/>\n<meta property=\"og:locale\" content=\"fi_FI\" \/>\n<meta property=\"og:type\" content=\"article\" \/>\n<meta property=\"og:title\" content=\"Tavoitteena paras py\u00f6r\u00e4ilykaupunki, osa 1: arkiliikunta - Jenni Pitko - Vihreiden varapuheenjohtaja, ymp\u00e4rist\u00f6valiokunnan puheenjohtaja, kansanedustaja ja arkkitehti Oulusta\" \/>\n<meta property=\"og:description\" content=\"Oulu kantaa mainetta Suomen parhaana py\u00f6r\u00e4ilykaupunkina. Jokaista oululaisasukasta kohden on yli 5m kevyenliikenteenv\u00e4yli\u00e4, joka on maan huippua. Kuitenkin joka kerta [&hellip;]\" \/>\n<meta property=\"og:url\" content=\"https:\/\/jennipitko.fi\/koti\/arkiliikunta\/\" \/>\n<meta property=\"og:site_name\" content=\"Jenni Pitko - Vihreiden varapuheenjohtaja, ymp\u00e4rist\u00f6valiokunnan puheenjohtaja, kansanedustaja ja arkkitehti Oulusta\" \/>\n<meta property=\"article:published_time\" content=\"2012-09-19T11:25:29+00:00\" \/>\n<meta property=\"article:modified_time\" content=\"2014-12-30T14:59:43+00:00\" \/>\n<meta property=\"og:image\" content=\"http:\/\/liikennementori.files.wordpress.com\/2012\/07\/otos13.jpg\" \/>\n<meta name=\"author\" content=\"Jenni\" \/>\n<meta name=\"twitter:card\" content=\"summary_large_image\" \/>\n<meta name=\"twitter:label1\" content=\"Kirjoittanut\" \/>\n\t<meta name=\"twitter:data1\" content=\"Jenni\" \/>\n\t<meta name=\"twitter:label2\" content=\"Arvioitu lukuaika\" \/>\n\t<meta name=\"twitter:data2\" content=\"3 minuuttia\" \/>\n<script type=\"application\/ld+json\" class=\"yoast-schema-graph\">{\"@context\":\"https:\\\/\\\/schema.org\",\"@graph\":[{\"@type\":\"Article\",\"@id\":\"https:\\\/\\\/jennipitko.fi\\\/koti\\\/arkiliikunta\\\/#article\",\"isPartOf\":{\"@id\":\"https:\\\/\\\/jennipitko.fi\\\/koti\\\/arkiliikunta\\\/\"},\"author\":{\"name\":\"Jenni\",\"@id\":\"https:\\\/\\\/jennipitko.fi\\\/koti\\\/#\\\/schema\\\/person\\\/3f242bfe958144234373266ea416e4d6\"},\"headline\":\"Tavoitteena paras py\u00f6r\u00e4ilykaupunki, osa 1: arkiliikunta\",\"datePublished\":\"2012-09-19T11:25:29+00:00\",\"dateModified\":\"2014-12-30T14:59:43+00:00\",\"mainEntityOfPage\":{\"@id\":\"https:\\\/\\\/jennipitko.fi\\\/koti\\\/arkiliikunta\\\/\"},\"wordCount\":516,\"commentCount\":3,\"publisher\":{\"@id\":\"https:\\\/\\\/jennipitko.fi\\\/koti\\\/#organization\"},\"image\":{\"@id\":\"https:\\\/\\\/jennipitko.fi\\\/koti\\\/arkiliikunta\\\/#primaryimage\"},\"thumbnailUrl\":\"http:\\\/\\\/liikennementori.files.wordpress.com\\\/2012\\\/07\\\/otos13.jpg\",\"keywords\":[\"kaavoitus\",\"liikuntakaavoitus\",\"liikuntapolitiikka\",\"Linnanmaa\",\"py\u00f6r\u00e4ily\",\"py\u00f6r\u00e4kaista\",\"py\u00f6r\u00e4parkki\",\"py\u00f6r\u00e4tie\",\"virkistys\"],\"articleSection\":[\"Blogi\"],\"inLanguage\":\"fi\",\"potentialAction\":[{\"@type\":\"CommentAction\",\"name\":\"Comment\",\"target\":[\"https:\\\/\\\/jennipitko.fi\\\/koti\\\/arkiliikunta\\\/#respond\"]}]},{\"@type\":\"WebPage\",\"@id\":\"https:\\\/\\\/jennipitko.fi\\\/koti\\\/arkiliikunta\\\/\",\"url\":\"https:\\\/\\\/jennipitko.fi\\\/koti\\\/arkiliikunta\\\/\",\"name\":\"Tavoitteena paras py\u00f6r\u00e4ilykaupunki, osa 1: arkiliikunta - Jenni Pitko - Vihreiden varapuheenjohtaja, ymp\u00e4rist\u00f6valiokunnan puheenjohtaja, kansanedustaja ja arkkitehti Oulusta\",\"isPartOf\":{\"@id\":\"https:\\\/\\\/jennipitko.fi\\\/koti\\\/#website\"},\"primaryImageOfPage\":{\"@id\":\"https:\\\/\\\/jennipitko.fi\\\/koti\\\/arkiliikunta\\\/#primaryimage\"},\"image\":{\"@id\":\"https:\\\/\\\/jennipitko.fi\\\/koti\\\/arkiliikunta\\\/#primaryimage\"},\"thumbnailUrl\":\"http:\\\/\\\/liikennementori.files.wordpress.com\\\/2012\\\/07\\\/otos13.jpg\",\"datePublished\":\"2012-09-19T11:25:29+00:00\",\"dateModified\":\"2014-12-30T14:59:43+00:00\",\"breadcrumb\":{\"@id\":\"https:\\\/\\\/jennipitko.fi\\\/koti\\\/arkiliikunta\\\/#breadcrumb\"},\"inLanguage\":\"fi\",\"potentialAction\":[{\"@type\":\"ReadAction\",\"target\":[\"https:\\\/\\\/jennipitko.fi\\\/koti\\\/arkiliikunta\\\/\"]}]},{\"@type\":\"ImageObject\",\"inLanguage\":\"fi\",\"@id\":\"https:\\\/\\\/jennipitko.fi\\\/koti\\\/arkiliikunta\\\/#primaryimage\",\"url\":\"http:\\\/\\\/liikennementori.files.wordpress.com\\\/2012\\\/07\\\/otos13.jpg\",\"contentUrl\":\"http:\\\/\\\/liikennementori.files.wordpress.com\\\/2012\\\/07\\\/otos13.jpg\"},{\"@type\":\"BreadcrumbList\",\"@id\":\"https:\\\/\\\/jennipitko.fi\\\/koti\\\/arkiliikunta\\\/#breadcrumb\",\"itemListElement\":[{\"@type\":\"ListItem\",\"position\":1,\"name\":\"Home\",\"item\":\"https:\\\/\\\/jennipitko.fi\\\/koti\\\/\"},{\"@type\":\"ListItem\",\"position\":2,\"name\":\"Tavoitteena paras py\u00f6r\u00e4ilykaupunki, osa 1: arkiliikunta\"}]},{\"@type\":\"WebSite\",\"@id\":\"https:\\\/\\\/jennipitko.fi\\\/koti\\\/#website\",\"url\":\"https:\\\/\\\/jennipitko.fi\\\/koti\\\/\",\"name\":\"Jenni Pitko - Vihreiden varapuheenjohtaja, ymp\u00e4rist\u00f6valiokunnan puheenjohtaja, kansanedustaja ja arkkitehti Oulusta\",\"description\":\"Jenni Pitko - Vihreiden varapuheenjohtaja, ymp\u00e4rist\u00f6valiokunnan puheenjohtaja, kansanedustaja ja arkkitehti Oulusta\",\"publisher\":{\"@id\":\"https:\\\/\\\/jennipitko.fi\\\/koti\\\/#organization\"},\"potentialAction\":[{\"@type\":\"SearchAction\",\"target\":{\"@type\":\"EntryPoint\",\"urlTemplate\":\"https:\\\/\\\/jennipitko.fi\\\/koti\\\/?s={search_term_string}\"},\"query-input\":{\"@type\":\"PropertyValueSpecification\",\"valueRequired\":true,\"valueName\":\"search_term_string\"}}],\"inLanguage\":\"fi\"},{\"@type\":\"Organization\",\"@id\":\"https:\\\/\\\/jennipitko.fi\\\/koti\\\/#organization\",\"name\":\"Jenni Pitko - Vihreiden varapuheenjohtaja, ymp\u00e4rist\u00f6valiokunnan puheenjohtaja, kansanedustaja ja arkkitehti Oulusta\",\"url\":\"https:\\\/\\\/jennipitko.fi\\\/koti\\\/\",\"logo\":{\"@type\":\"ImageObject\",\"inLanguage\":\"fi\",\"@id\":\"https:\\\/\\\/jennipitko.fi\\\/koti\\\/#\\\/schema\\\/logo\\\/image\\\/\",\"url\":\"https:\\\/\\\/jennipitko.fi\\\/koti\\\/wp-content\\\/uploads\\\/2025\\\/09\\\/Nimeton-malli-38.png\",\"contentUrl\":\"https:\\\/\\\/jennipitko.fi\\\/koti\\\/wp-content\\\/uploads\\\/2025\\\/09\\\/Nimeton-malli-38.png\",\"width\":1280,\"height\":847,\"caption\":\"Jenni Pitko - Vihreiden varapuheenjohtaja, ymp\u00e4rist\u00f6valiokunnan puheenjohtaja, kansanedustaja ja arkkitehti Oulusta\"},\"image\":{\"@id\":\"https:\\\/\\\/jennipitko.fi\\\/koti\\\/#\\\/schema\\\/logo\\\/image\\\/\"}},{\"@type\":\"Person\",\"@id\":\"https:\\\/\\\/jennipitko.fi\\\/koti\\\/#\\\/schema\\\/person\\\/3f242bfe958144234373266ea416e4d6\",\"name\":\"Jenni\",\"image\":{\"@type\":\"ImageObject\",\"inLanguage\":\"fi\",\"@id\":\"https:\\\/\\\/secure.gravatar.com\\\/avatar\\\/469343e1290c3e818159b4a4348708c09929f07a2f460e664497d6fb92f80743?s=96&d=blank&r=g\",\"url\":\"https:\\\/\\\/secure.gravatar.com\\\/avatar\\\/469343e1290c3e818159b4a4348708c09929f07a2f460e664497d6fb92f80743?s=96&d=blank&r=g\",\"contentUrl\":\"https:\\\/\\\/secure.gravatar.com\\\/avatar\\\/469343e1290c3e818159b4a4348708c09929f07a2f460e664497d6fb92f80743?s=96&d=blank&r=g\",\"caption\":\"Jenni\"},\"url\":\"https:\\\/\\\/jennipitko.fi\\\/koti\\\/author\\\/jenni-pitko\\\/\"}]}<\/script>\n<!-- \/ Yoast SEO plugin. -->","yoast_head_json":{"title":"Tavoitteena paras py\u00f6r\u00e4ilykaupunki, osa 1: arkiliikunta - Jenni Pitko - Vihreiden varapuheenjohtaja, ymp\u00e4rist\u00f6valiokunnan puheenjohtaja, kansanedustaja ja arkkitehti Oulusta","robots":{"index":"index","follow":"follow","max-snippet":"max-snippet:-1","max-image-preview":"max-image-preview:large","max-video-preview":"max-video-preview:-1"},"canonical":"https:\/\/jennipitko.fi\/koti\/arkiliikunta\/","og_locale":"fi_FI","og_type":"article","og_title":"Tavoitteena paras py\u00f6r\u00e4ilykaupunki, osa 1: arkiliikunta - Jenni Pitko - Vihreiden varapuheenjohtaja, ymp\u00e4rist\u00f6valiokunnan puheenjohtaja, kansanedustaja ja arkkitehti Oulusta","og_description":"Oulu kantaa mainetta Suomen parhaana py\u00f6r\u00e4ilykaupunkina. Jokaista oululaisasukasta kohden on yli 5m kevyenliikenteenv\u00e4yli\u00e4, joka on maan huippua. Kuitenkin joka kerta [&hellip;]","og_url":"https:\/\/jennipitko.fi\/koti\/arkiliikunta\/","og_site_name":"Jenni Pitko - Vihreiden varapuheenjohtaja, ymp\u00e4rist\u00f6valiokunnan puheenjohtaja, kansanedustaja ja arkkitehti Oulusta","article_published_time":"2012-09-19T11:25:29+00:00","article_modified_time":"2014-12-30T14:59:43+00:00","og_image":[{"url":"http:\/\/liikennementori.files.wordpress.com\/2012\/07\/otos13.jpg","type":"","width":"","height":""}],"author":"Jenni","twitter_card":"summary_large_image","twitter_misc":{"Kirjoittanut":"Jenni","Arvioitu lukuaika":"3 minuuttia"},"schema":{"@context":"https:\/\/schema.org","@graph":[{"@type":"Article","@id":"https:\/\/jennipitko.fi\/koti\/arkiliikunta\/#article","isPartOf":{"@id":"https:\/\/jennipitko.fi\/koti\/arkiliikunta\/"},"author":{"name":"Jenni","@id":"https:\/\/jennipitko.fi\/koti\/#\/schema\/person\/3f242bfe958144234373266ea416e4d6"},"headline":"Tavoitteena paras py\u00f6r\u00e4ilykaupunki, osa 1: arkiliikunta","datePublished":"2012-09-19T11:25:29+00:00","dateModified":"2014-12-30T14:59:43+00:00","mainEntityOfPage":{"@id":"https:\/\/jennipitko.fi\/koti\/arkiliikunta\/"},"wordCount":516,"commentCount":3,"publisher":{"@id":"https:\/\/jennipitko.fi\/koti\/#organization"},"image":{"@id":"https:\/\/jennipitko.fi\/koti\/arkiliikunta\/#primaryimage"},"thumbnailUrl":"http:\/\/liikennementori.files.wordpress.com\/2012\/07\/otos13.jpg","keywords":["kaavoitus","liikuntakaavoitus","liikuntapolitiikka","Linnanmaa","py\u00f6r\u00e4ily","py\u00f6r\u00e4kaista","py\u00f6r\u00e4parkki","py\u00f6r\u00e4tie","virkistys"],"articleSection":["Blogi"],"inLanguage":"fi","potentialAction":[{"@type":"CommentAction","name":"Comment","target":["https:\/\/jennipitko.fi\/koti\/arkiliikunta\/#respond"]}]},{"@type":"WebPage","@id":"https:\/\/jennipitko.fi\/koti\/arkiliikunta\/","url":"https:\/\/jennipitko.fi\/koti\/arkiliikunta\/","name":"Tavoitteena paras py\u00f6r\u00e4ilykaupunki, osa 1: arkiliikunta - Jenni Pitko - Vihreiden varapuheenjohtaja, ymp\u00e4rist\u00f6valiokunnan puheenjohtaja, kansanedustaja ja arkkitehti Oulusta","isPartOf":{"@id":"https:\/\/jennipitko.fi\/koti\/#website"},"primaryImageOfPage":{"@id":"https:\/\/jennipitko.fi\/koti\/arkiliikunta\/#primaryimage"},"image":{"@id":"https:\/\/jennipitko.fi\/koti\/arkiliikunta\/#primaryimage"},"thumbnailUrl":"http:\/\/liikennementori.files.wordpress.com\/2012\/07\/otos13.jpg","datePublished":"2012-09-19T11:25:29+00:00","dateModified":"2014-12-30T14:59:43+00:00","breadcrumb":{"@id":"https:\/\/jennipitko.fi\/koti\/arkiliikunta\/#breadcrumb"},"inLanguage":"fi","potentialAction":[{"@type":"ReadAction","target":["https:\/\/jennipitko.fi\/koti\/arkiliikunta\/"]}]},{"@type":"ImageObject","inLanguage":"fi","@id":"https:\/\/jennipitko.fi\/koti\/arkiliikunta\/#primaryimage","url":"http:\/\/liikennementori.files.wordpress.com\/2012\/07\/otos13.jpg","contentUrl":"http:\/\/liikennementori.files.wordpress.com\/2012\/07\/otos13.jpg"},{"@type":"BreadcrumbList","@id":"https:\/\/jennipitko.fi\/koti\/arkiliikunta\/#breadcrumb","itemListElement":[{"@type":"ListItem","position":1,"name":"Home","item":"https:\/\/jennipitko.fi\/koti\/"},{"@type":"ListItem","position":2,"name":"Tavoitteena paras py\u00f6r\u00e4ilykaupunki, osa 1: arkiliikunta"}]},{"@type":"WebSite","@id":"https:\/\/jennipitko.fi\/koti\/#website","url":"https:\/\/jennipitko.fi\/koti\/","name":"Jenni Pitko - Vihreiden varapuheenjohtaja, ymp\u00e4rist\u00f6valiokunnan puheenjohtaja, kansanedustaja ja arkkitehti Oulusta","description":"Jenni Pitko - Vihreiden varapuheenjohtaja, ymp\u00e4rist\u00f6valiokunnan puheenjohtaja, kansanedustaja ja arkkitehti Oulusta","publisher":{"@id":"https:\/\/jennipitko.fi\/koti\/#organization"},"potentialAction":[{"@type":"SearchAction","target":{"@type":"EntryPoint","urlTemplate":"https:\/\/jennipitko.fi\/koti\/?s={search_term_string}"},"query-input":{"@type":"PropertyValueSpecification","valueRequired":true,"valueName":"search_term_string"}}],"inLanguage":"fi"},{"@type":"Organization","@id":"https:\/\/jennipitko.fi\/koti\/#organization","name":"Jenni Pitko - Vihreiden varapuheenjohtaja, ymp\u00e4rist\u00f6valiokunnan puheenjohtaja, kansanedustaja ja arkkitehti Oulusta","url":"https:\/\/jennipitko.fi\/koti\/","logo":{"@type":"ImageObject","inLanguage":"fi","@id":"https:\/\/jennipitko.fi\/koti\/#\/schema\/logo\/image\/","url":"https:\/\/jennipitko.fi\/koti\/wp-content\/uploads\/2025\/09\/Nimeton-malli-38.png","contentUrl":"https:\/\/jennipitko.fi\/koti\/wp-content\/uploads\/2025\/09\/Nimeton-malli-38.png","width":1280,"height":847,"caption":"Jenni Pitko - Vihreiden varapuheenjohtaja, ymp\u00e4rist\u00f6valiokunnan puheenjohtaja, kansanedustaja ja arkkitehti Oulusta"},"image":{"@id":"https:\/\/jennipitko.fi\/koti\/#\/schema\/logo\/image\/"}},{"@type":"Person","@id":"https:\/\/jennipitko.fi\/koti\/#\/schema\/person\/3f242bfe958144234373266ea416e4d6","name":"Jenni","image":{"@type":"ImageObject","inLanguage":"fi","@id":"https:\/\/secure.gravatar.com\/avatar\/469343e1290c3e818159b4a4348708c09929f07a2f460e664497d6fb92f80743?s=96&d=blank&r=g","url":"https:\/\/secure.gravatar.com\/avatar\/469343e1290c3e818159b4a4348708c09929f07a2f460e664497d6fb92f80743?s=96&d=blank&r=g","contentUrl":"https:\/\/secure.gravatar.com\/avatar\/469343e1290c3e818159b4a4348708c09929f07a2f460e664497d6fb92f80743?s=96&d=blank&r=g","caption":"Jenni"},"url":"https:\/\/jennipitko.fi\/koti\/author\/jenni-pitko\/"}]}},"_links":{"self":[{"href":"https:\/\/jennipitko.fi\/koti\/wp-json\/wp\/v2\/posts\/282","targetHints":{"allow":["GET"]}}],"collection":[{"href":"https:\/\/jennipitko.fi\/koti\/wp-json\/wp\/v2\/posts"}],"about":[{"href":"https:\/\/jennipitko.fi\/koti\/wp-json\/wp\/v2\/types\/post"}],"author":[{"embeddable":true,"href":"https:\/\/jennipitko.fi\/koti\/wp-json\/wp\/v2\/users\/2"}],"replies":[{"embeddable":true,"href":"https:\/\/jennipitko.fi\/koti\/wp-json\/wp\/v2\/comments?post=282"}],"version-history":[{"count":1,"href":"https:\/\/jennipitko.fi\/koti\/wp-json\/wp\/v2\/posts\/282\/revisions"}],"predecessor-version":[{"id":777,"href":"https:\/\/jennipitko.fi\/koti\/wp-json\/wp\/v2\/posts\/282\/revisions\/777"}],"wp:attachment":[{"href":"https:\/\/jennipitko.fi\/koti\/wp-json\/wp\/v2\/media?parent=282"}],"wp:term":[{"taxonomy":"category","embeddable":true,"href":"https:\/\/jennipitko.fi\/koti\/wp-json\/wp\/v2\/categories?post=282"},{"taxonomy":"post_tag","embeddable":true,"href":"https:\/\/jennipitko.fi\/koti\/wp-json\/wp\/v2\/tags?post=282"}],"curies":[{"name":"wp","href":"https:\/\/api.w.org\/{rel}","templated":true}]}}