{"id":2833,"date":"2025-04-12T08:09:29","date_gmt":"2025-04-12T06:09:29","guid":{"rendered":"https:\/\/jennipitko.fi\/koti\/?p=2833"},"modified":"2025-09-20T15:59:44","modified_gmt":"2025-09-20T13:59:44","slug":"luontopositiivinen-oulu-10-keinoa","status":"publish","type":"post","link":"https:\/\/jennipitko.fi\/koti\/luontopositiivinen-oulu-10-keinoa\/","title":{"rendered":"Luontopositiivinen Oulu &#8211; 10 keinoa"},"content":{"rendered":"\n<p>Kuntavaalit on my\u00f6s luontovaalit. T\u00e4ss\u00e4 10 keinoa tehd\u00e4 luontopositiivista Oulua!<\/p>\n\n\n\n<ol class=\"wp-block-list\">\n<li>Suojellaan kaikki Oulun vanhat ja Metso-kriteerit t\u00e4ytt\u00e4v\u00e4t mets\u00e4t. Oulu on Suomen suurin kuntamets\u00e4nomistaja ja meill\u00e4 on erityinen vastuu <strong>mets\u00e4luonnon suojelemisesta<\/strong>. P\u00e4ivitet\u00e4\u00e4n mets\u00e4nhoitosuunnitelma niin, ett\u00e4 talousk\u00e4yt\u00f6n lis\u00e4ksi se ottaa huomioon monimuotoisuuden lis\u00e4\u00e4misen sek\u00e4 maisema- ja virkistysarvot. Annetaan talousmetsienkin vanheta rauhassa ja kerrytt\u00e4\u00e4 lahopuuta. Siirryt\u00e4\u00e4n avohakkuista jatkuvaan kasvatukseen. Asetetaan kaupungin metsille hiilinielutavoite.<\/li>\n\n\n\n<li>Otetaan l\u00e4hiluonto huomioon kaavoituksessa. Lopetetaan <strong>l\u00e4hiluonnon <\/strong>nakertaminen ja keskityt\u00e4\u00e4n t\u00e4ydennysrakentamiseen. Varmistetaan rakennusj\u00e4rjestyksell\u00e4 tonteilla jo valmiiksi olevien puiden s\u00e4ilytt\u00e4minen uutta rakennettaessa.\u00a0<\/li>\n\n\n\n<li>Perustetaan <strong>lippulaivakohde lintukosteikkojen luomiseksi<\/strong> luonnoltaan heikentyneelle alueelle kuten sorakuoppaan tai entiselle teollisuusalueelle. Tehd\u00e4\u00e4n kohteesta n\u00e4ht\u00e4vyys ja virkistysalue.<\/li>\n\n\n\n<li>Varmistetaan, ett\u00e4 jokaiselle oululaiselle l\u00f6ytyy <strong>l\u00e4hivirkistysalue<\/strong> alle 300 metrin et\u00e4isyydelt\u00e4 kodista. Vaalitaan Hietasaarta t\u00e4rke\u00e4n\u00e4 l\u00e4hiluontokohteena. Lis\u00e4t\u00e4\u00e4n joukkoliikennett\u00e4 retkeilykohteisiin, kuten Sanginjoelle.<\/li>\n\n\n\n<li>Muutetaan teiden varren suojaviheralueet <strong>monimuotoisiksi niityiksi<\/strong> ja annetaan paikoin my\u00f6s puistojen rehottaa sile\u00e4n nurmikon sijaan. Suositaan kotoper\u00e4isi\u00e4 kasveja ja suositaan<strong> sy\u00f6t\u00e4vi\u00e4 marjapensaita ja hedelm\u00e4puita<\/strong>.<\/li>\n\n\n\n<li>Otetaan k\u00e4ytt\u00f6\u00f6n <strong>ekologinen kompensaatio<\/strong> rakentamiselle, jotta rakentamiselta tielt\u00e4 h\u00e4vitetty luonto korvataan ennallistamalla luontoa l\u00e4hialueella. Oulun tulee muutenkin palauttaa luontoa, esimerkiksi ennallistamalla entisi\u00e4 turvesoita ja talousk\u00e4yt\u00f6ss\u00e4 olleita suometsi\u00e4.<\/li>\n\n\n\n<li>Oulu on vesist\u00f6jen kaupunki. Laitetaan <strong>l\u00e4hivedet <\/strong>kuntoon. Ennallistetaan pienvesi\u00e4 sek\u00e4 kunnostetaan rehev\u00f6ityneet j\u00e4rvet perustamalla kosteikkoja ja suojavy\u00f6hykkeit\u00e4. Otetaan valuma-alueiden yksityiset maanomistajan mukaan ty\u00f6h\u00f6n. Tehd\u00e4\u00e4n suunnitelma Merikosken padon purkamisesta seuraavan 10 vuoden aikana.<\/li>\n\n\n\n<li>Varmistetaan apua tarvitsevien<strong> luonnonvaraisten el\u00e4inten hoito <\/strong>tarjoamalla kaupungin puolesta hoitoloille tiloja.<\/li>\n\n\n\n<li>Innostutaan <strong>paikallisesta luonnosta<\/strong>! Sen sijaan, ett\u00e4 voivotellaan suiston rakentamista rajaavaa lietetatarta, otetaan se Suiston kehitt\u00e4misen k\u00e4rjeksi. Oululle ominaisten uhanalaisten lajien ja luontotyyppien vaaliminen voi olla paikallinen ylpeyden aihe.<\/li>\n\n\n\n<li><strong>Osallistetaan kaupunkilaiset<\/strong>. Innostetaan asukkaita ja yhdistyksi\u00e4 hoitamaan niittyj\u00e4, istuttamaan uhanalaisia puita ja ennallistamaan soita sek\u00e4 puroja kuten tehtiin Hupisaarilla. Kartutetaan lasten ja nuorten luonnontuntemusta kokemuksellisin menetelmin sek\u00e4 omassa kasvuymp\u00e4rist\u00f6ss\u00e4 ett\u00e4 kaupungin palveluissa mm. Alak\u00f6\u00f6kin varhaiskasvatuksen kehitt\u00e4misyksik\u00f6ss\u00e4, Heikinharjun luontokodolla ja Timosenkosken luontokoululla.<\/li>\n<\/ol>\n","protected":false},"excerpt":{"rendered":"<p>Kuntavaalit on my\u00f6s luontovaalit. T\u00e4ss\u00e4 10 keinoa tehd\u00e4 luontopositiivista Oulua!<\/p>\n","protected":false},"author":1,"featured_media":3005,"comment_status":"closed","ping_status":"closed","sticky":false,"template":"","format":"standard","meta":{"_monsterinsights_skip_tracking":false,"_monsterinsights_sitenote_active":false,"_monsterinsights_sitenote_note":"","_monsterinsights_sitenote_category":0,"site-sidebar-layout":"default","site-content-layout":"","ast-site-content-layout":"default","site-content-style":"default","site-sidebar-style":"default","ast-global-header-display":"","ast-banner-title-visibility":"","ast-main-header-display":"","ast-hfb-above-header-display":"","ast-hfb-below-header-display":"","ast-hfb-mobile-header-display":"","site-post-title":"","ast-breadcrumbs-content":"","ast-featured-img":"","footer-sml-layout":"","ast-disable-related-posts":"","theme-transparent-header-meta":"","adv-header-id-meta":"","stick-header-meta":"","header-above-stick-meta":"","header-main-stick-meta":"","header-below-stick-meta":"","astra-migrate-meta-layouts":"default","ast-page-background-enabled":"default","ast-page-background-meta":{"desktop":{"background-color":"var(--ast-global-color-5)","background-image":"","background-repeat":"repeat","background-position":"center center","background-size":"auto","background-attachment":"scroll","background-type":"","background-media":"","overlay-type":"","overlay-color":"","overlay-opacity":"","overlay-gradient":""},"tablet":{"background-color":"","background-image":"","background-repeat":"repeat","background-position":"center center","background-size":"auto","background-attachment":"scroll","background-type":"","background-media":"","overlay-type":"","overlay-color":"","overlay-opacity":"","overlay-gradient":""},"mobile":{"background-color":"","background-image":"","background-repeat":"repeat","background-position":"center center","background-size":"auto","background-attachment":"scroll","background-type":"","background-media":"","overlay-type":"","overlay-color":"","overlay-opacity":"","overlay-gradient":""}},"ast-content-background-meta":{"desktop":{"background-color":"var(--ast-global-color-4)","background-image":"","background-repeat":"repeat","background-position":"center center","background-size":"auto","background-attachment":"scroll","background-type":"","background-media":"","overlay-type":"","overlay-color":"","overlay-opacity":"","overlay-gradient":""},"tablet":{"background-color":"var(--ast-global-color-4)","background-image":"","background-repeat":"repeat","background-position":"center center","background-size":"auto","background-attachment":"scroll","background-type":"","background-media":"","overlay-type":"","overlay-color":"","overlay-opacity":"","overlay-gradient":""},"mobile":{"background-color":"var(--ast-global-color-4)","background-image":"","background-repeat":"repeat","background-position":"center center","background-size":"auto","background-attachment":"scroll","background-type":"","background-media":"","overlay-type":"","overlay-color":"","overlay-opacity":"","overlay-gradient":""}},"footnotes":""},"categories":[2],"tags":[222,298,263,482,9],"class_list":["post-2833","post","type-post","status-publish","format-standard","has-post-thumbnail","hentry","category-blogi","tag-kuntavaalit","tag-luonnonsuojelu","tag-luonto","tag-luontopositiivisuus","tag-oulu"],"yoast_head":"<!-- This site is optimized with the Yoast SEO plugin v27.5 - https:\/\/yoast.com\/product\/yoast-seo-wordpress\/ -->\n<title>Luontopositiivinen Oulu - 10 keinoa - Jenni Pitko - Vihreiden varapuheenjohtaja, ymp\u00e4rist\u00f6valiokunnan puheenjohtaja, kansanedustaja ja arkkitehti Oulusta<\/title>\n<meta name=\"description\" content=\"Kuntavaalit on my\u00f6s luontovaalit. T\u00e4ss\u00e4 ehdotuksia, miten Oulusta voidaan tehd\u00e4 luontopositiivinen!\" \/>\n<meta name=\"robots\" content=\"index, follow, max-snippet:-1, max-image-preview:large, max-video-preview:-1\" \/>\n<link rel=\"canonical\" href=\"https:\/\/jennipitko.fi\/koti\/luontopositiivinen-oulu-10-keinoa\/\" \/>\n<meta property=\"og:locale\" content=\"fi_FI\" \/>\n<meta property=\"og:type\" content=\"article\" \/>\n<meta property=\"og:title\" content=\"Luontopositiivinen Oulu - 10 keinoa - Jenni Pitko - Vihreiden varapuheenjohtaja, ymp\u00e4rist\u00f6valiokunnan puheenjohtaja, kansanedustaja ja arkkitehti Oulusta\" \/>\n<meta property=\"og:description\" content=\"Kuntavaalit on my\u00f6s luontovaalit. T\u00e4ss\u00e4 ehdotuksia, miten Oulusta voidaan tehd\u00e4 luontopositiivinen!\" \/>\n<meta property=\"og:url\" content=\"https:\/\/jennipitko.fi\/koti\/luontopositiivinen-oulu-10-keinoa\/\" \/>\n<meta property=\"og:site_name\" content=\"Jenni Pitko - Vihreiden varapuheenjohtaja, ymp\u00e4rist\u00f6valiokunnan puheenjohtaja, kansanedustaja ja arkkitehti Oulusta\" \/>\n<meta property=\"article:published_time\" content=\"2025-04-12T06:09:29+00:00\" \/>\n<meta property=\"article:modified_time\" content=\"2025-09-20T13:59:44+00:00\" \/>\n<meta property=\"og:image\" content=\"https:\/\/jennipitko.fi\/koti\/wp-content\/uploads\/2025\/09\/29.jpg\" \/>\n\t<meta property=\"og:image:width\" content=\"1280\" \/>\n\t<meta property=\"og:image:height\" content=\"847\" \/>\n\t<meta property=\"og:image:type\" content=\"image\/jpeg\" \/>\n<meta name=\"author\" content=\"Jenni\" \/>\n<meta name=\"twitter:card\" content=\"summary_large_image\" \/>\n<meta name=\"twitter:label1\" content=\"Kirjoittanut\" \/>\n\t<meta name=\"twitter:data1\" content=\"Jenni\" \/>\n\t<meta name=\"twitter:label2\" content=\"Arvioitu lukuaika\" \/>\n\t<meta name=\"twitter:data2\" content=\"2 minuuttia\" \/>\n<script type=\"application\/ld+json\" class=\"yoast-schema-graph\">{\"@context\":\"https:\\\/\\\/schema.org\",\"@graph\":[{\"@type\":\"Article\",\"@id\":\"https:\\\/\\\/jennipitko.fi\\\/koti\\\/luontopositiivinen-oulu-10-keinoa\\\/#article\",\"isPartOf\":{\"@id\":\"https:\\\/\\\/jennipitko.fi\\\/koti\\\/luontopositiivinen-oulu-10-keinoa\\\/\"},\"author\":{\"name\":\"Jenni\",\"@id\":\"https:\\\/\\\/jennipitko.fi\\\/koti\\\/#\\\/schema\\\/person\\\/35955c467f851f10124809310e7e7ee8\"},\"headline\":\"Luontopositiivinen Oulu &#8211; 10 keinoa\",\"datePublished\":\"2025-04-12T06:09:29+00:00\",\"dateModified\":\"2025-09-20T13:59:44+00:00\",\"mainEntityOfPage\":{\"@id\":\"https:\\\/\\\/jennipitko.fi\\\/koti\\\/luontopositiivinen-oulu-10-keinoa\\\/\"},\"wordCount\":343,\"publisher\":{\"@id\":\"https:\\\/\\\/jennipitko.fi\\\/koti\\\/#organization\"},\"image\":{\"@id\":\"https:\\\/\\\/jennipitko.fi\\\/koti\\\/luontopositiivinen-oulu-10-keinoa\\\/#primaryimage\"},\"thumbnailUrl\":\"https:\\\/\\\/jennipitko.fi\\\/koti\\\/wp-content\\\/uploads\\\/2025\\\/09\\\/29.jpg\",\"keywords\":[\"kuntavaalit\",\"luonnonsuojelu\",\"luonto\",\"luontopositiivisuus\",\"oulu\"],\"articleSection\":[\"Blogi\"],\"inLanguage\":\"fi\"},{\"@type\":\"WebPage\",\"@id\":\"https:\\\/\\\/jennipitko.fi\\\/koti\\\/luontopositiivinen-oulu-10-keinoa\\\/\",\"url\":\"https:\\\/\\\/jennipitko.fi\\\/koti\\\/luontopositiivinen-oulu-10-keinoa\\\/\",\"name\":\"Luontopositiivinen Oulu - 10 keinoa - Jenni Pitko - Vihreiden varapuheenjohtaja, ymp\u00e4rist\u00f6valiokunnan puheenjohtaja, kansanedustaja ja arkkitehti Oulusta\",\"isPartOf\":{\"@id\":\"https:\\\/\\\/jennipitko.fi\\\/koti\\\/#website\"},\"primaryImageOfPage\":{\"@id\":\"https:\\\/\\\/jennipitko.fi\\\/koti\\\/luontopositiivinen-oulu-10-keinoa\\\/#primaryimage\"},\"image\":{\"@id\":\"https:\\\/\\\/jennipitko.fi\\\/koti\\\/luontopositiivinen-oulu-10-keinoa\\\/#primaryimage\"},\"thumbnailUrl\":\"https:\\\/\\\/jennipitko.fi\\\/koti\\\/wp-content\\\/uploads\\\/2025\\\/09\\\/29.jpg\",\"datePublished\":\"2025-04-12T06:09:29+00:00\",\"dateModified\":\"2025-09-20T13:59:44+00:00\",\"description\":\"Kuntavaalit on my\u00f6s luontovaalit. T\u00e4ss\u00e4 ehdotuksia, miten Oulusta voidaan tehd\u00e4 luontopositiivinen!\",\"breadcrumb\":{\"@id\":\"https:\\\/\\\/jennipitko.fi\\\/koti\\\/luontopositiivinen-oulu-10-keinoa\\\/#breadcrumb\"},\"inLanguage\":\"fi\",\"potentialAction\":[{\"@type\":\"ReadAction\",\"target\":[\"https:\\\/\\\/jennipitko.fi\\\/koti\\\/luontopositiivinen-oulu-10-keinoa\\\/\"]}]},{\"@type\":\"ImageObject\",\"inLanguage\":\"fi\",\"@id\":\"https:\\\/\\\/jennipitko.fi\\\/koti\\\/luontopositiivinen-oulu-10-keinoa\\\/#primaryimage\",\"url\":\"https:\\\/\\\/jennipitko.fi\\\/koti\\\/wp-content\\\/uploads\\\/2025\\\/09\\\/29.jpg\",\"contentUrl\":\"https:\\\/\\\/jennipitko.fi\\\/koti\\\/wp-content\\\/uploads\\\/2025\\\/09\\\/29.jpg\",\"width\":1280,\"height\":847,\"caption\":\"Vihreiden kansanedustaja Jenni Pitko seisoo selin kameraan k\u00e4vellen rakennettua puista kaiteilla suojattua polkua pitkin bongaillen lintuja kiikarit k\u00e4dess\u00e4\u00e4n.\"},{\"@type\":\"BreadcrumbList\",\"@id\":\"https:\\\/\\\/jennipitko.fi\\\/koti\\\/luontopositiivinen-oulu-10-keinoa\\\/#breadcrumb\",\"itemListElement\":[{\"@type\":\"ListItem\",\"position\":1,\"name\":\"Home\",\"item\":\"https:\\\/\\\/jennipitko.fi\\\/koti\\\/\"},{\"@type\":\"ListItem\",\"position\":2,\"name\":\"Luontopositiivinen Oulu &#8211; 10 keinoa\"}]},{\"@type\":\"WebSite\",\"@id\":\"https:\\\/\\\/jennipitko.fi\\\/koti\\\/#website\",\"url\":\"https:\\\/\\\/jennipitko.fi\\\/koti\\\/\",\"name\":\"Jenni Pitko - Vihreiden varapuheenjohtaja, ymp\u00e4rist\u00f6valiokunnan puheenjohtaja, kansanedustaja ja arkkitehti Oulusta\",\"description\":\"Jenni Pitko - Vihreiden varapuheenjohtaja, ymp\u00e4rist\u00f6valiokunnan puheenjohtaja, kansanedustaja ja arkkitehti Oulusta\",\"publisher\":{\"@id\":\"https:\\\/\\\/jennipitko.fi\\\/koti\\\/#organization\"},\"potentialAction\":[{\"@type\":\"SearchAction\",\"target\":{\"@type\":\"EntryPoint\",\"urlTemplate\":\"https:\\\/\\\/jennipitko.fi\\\/koti\\\/?s={search_term_string}\"},\"query-input\":{\"@type\":\"PropertyValueSpecification\",\"valueRequired\":true,\"valueName\":\"search_term_string\"}}],\"inLanguage\":\"fi\"},{\"@type\":\"Organization\",\"@id\":\"https:\\\/\\\/jennipitko.fi\\\/koti\\\/#organization\",\"name\":\"Jenni Pitko - Vihreiden varapuheenjohtaja, ymp\u00e4rist\u00f6valiokunnan puheenjohtaja, kansanedustaja ja arkkitehti Oulusta\",\"url\":\"https:\\\/\\\/jennipitko.fi\\\/koti\\\/\",\"logo\":{\"@type\":\"ImageObject\",\"inLanguage\":\"fi\",\"@id\":\"https:\\\/\\\/jennipitko.fi\\\/koti\\\/#\\\/schema\\\/logo\\\/image\\\/\",\"url\":\"https:\\\/\\\/jennipitko.fi\\\/koti\\\/wp-content\\\/uploads\\\/2025\\\/09\\\/Nimeton-malli-38.png\",\"contentUrl\":\"https:\\\/\\\/jennipitko.fi\\\/koti\\\/wp-content\\\/uploads\\\/2025\\\/09\\\/Nimeton-malli-38.png\",\"width\":1280,\"height\":847,\"caption\":\"Jenni Pitko - Vihreiden varapuheenjohtaja, ymp\u00e4rist\u00f6valiokunnan puheenjohtaja, kansanedustaja ja arkkitehti Oulusta\"},\"image\":{\"@id\":\"https:\\\/\\\/jennipitko.fi\\\/koti\\\/#\\\/schema\\\/logo\\\/image\\\/\"}},{\"@type\":\"Person\",\"@id\":\"https:\\\/\\\/jennipitko.fi\\\/koti\\\/#\\\/schema\\\/person\\\/35955c467f851f10124809310e7e7ee8\",\"name\":\"Jenni\",\"image\":{\"@type\":\"ImageObject\",\"inLanguage\":\"fi\",\"@id\":\"https:\\\/\\\/secure.gravatar.com\\\/avatar\\\/625a0e6413b293da7739d42617828d564a4d6028aec3f45d8939a2ba1617199f?s=96&d=blank&r=g\",\"url\":\"https:\\\/\\\/secure.gravatar.com\\\/avatar\\\/625a0e6413b293da7739d42617828d564a4d6028aec3f45d8939a2ba1617199f?s=96&d=blank&r=g\",\"contentUrl\":\"https:\\\/\\\/secure.gravatar.com\\\/avatar\\\/625a0e6413b293da7739d42617828d564a4d6028aec3f45d8939a2ba1617199f?s=96&d=blank&r=g\",\"caption\":\"Jenni\"},\"url\":\"https:\\\/\\\/jennipitko.fi\\\/koti\\\/author\\\/jenni\\\/\"}]}<\/script>\n<!-- \/ Yoast SEO plugin. -->","yoast_head_json":{"title":"Luontopositiivinen Oulu - 10 keinoa - Jenni Pitko - Vihreiden varapuheenjohtaja, ymp\u00e4rist\u00f6valiokunnan puheenjohtaja, kansanedustaja ja arkkitehti Oulusta","description":"Kuntavaalit on my\u00f6s luontovaalit. T\u00e4ss\u00e4 ehdotuksia, miten Oulusta voidaan tehd\u00e4 luontopositiivinen!","robots":{"index":"index","follow":"follow","max-snippet":"max-snippet:-1","max-image-preview":"max-image-preview:large","max-video-preview":"max-video-preview:-1"},"canonical":"https:\/\/jennipitko.fi\/koti\/luontopositiivinen-oulu-10-keinoa\/","og_locale":"fi_FI","og_type":"article","og_title":"Luontopositiivinen Oulu - 10 keinoa - Jenni Pitko - Vihreiden varapuheenjohtaja, ymp\u00e4rist\u00f6valiokunnan puheenjohtaja, kansanedustaja ja arkkitehti Oulusta","og_description":"Kuntavaalit on my\u00f6s luontovaalit. T\u00e4ss\u00e4 ehdotuksia, miten Oulusta voidaan tehd\u00e4 luontopositiivinen!","og_url":"https:\/\/jennipitko.fi\/koti\/luontopositiivinen-oulu-10-keinoa\/","og_site_name":"Jenni Pitko - Vihreiden varapuheenjohtaja, ymp\u00e4rist\u00f6valiokunnan puheenjohtaja, kansanedustaja ja arkkitehti Oulusta","article_published_time":"2025-04-12T06:09:29+00:00","article_modified_time":"2025-09-20T13:59:44+00:00","og_image":[{"width":1280,"height":847,"url":"https:\/\/jennipitko.fi\/koti\/wp-content\/uploads\/2025\/09\/29.jpg","type":"image\/jpeg"}],"author":"Jenni","twitter_card":"summary_large_image","twitter_misc":{"Kirjoittanut":"Jenni","Arvioitu lukuaika":"2 minuuttia"},"schema":{"@context":"https:\/\/schema.org","@graph":[{"@type":"Article","@id":"https:\/\/jennipitko.fi\/koti\/luontopositiivinen-oulu-10-keinoa\/#article","isPartOf":{"@id":"https:\/\/jennipitko.fi\/koti\/luontopositiivinen-oulu-10-keinoa\/"},"author":{"name":"Jenni","@id":"https:\/\/jennipitko.fi\/koti\/#\/schema\/person\/35955c467f851f10124809310e7e7ee8"},"headline":"Luontopositiivinen Oulu &#8211; 10 keinoa","datePublished":"2025-04-12T06:09:29+00:00","dateModified":"2025-09-20T13:59:44+00:00","mainEntityOfPage":{"@id":"https:\/\/jennipitko.fi\/koti\/luontopositiivinen-oulu-10-keinoa\/"},"wordCount":343,"publisher":{"@id":"https:\/\/jennipitko.fi\/koti\/#organization"},"image":{"@id":"https:\/\/jennipitko.fi\/koti\/luontopositiivinen-oulu-10-keinoa\/#primaryimage"},"thumbnailUrl":"https:\/\/jennipitko.fi\/koti\/wp-content\/uploads\/2025\/09\/29.jpg","keywords":["kuntavaalit","luonnonsuojelu","luonto","luontopositiivisuus","oulu"],"articleSection":["Blogi"],"inLanguage":"fi"},{"@type":"WebPage","@id":"https:\/\/jennipitko.fi\/koti\/luontopositiivinen-oulu-10-keinoa\/","url":"https:\/\/jennipitko.fi\/koti\/luontopositiivinen-oulu-10-keinoa\/","name":"Luontopositiivinen Oulu - 10 keinoa - Jenni Pitko - Vihreiden varapuheenjohtaja, ymp\u00e4rist\u00f6valiokunnan puheenjohtaja, kansanedustaja ja arkkitehti Oulusta","isPartOf":{"@id":"https:\/\/jennipitko.fi\/koti\/#website"},"primaryImageOfPage":{"@id":"https:\/\/jennipitko.fi\/koti\/luontopositiivinen-oulu-10-keinoa\/#primaryimage"},"image":{"@id":"https:\/\/jennipitko.fi\/koti\/luontopositiivinen-oulu-10-keinoa\/#primaryimage"},"thumbnailUrl":"https:\/\/jennipitko.fi\/koti\/wp-content\/uploads\/2025\/09\/29.jpg","datePublished":"2025-04-12T06:09:29+00:00","dateModified":"2025-09-20T13:59:44+00:00","description":"Kuntavaalit on my\u00f6s luontovaalit. T\u00e4ss\u00e4 ehdotuksia, miten Oulusta voidaan tehd\u00e4 luontopositiivinen!","breadcrumb":{"@id":"https:\/\/jennipitko.fi\/koti\/luontopositiivinen-oulu-10-keinoa\/#breadcrumb"},"inLanguage":"fi","potentialAction":[{"@type":"ReadAction","target":["https:\/\/jennipitko.fi\/koti\/luontopositiivinen-oulu-10-keinoa\/"]}]},{"@type":"ImageObject","inLanguage":"fi","@id":"https:\/\/jennipitko.fi\/koti\/luontopositiivinen-oulu-10-keinoa\/#primaryimage","url":"https:\/\/jennipitko.fi\/koti\/wp-content\/uploads\/2025\/09\/29.jpg","contentUrl":"https:\/\/jennipitko.fi\/koti\/wp-content\/uploads\/2025\/09\/29.jpg","width":1280,"height":847,"caption":"Vihreiden kansanedustaja Jenni Pitko seisoo selin kameraan k\u00e4vellen rakennettua puista kaiteilla suojattua polkua pitkin bongaillen lintuja kiikarit k\u00e4dess\u00e4\u00e4n."},{"@type":"BreadcrumbList","@id":"https:\/\/jennipitko.fi\/koti\/luontopositiivinen-oulu-10-keinoa\/#breadcrumb","itemListElement":[{"@type":"ListItem","position":1,"name":"Home","item":"https:\/\/jennipitko.fi\/koti\/"},{"@type":"ListItem","position":2,"name":"Luontopositiivinen Oulu &#8211; 10 keinoa"}]},{"@type":"WebSite","@id":"https:\/\/jennipitko.fi\/koti\/#website","url":"https:\/\/jennipitko.fi\/koti\/","name":"Jenni Pitko - Vihreiden varapuheenjohtaja, ymp\u00e4rist\u00f6valiokunnan puheenjohtaja, kansanedustaja ja arkkitehti Oulusta","description":"Jenni Pitko - Vihreiden varapuheenjohtaja, ymp\u00e4rist\u00f6valiokunnan puheenjohtaja, kansanedustaja ja arkkitehti Oulusta","publisher":{"@id":"https:\/\/jennipitko.fi\/koti\/#organization"},"potentialAction":[{"@type":"SearchAction","target":{"@type":"EntryPoint","urlTemplate":"https:\/\/jennipitko.fi\/koti\/?s={search_term_string}"},"query-input":{"@type":"PropertyValueSpecification","valueRequired":true,"valueName":"search_term_string"}}],"inLanguage":"fi"},{"@type":"Organization","@id":"https:\/\/jennipitko.fi\/koti\/#organization","name":"Jenni Pitko - Vihreiden varapuheenjohtaja, ymp\u00e4rist\u00f6valiokunnan puheenjohtaja, kansanedustaja ja arkkitehti Oulusta","url":"https:\/\/jennipitko.fi\/koti\/","logo":{"@type":"ImageObject","inLanguage":"fi","@id":"https:\/\/jennipitko.fi\/koti\/#\/schema\/logo\/image\/","url":"https:\/\/jennipitko.fi\/koti\/wp-content\/uploads\/2025\/09\/Nimeton-malli-38.png","contentUrl":"https:\/\/jennipitko.fi\/koti\/wp-content\/uploads\/2025\/09\/Nimeton-malli-38.png","width":1280,"height":847,"caption":"Jenni Pitko - Vihreiden varapuheenjohtaja, ymp\u00e4rist\u00f6valiokunnan puheenjohtaja, kansanedustaja ja arkkitehti Oulusta"},"image":{"@id":"https:\/\/jennipitko.fi\/koti\/#\/schema\/logo\/image\/"}},{"@type":"Person","@id":"https:\/\/jennipitko.fi\/koti\/#\/schema\/person\/35955c467f851f10124809310e7e7ee8","name":"Jenni","image":{"@type":"ImageObject","inLanguage":"fi","@id":"https:\/\/secure.gravatar.com\/avatar\/625a0e6413b293da7739d42617828d564a4d6028aec3f45d8939a2ba1617199f?s=96&d=blank&r=g","url":"https:\/\/secure.gravatar.com\/avatar\/625a0e6413b293da7739d42617828d564a4d6028aec3f45d8939a2ba1617199f?s=96&d=blank&r=g","contentUrl":"https:\/\/secure.gravatar.com\/avatar\/625a0e6413b293da7739d42617828d564a4d6028aec3f45d8939a2ba1617199f?s=96&d=blank&r=g","caption":"Jenni"},"url":"https:\/\/jennipitko.fi\/koti\/author\/jenni\/"}]}},"_links":{"self":[{"href":"https:\/\/jennipitko.fi\/koti\/wp-json\/wp\/v2\/posts\/2833","targetHints":{"allow":["GET"]}}],"collection":[{"href":"https:\/\/jennipitko.fi\/koti\/wp-json\/wp\/v2\/posts"}],"about":[{"href":"https:\/\/jennipitko.fi\/koti\/wp-json\/wp\/v2\/types\/post"}],"author":[{"embeddable":true,"href":"https:\/\/jennipitko.fi\/koti\/wp-json\/wp\/v2\/users\/1"}],"replies":[{"embeddable":true,"href":"https:\/\/jennipitko.fi\/koti\/wp-json\/wp\/v2\/comments?post=2833"}],"version-history":[{"count":1,"href":"https:\/\/jennipitko.fi\/koti\/wp-json\/wp\/v2\/posts\/2833\/revisions"}],"predecessor-version":[{"id":2834,"href":"https:\/\/jennipitko.fi\/koti\/wp-json\/wp\/v2\/posts\/2833\/revisions\/2834"}],"wp:featuredmedia":[{"embeddable":true,"href":"https:\/\/jennipitko.fi\/koti\/wp-json\/wp\/v2\/media\/3005"}],"wp:attachment":[{"href":"https:\/\/jennipitko.fi\/koti\/wp-json\/wp\/v2\/media?parent=2833"}],"wp:term":[{"taxonomy":"category","embeddable":true,"href":"https:\/\/jennipitko.fi\/koti\/wp-json\/wp\/v2\/categories?post=2833"},{"taxonomy":"post_tag","embeddable":true,"href":"https:\/\/jennipitko.fi\/koti\/wp-json\/wp\/v2\/tags?post=2833"}],"curies":[{"name":"wp","href":"https:\/\/api.w.org\/{rel}","templated":true}]}}