{"id":2858,"date":"2025-04-12T20:14:48","date_gmt":"2025-04-12T18:14:48","guid":{"rendered":"https:\/\/jennipitko.fi\/koti\/?p=2858"},"modified":"2025-09-20T15:54:43","modified_gmt":"2025-09-20T13:54:43","slug":"oululaisuus-nakyy-ja-sailyy-rakennetussa-ymparistossa-jos-ymmarramme-vaalia-sita","status":"publish","type":"post","link":"https:\/\/jennipitko.fi\/koti\/oululaisuus-nakyy-ja-sailyy-rakennetussa-ymparistossa-jos-ymmarramme-vaalia-sita\/","title":{"rendered":"Oululaisuus n\u00e4kyy ja s\u00e4ilyy rakennetussa ymp\u00e4rist\u00f6ss\u00e4, jos ymm\u00e4rr\u00e4mme vaalia sit\u00e4"},"content":{"rendered":"\n<p>Yhdyskuntalautakunta esitti kulttuu\u00adriym\u00adp\u00e4\u00adrist\u00f6n teemay\u00adleiskaavan hylk\u00e4\u00e4mist\u00e4, koska sill\u00e4 ei n\u00e4hty olevan hy\u00f6ty\u00e4. Olen huolissani Oulun rakennetun kulttuurihistorian s\u00e4ilymisest\u00e4.<\/p>\n\n\n\n<p>Kulttuuriymp\u00e4rist\u00f6jen suojelun ei Oulussa haluta jarruttavan muuta rakentamista. Suojelun arvoisia rakennuksia on purettu esimerkiksi uusien kerrostalojen tielt\u00e4. N\u00e4in tehd\u00e4\u00e4n esimerkiksi kauppaopiston vanhan rakennuksen kanssa Kuusiluodossa.<\/p>\n\n\n\n<p>Kulttuuriymp\u00e4rist\u00f6jen suojelu kannattaisi n\u00e4hd\u00e4 osana laajempaa kaupungin elinvoimaa. Vanhat rakennukset juurruttavat meid\u00e4t t\u00e4h\u00e4n paikkaan ja ovat osa sit\u00e4 pitovoimaa, jota kaupungit tarvitsevat. Kulttuuriymp\u00e4rist\u00f6t ovat my\u00f6s t\u00e4rke\u00e4 osa kansallista identiteetti\u00e4mme.<\/p>\n\n\n\n<p>Valtuusto teki my\u00f6nteisen rakennuskulttuuriteon, kun p\u00e4\u00e4timme korjata pieteetill\u00e4 Oulun kaupungintalon. Oulussa ei ole montaa 1800-luvun rakennusta j\u00e4ljell\u00e4 eik\u00e4 rakennussuojelu voi rajoittua vain niihin. Pohdin, miten n\u00e4kisimme arvon my\u00f6s nuoremmalla, sotien j\u00e4lkeen rakennetulla rakennuskannalla. Vaikka meid\u00e4n silmiimme se voi t\u00e4n\u00e4 p\u00e4iv\u00e4n\u00e4 n\u00e4ytt\u00e4\u00e4 tavanomaiselta, se on s\u00e4\u00e4styess\u00e4\u00e4n joskus my\u00f6s historiallista.<\/p>\n\n\n\n<p>Oulussa ei ole haluttu ottaa kantaa my\u00f6sk\u00e4\u00e4n korkean rakentamisen laatuun. Korkean rakentamisen periaatteiden on pel\u00e4tty hidastavan rakentamista, sill\u00e4 niiss\u00e4kin rakentamiselta on vaadittu sopivuutta olemassa olevaan ja erityisesti suojeltuun arvokkaaseen rakennuskantaan.<\/p>\n\n\n\n<p>Minulla on ollut onni asua kymmenen vuotta Oulun Karjasillalla, valtakunnallisesti merkitt\u00e4v\u00e4ss\u00e4 kulttuuriymp\u00e4rist\u00f6ss\u00e4. Karjasillalle on odotettu jo pitk\u00e4\u00e4n suojelukaavaa, joka turvaisi erityisesti n\u00e4kyvien julkisivujen s\u00e4ilymisen ja yhtenev\u00e4isyyden. Koska Karjasillan suojelullekin l\u00f6ytyy vastustajia, kaavaa ei ole saatu p\u00e4\u00e4tetty\u00e4.<\/p>\n\n\n\n<p>Vaikka tied\u00e4mme, ett\u00e4 vanhan korjaaminen on my\u00f6s ymp\u00e4rist\u00f6kysymys, rakennussuojelun arvostus on vastatuulessa. Petteri Orpon hallituksen esitys suojeltujen rakennusten purkamisen helpottamisesta hyv\u00e4ksyttiin eduskunnassa viime vuoden lopulla osana rakennuslain korjaussarjaa. Nimi ei ollut enne.<\/p>\n\n\n\n<p>Oululla on historiaa ja tarinoita kerrottavaksi my\u00f6s tuleville sukupolville. S\u00e4ilytetty rakennuskanta auttaa meit\u00e4 muistamaan historiaa ja ymm\u00e4rt\u00e4m\u00e4\u00e4n juuriamme.<\/p>\n\n\n\n<p>Teksi on julkaistu Kalevassa.<\/p>\n","protected":false},"excerpt":{"rendered":"<p>Yhdyskuntalautakunta esitti kulttuu\u00adriym\u00adp\u00e4\u00adrist\u00f6n teemay\u00adleiskaavan hylk\u00e4\u00e4mist\u00e4, koska sill\u00e4 ei n\u00e4hty olevan hy\u00f6ty\u00e4. Olen huolissani Oulun rakennetun kulttuurihistorian s\u00e4ilymisest\u00e4. Kulttuuriymp\u00e4rist\u00f6jen suojelun ei [&hellip;]<\/p>\n","protected":false},"author":1,"featured_media":2991,"comment_status":"closed","ping_status":"closed","sticky":false,"template":"","format":"standard","meta":{"_monsterinsights_skip_tracking":false,"_monsterinsights_sitenote_active":false,"_monsterinsights_sitenote_note":"","_monsterinsights_sitenote_category":0,"site-sidebar-layout":"default","site-content-layout":"","ast-site-content-layout":"default","site-content-style":"default","site-sidebar-style":"default","ast-global-header-display":"","ast-banner-title-visibility":"","ast-main-header-display":"","ast-hfb-above-header-display":"","ast-hfb-below-header-display":"","ast-hfb-mobile-header-display":"","site-post-title":"","ast-breadcrumbs-content":"","ast-featured-img":"","footer-sml-layout":"","ast-disable-related-posts":"","theme-transparent-header-meta":"","adv-header-id-meta":"","stick-header-meta":"","header-above-stick-meta":"","header-main-stick-meta":"","header-below-stick-meta":"","astra-migrate-meta-layouts":"default","ast-page-background-enabled":"default","ast-page-background-meta":{"desktop":{"background-color":"var(--ast-global-color-5)","background-image":"","background-repeat":"repeat","background-position":"center center","background-size":"auto","background-attachment":"scroll","background-type":"","background-media":"","overlay-type":"","overlay-color":"","overlay-opacity":"","overlay-gradient":""},"tablet":{"background-color":"","background-image":"","background-repeat":"repeat","background-position":"center center","background-size":"auto","background-attachment":"scroll","background-type":"","background-media":"","overlay-type":"","overlay-color":"","overlay-opacity":"","overlay-gradient":""},"mobile":{"background-color":"","background-image":"","background-repeat":"repeat","background-position":"center center","background-size":"auto","background-attachment":"scroll","background-type":"","background-media":"","overlay-type":"","overlay-color":"","overlay-opacity":"","overlay-gradient":""}},"ast-content-background-meta":{"desktop":{"background-color":"var(--ast-global-color-4)","background-image":"","background-repeat":"repeat","background-position":"center center","background-size":"auto","background-attachment":"scroll","background-type":"","background-media":"","overlay-type":"","overlay-color":"","overlay-opacity":"","overlay-gradient":""},"tablet":{"background-color":"var(--ast-global-color-4)","background-image":"","background-repeat":"repeat","background-position":"center center","background-size":"auto","background-attachment":"scroll","background-type":"","background-media":"","overlay-type":"","overlay-color":"","overlay-opacity":"","overlay-gradient":""},"mobile":{"background-color":"var(--ast-global-color-4)","background-image":"","background-repeat":"repeat","background-position":"center center","background-size":"auto","background-attachment":"scroll","background-type":"","background-media":"","overlay-type":"","overlay-color":"","overlay-opacity":"","overlay-gradient":""}},"footnotes":""},"categories":[2],"tags":[9,469,483,484],"class_list":["post-2858","post","type-post","status-publish","format-standard","has-post-thumbnail","hentry","category-blogi","tag-oulu","tag-rakennettu-ymparisto","tag-rakennuspaerinto","tag-rakennussuojelu"],"yoast_head":"<!-- This site is optimized with the Yoast SEO plugin v27.5 - https:\/\/yoast.com\/product\/yoast-seo-wordpress\/ -->\n<title>Oululaisuus n\u00e4kyy ja s\u00e4ilyy rakennetussa ymp\u00e4rist\u00f6ss\u00e4, jos ymm\u00e4rr\u00e4mme vaalia sit\u00e4 - Jenni Pitko - Vihreiden varapuheenjohtaja, ymp\u00e4rist\u00f6valiokunnan puheenjohtaja, kansanedustaja ja arkkitehti Oulusta<\/title>\n<meta name=\"robots\" content=\"index, follow, max-snippet:-1, max-image-preview:large, max-video-preview:-1\" \/>\n<link rel=\"canonical\" href=\"https:\/\/jennipitko.fi\/koti\/oululaisuus-nakyy-ja-sailyy-rakennetussa-ymparistossa-jos-ymmarramme-vaalia-sita\/\" \/>\n<meta property=\"og:locale\" content=\"fi_FI\" \/>\n<meta property=\"og:type\" content=\"article\" \/>\n<meta property=\"og:title\" content=\"Oululaisuus n\u00e4kyy ja s\u00e4ilyy rakennetussa ymp\u00e4rist\u00f6ss\u00e4, jos ymm\u00e4rr\u00e4mme vaalia sit\u00e4 - Jenni Pitko - Vihreiden varapuheenjohtaja, ymp\u00e4rist\u00f6valiokunnan puheenjohtaja, kansanedustaja ja arkkitehti Oulusta\" \/>\n<meta property=\"og:description\" content=\"Yhdyskuntalautakunta esitti kulttuu\u00adriym\u00adp\u00e4\u00adrist\u00f6n teemay\u00adleiskaavan hylk\u00e4\u00e4mist\u00e4, koska sill\u00e4 ei n\u00e4hty olevan hy\u00f6ty\u00e4. Olen huolissani Oulun rakennetun kulttuurihistorian s\u00e4ilymisest\u00e4. Kulttuuriymp\u00e4rist\u00f6jen suojelun ei [&hellip;]\" \/>\n<meta property=\"og:url\" content=\"https:\/\/jennipitko.fi\/koti\/oululaisuus-nakyy-ja-sailyy-rakennetussa-ymparistossa-jos-ymmarramme-vaalia-sita\/\" \/>\n<meta property=\"og:site_name\" content=\"Jenni Pitko - Vihreiden varapuheenjohtaja, ymp\u00e4rist\u00f6valiokunnan puheenjohtaja, kansanedustaja ja arkkitehti Oulusta\" \/>\n<meta property=\"article:published_time\" content=\"2025-04-12T18:14:48+00:00\" \/>\n<meta property=\"article:modified_time\" content=\"2025-09-20T13:54:43+00:00\" \/>\n<meta property=\"og:image\" content=\"https:\/\/jennipitko.fi\/koti\/wp-content\/uploads\/2025\/09\/15.jpg\" \/>\n\t<meta property=\"og:image:width\" content=\"1280\" \/>\n\t<meta property=\"og:image:height\" content=\"847\" \/>\n\t<meta property=\"og:image:type\" content=\"image\/jpeg\" \/>\n<meta name=\"author\" content=\"Jenni\" \/>\n<meta name=\"twitter:card\" content=\"summary_large_image\" \/>\n<meta name=\"twitter:label1\" content=\"Kirjoittanut\" \/>\n\t<meta name=\"twitter:data1\" content=\"Jenni\" \/>\n\t<meta name=\"twitter:label2\" content=\"Arvioitu lukuaika\" \/>\n\t<meta name=\"twitter:data2\" content=\"2 minuuttia\" \/>\n<script type=\"application\/ld+json\" class=\"yoast-schema-graph\">{\"@context\":\"https:\\\/\\\/schema.org\",\"@graph\":[{\"@type\":\"Article\",\"@id\":\"https:\\\/\\\/jennipitko.fi\\\/koti\\\/oululaisuus-nakyy-ja-sailyy-rakennetussa-ymparistossa-jos-ymmarramme-vaalia-sita\\\/#article\",\"isPartOf\":{\"@id\":\"https:\\\/\\\/jennipitko.fi\\\/koti\\\/oululaisuus-nakyy-ja-sailyy-rakennetussa-ymparistossa-jos-ymmarramme-vaalia-sita\\\/\"},\"author\":{\"name\":\"Jenni\",\"@id\":\"https:\\\/\\\/jennipitko.fi\\\/koti\\\/#\\\/schema\\\/person\\\/35955c467f851f10124809310e7e7ee8\"},\"headline\":\"Oululaisuus n\u00e4kyy ja s\u00e4ilyy rakennetussa ymp\u00e4rist\u00f6ss\u00e4, jos ymm\u00e4rr\u00e4mme vaalia sit\u00e4\",\"datePublished\":\"2025-04-12T18:14:48+00:00\",\"dateModified\":\"2025-09-20T13:54:43+00:00\",\"mainEntityOfPage\":{\"@id\":\"https:\\\/\\\/jennipitko.fi\\\/koti\\\/oululaisuus-nakyy-ja-sailyy-rakennetussa-ymparistossa-jos-ymmarramme-vaalia-sita\\\/\"},\"wordCount\":317,\"publisher\":{\"@id\":\"https:\\\/\\\/jennipitko.fi\\\/koti\\\/#organization\"},\"image\":{\"@id\":\"https:\\\/\\\/jennipitko.fi\\\/koti\\\/oululaisuus-nakyy-ja-sailyy-rakennetussa-ymparistossa-jos-ymmarramme-vaalia-sita\\\/#primaryimage\"},\"thumbnailUrl\":\"https:\\\/\\\/jennipitko.fi\\\/koti\\\/wp-content\\\/uploads\\\/2025\\\/09\\\/15.jpg\",\"keywords\":[\"oulu\",\"rakennettu ymp\u00e4rist\u00f6\",\"rakennuspaerint\u00f6\",\"rakennussuojelu\"],\"articleSection\":[\"Blogi\"],\"inLanguage\":\"fi\"},{\"@type\":\"WebPage\",\"@id\":\"https:\\\/\\\/jennipitko.fi\\\/koti\\\/oululaisuus-nakyy-ja-sailyy-rakennetussa-ymparistossa-jos-ymmarramme-vaalia-sita\\\/\",\"url\":\"https:\\\/\\\/jennipitko.fi\\\/koti\\\/oululaisuus-nakyy-ja-sailyy-rakennetussa-ymparistossa-jos-ymmarramme-vaalia-sita\\\/\",\"name\":\"Oululaisuus n\u00e4kyy ja s\u00e4ilyy rakennetussa ymp\u00e4rist\u00f6ss\u00e4, jos ymm\u00e4rr\u00e4mme vaalia sit\u00e4 - Jenni Pitko - Vihreiden varapuheenjohtaja, ymp\u00e4rist\u00f6valiokunnan puheenjohtaja, kansanedustaja ja arkkitehti Oulusta\",\"isPartOf\":{\"@id\":\"https:\\\/\\\/jennipitko.fi\\\/koti\\\/#website\"},\"primaryImageOfPage\":{\"@id\":\"https:\\\/\\\/jennipitko.fi\\\/koti\\\/oululaisuus-nakyy-ja-sailyy-rakennetussa-ymparistossa-jos-ymmarramme-vaalia-sita\\\/#primaryimage\"},\"image\":{\"@id\":\"https:\\\/\\\/jennipitko.fi\\\/koti\\\/oululaisuus-nakyy-ja-sailyy-rakennetussa-ymparistossa-jos-ymmarramme-vaalia-sita\\\/#primaryimage\"},\"thumbnailUrl\":\"https:\\\/\\\/jennipitko.fi\\\/koti\\\/wp-content\\\/uploads\\\/2025\\\/09\\\/15.jpg\",\"datePublished\":\"2025-04-12T18:14:48+00:00\",\"dateModified\":\"2025-09-20T13:54:43+00:00\",\"breadcrumb\":{\"@id\":\"https:\\\/\\\/jennipitko.fi\\\/koti\\\/oululaisuus-nakyy-ja-sailyy-rakennetussa-ymparistossa-jos-ymmarramme-vaalia-sita\\\/#breadcrumb\"},\"inLanguage\":\"fi\",\"potentialAction\":[{\"@type\":\"ReadAction\",\"target\":[\"https:\\\/\\\/jennipitko.fi\\\/koti\\\/oululaisuus-nakyy-ja-sailyy-rakennetussa-ymparistossa-jos-ymmarramme-vaalia-sita\\\/\"]}]},{\"@type\":\"ImageObject\",\"inLanguage\":\"fi\",\"@id\":\"https:\\\/\\\/jennipitko.fi\\\/koti\\\/oululaisuus-nakyy-ja-sailyy-rakennetussa-ymparistossa-jos-ymmarramme-vaalia-sita\\\/#primaryimage\",\"url\":\"https:\\\/\\\/jennipitko.fi\\\/koti\\\/wp-content\\\/uploads\\\/2025\\\/09\\\/15.jpg\",\"contentUrl\":\"https:\\\/\\\/jennipitko.fi\\\/koti\\\/wp-content\\\/uploads\\\/2025\\\/09\\\/15.jpg\",\"width\":1280,\"height\":847,\"caption\":\"Vihreiden kansanedustaja Jenni Pitko hymyilee ja katsoo suoraan kameraan rauhallisessa milj\u00f6\u00f6ss\u00e4.\"},{\"@type\":\"BreadcrumbList\",\"@id\":\"https:\\\/\\\/jennipitko.fi\\\/koti\\\/oululaisuus-nakyy-ja-sailyy-rakennetussa-ymparistossa-jos-ymmarramme-vaalia-sita\\\/#breadcrumb\",\"itemListElement\":[{\"@type\":\"ListItem\",\"position\":1,\"name\":\"Home\",\"item\":\"https:\\\/\\\/jennipitko.fi\\\/koti\\\/\"},{\"@type\":\"ListItem\",\"position\":2,\"name\":\"Oululaisuus n\u00e4kyy ja s\u00e4ilyy rakennetussa ymp\u00e4rist\u00f6ss\u00e4, jos ymm\u00e4rr\u00e4mme vaalia sit\u00e4\"}]},{\"@type\":\"WebSite\",\"@id\":\"https:\\\/\\\/jennipitko.fi\\\/koti\\\/#website\",\"url\":\"https:\\\/\\\/jennipitko.fi\\\/koti\\\/\",\"name\":\"Jenni Pitko - Vihreiden varapuheenjohtaja, ymp\u00e4rist\u00f6valiokunnan puheenjohtaja, kansanedustaja ja arkkitehti Oulusta\",\"description\":\"Jenni Pitko - Vihreiden varapuheenjohtaja, ymp\u00e4rist\u00f6valiokunnan puheenjohtaja, kansanedustaja ja arkkitehti Oulusta\",\"publisher\":{\"@id\":\"https:\\\/\\\/jennipitko.fi\\\/koti\\\/#organization\"},\"potentialAction\":[{\"@type\":\"SearchAction\",\"target\":{\"@type\":\"EntryPoint\",\"urlTemplate\":\"https:\\\/\\\/jennipitko.fi\\\/koti\\\/?s={search_term_string}\"},\"query-input\":{\"@type\":\"PropertyValueSpecification\",\"valueRequired\":true,\"valueName\":\"search_term_string\"}}],\"inLanguage\":\"fi\"},{\"@type\":\"Organization\",\"@id\":\"https:\\\/\\\/jennipitko.fi\\\/koti\\\/#organization\",\"name\":\"Jenni Pitko - Vihreiden varapuheenjohtaja, ymp\u00e4rist\u00f6valiokunnan puheenjohtaja, kansanedustaja ja arkkitehti Oulusta\",\"url\":\"https:\\\/\\\/jennipitko.fi\\\/koti\\\/\",\"logo\":{\"@type\":\"ImageObject\",\"inLanguage\":\"fi\",\"@id\":\"https:\\\/\\\/jennipitko.fi\\\/koti\\\/#\\\/schema\\\/logo\\\/image\\\/\",\"url\":\"https:\\\/\\\/jennipitko.fi\\\/koti\\\/wp-content\\\/uploads\\\/2025\\\/09\\\/Nimeton-malli-38.png\",\"contentUrl\":\"https:\\\/\\\/jennipitko.fi\\\/koti\\\/wp-content\\\/uploads\\\/2025\\\/09\\\/Nimeton-malli-38.png\",\"width\":1280,\"height\":847,\"caption\":\"Jenni Pitko - Vihreiden varapuheenjohtaja, ymp\u00e4rist\u00f6valiokunnan puheenjohtaja, kansanedustaja ja arkkitehti Oulusta\"},\"image\":{\"@id\":\"https:\\\/\\\/jennipitko.fi\\\/koti\\\/#\\\/schema\\\/logo\\\/image\\\/\"}},{\"@type\":\"Person\",\"@id\":\"https:\\\/\\\/jennipitko.fi\\\/koti\\\/#\\\/schema\\\/person\\\/35955c467f851f10124809310e7e7ee8\",\"name\":\"Jenni\",\"image\":{\"@type\":\"ImageObject\",\"inLanguage\":\"fi\",\"@id\":\"https:\\\/\\\/secure.gravatar.com\\\/avatar\\\/625a0e6413b293da7739d42617828d564a4d6028aec3f45d8939a2ba1617199f?s=96&d=blank&r=g\",\"url\":\"https:\\\/\\\/secure.gravatar.com\\\/avatar\\\/625a0e6413b293da7739d42617828d564a4d6028aec3f45d8939a2ba1617199f?s=96&d=blank&r=g\",\"contentUrl\":\"https:\\\/\\\/secure.gravatar.com\\\/avatar\\\/625a0e6413b293da7739d42617828d564a4d6028aec3f45d8939a2ba1617199f?s=96&d=blank&r=g\",\"caption\":\"Jenni\"},\"url\":\"https:\\\/\\\/jennipitko.fi\\\/koti\\\/author\\\/jenni\\\/\"}]}<\/script>\n<!-- \/ Yoast SEO plugin. -->","yoast_head_json":{"title":"Oululaisuus n\u00e4kyy ja s\u00e4ilyy rakennetussa ymp\u00e4rist\u00f6ss\u00e4, jos ymm\u00e4rr\u00e4mme vaalia sit\u00e4 - Jenni Pitko - Vihreiden varapuheenjohtaja, ymp\u00e4rist\u00f6valiokunnan puheenjohtaja, kansanedustaja ja arkkitehti Oulusta","robots":{"index":"index","follow":"follow","max-snippet":"max-snippet:-1","max-image-preview":"max-image-preview:large","max-video-preview":"max-video-preview:-1"},"canonical":"https:\/\/jennipitko.fi\/koti\/oululaisuus-nakyy-ja-sailyy-rakennetussa-ymparistossa-jos-ymmarramme-vaalia-sita\/","og_locale":"fi_FI","og_type":"article","og_title":"Oululaisuus n\u00e4kyy ja s\u00e4ilyy rakennetussa ymp\u00e4rist\u00f6ss\u00e4, jos ymm\u00e4rr\u00e4mme vaalia sit\u00e4 - Jenni Pitko - Vihreiden varapuheenjohtaja, ymp\u00e4rist\u00f6valiokunnan puheenjohtaja, kansanedustaja ja arkkitehti Oulusta","og_description":"Yhdyskuntalautakunta esitti kulttuu\u00adriym\u00adp\u00e4\u00adrist\u00f6n teemay\u00adleiskaavan hylk\u00e4\u00e4mist\u00e4, koska sill\u00e4 ei n\u00e4hty olevan hy\u00f6ty\u00e4. Olen huolissani Oulun rakennetun kulttuurihistorian s\u00e4ilymisest\u00e4. Kulttuuriymp\u00e4rist\u00f6jen suojelun ei [&hellip;]","og_url":"https:\/\/jennipitko.fi\/koti\/oululaisuus-nakyy-ja-sailyy-rakennetussa-ymparistossa-jos-ymmarramme-vaalia-sita\/","og_site_name":"Jenni Pitko - Vihreiden varapuheenjohtaja, ymp\u00e4rist\u00f6valiokunnan puheenjohtaja, kansanedustaja ja arkkitehti Oulusta","article_published_time":"2025-04-12T18:14:48+00:00","article_modified_time":"2025-09-20T13:54:43+00:00","og_image":[{"width":1280,"height":847,"url":"https:\/\/jennipitko.fi\/koti\/wp-content\/uploads\/2025\/09\/15.jpg","type":"image\/jpeg"}],"author":"Jenni","twitter_card":"summary_large_image","twitter_misc":{"Kirjoittanut":"Jenni","Arvioitu lukuaika":"2 minuuttia"},"schema":{"@context":"https:\/\/schema.org","@graph":[{"@type":"Article","@id":"https:\/\/jennipitko.fi\/koti\/oululaisuus-nakyy-ja-sailyy-rakennetussa-ymparistossa-jos-ymmarramme-vaalia-sita\/#article","isPartOf":{"@id":"https:\/\/jennipitko.fi\/koti\/oululaisuus-nakyy-ja-sailyy-rakennetussa-ymparistossa-jos-ymmarramme-vaalia-sita\/"},"author":{"name":"Jenni","@id":"https:\/\/jennipitko.fi\/koti\/#\/schema\/person\/35955c467f851f10124809310e7e7ee8"},"headline":"Oululaisuus n\u00e4kyy ja s\u00e4ilyy rakennetussa ymp\u00e4rist\u00f6ss\u00e4, jos ymm\u00e4rr\u00e4mme vaalia sit\u00e4","datePublished":"2025-04-12T18:14:48+00:00","dateModified":"2025-09-20T13:54:43+00:00","mainEntityOfPage":{"@id":"https:\/\/jennipitko.fi\/koti\/oululaisuus-nakyy-ja-sailyy-rakennetussa-ymparistossa-jos-ymmarramme-vaalia-sita\/"},"wordCount":317,"publisher":{"@id":"https:\/\/jennipitko.fi\/koti\/#organization"},"image":{"@id":"https:\/\/jennipitko.fi\/koti\/oululaisuus-nakyy-ja-sailyy-rakennetussa-ymparistossa-jos-ymmarramme-vaalia-sita\/#primaryimage"},"thumbnailUrl":"https:\/\/jennipitko.fi\/koti\/wp-content\/uploads\/2025\/09\/15.jpg","keywords":["oulu","rakennettu ymp\u00e4rist\u00f6","rakennuspaerint\u00f6","rakennussuojelu"],"articleSection":["Blogi"],"inLanguage":"fi"},{"@type":"WebPage","@id":"https:\/\/jennipitko.fi\/koti\/oululaisuus-nakyy-ja-sailyy-rakennetussa-ymparistossa-jos-ymmarramme-vaalia-sita\/","url":"https:\/\/jennipitko.fi\/koti\/oululaisuus-nakyy-ja-sailyy-rakennetussa-ymparistossa-jos-ymmarramme-vaalia-sita\/","name":"Oululaisuus n\u00e4kyy ja s\u00e4ilyy rakennetussa ymp\u00e4rist\u00f6ss\u00e4, jos ymm\u00e4rr\u00e4mme vaalia sit\u00e4 - Jenni Pitko - Vihreiden varapuheenjohtaja, ymp\u00e4rist\u00f6valiokunnan puheenjohtaja, kansanedustaja ja arkkitehti Oulusta","isPartOf":{"@id":"https:\/\/jennipitko.fi\/koti\/#website"},"primaryImageOfPage":{"@id":"https:\/\/jennipitko.fi\/koti\/oululaisuus-nakyy-ja-sailyy-rakennetussa-ymparistossa-jos-ymmarramme-vaalia-sita\/#primaryimage"},"image":{"@id":"https:\/\/jennipitko.fi\/koti\/oululaisuus-nakyy-ja-sailyy-rakennetussa-ymparistossa-jos-ymmarramme-vaalia-sita\/#primaryimage"},"thumbnailUrl":"https:\/\/jennipitko.fi\/koti\/wp-content\/uploads\/2025\/09\/15.jpg","datePublished":"2025-04-12T18:14:48+00:00","dateModified":"2025-09-20T13:54:43+00:00","breadcrumb":{"@id":"https:\/\/jennipitko.fi\/koti\/oululaisuus-nakyy-ja-sailyy-rakennetussa-ymparistossa-jos-ymmarramme-vaalia-sita\/#breadcrumb"},"inLanguage":"fi","potentialAction":[{"@type":"ReadAction","target":["https:\/\/jennipitko.fi\/koti\/oululaisuus-nakyy-ja-sailyy-rakennetussa-ymparistossa-jos-ymmarramme-vaalia-sita\/"]}]},{"@type":"ImageObject","inLanguage":"fi","@id":"https:\/\/jennipitko.fi\/koti\/oululaisuus-nakyy-ja-sailyy-rakennetussa-ymparistossa-jos-ymmarramme-vaalia-sita\/#primaryimage","url":"https:\/\/jennipitko.fi\/koti\/wp-content\/uploads\/2025\/09\/15.jpg","contentUrl":"https:\/\/jennipitko.fi\/koti\/wp-content\/uploads\/2025\/09\/15.jpg","width":1280,"height":847,"caption":"Vihreiden kansanedustaja Jenni Pitko hymyilee ja katsoo suoraan kameraan rauhallisessa milj\u00f6\u00f6ss\u00e4."},{"@type":"BreadcrumbList","@id":"https:\/\/jennipitko.fi\/koti\/oululaisuus-nakyy-ja-sailyy-rakennetussa-ymparistossa-jos-ymmarramme-vaalia-sita\/#breadcrumb","itemListElement":[{"@type":"ListItem","position":1,"name":"Home","item":"https:\/\/jennipitko.fi\/koti\/"},{"@type":"ListItem","position":2,"name":"Oululaisuus n\u00e4kyy ja s\u00e4ilyy rakennetussa ymp\u00e4rist\u00f6ss\u00e4, jos ymm\u00e4rr\u00e4mme vaalia sit\u00e4"}]},{"@type":"WebSite","@id":"https:\/\/jennipitko.fi\/koti\/#website","url":"https:\/\/jennipitko.fi\/koti\/","name":"Jenni Pitko - Vihreiden varapuheenjohtaja, ymp\u00e4rist\u00f6valiokunnan puheenjohtaja, kansanedustaja ja arkkitehti Oulusta","description":"Jenni Pitko - Vihreiden varapuheenjohtaja, ymp\u00e4rist\u00f6valiokunnan puheenjohtaja, kansanedustaja ja arkkitehti Oulusta","publisher":{"@id":"https:\/\/jennipitko.fi\/koti\/#organization"},"potentialAction":[{"@type":"SearchAction","target":{"@type":"EntryPoint","urlTemplate":"https:\/\/jennipitko.fi\/koti\/?s={search_term_string}"},"query-input":{"@type":"PropertyValueSpecification","valueRequired":true,"valueName":"search_term_string"}}],"inLanguage":"fi"},{"@type":"Organization","@id":"https:\/\/jennipitko.fi\/koti\/#organization","name":"Jenni Pitko - Vihreiden varapuheenjohtaja, ymp\u00e4rist\u00f6valiokunnan puheenjohtaja, kansanedustaja ja arkkitehti Oulusta","url":"https:\/\/jennipitko.fi\/koti\/","logo":{"@type":"ImageObject","inLanguage":"fi","@id":"https:\/\/jennipitko.fi\/koti\/#\/schema\/logo\/image\/","url":"https:\/\/jennipitko.fi\/koti\/wp-content\/uploads\/2025\/09\/Nimeton-malli-38.png","contentUrl":"https:\/\/jennipitko.fi\/koti\/wp-content\/uploads\/2025\/09\/Nimeton-malli-38.png","width":1280,"height":847,"caption":"Jenni Pitko - Vihreiden varapuheenjohtaja, ymp\u00e4rist\u00f6valiokunnan puheenjohtaja, kansanedustaja ja arkkitehti Oulusta"},"image":{"@id":"https:\/\/jennipitko.fi\/koti\/#\/schema\/logo\/image\/"}},{"@type":"Person","@id":"https:\/\/jennipitko.fi\/koti\/#\/schema\/person\/35955c467f851f10124809310e7e7ee8","name":"Jenni","image":{"@type":"ImageObject","inLanguage":"fi","@id":"https:\/\/secure.gravatar.com\/avatar\/625a0e6413b293da7739d42617828d564a4d6028aec3f45d8939a2ba1617199f?s=96&d=blank&r=g","url":"https:\/\/secure.gravatar.com\/avatar\/625a0e6413b293da7739d42617828d564a4d6028aec3f45d8939a2ba1617199f?s=96&d=blank&r=g","contentUrl":"https:\/\/secure.gravatar.com\/avatar\/625a0e6413b293da7739d42617828d564a4d6028aec3f45d8939a2ba1617199f?s=96&d=blank&r=g","caption":"Jenni"},"url":"https:\/\/jennipitko.fi\/koti\/author\/jenni\/"}]}},"_links":{"self":[{"href":"https:\/\/jennipitko.fi\/koti\/wp-json\/wp\/v2\/posts\/2858","targetHints":{"allow":["GET"]}}],"collection":[{"href":"https:\/\/jennipitko.fi\/koti\/wp-json\/wp\/v2\/posts"}],"about":[{"href":"https:\/\/jennipitko.fi\/koti\/wp-json\/wp\/v2\/types\/post"}],"author":[{"embeddable":true,"href":"https:\/\/jennipitko.fi\/koti\/wp-json\/wp\/v2\/users\/1"}],"replies":[{"embeddable":true,"href":"https:\/\/jennipitko.fi\/koti\/wp-json\/wp\/v2\/comments?post=2858"}],"version-history":[{"count":1,"href":"https:\/\/jennipitko.fi\/koti\/wp-json\/wp\/v2\/posts\/2858\/revisions"}],"predecessor-version":[{"id":2859,"href":"https:\/\/jennipitko.fi\/koti\/wp-json\/wp\/v2\/posts\/2858\/revisions\/2859"}],"wp:featuredmedia":[{"embeddable":true,"href":"https:\/\/jennipitko.fi\/koti\/wp-json\/wp\/v2\/media\/2991"}],"wp:attachment":[{"href":"https:\/\/jennipitko.fi\/koti\/wp-json\/wp\/v2\/media?parent=2858"}],"wp:term":[{"taxonomy":"category","embeddable":true,"href":"https:\/\/jennipitko.fi\/koti\/wp-json\/wp\/v2\/categories?post=2858"},{"taxonomy":"post_tag","embeddable":true,"href":"https:\/\/jennipitko.fi\/koti\/wp-json\/wp\/v2\/tags?post=2858"}],"curies":[{"name":"wp","href":"https:\/\/api.w.org\/{rel}","templated":true}]}}