{"id":295,"date":"2012-09-19T15:30:06","date_gmt":"2012-09-19T13:30:06","guid":{"rendered":"http:\/\/henkilot.vihreat.fi\/jenni.pitko\/?p=295"},"modified":"2014-12-30T15:00:28","modified_gmt":"2014-12-30T15:00:28","slug":"kivisydan","status":"publish","type":"post","link":"https:\/\/jennipitko.fi\/koti\/kivisydan\/","title":{"rendered":"Kivisyd\u00e4n tulee, mit\u00e4 sen j\u00e4lkeen?"},"content":{"rendered":"<p>Kivisyd\u00e4n (aikaisemmin tunnettu Kallioparkkina) on her\u00e4tt\u00e4nyt kiivasta keskustelua Oulussa viime vuosina ja tunteikkaistakin vastusteluista huolimatta rakentaminen on nyt k\u00e4ynnistynyt. P\u00e4\u00e4t\u00f6s on nyt tehty ja on hyv\u00e4 katsoa tulevaisuuteen ja mahdollisuuksiin, mit\u00e4 se voi tuoda.<\/p>\n<p>Oulun tulevaisuus \u201dPohjoisen metropolina\u201d tarvitsee keskustan kehitt\u00e4mist\u00e4 autottomaksi ja k\u00e4velij\u00e4yst\u00e4v\u00e4llisemm\u00e4ksi. Kaupunkimainen, el\u00e4v\u00e4 keskusta houkuttelee yrityksi\u00e4 ja investointeja, joita Oulu nyt hyvin kipe\u00e4sti kaipaa.<\/p>\n<p><!--more--><\/p>\n<p>Mielikuvaani kauniista, pohjoisen talvikaupungista ei kuuluu moottoriliikenne aivan kaupungin keskustassa. Se, ett\u00e4 keskustat Suomessa ovat yleens\u00e4 aika autovaltaisia (vrt. Muut Euroopan kaupungit) johtuu siit\u00e4, ett\u00e4 Suomessa autoistuminen ja kaupungistuminen sattuivat samaan aikaan, kun esimerkiksi keski-aikaisissa kaupungeissa autot tulivat kaupungin keskustaan niiden kehitytty\u00e4 jo nykyiselleen, eik\u00e4 autot t\u00e4ll\u00f6in mahtuneet kapeille kaduille.<\/p>\n<p>Nyt Ouluun tuleva j\u00e4ttim\u00e4inen maanalainen autohalli, Kivisyd\u00e4n, imee suurimman osan keskustassa maan p\u00e4\u00e4lle pys\u00e4k\u00f6idyist\u00e4 autoista kallion sis\u00e4\u00e4n ja vapauttaa t\u00e4m\u00e4n arvokkaan kaupunkitilan k\u00e4velij\u00f6ille ja py\u00f6r\u00e4ilij\u00f6ille, niille kelle se todella kuuluu. Yksi parkkipaikka vie tilaa 12,5neli\u00f6t\u00e4 ja niit\u00e4 Oulun keskustassa riitt\u00e4\u00e4&#8230;\u00a0Panostukset Kivisyd\u00e4meen onkin n\u00e4ytt\u00e4v\u00e4 <em>aidosti<\/em> keskustassa asuvien, siell\u00e4 k\u00e4velevien ja py\u00f6r\u00e4ilevien arjessa. Katuja on oikeasti\u00a0suljettava autoilta ja parkkipaikkoja maan p\u00e4\u00e4lt\u00e4 v\u00e4hennett\u00e4v\u00e4.<\/p>\n<p><img fetchpriority=\"high\" decoding=\"async\" class=\"alignleft\" style=\"max-width: 100%;\" title=\"Autoton\" src=\"http:\/\/www.carfree.com\/pict\/1h073-480.jpg\" alt=\"Kallioparkki\" width=\"288\" height=\"193\" \/><\/p>\n<p>Kivisyd\u00e4men my\u00f6t\u00e4 olemme nyt saamassa mahdollisesti puhtaamman ja autovapaamman keskustan.\u00a0Kivisyd\u00e4n toimii v\u00e4est\u00f6nsuojatilana 3000:lle hengelle. Kaupunkitilaa vapautuu siis my\u00f6s asumiselle! Taloyhti\u00f6t voivat ostaa pys\u00e4k\u00f6intipaikkansa Kivisyd\u00e4mest\u00e4, joten keskustakortteleiden sis\u00e4pihat vapautuvat puistoille ja yhteisiksi oleskelualueiksi. T\u00e4m\u00e4 on asia, johon kaupungin on ohjattava vahvasti.<\/p>\n<p>Minun kasvoilleni nousee hymy kun ajattelen asumisen laadun parantumista ja kivempia sis\u00e4pihoja ja asioita, joita voimme saada julkiseen k\u00e4ytt\u00f6\u00f6n keskustaan; uusia k\u00e4velypainotteisia katuja, k\u00e4tevi\u00e4 py\u00f6r\u00e4kaistoja, aukioita, toreja, erikoisliikkeit\u00e4, enemm\u00e4n tapahtumia, kaupunkitaidetta, ihmisvilin\u00e4\u00e4, liikenneturvallisuutta, puhtaampaa ilmaa, leikkivi\u00e4 lapsia, puuistutuksia, py\u00f6r\u00e4parkkeja, viihtyisi\u00e4 sis\u00e4pihoja, viljelypalstoja&#8230;<\/p>\n<p>Kallioparkkia vastustaneet ovat vaatineet toisenlaista autottomuutta. Sellaista aidompaa autottomuutta, jolla keskustaan ei omalla autolla p\u00e4\u00e4sisik\u00e4\u00e4n vaan sinne tultaisiin julkisilla kulkuv\u00e4lineill\u00e4 ja py\u00f6r\u00e4ll\u00e4 tai jalan. Ajatus niin toimivasta joukkoliikenteest\u00e4 on ihana ja eritt\u00e4in tavoiteltava asia minustakin. Kuitenkin kaupunkimme hajautuneessa yhdyskuntarakenteessa, jossa uudetkin asuinalueet ovat rakennettu autoriippuvaisiksi (esim. Metsokangas) k\u00e4visi niin, ett\u00e4 keskusta n\u00e4ivettyisi entisest\u00e4\u00e4nkin ja moottoriteiden varsille syntyisi entist\u00e4 enemm\u00e4n ns. peltomarketteja, joihin autolla p\u00e4\u00e4sy on tehty enemm\u00e4n kuin helpoksi. T\u00e4h\u00e4n suuntaan on jo menty; Zeppelinin laajennus, Zeppelini\u00e4 kolme kertaa suurempi tuleva Ritaparkki ja viime kuussa uutisoitu Outlet-kyl\u00e4 Tupokselle.<\/p>\n<p>Toivon, ett\u00e4 kun politiikassa aletaan laajemmin kantaa vastuuta ymp\u00e4rist\u00f6st\u00e4 ja saamme tiivistetty\u00e4 kaupunkia t\u00e4ydennysrakentamisella ja t\u00e4ten saamme toimivan joukkoliikenneverkoston, niin yksityisautolla keskustaan saapuminen on kannattamatonta. Siin\u00e4 tilanteessa olisin valmis vaikka asettamaan tietulleja. T\u00e4ll\u00f6in Kivisyd\u00e4men tiloja voidaan ottaa muuhun k\u00e4ytt\u00f6\u00f6n.<\/p>\n<p>L\u00e4hteet:<\/p>\n<p>Kuva 1:\u00a0http:\/\/www.kaleva.fi\/uutiset\/oulu\/kallioparkkia-aletaan-louhia-elokuussa\/600319\/<\/p>\n<p>Kuva 2: http:\/\/www.carfree.com\/pict\/1h073-480.jpg<\/p>\n","protected":false},"excerpt":{"rendered":"<p>Kivisyd\u00e4n (aikaisemmin tunnettu Kallioparkkina) on her\u00e4tt\u00e4nyt kiivasta keskustelua Oulussa viime vuosina ja tunteikkaistakin vastusteluista huolimatta rakentaminen on nyt k\u00e4ynnistynyt. P\u00e4\u00e4t\u00f6s [&hellip;]<\/p>\n","protected":false},"author":2,"featured_media":0,"comment_status":"open","ping_status":"open","sticky":false,"template":"","format":"standard","meta":{"_monsterinsights_skip_tracking":false,"_monsterinsights_sitenote_active":false,"_monsterinsights_sitenote_note":"","_monsterinsights_sitenote_category":0,"site-sidebar-layout":"default","site-content-layout":"","ast-site-content-layout":"default","site-content-style":"default","site-sidebar-style":"default","ast-global-header-display":"","ast-banner-title-visibility":"","ast-main-header-display":"","ast-hfb-above-header-display":"","ast-hfb-below-header-display":"","ast-hfb-mobile-header-display":"","site-post-title":"","ast-breadcrumbs-content":"","ast-featured-img":"","footer-sml-layout":"","ast-disable-related-posts":"","theme-transparent-header-meta":"","adv-header-id-meta":"","stick-header-meta":"","header-above-stick-meta":"","header-main-stick-meta":"","header-below-stick-meta":"","astra-migrate-meta-layouts":"default","ast-page-background-enabled":"default","ast-page-background-meta":{"desktop":{"background-color":"var(--ast-global-color-5)","background-image":"","background-repeat":"repeat","background-position":"center center","background-size":"auto","background-attachment":"scroll","background-type":"","background-media":"","overlay-type":"","overlay-color":"","overlay-opacity":"","overlay-gradient":""},"tablet":{"background-color":"","background-image":"","background-repeat":"repeat","background-position":"center center","background-size":"auto","background-attachment":"scroll","background-type":"","background-media":"","overlay-type":"","overlay-color":"","overlay-opacity":"","overlay-gradient":""},"mobile":{"background-color":"","background-image":"","background-repeat":"repeat","background-position":"center center","background-size":"auto","background-attachment":"scroll","background-type":"","background-media":"","overlay-type":"","overlay-color":"","overlay-opacity":"","overlay-gradient":""}},"ast-content-background-meta":{"desktop":{"background-color":"var(--ast-global-color-4)","background-image":"","background-repeat":"repeat","background-position":"center center","background-size":"auto","background-attachment":"scroll","background-type":"","background-media":"","overlay-type":"","overlay-color":"","overlay-opacity":"","overlay-gradient":""},"tablet":{"background-color":"var(--ast-global-color-4)","background-image":"","background-repeat":"repeat","background-position":"center center","background-size":"auto","background-attachment":"scroll","background-type":"","background-media":"","overlay-type":"","overlay-color":"","overlay-opacity":"","overlay-gradient":""},"mobile":{"background-color":"var(--ast-global-color-4)","background-image":"","background-repeat":"repeat","background-position":"center center","background-size":"auto","background-attachment":"scroll","background-type":"","background-media":"","overlay-type":"","overlay-color":"","overlay-opacity":"","overlay-gradient":""}},"footnotes":""},"categories":[2],"tags":[24,7,25,26,27,28,29,19],"class_list":["post-295","post","type-post","status-publish","format-standard","hentry","category-blogi","tag-autottomuus","tag-joukkoliikenne","tag-kallioparkki","tag-kaupunkikulttuuri","tag-kavely","tag-keskustan-kehittaminen","tag-kivisydan","tag-pyoraily"],"yoast_head":"<!-- This site is optimized with the Yoast SEO plugin v27.5 - https:\/\/yoast.com\/product\/yoast-seo-wordpress\/ -->\n<title>Kivisyd\u00e4n tulee, mit\u00e4 sen j\u00e4lkeen? - Jenni Pitko - Vihreiden varapuheenjohtaja, ymp\u00e4rist\u00f6valiokunnan puheenjohtaja, kansanedustaja ja arkkitehti Oulusta<\/title>\n<meta name=\"robots\" content=\"index, follow, max-snippet:-1, max-image-preview:large, max-video-preview:-1\" \/>\n<link rel=\"canonical\" href=\"https:\/\/jennipitko.fi\/koti\/kivisydan\/\" \/>\n<meta property=\"og:locale\" content=\"fi_FI\" \/>\n<meta property=\"og:type\" content=\"article\" \/>\n<meta property=\"og:title\" content=\"Kivisyd\u00e4n tulee, mit\u00e4 sen j\u00e4lkeen? - Jenni Pitko - Vihreiden varapuheenjohtaja, ymp\u00e4rist\u00f6valiokunnan puheenjohtaja, kansanedustaja ja arkkitehti Oulusta\" \/>\n<meta property=\"og:description\" content=\"Kivisyd\u00e4n (aikaisemmin tunnettu Kallioparkkina) on her\u00e4tt\u00e4nyt kiivasta keskustelua Oulussa viime vuosina ja tunteikkaistakin vastusteluista huolimatta rakentaminen on nyt k\u00e4ynnistynyt. P\u00e4\u00e4t\u00f6s [&hellip;]\" \/>\n<meta property=\"og:url\" content=\"https:\/\/jennipitko.fi\/koti\/kivisydan\/\" \/>\n<meta property=\"og:site_name\" content=\"Jenni Pitko - Vihreiden varapuheenjohtaja, ymp\u00e4rist\u00f6valiokunnan puheenjohtaja, kansanedustaja ja arkkitehti Oulusta\" \/>\n<meta property=\"article:published_time\" content=\"2012-09-19T13:30:06+00:00\" \/>\n<meta property=\"article:modified_time\" content=\"2014-12-30T15:00:28+00:00\" \/>\n<meta property=\"og:image\" content=\"http:\/\/www.carfree.com\/pict\/1h073-480.jpg\" \/>\n<meta name=\"author\" content=\"Jenni\" \/>\n<meta name=\"twitter:card\" content=\"summary_large_image\" \/>\n<meta name=\"twitter:label1\" content=\"Kirjoittanut\" \/>\n\t<meta name=\"twitter:data1\" content=\"Jenni\" \/>\n\t<meta name=\"twitter:label2\" content=\"Arvioitu lukuaika\" \/>\n\t<meta name=\"twitter:data2\" content=\"2 minuuttia\" \/>\n<script type=\"application\/ld+json\" class=\"yoast-schema-graph\">{\"@context\":\"https:\\\/\\\/schema.org\",\"@graph\":[{\"@type\":\"Article\",\"@id\":\"https:\\\/\\\/jennipitko.fi\\\/koti\\\/kivisydan\\\/#article\",\"isPartOf\":{\"@id\":\"https:\\\/\\\/jennipitko.fi\\\/koti\\\/kivisydan\\\/\"},\"author\":{\"name\":\"Jenni\",\"@id\":\"https:\\\/\\\/jennipitko.fi\\\/koti\\\/#\\\/schema\\\/person\\\/3f242bfe958144234373266ea416e4d6\"},\"headline\":\"Kivisyd\u00e4n tulee, mit\u00e4 sen j\u00e4lkeen?\",\"datePublished\":\"2012-09-19T13:30:06+00:00\",\"dateModified\":\"2014-12-30T15:00:28+00:00\",\"mainEntityOfPage\":{\"@id\":\"https:\\\/\\\/jennipitko.fi\\\/koti\\\/kivisydan\\\/\"},\"wordCount\":491,\"commentCount\":0,\"publisher\":{\"@id\":\"https:\\\/\\\/jennipitko.fi\\\/koti\\\/#organization\"},\"image\":{\"@id\":\"https:\\\/\\\/jennipitko.fi\\\/koti\\\/kivisydan\\\/#primaryimage\"},\"thumbnailUrl\":\"http:\\\/\\\/www.carfree.com\\\/pict\\\/1h073-480.jpg\",\"keywords\":[\"autottomuus\",\"joukkoliikenne\",\"Kallioparkki\",\"kaupunkikulttuuri\",\"k\u00e4vely\",\"keskustan kehitt\u00e4minen\",\"Kivisyd\u00e4n\",\"py\u00f6r\u00e4ily\"],\"articleSection\":[\"Blogi\"],\"inLanguage\":\"fi\",\"potentialAction\":[{\"@type\":\"CommentAction\",\"name\":\"Comment\",\"target\":[\"https:\\\/\\\/jennipitko.fi\\\/koti\\\/kivisydan\\\/#respond\"]}]},{\"@type\":\"WebPage\",\"@id\":\"https:\\\/\\\/jennipitko.fi\\\/koti\\\/kivisydan\\\/\",\"url\":\"https:\\\/\\\/jennipitko.fi\\\/koti\\\/kivisydan\\\/\",\"name\":\"Kivisyd\u00e4n tulee, mit\u00e4 sen j\u00e4lkeen? - Jenni Pitko - Vihreiden varapuheenjohtaja, ymp\u00e4rist\u00f6valiokunnan puheenjohtaja, kansanedustaja ja arkkitehti Oulusta\",\"isPartOf\":{\"@id\":\"https:\\\/\\\/jennipitko.fi\\\/koti\\\/#website\"},\"primaryImageOfPage\":{\"@id\":\"https:\\\/\\\/jennipitko.fi\\\/koti\\\/kivisydan\\\/#primaryimage\"},\"image\":{\"@id\":\"https:\\\/\\\/jennipitko.fi\\\/koti\\\/kivisydan\\\/#primaryimage\"},\"thumbnailUrl\":\"http:\\\/\\\/www.carfree.com\\\/pict\\\/1h073-480.jpg\",\"datePublished\":\"2012-09-19T13:30:06+00:00\",\"dateModified\":\"2014-12-30T15:00:28+00:00\",\"breadcrumb\":{\"@id\":\"https:\\\/\\\/jennipitko.fi\\\/koti\\\/kivisydan\\\/#breadcrumb\"},\"inLanguage\":\"fi\",\"potentialAction\":[{\"@type\":\"ReadAction\",\"target\":[\"https:\\\/\\\/jennipitko.fi\\\/koti\\\/kivisydan\\\/\"]}]},{\"@type\":\"ImageObject\",\"inLanguage\":\"fi\",\"@id\":\"https:\\\/\\\/jennipitko.fi\\\/koti\\\/kivisydan\\\/#primaryimage\",\"url\":\"http:\\\/\\\/www.carfree.com\\\/pict\\\/1h073-480.jpg\",\"contentUrl\":\"http:\\\/\\\/www.carfree.com\\\/pict\\\/1h073-480.jpg\"},{\"@type\":\"BreadcrumbList\",\"@id\":\"https:\\\/\\\/jennipitko.fi\\\/koti\\\/kivisydan\\\/#breadcrumb\",\"itemListElement\":[{\"@type\":\"ListItem\",\"position\":1,\"name\":\"Home\",\"item\":\"https:\\\/\\\/jennipitko.fi\\\/koti\\\/\"},{\"@type\":\"ListItem\",\"position\":2,\"name\":\"Kivisyd\u00e4n tulee, mit\u00e4 sen j\u00e4lkeen?\"}]},{\"@type\":\"WebSite\",\"@id\":\"https:\\\/\\\/jennipitko.fi\\\/koti\\\/#website\",\"url\":\"https:\\\/\\\/jennipitko.fi\\\/koti\\\/\",\"name\":\"Jenni Pitko - Vihreiden varapuheenjohtaja, ymp\u00e4rist\u00f6valiokunnan puheenjohtaja, kansanedustaja ja arkkitehti Oulusta\",\"description\":\"Jenni Pitko - Vihreiden varapuheenjohtaja, ymp\u00e4rist\u00f6valiokunnan puheenjohtaja, kansanedustaja ja arkkitehti Oulusta\",\"publisher\":{\"@id\":\"https:\\\/\\\/jennipitko.fi\\\/koti\\\/#organization\"},\"potentialAction\":[{\"@type\":\"SearchAction\",\"target\":{\"@type\":\"EntryPoint\",\"urlTemplate\":\"https:\\\/\\\/jennipitko.fi\\\/koti\\\/?s={search_term_string}\"},\"query-input\":{\"@type\":\"PropertyValueSpecification\",\"valueRequired\":true,\"valueName\":\"search_term_string\"}}],\"inLanguage\":\"fi\"},{\"@type\":\"Organization\",\"@id\":\"https:\\\/\\\/jennipitko.fi\\\/koti\\\/#organization\",\"name\":\"Jenni Pitko - Vihreiden varapuheenjohtaja, ymp\u00e4rist\u00f6valiokunnan puheenjohtaja, kansanedustaja ja arkkitehti Oulusta\",\"url\":\"https:\\\/\\\/jennipitko.fi\\\/koti\\\/\",\"logo\":{\"@type\":\"ImageObject\",\"inLanguage\":\"fi\",\"@id\":\"https:\\\/\\\/jennipitko.fi\\\/koti\\\/#\\\/schema\\\/logo\\\/image\\\/\",\"url\":\"https:\\\/\\\/jennipitko.fi\\\/koti\\\/wp-content\\\/uploads\\\/2025\\\/09\\\/Nimeton-malli-38.png\",\"contentUrl\":\"https:\\\/\\\/jennipitko.fi\\\/koti\\\/wp-content\\\/uploads\\\/2025\\\/09\\\/Nimeton-malli-38.png\",\"width\":1280,\"height\":847,\"caption\":\"Jenni Pitko - Vihreiden varapuheenjohtaja, ymp\u00e4rist\u00f6valiokunnan puheenjohtaja, kansanedustaja ja arkkitehti Oulusta\"},\"image\":{\"@id\":\"https:\\\/\\\/jennipitko.fi\\\/koti\\\/#\\\/schema\\\/logo\\\/image\\\/\"}},{\"@type\":\"Person\",\"@id\":\"https:\\\/\\\/jennipitko.fi\\\/koti\\\/#\\\/schema\\\/person\\\/3f242bfe958144234373266ea416e4d6\",\"name\":\"Jenni\",\"image\":{\"@type\":\"ImageObject\",\"inLanguage\":\"fi\",\"@id\":\"https:\\\/\\\/secure.gravatar.com\\\/avatar\\\/469343e1290c3e818159b4a4348708c09929f07a2f460e664497d6fb92f80743?s=96&d=blank&r=g\",\"url\":\"https:\\\/\\\/secure.gravatar.com\\\/avatar\\\/469343e1290c3e818159b4a4348708c09929f07a2f460e664497d6fb92f80743?s=96&d=blank&r=g\",\"contentUrl\":\"https:\\\/\\\/secure.gravatar.com\\\/avatar\\\/469343e1290c3e818159b4a4348708c09929f07a2f460e664497d6fb92f80743?s=96&d=blank&r=g\",\"caption\":\"Jenni\"},\"url\":\"https:\\\/\\\/jennipitko.fi\\\/koti\\\/author\\\/jenni-pitko\\\/\"}]}<\/script>\n<!-- \/ Yoast SEO plugin. -->","yoast_head_json":{"title":"Kivisyd\u00e4n tulee, mit\u00e4 sen j\u00e4lkeen? - Jenni Pitko - Vihreiden varapuheenjohtaja, ymp\u00e4rist\u00f6valiokunnan puheenjohtaja, kansanedustaja ja arkkitehti Oulusta","robots":{"index":"index","follow":"follow","max-snippet":"max-snippet:-1","max-image-preview":"max-image-preview:large","max-video-preview":"max-video-preview:-1"},"canonical":"https:\/\/jennipitko.fi\/koti\/kivisydan\/","og_locale":"fi_FI","og_type":"article","og_title":"Kivisyd\u00e4n tulee, mit\u00e4 sen j\u00e4lkeen? - Jenni Pitko - Vihreiden varapuheenjohtaja, ymp\u00e4rist\u00f6valiokunnan puheenjohtaja, kansanedustaja ja arkkitehti Oulusta","og_description":"Kivisyd\u00e4n (aikaisemmin tunnettu Kallioparkkina) on her\u00e4tt\u00e4nyt kiivasta keskustelua Oulussa viime vuosina ja tunteikkaistakin vastusteluista huolimatta rakentaminen on nyt k\u00e4ynnistynyt. P\u00e4\u00e4t\u00f6s [&hellip;]","og_url":"https:\/\/jennipitko.fi\/koti\/kivisydan\/","og_site_name":"Jenni Pitko - Vihreiden varapuheenjohtaja, ymp\u00e4rist\u00f6valiokunnan puheenjohtaja, kansanedustaja ja arkkitehti Oulusta","article_published_time":"2012-09-19T13:30:06+00:00","article_modified_time":"2014-12-30T15:00:28+00:00","og_image":[{"url":"http:\/\/www.carfree.com\/pict\/1h073-480.jpg","type":"","width":"","height":""}],"author":"Jenni","twitter_card":"summary_large_image","twitter_misc":{"Kirjoittanut":"Jenni","Arvioitu lukuaika":"2 minuuttia"},"schema":{"@context":"https:\/\/schema.org","@graph":[{"@type":"Article","@id":"https:\/\/jennipitko.fi\/koti\/kivisydan\/#article","isPartOf":{"@id":"https:\/\/jennipitko.fi\/koti\/kivisydan\/"},"author":{"name":"Jenni","@id":"https:\/\/jennipitko.fi\/koti\/#\/schema\/person\/3f242bfe958144234373266ea416e4d6"},"headline":"Kivisyd\u00e4n tulee, mit\u00e4 sen j\u00e4lkeen?","datePublished":"2012-09-19T13:30:06+00:00","dateModified":"2014-12-30T15:00:28+00:00","mainEntityOfPage":{"@id":"https:\/\/jennipitko.fi\/koti\/kivisydan\/"},"wordCount":491,"commentCount":0,"publisher":{"@id":"https:\/\/jennipitko.fi\/koti\/#organization"},"image":{"@id":"https:\/\/jennipitko.fi\/koti\/kivisydan\/#primaryimage"},"thumbnailUrl":"http:\/\/www.carfree.com\/pict\/1h073-480.jpg","keywords":["autottomuus","joukkoliikenne","Kallioparkki","kaupunkikulttuuri","k\u00e4vely","keskustan kehitt\u00e4minen","Kivisyd\u00e4n","py\u00f6r\u00e4ily"],"articleSection":["Blogi"],"inLanguage":"fi","potentialAction":[{"@type":"CommentAction","name":"Comment","target":["https:\/\/jennipitko.fi\/koti\/kivisydan\/#respond"]}]},{"@type":"WebPage","@id":"https:\/\/jennipitko.fi\/koti\/kivisydan\/","url":"https:\/\/jennipitko.fi\/koti\/kivisydan\/","name":"Kivisyd\u00e4n tulee, mit\u00e4 sen j\u00e4lkeen? - Jenni Pitko - Vihreiden varapuheenjohtaja, ymp\u00e4rist\u00f6valiokunnan puheenjohtaja, kansanedustaja ja arkkitehti Oulusta","isPartOf":{"@id":"https:\/\/jennipitko.fi\/koti\/#website"},"primaryImageOfPage":{"@id":"https:\/\/jennipitko.fi\/koti\/kivisydan\/#primaryimage"},"image":{"@id":"https:\/\/jennipitko.fi\/koti\/kivisydan\/#primaryimage"},"thumbnailUrl":"http:\/\/www.carfree.com\/pict\/1h073-480.jpg","datePublished":"2012-09-19T13:30:06+00:00","dateModified":"2014-12-30T15:00:28+00:00","breadcrumb":{"@id":"https:\/\/jennipitko.fi\/koti\/kivisydan\/#breadcrumb"},"inLanguage":"fi","potentialAction":[{"@type":"ReadAction","target":["https:\/\/jennipitko.fi\/koti\/kivisydan\/"]}]},{"@type":"ImageObject","inLanguage":"fi","@id":"https:\/\/jennipitko.fi\/koti\/kivisydan\/#primaryimage","url":"http:\/\/www.carfree.com\/pict\/1h073-480.jpg","contentUrl":"http:\/\/www.carfree.com\/pict\/1h073-480.jpg"},{"@type":"BreadcrumbList","@id":"https:\/\/jennipitko.fi\/koti\/kivisydan\/#breadcrumb","itemListElement":[{"@type":"ListItem","position":1,"name":"Home","item":"https:\/\/jennipitko.fi\/koti\/"},{"@type":"ListItem","position":2,"name":"Kivisyd\u00e4n tulee, mit\u00e4 sen j\u00e4lkeen?"}]},{"@type":"WebSite","@id":"https:\/\/jennipitko.fi\/koti\/#website","url":"https:\/\/jennipitko.fi\/koti\/","name":"Jenni Pitko - Vihreiden varapuheenjohtaja, ymp\u00e4rist\u00f6valiokunnan puheenjohtaja, kansanedustaja ja arkkitehti Oulusta","description":"Jenni Pitko - Vihreiden varapuheenjohtaja, ymp\u00e4rist\u00f6valiokunnan puheenjohtaja, kansanedustaja ja arkkitehti Oulusta","publisher":{"@id":"https:\/\/jennipitko.fi\/koti\/#organization"},"potentialAction":[{"@type":"SearchAction","target":{"@type":"EntryPoint","urlTemplate":"https:\/\/jennipitko.fi\/koti\/?s={search_term_string}"},"query-input":{"@type":"PropertyValueSpecification","valueRequired":true,"valueName":"search_term_string"}}],"inLanguage":"fi"},{"@type":"Organization","@id":"https:\/\/jennipitko.fi\/koti\/#organization","name":"Jenni Pitko - Vihreiden varapuheenjohtaja, ymp\u00e4rist\u00f6valiokunnan puheenjohtaja, kansanedustaja ja arkkitehti Oulusta","url":"https:\/\/jennipitko.fi\/koti\/","logo":{"@type":"ImageObject","inLanguage":"fi","@id":"https:\/\/jennipitko.fi\/koti\/#\/schema\/logo\/image\/","url":"https:\/\/jennipitko.fi\/koti\/wp-content\/uploads\/2025\/09\/Nimeton-malli-38.png","contentUrl":"https:\/\/jennipitko.fi\/koti\/wp-content\/uploads\/2025\/09\/Nimeton-malli-38.png","width":1280,"height":847,"caption":"Jenni Pitko - Vihreiden varapuheenjohtaja, ymp\u00e4rist\u00f6valiokunnan puheenjohtaja, kansanedustaja ja arkkitehti Oulusta"},"image":{"@id":"https:\/\/jennipitko.fi\/koti\/#\/schema\/logo\/image\/"}},{"@type":"Person","@id":"https:\/\/jennipitko.fi\/koti\/#\/schema\/person\/3f242bfe958144234373266ea416e4d6","name":"Jenni","image":{"@type":"ImageObject","inLanguage":"fi","@id":"https:\/\/secure.gravatar.com\/avatar\/469343e1290c3e818159b4a4348708c09929f07a2f460e664497d6fb92f80743?s=96&d=blank&r=g","url":"https:\/\/secure.gravatar.com\/avatar\/469343e1290c3e818159b4a4348708c09929f07a2f460e664497d6fb92f80743?s=96&d=blank&r=g","contentUrl":"https:\/\/secure.gravatar.com\/avatar\/469343e1290c3e818159b4a4348708c09929f07a2f460e664497d6fb92f80743?s=96&d=blank&r=g","caption":"Jenni"},"url":"https:\/\/jennipitko.fi\/koti\/author\/jenni-pitko\/"}]}},"_links":{"self":[{"href":"https:\/\/jennipitko.fi\/koti\/wp-json\/wp\/v2\/posts\/295","targetHints":{"allow":["GET"]}}],"collection":[{"href":"https:\/\/jennipitko.fi\/koti\/wp-json\/wp\/v2\/posts"}],"about":[{"href":"https:\/\/jennipitko.fi\/koti\/wp-json\/wp\/v2\/types\/post"}],"author":[{"embeddable":true,"href":"https:\/\/jennipitko.fi\/koti\/wp-json\/wp\/v2\/users\/2"}],"replies":[{"embeddable":true,"href":"https:\/\/jennipitko.fi\/koti\/wp-json\/wp\/v2\/comments?post=295"}],"version-history":[{"count":1,"href":"https:\/\/jennipitko.fi\/koti\/wp-json\/wp\/v2\/posts\/295\/revisions"}],"predecessor-version":[{"id":778,"href":"https:\/\/jennipitko.fi\/koti\/wp-json\/wp\/v2\/posts\/295\/revisions\/778"}],"wp:attachment":[{"href":"https:\/\/jennipitko.fi\/koti\/wp-json\/wp\/v2\/media?parent=295"}],"wp:term":[{"taxonomy":"category","embeddable":true,"href":"https:\/\/jennipitko.fi\/koti\/wp-json\/wp\/v2\/categories?post=295"},{"taxonomy":"post_tag","embeddable":true,"href":"https:\/\/jennipitko.fi\/koti\/wp-json\/wp\/v2\/tags?post=295"}],"curies":[{"name":"wp","href":"https:\/\/api.w.org\/{rel}","templated":true}]}}