{"id":337,"date":"2012-09-23T13:42:24","date_gmt":"2012-09-23T11:42:24","guid":{"rendered":"http:\/\/henkilot.vihreat.fi\/jenni.pitko\/?p=337"},"modified":"2014-12-30T15:01:05","modified_gmt":"2014-12-30T15:01:05","slug":"syrjaseudunpalvelut","status":"publish","type":"post","link":"https:\/\/jennipitko.fi\/koti\/syrjaseudunpalvelut\/","title":{"rendered":"Syrj\u00e4seudulle palvelut rattailla ja l\u00e4hikoulu kaikille."},"content":{"rendered":"<p>Kuntaliitoksilla luomme vahvan peruskunnan. Peruskunta j\u00e4rjest\u00e4\u00e4 palvelut ty\u00f6ss\u00e4k\u00e4yntialueelle, eik\u00e4 kuntien tarvitse k\u00e4yd\u00e4 ep\u00e4tervett\u00e4 kilpailua terveist\u00e4 ja rikkaista kaupunkilaisista, peruskunnan vastuulla ovat kaikki. P\u00e4\u00e4semme my\u00f6s eroon ep\u00e4m\u00e4\u00e4r\u00e4isist\u00e4 kuntayhtym\u00e4-hallintohimmeleist\u00e4, joiden p\u00e4\u00e4t\u00f6ksenteosta demokratia on kaukana.<\/p>\n<p>Kuitenkin jo pelk\u00e4st\u00e4\u00e4n t\u00e4m\u00e4 meid\u00e4n suur-Oulun kuntien yhdistyminen on sen verran suuri, ett\u00e4 nykyisen Yli-Iin, Haukiputaan, Oulunsalon ja Kiimingin kuntalaiset ovat peloissaan. Pelkoa oman kyl\u00e4n palveluiden ja vaikuttamismahdollisuuksien katoamisesta saa lukea netin keskustelupalstoilta ja Kalevan yleis\u00f6osaston kirjoituksista. Pelko on aiheellista, sill\u00e4 kyl\u00e4n asioita koskeva p\u00e4\u00e4t\u00f6ksenteko et\u00e4\u00e4ntyy jopa monen kymmenen kilometrin p\u00e4\u00e4h\u00e4n. Tutut oman kunnan p\u00e4\u00e4tt\u00e4j\u00e4t ja virkamiehet v\u00e4henee lukum\u00e4\u00e4r\u00e4llisesti. Kuka muistaa syrj\u00e4seutulaisia?<\/p>\n<p><!--more--><\/p>\n<p><img fetchpriority=\"high\" decoding=\"async\" class=\"alignright\" style=\"max-width: 100%;\" title=\"Hietasaari\" src=\"http:\/\/www.ouka.fi\/image\/369x338ximage_gallery,quuid=96468b0c-cecd-4926-8d0a-076f35059d1f,agroupId=78504,at=1326287328794.pagespeed.ic.gJr7_vJbCy.jpg\" alt=\"uusi\" width=\"334\" height=\"239\" \/><\/p>\n<p>Uudessa peruskunnassamme jokainen uusi ja vanha oululainen on yht\u00e4 arvokas. Meill\u00e4 on edess\u00e4mme haastava teht\u00e4v\u00e4, kun pohdimme, kuinka taata yhdenvertaiset, laadukkaat palvelut n\u00e4in laajalle, harvaan asutulle alueelle.<\/p>\n<p>Peruskoulu on lapsen kannalta kodin j\u00e4lkeen t\u00e4rkein kasvuymp\u00e4rist\u00f6. Min\u00e4 kannatan l\u00e4hikouluja, vaikka se olisikin kalliimpaa yll\u00e4pit\u00e4\u00e4 kuin suuri, keskitetty kouluyksikk\u00f6. Pieness\u00e4 l\u00e4hikoulussa solmitaan yst\u00e4vyyssuhteita l\u00e4hell\u00e4 asuviin lapsiin, joiden kanssa vietet\u00e4\u00e4n aikaa my\u00f6 vapaa-aikana. &#8220;L\u00e4hikaverit&#8221; vahvistavat lapsen yhteenkuuluvuuden tunnetta ja luo yhteis\u00f6llisyytt\u00e4 kasvattaen tukiverkostoa. L\u00e4hikouluun kuljetaan py\u00f6r\u00e4ll\u00e4 tai k\u00e4vellen, toisin kuin suuriin yksikk\u00f6ihin, joihin kuljetaan vanhempien kyydill\u00e4 tai koulubussilla. Py\u00f6r\u00e4ily l\u00e4hikouluun opettaa lapselle t\u00e4rke\u00e4n asenteen liikkumisesta ja kasvattaa vastuuntuntoa kun lapsen on itse pidett\u00e4v\u00e4 huolta ajoissa perille saapumisesta. Mielenkiintoinen koulumatka puistoineen ja pusikkoineen on huomattavasti mielenkiintoisempi ja opettavaisempi oppimisymp\u00e4rist\u00f6, kuin kaupallisilla mainoksilla vuorattu linja-auton takapenkki.<\/p>\n<p>Terveydenhuolto on kuitenkin asia, miss\u00e4 suuressa yksik\u00f6ss\u00e4 laatu on korkeampaa ja n\u00e4in palvelun luonteen huomioon ottaen hyvin t\u00e4rke\u00e4\u00e4. Terveyskeskuksissa ei kuljeta p\u00e4ivitt\u00e4in, joten ymp\u00e4rist\u00f6\u00e4 kuormittavia automatkoja joudutaan tekem\u00e4\u00e4n harvoin. Lakkautettavien, tai jo puuttuvien terveuskeskuksien tilalle voidaan ottaa jo hyvi\u00e4 kokemuksia ker\u00e4nneit\u00e4 <a href=\"http:\/\/www.sitra.fi\/terveyskioski\">terveyskioskeja<\/a> ja <a href=\"(http:\/\/www.mtv3.fi\/uutiset\/kotimaa.shtml\/terveyspalveluja-laitettiin-pyorien-paalle-etela-karjalassa\/2010\/11\/1222157)\">terveysautoja<\/a>. Terveyskioski voi sijaita pieness\u00e4kin kyl\u00e4keskuksessa tai vaikkapa kauppakeskuksessa. On t\u00e4rke\u00e4\u00e4, ett\u00e4 my\u00f6s syrj\u00e4ss\u00e4 asuvilla kuntalaisilla on lyhyt matka pyyt\u00e4m\u00e4\u00e4n apua.<\/p>\n<p>Terveyskioski on matalan kynnyksen terveydenhuollon palvelupiste, joka tarjoaa hoitajatasoisia, kunnallisia perusterveydenhuollon palveluita. \u00a0Terveyskioskit palvelevat ennaltaehk\u00e4isev\u00e4ll\u00e4 neuvonnalla ja pienimuotoisilla hoitotoimenpiteill\u00e4. Terveyskioskia pit\u00e4v\u00e4n sairaanhoitajan on tiedett\u00e4v\u00e4 terveydenhuollon lis\u00e4ksi my\u00f6s v\u00e4h\u00e4n lastensuojelusta ja sosiaalipalveluista, ett\u00e4 paikalle sattuvaa avunpyynt\u00e4j\u00e4\u00e4 osataan auttaa. Terveysauto taas kiert\u00e4\u00e4 kirjastoauton tapaan tehden esimerkiksi rokotuksia tai terveystarkastuksia. Uuden lain my\u00f6t\u00e4 my\u00f6s sairaanhoitajatkin voivat jakaa reseptej\u00e4. Terveysauton kyytiin voisi silloin t\u00e4ll\u00f6in piipahtaa my\u00f6s Kelan ja ty\u00f6kk\u00e4rin palveluja!<\/p>\n<p>Harrastusmahdollisuudet on my\u00f6s turvattava. Yht\u00e4lailla kuin l\u00e4hikoulu voi est\u00e4\u00e4 lasten ja nuorten syrj\u00e4ytymist\u00e4, on l\u00e4hell\u00e4 sijaitsevat, helposti kuljettavat, harrastukset t\u00e4rke\u00e4 osa sujuvan perhe-el\u00e4m\u00e4n arkea. Suuret harrastusrakennukset, kuten uimahallit ja urheiluhallit on kuitenkin sijoitettava sinne, miss\u00e4 kaytt\u00e4ji\u00e4 on jo valmiiksi paljon. Seuraavalle uimahallille paras paikka on Linnanmaa.<\/p>\n<p>Joukkoliikennett\u00e4 ei ole j\u00e4rkev\u00e4\u00e4 ulottaa ihan reunimmaisille alueille. Ekologisempaa on ajaa omalla autolla kuin tyhj\u00e4ll\u00e4 bussilla. N\u00e4ill\u00e4 alueilla asuvilla on jo k\u00e4yt\u00f6ss\u00e4\u00e4n auto. Hieman syrj\u00e4isill\u00e4 alueilla, miss\u00e4 kuitenkin mahdollisia k\u00e4ytt\u00e4ji\u00e4 on, voisi olla j\u00e4rkev\u00e4\u00e4 kuljettaa matkustajia p\u00e4\u00e4reittien varteen pienemmill\u00e4 City-busseilla.<\/p>\n<p>Oululla onkin siis oiva mahdollisuus ottaa k\u00e4ytt\u00f6\u00f6n uusia, luovia tapoja tuoda palvelut entist\u00e4 kevyemmin kaupungin reuna-alueille. Haasteita piisaa, mutta rohkealla ja innovatiivisella asenteella palvelut saadaan turvattua my\u00f6s reuna-alueilla niin, ett\u00e4 my\u00f6s siell\u00e4 asuvat oululaiset voivat olla tyytyv\u00e4isi\u00e4 kuntaliitoksesta ja parantuneista palveluista.<\/p>\n<p>&nbsp;<\/p>\n","protected":false},"excerpt":{"rendered":"<p>Kuntaliitoksilla luomme vahvan peruskunnan. Peruskunta j\u00e4rjest\u00e4\u00e4 palvelut ty\u00f6ss\u00e4k\u00e4yntialueelle, eik\u00e4 kuntien tarvitse k\u00e4yd\u00e4 ep\u00e4tervett\u00e4 kilpailua terveist\u00e4 ja rikkaista kaupunkilaisista, peruskunnan vastuulla [&hellip;]<\/p>\n","protected":false},"author":2,"featured_media":0,"comment_status":"open","ping_status":"open","sticky":false,"template":"","format":"standard","meta":{"_monsterinsights_skip_tracking":false,"_monsterinsights_sitenote_active":false,"_monsterinsights_sitenote_note":"","_monsterinsights_sitenote_category":0,"site-sidebar-layout":"default","site-content-layout":"","ast-site-content-layout":"default","site-content-style":"default","site-sidebar-style":"default","ast-global-header-display":"","ast-banner-title-visibility":"","ast-main-header-display":"","ast-hfb-above-header-display":"","ast-hfb-below-header-display":"","ast-hfb-mobile-header-display":"","site-post-title":"","ast-breadcrumbs-content":"","ast-featured-img":"","footer-sml-layout":"","ast-disable-related-posts":"","theme-transparent-header-meta":"","adv-header-id-meta":"","stick-header-meta":"","header-above-stick-meta":"","header-main-stick-meta":"","header-below-stick-meta":"","astra-migrate-meta-layouts":"default","ast-page-background-enabled":"default","ast-page-background-meta":{"desktop":{"background-color":"var(--ast-global-color-5)","background-image":"","background-repeat":"repeat","background-position":"center center","background-size":"auto","background-attachment":"scroll","background-type":"","background-media":"","overlay-type":"","overlay-color":"","overlay-opacity":"","overlay-gradient":""},"tablet":{"background-color":"","background-image":"","background-repeat":"repeat","background-position":"center center","background-size":"auto","background-attachment":"scroll","background-type":"","background-media":"","overlay-type":"","overlay-color":"","overlay-opacity":"","overlay-gradient":""},"mobile":{"background-color":"","background-image":"","background-repeat":"repeat","background-position":"center center","background-size":"auto","background-attachment":"scroll","background-type":"","background-media":"","overlay-type":"","overlay-color":"","overlay-opacity":"","overlay-gradient":""}},"ast-content-background-meta":{"desktop":{"background-color":"var(--ast-global-color-4)","background-image":"","background-repeat":"repeat","background-position":"center center","background-size":"auto","background-attachment":"scroll","background-type":"","background-media":"","overlay-type":"","overlay-color":"","overlay-opacity":"","overlay-gradient":""},"tablet":{"background-color":"var(--ast-global-color-4)","background-image":"","background-repeat":"repeat","background-position":"center center","background-size":"auto","background-attachment":"scroll","background-type":"","background-media":"","overlay-type":"","overlay-color":"","overlay-opacity":"","overlay-gradient":""},"mobile":{"background-color":"var(--ast-global-color-4)","background-image":"","background-repeat":"repeat","background-position":"center center","background-size":"auto","background-attachment":"scroll","background-type":"","background-media":"","overlay-type":"","overlay-color":"","overlay-opacity":"","overlay-gradient":""}},"footnotes":""},"categories":[2],"tags":[30,31,32,33,34,35,36,37,38,39,40,41,42],"class_list":["post-337","post","type-post","status-publish","format-standard","hentry","category-blogi","tag-haukipudas","tag-kiiminki","tag-kuntaliitos","tag-lahikoulu","tag-lahipalvelut","tag-oulunsalo","tag-palvelut","tag-syrjaseutu","tag-terveydenhuolto","tag-terveysauto","tag-terveyskioski","tag-uusi-oulu","tag-yli-ii"],"yoast_head":"<!-- This site is optimized with the Yoast SEO plugin v27.5 - https:\/\/yoast.com\/product\/yoast-seo-wordpress\/ -->\n<title>Syrj\u00e4seudulle palvelut rattailla ja l\u00e4hikoulu kaikille. - Jenni Pitko - Vihreiden varapuheenjohtaja, ymp\u00e4rist\u00f6valiokunnan puheenjohtaja, kansanedustaja ja arkkitehti Oulusta<\/title>\n<meta name=\"robots\" content=\"index, follow, max-snippet:-1, max-image-preview:large, max-video-preview:-1\" \/>\n<link rel=\"canonical\" href=\"https:\/\/jennipitko.fi\/koti\/syrjaseudunpalvelut\/\" \/>\n<meta property=\"og:locale\" content=\"fi_FI\" \/>\n<meta property=\"og:type\" content=\"article\" \/>\n<meta property=\"og:title\" content=\"Syrj\u00e4seudulle palvelut rattailla ja l\u00e4hikoulu kaikille. - Jenni Pitko - Vihreiden varapuheenjohtaja, ymp\u00e4rist\u00f6valiokunnan puheenjohtaja, kansanedustaja ja arkkitehti Oulusta\" \/>\n<meta property=\"og:description\" content=\"Kuntaliitoksilla luomme vahvan peruskunnan. Peruskunta j\u00e4rjest\u00e4\u00e4 palvelut ty\u00f6ss\u00e4k\u00e4yntialueelle, eik\u00e4 kuntien tarvitse k\u00e4yd\u00e4 ep\u00e4tervett\u00e4 kilpailua terveist\u00e4 ja rikkaista kaupunkilaisista, peruskunnan vastuulla [&hellip;]\" \/>\n<meta property=\"og:url\" content=\"https:\/\/jennipitko.fi\/koti\/syrjaseudunpalvelut\/\" \/>\n<meta property=\"og:site_name\" content=\"Jenni Pitko - Vihreiden varapuheenjohtaja, ymp\u00e4rist\u00f6valiokunnan puheenjohtaja, kansanedustaja ja arkkitehti Oulusta\" \/>\n<meta property=\"article:published_time\" content=\"2012-09-23T11:42:24+00:00\" \/>\n<meta property=\"article:modified_time\" content=\"2014-12-30T15:01:05+00:00\" \/>\n<meta property=\"og:image\" content=\"http:\/\/www.ouka.fi\/image\/369x338ximage_gallery,quuid=96468b0c-cecd-4926-8d0a-076f35059d1f,agroupId=78504,at=1326287328794.pagespeed.ic.gJr7_vJbCy.jpg\" \/>\n<meta name=\"author\" content=\"Jenni\" \/>\n<meta name=\"twitter:card\" content=\"summary_large_image\" \/>\n<meta name=\"twitter:label1\" content=\"Kirjoittanut\" \/>\n\t<meta name=\"twitter:data1\" content=\"Jenni\" \/>\n\t<meta name=\"twitter:label2\" content=\"Arvioitu lukuaika\" \/>\n\t<meta name=\"twitter:data2\" content=\"3 minuuttia\" \/>\n<script type=\"application\/ld+json\" class=\"yoast-schema-graph\">{\"@context\":\"https:\\\/\\\/schema.org\",\"@graph\":[{\"@type\":\"Article\",\"@id\":\"https:\\\/\\\/jennipitko.fi\\\/koti\\\/syrjaseudunpalvelut\\\/#article\",\"isPartOf\":{\"@id\":\"https:\\\/\\\/jennipitko.fi\\\/koti\\\/syrjaseudunpalvelut\\\/\"},\"author\":{\"name\":\"Jenni\",\"@id\":\"https:\\\/\\\/jennipitko.fi\\\/koti\\\/#\\\/schema\\\/person\\\/3f242bfe958144234373266ea416e4d6\"},\"headline\":\"Syrj\u00e4seudulle palvelut rattailla ja l\u00e4hikoulu kaikille.\",\"datePublished\":\"2012-09-23T11:42:24+00:00\",\"dateModified\":\"2014-12-30T15:01:05+00:00\",\"mainEntityOfPage\":{\"@id\":\"https:\\\/\\\/jennipitko.fi\\\/koti\\\/syrjaseudunpalvelut\\\/\"},\"wordCount\":597,\"commentCount\":0,\"publisher\":{\"@id\":\"https:\\\/\\\/jennipitko.fi\\\/koti\\\/#organization\"},\"image\":{\"@id\":\"https:\\\/\\\/jennipitko.fi\\\/koti\\\/syrjaseudunpalvelut\\\/#primaryimage\"},\"thumbnailUrl\":\"http:\\\/\\\/www.ouka.fi\\\/image\\\/369x338ximage_gallery,quuid=96468b0c-cecd-4926-8d0a-076f35059d1f,agroupId=78504,at=1326287328794.pagespeed.ic.gJr7_vJbCy.jpg\",\"keywords\":[\"Haukipudas\",\"Kiiminki\",\"kuntaliitos\",\"l\u00e4hikoulu\",\"l\u00e4hipalvelut\",\"Oulunsalo\",\"palvelut\",\"syrj\u00e4seutu\",\"terveydenhuolto\",\"terveysauto\",\"terveyskioski\",\"uusi Oulu\",\"Yli-Ii\"],\"articleSection\":[\"Blogi\"],\"inLanguage\":\"fi\",\"potentialAction\":[{\"@type\":\"CommentAction\",\"name\":\"Comment\",\"target\":[\"https:\\\/\\\/jennipitko.fi\\\/koti\\\/syrjaseudunpalvelut\\\/#respond\"]}]},{\"@type\":\"WebPage\",\"@id\":\"https:\\\/\\\/jennipitko.fi\\\/koti\\\/syrjaseudunpalvelut\\\/\",\"url\":\"https:\\\/\\\/jennipitko.fi\\\/koti\\\/syrjaseudunpalvelut\\\/\",\"name\":\"Syrj\u00e4seudulle palvelut rattailla ja l\u00e4hikoulu kaikille. - Jenni Pitko - Vihreiden varapuheenjohtaja, ymp\u00e4rist\u00f6valiokunnan puheenjohtaja, kansanedustaja ja arkkitehti Oulusta\",\"isPartOf\":{\"@id\":\"https:\\\/\\\/jennipitko.fi\\\/koti\\\/#website\"},\"primaryImageOfPage\":{\"@id\":\"https:\\\/\\\/jennipitko.fi\\\/koti\\\/syrjaseudunpalvelut\\\/#primaryimage\"},\"image\":{\"@id\":\"https:\\\/\\\/jennipitko.fi\\\/koti\\\/syrjaseudunpalvelut\\\/#primaryimage\"},\"thumbnailUrl\":\"http:\\\/\\\/www.ouka.fi\\\/image\\\/369x338ximage_gallery,quuid=96468b0c-cecd-4926-8d0a-076f35059d1f,agroupId=78504,at=1326287328794.pagespeed.ic.gJr7_vJbCy.jpg\",\"datePublished\":\"2012-09-23T11:42:24+00:00\",\"dateModified\":\"2014-12-30T15:01:05+00:00\",\"breadcrumb\":{\"@id\":\"https:\\\/\\\/jennipitko.fi\\\/koti\\\/syrjaseudunpalvelut\\\/#breadcrumb\"},\"inLanguage\":\"fi\",\"potentialAction\":[{\"@type\":\"ReadAction\",\"target\":[\"https:\\\/\\\/jennipitko.fi\\\/koti\\\/syrjaseudunpalvelut\\\/\"]}]},{\"@type\":\"ImageObject\",\"inLanguage\":\"fi\",\"@id\":\"https:\\\/\\\/jennipitko.fi\\\/koti\\\/syrjaseudunpalvelut\\\/#primaryimage\",\"url\":\"http:\\\/\\\/www.ouka.fi\\\/image\\\/369x338ximage_gallery,quuid=96468b0c-cecd-4926-8d0a-076f35059d1f,agroupId=78504,at=1326287328794.pagespeed.ic.gJr7_vJbCy.jpg\",\"contentUrl\":\"http:\\\/\\\/www.ouka.fi\\\/image\\\/369x338ximage_gallery,quuid=96468b0c-cecd-4926-8d0a-076f35059d1f,agroupId=78504,at=1326287328794.pagespeed.ic.gJr7_vJbCy.jpg\"},{\"@type\":\"BreadcrumbList\",\"@id\":\"https:\\\/\\\/jennipitko.fi\\\/koti\\\/syrjaseudunpalvelut\\\/#breadcrumb\",\"itemListElement\":[{\"@type\":\"ListItem\",\"position\":1,\"name\":\"Home\",\"item\":\"https:\\\/\\\/jennipitko.fi\\\/koti\\\/\"},{\"@type\":\"ListItem\",\"position\":2,\"name\":\"Syrj\u00e4seudulle palvelut rattailla ja l\u00e4hikoulu kaikille.\"}]},{\"@type\":\"WebSite\",\"@id\":\"https:\\\/\\\/jennipitko.fi\\\/koti\\\/#website\",\"url\":\"https:\\\/\\\/jennipitko.fi\\\/koti\\\/\",\"name\":\"Jenni Pitko - Vihreiden varapuheenjohtaja, ymp\u00e4rist\u00f6valiokunnan puheenjohtaja, kansanedustaja ja arkkitehti Oulusta\",\"description\":\"Jenni Pitko - Vihreiden varapuheenjohtaja, ymp\u00e4rist\u00f6valiokunnan puheenjohtaja, kansanedustaja ja arkkitehti Oulusta\",\"publisher\":{\"@id\":\"https:\\\/\\\/jennipitko.fi\\\/koti\\\/#organization\"},\"potentialAction\":[{\"@type\":\"SearchAction\",\"target\":{\"@type\":\"EntryPoint\",\"urlTemplate\":\"https:\\\/\\\/jennipitko.fi\\\/koti\\\/?s={search_term_string}\"},\"query-input\":{\"@type\":\"PropertyValueSpecification\",\"valueRequired\":true,\"valueName\":\"search_term_string\"}}],\"inLanguage\":\"fi\"},{\"@type\":\"Organization\",\"@id\":\"https:\\\/\\\/jennipitko.fi\\\/koti\\\/#organization\",\"name\":\"Jenni Pitko - Vihreiden varapuheenjohtaja, ymp\u00e4rist\u00f6valiokunnan puheenjohtaja, kansanedustaja ja arkkitehti Oulusta\",\"url\":\"https:\\\/\\\/jennipitko.fi\\\/koti\\\/\",\"logo\":{\"@type\":\"ImageObject\",\"inLanguage\":\"fi\",\"@id\":\"https:\\\/\\\/jennipitko.fi\\\/koti\\\/#\\\/schema\\\/logo\\\/image\\\/\",\"url\":\"https:\\\/\\\/jennipitko.fi\\\/koti\\\/wp-content\\\/uploads\\\/2025\\\/09\\\/Nimeton-malli-38.png\",\"contentUrl\":\"https:\\\/\\\/jennipitko.fi\\\/koti\\\/wp-content\\\/uploads\\\/2025\\\/09\\\/Nimeton-malli-38.png\",\"width\":1280,\"height\":847,\"caption\":\"Jenni Pitko - Vihreiden varapuheenjohtaja, ymp\u00e4rist\u00f6valiokunnan puheenjohtaja, kansanedustaja ja arkkitehti Oulusta\"},\"image\":{\"@id\":\"https:\\\/\\\/jennipitko.fi\\\/koti\\\/#\\\/schema\\\/logo\\\/image\\\/\"}},{\"@type\":\"Person\",\"@id\":\"https:\\\/\\\/jennipitko.fi\\\/koti\\\/#\\\/schema\\\/person\\\/3f242bfe958144234373266ea416e4d6\",\"name\":\"Jenni\",\"image\":{\"@type\":\"ImageObject\",\"inLanguage\":\"fi\",\"@id\":\"https:\\\/\\\/secure.gravatar.com\\\/avatar\\\/469343e1290c3e818159b4a4348708c09929f07a2f460e664497d6fb92f80743?s=96&d=blank&r=g\",\"url\":\"https:\\\/\\\/secure.gravatar.com\\\/avatar\\\/469343e1290c3e818159b4a4348708c09929f07a2f460e664497d6fb92f80743?s=96&d=blank&r=g\",\"contentUrl\":\"https:\\\/\\\/secure.gravatar.com\\\/avatar\\\/469343e1290c3e818159b4a4348708c09929f07a2f460e664497d6fb92f80743?s=96&d=blank&r=g\",\"caption\":\"Jenni\"},\"url\":\"https:\\\/\\\/jennipitko.fi\\\/koti\\\/author\\\/jenni-pitko\\\/\"}]}<\/script>\n<!-- \/ Yoast SEO plugin. -->","yoast_head_json":{"title":"Syrj\u00e4seudulle palvelut rattailla ja l\u00e4hikoulu kaikille. - Jenni Pitko - Vihreiden varapuheenjohtaja, ymp\u00e4rist\u00f6valiokunnan puheenjohtaja, kansanedustaja ja arkkitehti Oulusta","robots":{"index":"index","follow":"follow","max-snippet":"max-snippet:-1","max-image-preview":"max-image-preview:large","max-video-preview":"max-video-preview:-1"},"canonical":"https:\/\/jennipitko.fi\/koti\/syrjaseudunpalvelut\/","og_locale":"fi_FI","og_type":"article","og_title":"Syrj\u00e4seudulle palvelut rattailla ja l\u00e4hikoulu kaikille. - Jenni Pitko - Vihreiden varapuheenjohtaja, ymp\u00e4rist\u00f6valiokunnan puheenjohtaja, kansanedustaja ja arkkitehti Oulusta","og_description":"Kuntaliitoksilla luomme vahvan peruskunnan. Peruskunta j\u00e4rjest\u00e4\u00e4 palvelut ty\u00f6ss\u00e4k\u00e4yntialueelle, eik\u00e4 kuntien tarvitse k\u00e4yd\u00e4 ep\u00e4tervett\u00e4 kilpailua terveist\u00e4 ja rikkaista kaupunkilaisista, peruskunnan vastuulla [&hellip;]","og_url":"https:\/\/jennipitko.fi\/koti\/syrjaseudunpalvelut\/","og_site_name":"Jenni Pitko - Vihreiden varapuheenjohtaja, ymp\u00e4rist\u00f6valiokunnan puheenjohtaja, kansanedustaja ja arkkitehti Oulusta","article_published_time":"2012-09-23T11:42:24+00:00","article_modified_time":"2014-12-30T15:01:05+00:00","og_image":[{"url":"http:\/\/www.ouka.fi\/image\/369x338ximage_gallery,quuid=96468b0c-cecd-4926-8d0a-076f35059d1f,agroupId=78504,at=1326287328794.pagespeed.ic.gJr7_vJbCy.jpg","type":"","width":"","height":""}],"author":"Jenni","twitter_card":"summary_large_image","twitter_misc":{"Kirjoittanut":"Jenni","Arvioitu lukuaika":"3 minuuttia"},"schema":{"@context":"https:\/\/schema.org","@graph":[{"@type":"Article","@id":"https:\/\/jennipitko.fi\/koti\/syrjaseudunpalvelut\/#article","isPartOf":{"@id":"https:\/\/jennipitko.fi\/koti\/syrjaseudunpalvelut\/"},"author":{"name":"Jenni","@id":"https:\/\/jennipitko.fi\/koti\/#\/schema\/person\/3f242bfe958144234373266ea416e4d6"},"headline":"Syrj\u00e4seudulle palvelut rattailla ja l\u00e4hikoulu kaikille.","datePublished":"2012-09-23T11:42:24+00:00","dateModified":"2014-12-30T15:01:05+00:00","mainEntityOfPage":{"@id":"https:\/\/jennipitko.fi\/koti\/syrjaseudunpalvelut\/"},"wordCount":597,"commentCount":0,"publisher":{"@id":"https:\/\/jennipitko.fi\/koti\/#organization"},"image":{"@id":"https:\/\/jennipitko.fi\/koti\/syrjaseudunpalvelut\/#primaryimage"},"thumbnailUrl":"http:\/\/www.ouka.fi\/image\/369x338ximage_gallery,quuid=96468b0c-cecd-4926-8d0a-076f35059d1f,agroupId=78504,at=1326287328794.pagespeed.ic.gJr7_vJbCy.jpg","keywords":["Haukipudas","Kiiminki","kuntaliitos","l\u00e4hikoulu","l\u00e4hipalvelut","Oulunsalo","palvelut","syrj\u00e4seutu","terveydenhuolto","terveysauto","terveyskioski","uusi Oulu","Yli-Ii"],"articleSection":["Blogi"],"inLanguage":"fi","potentialAction":[{"@type":"CommentAction","name":"Comment","target":["https:\/\/jennipitko.fi\/koti\/syrjaseudunpalvelut\/#respond"]}]},{"@type":"WebPage","@id":"https:\/\/jennipitko.fi\/koti\/syrjaseudunpalvelut\/","url":"https:\/\/jennipitko.fi\/koti\/syrjaseudunpalvelut\/","name":"Syrj\u00e4seudulle palvelut rattailla ja l\u00e4hikoulu kaikille. - Jenni Pitko - Vihreiden varapuheenjohtaja, ymp\u00e4rist\u00f6valiokunnan puheenjohtaja, kansanedustaja ja arkkitehti Oulusta","isPartOf":{"@id":"https:\/\/jennipitko.fi\/koti\/#website"},"primaryImageOfPage":{"@id":"https:\/\/jennipitko.fi\/koti\/syrjaseudunpalvelut\/#primaryimage"},"image":{"@id":"https:\/\/jennipitko.fi\/koti\/syrjaseudunpalvelut\/#primaryimage"},"thumbnailUrl":"http:\/\/www.ouka.fi\/image\/369x338ximage_gallery,quuid=96468b0c-cecd-4926-8d0a-076f35059d1f,agroupId=78504,at=1326287328794.pagespeed.ic.gJr7_vJbCy.jpg","datePublished":"2012-09-23T11:42:24+00:00","dateModified":"2014-12-30T15:01:05+00:00","breadcrumb":{"@id":"https:\/\/jennipitko.fi\/koti\/syrjaseudunpalvelut\/#breadcrumb"},"inLanguage":"fi","potentialAction":[{"@type":"ReadAction","target":["https:\/\/jennipitko.fi\/koti\/syrjaseudunpalvelut\/"]}]},{"@type":"ImageObject","inLanguage":"fi","@id":"https:\/\/jennipitko.fi\/koti\/syrjaseudunpalvelut\/#primaryimage","url":"http:\/\/www.ouka.fi\/image\/369x338ximage_gallery,quuid=96468b0c-cecd-4926-8d0a-076f35059d1f,agroupId=78504,at=1326287328794.pagespeed.ic.gJr7_vJbCy.jpg","contentUrl":"http:\/\/www.ouka.fi\/image\/369x338ximage_gallery,quuid=96468b0c-cecd-4926-8d0a-076f35059d1f,agroupId=78504,at=1326287328794.pagespeed.ic.gJr7_vJbCy.jpg"},{"@type":"BreadcrumbList","@id":"https:\/\/jennipitko.fi\/koti\/syrjaseudunpalvelut\/#breadcrumb","itemListElement":[{"@type":"ListItem","position":1,"name":"Home","item":"https:\/\/jennipitko.fi\/koti\/"},{"@type":"ListItem","position":2,"name":"Syrj\u00e4seudulle palvelut rattailla ja l\u00e4hikoulu kaikille."}]},{"@type":"WebSite","@id":"https:\/\/jennipitko.fi\/koti\/#website","url":"https:\/\/jennipitko.fi\/koti\/","name":"Jenni Pitko - Vihreiden varapuheenjohtaja, ymp\u00e4rist\u00f6valiokunnan puheenjohtaja, kansanedustaja ja arkkitehti Oulusta","description":"Jenni Pitko - Vihreiden varapuheenjohtaja, ymp\u00e4rist\u00f6valiokunnan puheenjohtaja, kansanedustaja ja arkkitehti Oulusta","publisher":{"@id":"https:\/\/jennipitko.fi\/koti\/#organization"},"potentialAction":[{"@type":"SearchAction","target":{"@type":"EntryPoint","urlTemplate":"https:\/\/jennipitko.fi\/koti\/?s={search_term_string}"},"query-input":{"@type":"PropertyValueSpecification","valueRequired":true,"valueName":"search_term_string"}}],"inLanguage":"fi"},{"@type":"Organization","@id":"https:\/\/jennipitko.fi\/koti\/#organization","name":"Jenni Pitko - Vihreiden varapuheenjohtaja, ymp\u00e4rist\u00f6valiokunnan puheenjohtaja, kansanedustaja ja arkkitehti Oulusta","url":"https:\/\/jennipitko.fi\/koti\/","logo":{"@type":"ImageObject","inLanguage":"fi","@id":"https:\/\/jennipitko.fi\/koti\/#\/schema\/logo\/image\/","url":"https:\/\/jennipitko.fi\/koti\/wp-content\/uploads\/2025\/09\/Nimeton-malli-38.png","contentUrl":"https:\/\/jennipitko.fi\/koti\/wp-content\/uploads\/2025\/09\/Nimeton-malli-38.png","width":1280,"height":847,"caption":"Jenni Pitko - Vihreiden varapuheenjohtaja, ymp\u00e4rist\u00f6valiokunnan puheenjohtaja, kansanedustaja ja arkkitehti Oulusta"},"image":{"@id":"https:\/\/jennipitko.fi\/koti\/#\/schema\/logo\/image\/"}},{"@type":"Person","@id":"https:\/\/jennipitko.fi\/koti\/#\/schema\/person\/3f242bfe958144234373266ea416e4d6","name":"Jenni","image":{"@type":"ImageObject","inLanguage":"fi","@id":"https:\/\/secure.gravatar.com\/avatar\/469343e1290c3e818159b4a4348708c09929f07a2f460e664497d6fb92f80743?s=96&d=blank&r=g","url":"https:\/\/secure.gravatar.com\/avatar\/469343e1290c3e818159b4a4348708c09929f07a2f460e664497d6fb92f80743?s=96&d=blank&r=g","contentUrl":"https:\/\/secure.gravatar.com\/avatar\/469343e1290c3e818159b4a4348708c09929f07a2f460e664497d6fb92f80743?s=96&d=blank&r=g","caption":"Jenni"},"url":"https:\/\/jennipitko.fi\/koti\/author\/jenni-pitko\/"}]}},"_links":{"self":[{"href":"https:\/\/jennipitko.fi\/koti\/wp-json\/wp\/v2\/posts\/337","targetHints":{"allow":["GET"]}}],"collection":[{"href":"https:\/\/jennipitko.fi\/koti\/wp-json\/wp\/v2\/posts"}],"about":[{"href":"https:\/\/jennipitko.fi\/koti\/wp-json\/wp\/v2\/types\/post"}],"author":[{"embeddable":true,"href":"https:\/\/jennipitko.fi\/koti\/wp-json\/wp\/v2\/users\/2"}],"replies":[{"embeddable":true,"href":"https:\/\/jennipitko.fi\/koti\/wp-json\/wp\/v2\/comments?post=337"}],"version-history":[{"count":1,"href":"https:\/\/jennipitko.fi\/koti\/wp-json\/wp\/v2\/posts\/337\/revisions"}],"predecessor-version":[{"id":779,"href":"https:\/\/jennipitko.fi\/koti\/wp-json\/wp\/v2\/posts\/337\/revisions\/779"}],"wp:attachment":[{"href":"https:\/\/jennipitko.fi\/koti\/wp-json\/wp\/v2\/media?parent=337"}],"wp:term":[{"taxonomy":"category","embeddable":true,"href":"https:\/\/jennipitko.fi\/koti\/wp-json\/wp\/v2\/categories?post=337"},{"taxonomy":"post_tag","embeddable":true,"href":"https:\/\/jennipitko.fi\/koti\/wp-json\/wp\/v2\/tags?post=337"}],"curies":[{"name":"wp","href":"https:\/\/api.w.org\/{rel}","templated":true}]}}