{"id":3977,"date":"2025-09-29T13:21:44","date_gmt":"2025-09-29T11:21:44","guid":{"rendered":"https:\/\/jennipitko.fi\/koti\/?p=3977"},"modified":"2025-09-30T14:08:24","modified_gmt":"2025-09-30T12:08:24","slug":"puheeni-valtion-ensi-vuoden-budjetin-lahetekeskustelussa-23-9","status":"publish","type":"post","link":"https:\/\/jennipitko.fi\/koti\/puheeni-valtion-ensi-vuoden-budjetin-lahetekeskustelussa-23-9\/","title":{"rendered":"Puheeni valtion ensi vuoden budjetin l\u00e4hetekeskustelussa 23.9."},"content":{"rendered":"\t\t<div data-elementor-type=\"wp-post\" data-elementor-id=\"3977\" class=\"elementor elementor-3977\">\n\t\t\t\t<div class=\"elementor-element elementor-element-2385e6ec e-flex e-con-boxed e-con e-parent\" data-id=\"2385e6ec\" data-element_type=\"container\" data-e-type=\"container\">\n\t\t\t\t\t<div class=\"e-con-inner\">\n\t\t\t\t<div class=\"elementor-element elementor-element-43931fc7 elementor-widget elementor-widget-text-editor\" data-id=\"43931fc7\" data-element_type=\"widget\" data-e-type=\"widget\" data-widget_type=\"text-editor.default\">\n\t\t\t\t<div class=\"elementor-widget-container\">\n\t\t\t\t\t\t\t\t\t\n<p>Hallituksen keskeinen tavoite on ollut talouden suunnan k\u00e4\u00e4nt\u00e4minen. Se on se syy, jolla hallitus itse tekemisens\u00e4 perustelee. Hyv\u00e4n hallitusohjelman nimiss\u00e4 rasismikohut tai ulkopolitiikan arvoristiriidat painetaan villaisella.<\/p>\n\n<p>Hallituskausi on nyt yli puoliv\u00e4lin, miten hallitus on tuossa t\u00e4rkeimm\u00e4ss\u00e4 tavoitteessaan onnistunut? Ei kovin h\u00e4\u00e4visti.<\/p>\n\n<p>Velkaantuminen on poikkeuksellisen korkealla tasolla, ty\u00f6tt\u00f6myys on kasvanut edellisvuodesta kymmenill\u00e4 tuhansilla, kuluttajien luottamus talouteen laahaa ja tulevaisuus n\u00e4ytt\u00e4\u00e4 monelle, etenkin nuorelle ihmiselle, toivottomalta. Samalla korkoa kasvaa my\u00f6s ilmasto- ja luontovelka.<\/p>\n\n<p>Haluaako hallitus vahvistaa hyvinvointivaltiota vai heikent\u00e4\u00e4 sit\u00e4? Nykyinen talouspolitiikka johtaa hyvinvointierojen kasvamiseen.\u00a0<\/p>\n\n<p>Jokainen hallitus tekee toki oman n\u00e4k\u00f6ist\u00e4 politiikkaa. Ongelma Suomen kannalta on se, ett\u00e4 hallituksen talousajattelu on lyhytj\u00e4nteist\u00e4 ja ongelmia korjataan tavoilla, jotka tuottavat tuleville vuosille valtavan laskun. Suomelle tulee kalliiksi, jos me nyt leikkaamme siivet talouden uudistumiselta ja kest\u00e4v\u00e4lt\u00e4, inhimilliseen p\u00e4\u00e4omaan ja luonnonvarojen rajallisuuden ymm\u00e4rt\u00e4miseen perustuvalta kasvulta.\u00a0<\/p>\n\n<p>Sen sijaan, ett\u00e4 tuottavuuden ja arvonlis\u00e4n kasvattamiseksi ja uusien ty\u00f6paikkojen synnytt\u00e4miseksi panostettaisiin rohkeasti koulutukseen ja tutkimukseen, hallitus haluaa leikata siit\u00e4.\u00a0Ja v\u00e4est\u00f6n huoltosuhteen heikentyess\u00e4, kun kipe\u00e4sti tarvitsemme t\u00e4nne ty\u00f6ik\u00e4ist\u00e4 v\u00e4est\u00f6\u00e4, hallitus kirist\u00e4\u00e4 maahanmuuttoa.<\/p>\n\n<p>Hallitus on p\u00e4\u00e4tt\u00e4nyt pit\u00e4\u00e4 kaksin k\u00e4sin kiinni s\u00e4ilytt\u00e4vist\u00e4 yritystuista vaikka taloutemme rakenteet kaipaisi uudistumista ja uutta yritystoimintaa. Ja hallitus, ei, kulttuurista leikkaaminen ei ole yritystuista leikkaamista. Se kertoo vain ja ainoastaan piittamattomuudesta taiteen vapautta kohtaan sek\u00e4 esimerkiksi elokuva-alan kasvupotentiaalin ohittamista.<\/p>\n\n<p>Oletteko te laskeneet, mink\u00e4laisen tulevaisuuden hintalapun aiheuttaa 27 000 k\u00f6yhyyteen ajettua lasta? Tai millaisia kustannuksia yhteiskunnalle ja yksil\u00f6lle aiheuttaa jo nyt kaduilla n\u00e4kyv\u00e4 lis\u00e4\u00e4ntyv\u00e4 pahoinvointi, jota tuottaa mm. sosiaaliturvaleikkausten aiheuttama osattomuus.<\/p>\n\n<p>Mink\u00e4laisen hintalapun arvioitte lis\u00e4\u00e4ntyv\u00e4lle asunnottomuudelle ja asuinalueiden eriytymisen aiheuttamille ongelmille? Hallituksen politiikka n\u00e4kyy lis\u00e4\u00e4ntyvin\u00e4 h\u00e4\u00e4t\u00f6in\u00e4 ja h\u00e4t\u00e4majoituksen tarpeena. Samalla te viette kaupungeilta t\u00e4rkeimm\u00e4n keinon est\u00e4\u00e4 eriytymist\u00e4 romuttamalla pitk\u00e4j\u00e4nteisen asuntopolitiikan.\u00a0<\/p>\n\n<p>Taloudellisesti t\u00e4m\u00e4 on ollut j\u00e4rjet\u00f6nt\u00e4 my\u00f6s siksi, ett\u00e4 rakennusvalmiit kohteet ovat olleet hallituksen huonojen p\u00e4\u00e4t\u00f6sten vuoksi j\u00e4iss\u00e4 juuri nyt kun rakennusalan ty\u00f6tt\u00f6myys on syvimmill\u00e4\u00e4n.\u00a0<\/p>\n\n<p>Hallituksen toimimattomuudelle ilmastopolitiikassa on arvioitu miljardiluokan kustannus.<strong>\u00a0<\/strong> P\u00e4\u00e4ministerin ep\u00e4toivoinen yritys vapauttaa Suomi EU:n hiilinielutavoitteista ja jatkaa metsien hakkaamista kuin ennenkin, osoittaa piittamattomuutta my\u00f6s kansallisesta hiilineutraaliustavoitteesta. Keinot saada maank\u00e4yt\u00f6n p\u00e4\u00e4st\u00f6t kuriin on &#8211; viel\u00e4p\u00e4 tavoilla, jotka tukevat omavaraisuutta ja huoltovarmuutta.<\/p>\n\n<p>Viel\u00e4 kalliimpi lasku koituu jos ep\u00e4onnistumme vihre\u00e4ss\u00e4 siirtym\u00e4ss\u00e4. Meill\u00e4 on miljadien eurojen potentiaali p\u00e4\u00e4st\u00f6tt\u00f6m\u00e4ss\u00e4 energiantuotannossa ja korkeaan osaamiseen perustuvassa teollisuuden uudistumisessa. Hallituksen poukkoileva ja ep\u00e4johdonmukainen ilmastopolitiikka uhkaa kuitenkin johtaa vesitt\u00e4\u00e4 sen.<\/p>\n\n<p>T\u00e4rkein varallisuuden muoto, mit\u00e4 meill\u00e4 on, on luontop\u00e4\u00e4oma. Siihen nojaa kaikki taloudellinen ja inhimillinen toiminta. Hallitus kyll\u00e4 ohjelmassaan lupasi vaalia luontop\u00e4\u00e4omaa, mutta toisin on k\u00e4ynyt. Historialliset luonnonsuojeluleikkaukset ajavat yksityismaiden arvokkaita metsi\u00e4 hakattavaksi samalla kun valtio jatkaa hakkuita omissa arvokkaissa kohteissa.<\/p>\n\n<p>Ja jos te kantaisitte huolta maa- ja mets\u00e4talouden pitk\u00e4n aikav\u00e4lin huoltovarmuudesta, te my\u00f6nt\u00e4isitte, ett\u00e4 satojen suurin uhka tulee luonnon k\u00f6yhtymisest\u00e4.<\/p>\n\n<p>Yhden osan vihreiden esitt\u00e4m\u00e4st\u00e4 verouudistuksesta hallitus toteuttaa. Vaikka kaivosveron nostaminen voisi olla viel\u00e4kin suurempi, on suunta kuitenkin oikea.<\/p>\n\n<p>Vihre\u00e4t ei halua sitoa Suomea ylikire\u00e4n velkajarrun vangiksi. Me haluamme varmistaa tarvittavat investoinnit ja pitk\u00e4n aikav\u00e4lin talouden tasapainon talouden rakenteita uudistamalla, osaamistasoa nostamalla ja ihmisten hyvinvoinnista huolehtimalla.<\/p>\n\n<p>Orpon hallituksen olisi syyt\u00e4 muistaa n\u00e4in\u00e4 ep\u00e4vakaina aikoina, ett\u00e4 ihmiset haluavat puolustaa ja palvella t\u00e4t\u00e4 maata, kunhan he kokevat olevansa osallisia. Siksi ihmisi\u00e4 ei kannata jakaa meihin ja teihin.<\/p>\n\n<p>\u00a0<\/p>\n\t\t\t\t\t\t\t\t<\/div>\n\t\t\t\t<\/div>\n\t\t\t\t\t<\/div>\n\t\t\t\t<\/div>\n\t\t\t\t<\/div>\n\t\t","protected":false},"excerpt":{"rendered":"<p>Hallituksen keskeinen tavoite on ollut talouden suunnan k\u00e4\u00e4nt\u00e4minen. Se on se syy, jolla hallitus itse tekemisens\u00e4 perustelee. Hyv\u00e4n hallitusohjelman nimiss\u00e4 [&hellip;]<\/p>\n","protected":false},"author":1,"featured_media":2987,"comment_status":"closed","ping_status":"closed","sticky":false,"template":"","format":"standard","meta":{"_monsterinsights_skip_tracking":false,"_monsterinsights_sitenote_active":false,"_monsterinsights_sitenote_note":"","_monsterinsights_sitenote_category":0,"site-sidebar-layout":"default","site-content-layout":"","ast-site-content-layout":"default","site-content-style":"default","site-sidebar-style":"default","ast-global-header-display":"","ast-banner-title-visibility":"","ast-main-header-display":"","ast-hfb-above-header-display":"","ast-hfb-below-header-display":"","ast-hfb-mobile-header-display":"","site-post-title":"","ast-breadcrumbs-content":"","ast-featured-img":"","footer-sml-layout":"","ast-disable-related-posts":"","theme-transparent-header-meta":"","adv-header-id-meta":"","stick-header-meta":"","header-above-stick-meta":"","header-main-stick-meta":"","header-below-stick-meta":"","astra-migrate-meta-layouts":"default","ast-page-background-enabled":"default","ast-page-background-meta":{"desktop":{"background-color":"var(--ast-global-color-5)","background-image":"","background-repeat":"repeat","background-position":"center center","background-size":"auto","background-attachment":"scroll","background-type":"","background-media":"","overlay-type":"","overlay-color":"","overlay-opacity":"","overlay-gradient":""},"tablet":{"background-color":"","background-image":"","background-repeat":"repeat","background-position":"center center","background-size":"auto","background-attachment":"scroll","background-type":"","background-media":"","overlay-type":"","overlay-color":"","overlay-opacity":"","overlay-gradient":""},"mobile":{"background-color":"","background-image":"","background-repeat":"repeat","background-position":"center center","background-size":"auto","background-attachment":"scroll","background-type":"","background-media":"","overlay-type":"","overlay-color":"","overlay-opacity":"","overlay-gradient":""}},"ast-content-background-meta":{"desktop":{"background-color":"var(--ast-global-color-4)","background-image":"","background-repeat":"repeat","background-position":"center center","background-size":"auto","background-attachment":"scroll","background-type":"","background-media":"","overlay-type":"","overlay-color":"","overlay-opacity":"","overlay-gradient":""},"tablet":{"background-color":"var(--ast-global-color-4)","background-image":"","background-repeat":"repeat","background-position":"center center","background-size":"auto","background-attachment":"scroll","background-type":"","background-media":"","overlay-type":"","overlay-color":"","overlay-opacity":"","overlay-gradient":""},"mobile":{"background-color":"var(--ast-global-color-4)","background-image":"","background-repeat":"repeat","background-position":"center center","background-size":"auto","background-attachment":"scroll","background-type":"","background-media":"","overlay-type":"","overlay-color":"","overlay-opacity":"","overlay-gradient":""}},"footnotes":""},"categories":[1],"tags":[495,497],"class_list":["post-3977","post","type-post","status-publish","format-standard","has-post-thumbnail","hentry","category-uncategorized","tag-puheeni-eduskunnassa","tag-talouspolitiikka"],"yoast_head":"<!-- This site is optimized with the Yoast SEO plugin v27.5 - https:\/\/yoast.com\/product\/yoast-seo-wordpress\/ -->\n<title>Puheeni valtion ensi vuoden budjetin l\u00e4hetekeskustelussa 23.9. - Jenni Pitko - Vihreiden varapuheenjohtaja, ymp\u00e4rist\u00f6valiokunnan puheenjohtaja, kansanedustaja ja arkkitehti Oulusta<\/title>\n<meta name=\"robots\" content=\"index, follow, max-snippet:-1, max-image-preview:large, max-video-preview:-1\" \/>\n<link rel=\"canonical\" href=\"https:\/\/jennipitko.fi\/koti\/puheeni-valtion-ensi-vuoden-budjetin-lahetekeskustelussa-23-9\/\" \/>\n<meta property=\"og:locale\" content=\"fi_FI\" \/>\n<meta property=\"og:type\" content=\"article\" \/>\n<meta property=\"og:title\" content=\"Puheeni valtion ensi vuoden budjetin l\u00e4hetekeskustelussa 23.9. - Jenni Pitko - Vihreiden varapuheenjohtaja, ymp\u00e4rist\u00f6valiokunnan puheenjohtaja, kansanedustaja ja arkkitehti Oulusta\" \/>\n<meta property=\"og:description\" content=\"Hallituksen keskeinen tavoite on ollut talouden suunnan k\u00e4\u00e4nt\u00e4minen. Se on se syy, jolla hallitus itse tekemisens\u00e4 perustelee. Hyv\u00e4n hallitusohjelman nimiss\u00e4 [&hellip;]\" \/>\n<meta property=\"og:url\" content=\"https:\/\/jennipitko.fi\/koti\/puheeni-valtion-ensi-vuoden-budjetin-lahetekeskustelussa-23-9\/\" \/>\n<meta property=\"og:site_name\" content=\"Jenni Pitko - Vihreiden varapuheenjohtaja, ymp\u00e4rist\u00f6valiokunnan puheenjohtaja, kansanedustaja ja arkkitehti Oulusta\" \/>\n<meta property=\"article:published_time\" content=\"2025-09-29T11:21:44+00:00\" \/>\n<meta property=\"article:modified_time\" content=\"2025-09-30T12:08:24+00:00\" \/>\n<meta property=\"og:image\" content=\"https:\/\/jennipitko.fi\/koti\/wp-content\/uploads\/2025\/09\/11.jpg\" \/>\n\t<meta property=\"og:image:width\" content=\"1280\" \/>\n\t<meta property=\"og:image:height\" content=\"847\" \/>\n\t<meta property=\"og:image:type\" content=\"image\/jpeg\" \/>\n<meta name=\"author\" content=\"Jenni\" \/>\n<meta name=\"twitter:card\" content=\"summary_large_image\" \/>\n<meta name=\"twitter:label1\" content=\"Kirjoittanut\" \/>\n\t<meta name=\"twitter:data1\" content=\"Jenni\" \/>\n\t<meta name=\"twitter:label2\" content=\"Arvioitu lukuaika\" \/>\n\t<meta name=\"twitter:data2\" content=\"4 minuuttia\" \/>\n<script type=\"application\/ld+json\" class=\"yoast-schema-graph\">{\"@context\":\"https:\\\/\\\/schema.org\",\"@graph\":[{\"@type\":\"Article\",\"@id\":\"https:\\\/\\\/jennipitko.fi\\\/koti\\\/puheeni-valtion-ensi-vuoden-budjetin-lahetekeskustelussa-23-9\\\/#article\",\"isPartOf\":{\"@id\":\"https:\\\/\\\/jennipitko.fi\\\/koti\\\/puheeni-valtion-ensi-vuoden-budjetin-lahetekeskustelussa-23-9\\\/\"},\"author\":{\"name\":\"Jenni\",\"@id\":\"https:\\\/\\\/jennipitko.fi\\\/koti\\\/#\\\/schema\\\/person\\\/35955c467f851f10124809310e7e7ee8\"},\"headline\":\"Puheeni valtion ensi vuoden budjetin l\u00e4hetekeskustelussa 23.9.\",\"datePublished\":\"2025-09-29T11:21:44+00:00\",\"dateModified\":\"2025-09-30T12:08:24+00:00\",\"mainEntityOfPage\":{\"@id\":\"https:\\\/\\\/jennipitko.fi\\\/koti\\\/puheeni-valtion-ensi-vuoden-budjetin-lahetekeskustelussa-23-9\\\/\"},\"wordCount\":595,\"publisher\":{\"@id\":\"https:\\\/\\\/jennipitko.fi\\\/koti\\\/#organization\"},\"image\":{\"@id\":\"https:\\\/\\\/jennipitko.fi\\\/koti\\\/puheeni-valtion-ensi-vuoden-budjetin-lahetekeskustelussa-23-9\\\/#primaryimage\"},\"thumbnailUrl\":\"https:\\\/\\\/jennipitko.fi\\\/koti\\\/wp-content\\\/uploads\\\/2025\\\/09\\\/11.jpg\",\"keywords\":[\"puheeni eduskunnassa\",\"talouspolitiikka\"],\"articleSection\":[\"Uncategorized\"],\"inLanguage\":\"fi\"},{\"@type\":\"WebPage\",\"@id\":\"https:\\\/\\\/jennipitko.fi\\\/koti\\\/puheeni-valtion-ensi-vuoden-budjetin-lahetekeskustelussa-23-9\\\/\",\"url\":\"https:\\\/\\\/jennipitko.fi\\\/koti\\\/puheeni-valtion-ensi-vuoden-budjetin-lahetekeskustelussa-23-9\\\/\",\"name\":\"Puheeni valtion ensi vuoden budjetin l\u00e4hetekeskustelussa 23.9. - Jenni Pitko - Vihreiden varapuheenjohtaja, ymp\u00e4rist\u00f6valiokunnan puheenjohtaja, kansanedustaja ja arkkitehti Oulusta\",\"isPartOf\":{\"@id\":\"https:\\\/\\\/jennipitko.fi\\\/koti\\\/#website\"},\"primaryImageOfPage\":{\"@id\":\"https:\\\/\\\/jennipitko.fi\\\/koti\\\/puheeni-valtion-ensi-vuoden-budjetin-lahetekeskustelussa-23-9\\\/#primaryimage\"},\"image\":{\"@id\":\"https:\\\/\\\/jennipitko.fi\\\/koti\\\/puheeni-valtion-ensi-vuoden-budjetin-lahetekeskustelussa-23-9\\\/#primaryimage\"},\"thumbnailUrl\":\"https:\\\/\\\/jennipitko.fi\\\/koti\\\/wp-content\\\/uploads\\\/2025\\\/09\\\/11.jpg\",\"datePublished\":\"2025-09-29T11:21:44+00:00\",\"dateModified\":\"2025-09-30T12:08:24+00:00\",\"breadcrumb\":{\"@id\":\"https:\\\/\\\/jennipitko.fi\\\/koti\\\/puheeni-valtion-ensi-vuoden-budjetin-lahetekeskustelussa-23-9\\\/#breadcrumb\"},\"inLanguage\":\"fi\",\"potentialAction\":[{\"@type\":\"ReadAction\",\"target\":[\"https:\\\/\\\/jennipitko.fi\\\/koti\\\/puheeni-valtion-ensi-vuoden-budjetin-lahetekeskustelussa-23-9\\\/\"]}]},{\"@type\":\"ImageObject\",\"inLanguage\":\"fi\",\"@id\":\"https:\\\/\\\/jennipitko.fi\\\/koti\\\/puheeni-valtion-ensi-vuoden-budjetin-lahetekeskustelussa-23-9\\\/#primaryimage\",\"url\":\"https:\\\/\\\/jennipitko.fi\\\/koti\\\/wp-content\\\/uploads\\\/2025\\\/09\\\/11.jpg\",\"contentUrl\":\"https:\\\/\\\/jennipitko.fi\\\/koti\\\/wp-content\\\/uploads\\\/2025\\\/09\\\/11.jpg\",\"width\":1280,\"height\":847,\"caption\":\"Vihreiden kansanedustaja Jenni Pitko katsoo suoraan kameraan eduskuntatalolla nojaten kauniiseen marmorisein\u00e4\u00e4n.\"},{\"@type\":\"BreadcrumbList\",\"@id\":\"https:\\\/\\\/jennipitko.fi\\\/koti\\\/puheeni-valtion-ensi-vuoden-budjetin-lahetekeskustelussa-23-9\\\/#breadcrumb\",\"itemListElement\":[{\"@type\":\"ListItem\",\"position\":1,\"name\":\"Home\",\"item\":\"https:\\\/\\\/jennipitko.fi\\\/koti\\\/\"},{\"@type\":\"ListItem\",\"position\":2,\"name\":\"Puheeni valtion ensi vuoden budjetin l\u00e4hetekeskustelussa 23.9.\"}]},{\"@type\":\"WebSite\",\"@id\":\"https:\\\/\\\/jennipitko.fi\\\/koti\\\/#website\",\"url\":\"https:\\\/\\\/jennipitko.fi\\\/koti\\\/\",\"name\":\"Jenni Pitko - Vihreiden varapuheenjohtaja, ymp\u00e4rist\u00f6valiokunnan puheenjohtaja, kansanedustaja ja arkkitehti Oulusta\",\"description\":\"Jenni Pitko - Vihreiden varapuheenjohtaja, ymp\u00e4rist\u00f6valiokunnan puheenjohtaja, kansanedustaja ja arkkitehti Oulusta\",\"publisher\":{\"@id\":\"https:\\\/\\\/jennipitko.fi\\\/koti\\\/#organization\"},\"potentialAction\":[{\"@type\":\"SearchAction\",\"target\":{\"@type\":\"EntryPoint\",\"urlTemplate\":\"https:\\\/\\\/jennipitko.fi\\\/koti\\\/?s={search_term_string}\"},\"query-input\":{\"@type\":\"PropertyValueSpecification\",\"valueRequired\":true,\"valueName\":\"search_term_string\"}}],\"inLanguage\":\"fi\"},{\"@type\":\"Organization\",\"@id\":\"https:\\\/\\\/jennipitko.fi\\\/koti\\\/#organization\",\"name\":\"Jenni Pitko - Vihreiden varapuheenjohtaja, ymp\u00e4rist\u00f6valiokunnan puheenjohtaja, kansanedustaja ja arkkitehti Oulusta\",\"url\":\"https:\\\/\\\/jennipitko.fi\\\/koti\\\/\",\"logo\":{\"@type\":\"ImageObject\",\"inLanguage\":\"fi\",\"@id\":\"https:\\\/\\\/jennipitko.fi\\\/koti\\\/#\\\/schema\\\/logo\\\/image\\\/\",\"url\":\"https:\\\/\\\/jennipitko.fi\\\/koti\\\/wp-content\\\/uploads\\\/2025\\\/09\\\/Nimeton-malli-38.png\",\"contentUrl\":\"https:\\\/\\\/jennipitko.fi\\\/koti\\\/wp-content\\\/uploads\\\/2025\\\/09\\\/Nimeton-malli-38.png\",\"width\":1280,\"height\":847,\"caption\":\"Jenni Pitko - Vihreiden varapuheenjohtaja, ymp\u00e4rist\u00f6valiokunnan puheenjohtaja, kansanedustaja ja arkkitehti Oulusta\"},\"image\":{\"@id\":\"https:\\\/\\\/jennipitko.fi\\\/koti\\\/#\\\/schema\\\/logo\\\/image\\\/\"}},{\"@type\":\"Person\",\"@id\":\"https:\\\/\\\/jennipitko.fi\\\/koti\\\/#\\\/schema\\\/person\\\/35955c467f851f10124809310e7e7ee8\",\"name\":\"Jenni\",\"image\":{\"@type\":\"ImageObject\",\"inLanguage\":\"fi\",\"@id\":\"https:\\\/\\\/secure.gravatar.com\\\/avatar\\\/625a0e6413b293da7739d42617828d564a4d6028aec3f45d8939a2ba1617199f?s=96&d=blank&r=g\",\"url\":\"https:\\\/\\\/secure.gravatar.com\\\/avatar\\\/625a0e6413b293da7739d42617828d564a4d6028aec3f45d8939a2ba1617199f?s=96&d=blank&r=g\",\"contentUrl\":\"https:\\\/\\\/secure.gravatar.com\\\/avatar\\\/625a0e6413b293da7739d42617828d564a4d6028aec3f45d8939a2ba1617199f?s=96&d=blank&r=g\",\"caption\":\"Jenni\"},\"url\":\"https:\\\/\\\/jennipitko.fi\\\/koti\\\/author\\\/jenni\\\/\"}]}<\/script>\n<!-- \/ Yoast SEO plugin. -->","yoast_head_json":{"title":"Puheeni valtion ensi vuoden budjetin l\u00e4hetekeskustelussa 23.9. - Jenni Pitko - Vihreiden varapuheenjohtaja, ymp\u00e4rist\u00f6valiokunnan puheenjohtaja, kansanedustaja ja arkkitehti Oulusta","robots":{"index":"index","follow":"follow","max-snippet":"max-snippet:-1","max-image-preview":"max-image-preview:large","max-video-preview":"max-video-preview:-1"},"canonical":"https:\/\/jennipitko.fi\/koti\/puheeni-valtion-ensi-vuoden-budjetin-lahetekeskustelussa-23-9\/","og_locale":"fi_FI","og_type":"article","og_title":"Puheeni valtion ensi vuoden budjetin l\u00e4hetekeskustelussa 23.9. - Jenni Pitko - Vihreiden varapuheenjohtaja, ymp\u00e4rist\u00f6valiokunnan puheenjohtaja, kansanedustaja ja arkkitehti Oulusta","og_description":"Hallituksen keskeinen tavoite on ollut talouden suunnan k\u00e4\u00e4nt\u00e4minen. Se on se syy, jolla hallitus itse tekemisens\u00e4 perustelee. Hyv\u00e4n hallitusohjelman nimiss\u00e4 [&hellip;]","og_url":"https:\/\/jennipitko.fi\/koti\/puheeni-valtion-ensi-vuoden-budjetin-lahetekeskustelussa-23-9\/","og_site_name":"Jenni Pitko - Vihreiden varapuheenjohtaja, ymp\u00e4rist\u00f6valiokunnan puheenjohtaja, kansanedustaja ja arkkitehti Oulusta","article_published_time":"2025-09-29T11:21:44+00:00","article_modified_time":"2025-09-30T12:08:24+00:00","og_image":[{"width":1280,"height":847,"url":"https:\/\/jennipitko.fi\/koti\/wp-content\/uploads\/2025\/09\/11.jpg","type":"image\/jpeg"}],"author":"Jenni","twitter_card":"summary_large_image","twitter_misc":{"Kirjoittanut":"Jenni","Arvioitu lukuaika":"4 minuuttia"},"schema":{"@context":"https:\/\/schema.org","@graph":[{"@type":"Article","@id":"https:\/\/jennipitko.fi\/koti\/puheeni-valtion-ensi-vuoden-budjetin-lahetekeskustelussa-23-9\/#article","isPartOf":{"@id":"https:\/\/jennipitko.fi\/koti\/puheeni-valtion-ensi-vuoden-budjetin-lahetekeskustelussa-23-9\/"},"author":{"name":"Jenni","@id":"https:\/\/jennipitko.fi\/koti\/#\/schema\/person\/35955c467f851f10124809310e7e7ee8"},"headline":"Puheeni valtion ensi vuoden budjetin l\u00e4hetekeskustelussa 23.9.","datePublished":"2025-09-29T11:21:44+00:00","dateModified":"2025-09-30T12:08:24+00:00","mainEntityOfPage":{"@id":"https:\/\/jennipitko.fi\/koti\/puheeni-valtion-ensi-vuoden-budjetin-lahetekeskustelussa-23-9\/"},"wordCount":595,"publisher":{"@id":"https:\/\/jennipitko.fi\/koti\/#organization"},"image":{"@id":"https:\/\/jennipitko.fi\/koti\/puheeni-valtion-ensi-vuoden-budjetin-lahetekeskustelussa-23-9\/#primaryimage"},"thumbnailUrl":"https:\/\/jennipitko.fi\/koti\/wp-content\/uploads\/2025\/09\/11.jpg","keywords":["puheeni eduskunnassa","talouspolitiikka"],"articleSection":["Uncategorized"],"inLanguage":"fi"},{"@type":"WebPage","@id":"https:\/\/jennipitko.fi\/koti\/puheeni-valtion-ensi-vuoden-budjetin-lahetekeskustelussa-23-9\/","url":"https:\/\/jennipitko.fi\/koti\/puheeni-valtion-ensi-vuoden-budjetin-lahetekeskustelussa-23-9\/","name":"Puheeni valtion ensi vuoden budjetin l\u00e4hetekeskustelussa 23.9. - Jenni Pitko - Vihreiden varapuheenjohtaja, ymp\u00e4rist\u00f6valiokunnan puheenjohtaja, kansanedustaja ja arkkitehti Oulusta","isPartOf":{"@id":"https:\/\/jennipitko.fi\/koti\/#website"},"primaryImageOfPage":{"@id":"https:\/\/jennipitko.fi\/koti\/puheeni-valtion-ensi-vuoden-budjetin-lahetekeskustelussa-23-9\/#primaryimage"},"image":{"@id":"https:\/\/jennipitko.fi\/koti\/puheeni-valtion-ensi-vuoden-budjetin-lahetekeskustelussa-23-9\/#primaryimage"},"thumbnailUrl":"https:\/\/jennipitko.fi\/koti\/wp-content\/uploads\/2025\/09\/11.jpg","datePublished":"2025-09-29T11:21:44+00:00","dateModified":"2025-09-30T12:08:24+00:00","breadcrumb":{"@id":"https:\/\/jennipitko.fi\/koti\/puheeni-valtion-ensi-vuoden-budjetin-lahetekeskustelussa-23-9\/#breadcrumb"},"inLanguage":"fi","potentialAction":[{"@type":"ReadAction","target":["https:\/\/jennipitko.fi\/koti\/puheeni-valtion-ensi-vuoden-budjetin-lahetekeskustelussa-23-9\/"]}]},{"@type":"ImageObject","inLanguage":"fi","@id":"https:\/\/jennipitko.fi\/koti\/puheeni-valtion-ensi-vuoden-budjetin-lahetekeskustelussa-23-9\/#primaryimage","url":"https:\/\/jennipitko.fi\/koti\/wp-content\/uploads\/2025\/09\/11.jpg","contentUrl":"https:\/\/jennipitko.fi\/koti\/wp-content\/uploads\/2025\/09\/11.jpg","width":1280,"height":847,"caption":"Vihreiden kansanedustaja Jenni Pitko katsoo suoraan kameraan eduskuntatalolla nojaten kauniiseen marmorisein\u00e4\u00e4n."},{"@type":"BreadcrumbList","@id":"https:\/\/jennipitko.fi\/koti\/puheeni-valtion-ensi-vuoden-budjetin-lahetekeskustelussa-23-9\/#breadcrumb","itemListElement":[{"@type":"ListItem","position":1,"name":"Home","item":"https:\/\/jennipitko.fi\/koti\/"},{"@type":"ListItem","position":2,"name":"Puheeni valtion ensi vuoden budjetin l\u00e4hetekeskustelussa 23.9."}]},{"@type":"WebSite","@id":"https:\/\/jennipitko.fi\/koti\/#website","url":"https:\/\/jennipitko.fi\/koti\/","name":"Jenni Pitko - Vihreiden varapuheenjohtaja, ymp\u00e4rist\u00f6valiokunnan puheenjohtaja, kansanedustaja ja arkkitehti Oulusta","description":"Jenni Pitko - Vihreiden varapuheenjohtaja, ymp\u00e4rist\u00f6valiokunnan puheenjohtaja, kansanedustaja ja arkkitehti Oulusta","publisher":{"@id":"https:\/\/jennipitko.fi\/koti\/#organization"},"potentialAction":[{"@type":"SearchAction","target":{"@type":"EntryPoint","urlTemplate":"https:\/\/jennipitko.fi\/koti\/?s={search_term_string}"},"query-input":{"@type":"PropertyValueSpecification","valueRequired":true,"valueName":"search_term_string"}}],"inLanguage":"fi"},{"@type":"Organization","@id":"https:\/\/jennipitko.fi\/koti\/#organization","name":"Jenni Pitko - Vihreiden varapuheenjohtaja, ymp\u00e4rist\u00f6valiokunnan puheenjohtaja, kansanedustaja ja arkkitehti Oulusta","url":"https:\/\/jennipitko.fi\/koti\/","logo":{"@type":"ImageObject","inLanguage":"fi","@id":"https:\/\/jennipitko.fi\/koti\/#\/schema\/logo\/image\/","url":"https:\/\/jennipitko.fi\/koti\/wp-content\/uploads\/2025\/09\/Nimeton-malli-38.png","contentUrl":"https:\/\/jennipitko.fi\/koti\/wp-content\/uploads\/2025\/09\/Nimeton-malli-38.png","width":1280,"height":847,"caption":"Jenni Pitko - Vihreiden varapuheenjohtaja, ymp\u00e4rist\u00f6valiokunnan puheenjohtaja, kansanedustaja ja arkkitehti Oulusta"},"image":{"@id":"https:\/\/jennipitko.fi\/koti\/#\/schema\/logo\/image\/"}},{"@type":"Person","@id":"https:\/\/jennipitko.fi\/koti\/#\/schema\/person\/35955c467f851f10124809310e7e7ee8","name":"Jenni","image":{"@type":"ImageObject","inLanguage":"fi","@id":"https:\/\/secure.gravatar.com\/avatar\/625a0e6413b293da7739d42617828d564a4d6028aec3f45d8939a2ba1617199f?s=96&d=blank&r=g","url":"https:\/\/secure.gravatar.com\/avatar\/625a0e6413b293da7739d42617828d564a4d6028aec3f45d8939a2ba1617199f?s=96&d=blank&r=g","contentUrl":"https:\/\/secure.gravatar.com\/avatar\/625a0e6413b293da7739d42617828d564a4d6028aec3f45d8939a2ba1617199f?s=96&d=blank&r=g","caption":"Jenni"},"url":"https:\/\/jennipitko.fi\/koti\/author\/jenni\/"}]}},"_links":{"self":[{"href":"https:\/\/jennipitko.fi\/koti\/wp-json\/wp\/v2\/posts\/3977","targetHints":{"allow":["GET"]}}],"collection":[{"href":"https:\/\/jennipitko.fi\/koti\/wp-json\/wp\/v2\/posts"}],"about":[{"href":"https:\/\/jennipitko.fi\/koti\/wp-json\/wp\/v2\/types\/post"}],"author":[{"embeddable":true,"href":"https:\/\/jennipitko.fi\/koti\/wp-json\/wp\/v2\/users\/1"}],"replies":[{"embeddable":true,"href":"https:\/\/jennipitko.fi\/koti\/wp-json\/wp\/v2\/comments?post=3977"}],"version-history":[{"count":4,"href":"https:\/\/jennipitko.fi\/koti\/wp-json\/wp\/v2\/posts\/3977\/revisions"}],"predecessor-version":[{"id":4127,"href":"https:\/\/jennipitko.fi\/koti\/wp-json\/wp\/v2\/posts\/3977\/revisions\/4127"}],"wp:featuredmedia":[{"embeddable":true,"href":"https:\/\/jennipitko.fi\/koti\/wp-json\/wp\/v2\/media\/2987"}],"wp:attachment":[{"href":"https:\/\/jennipitko.fi\/koti\/wp-json\/wp\/v2\/media?parent=3977"}],"wp:term":[{"taxonomy":"category","embeddable":true,"href":"https:\/\/jennipitko.fi\/koti\/wp-json\/wp\/v2\/categories?post=3977"},{"taxonomy":"post_tag","embeddable":true,"href":"https:\/\/jennipitko.fi\/koti\/wp-json\/wp\/v2\/tags?post=3977"}],"curies":[{"name":"wp","href":"https:\/\/api.w.org\/{rel}","templated":true}]}}