{"id":447,"date":"2012-10-06T11:45:38","date_gmt":"2012-10-06T09:45:38","guid":{"rendered":"http:\/\/henkilot.vihreat.fi\/jenni.pitko\/?p=447"},"modified":"2014-12-30T15:02:35","modified_gmt":"2014-12-30T15:02:35","slug":"keskusta","status":"publish","type":"post","link":"https:\/\/jennipitko.fi\/koti\/keskusta\/","title":{"rendered":"Kolmen korttelin kokoinen keskusta"},"content":{"rendered":"<p>Tulin taas t\u00e4n\u00e4\u00e4n miettineeksi Oulun keskustan keskustamaisuutta kun k\u00e4velin omaa kotikatuani, Koulukatua (kuvassa) kohti Raksilaa. N\u00e4ky ei hirve\u00e4sti hivele silm\u00e4\u00e4 leveine asfalttisine autoteine ja harvoine taloine ja kaduille n\u00e4kyvine asuintalojen parkkipaikkoineen. Oikeastaan minusta se ei n\u00e4yt\u00e4 yht\u00e4\u00e4n kaupungin keskustalta, vaikka asunkin vain kolmen korttelin p\u00e4\u00e4ss\u00e4 ydinkeskustasta.<!--more--><\/p>\n<p style=\"text-align: center;\"><img fetchpriority=\"high\" decoding=\"async\" class=\"size-large wp-image-448  aligncenter\" title=\"Koulukatu\" src=\"http:\/\/henkilot.vihreat.fi\/jenni.pitko\/files\/2012\/10\/2012-10-06-12.03.26-1024x768.jpg\" alt=\"2012 10 06 12.03.26 1024x768\" width=\"537\" height=\"402\"><\/p>\n<p>Valokuva kotini edest\u00e4 kertoo aika ep\u00e4miellytt\u00e4v\u00e4st\u00e4 paikasta asua. Se on kuin v\u00e4lj\u00e4sti asuttu taajama jonka katukuvassa ei n\u00e4y palveluita, mutta sit\u00e4kin enemm\u00e4n tilaa moottoriliikenteelle. Tiet ovat asfalttia ja osittain huonokuntoisia, eik\u00e4 py\u00f6r\u00e4ilij\u00f6ille ole varattu omaa tilaa. Siis juuri tavallisen taajaman huonot puolet, syyt miksi niit\u00e4 ei koeta halutuiksi paikoiksi el\u00e4\u00e4. Kaupunkikeskustan parhaita puolia pit\u00e4isi olla ihmisvilin\u00e4, kivijalkaliikkeet ja hyvin hoidetut vehre\u00e4t pihat ja talot sek\u00e4 l\u00e4hipalveluista koituva autottomuus ja sen tilalla siistit, kivetyt k\u00e4velypainotteisen kadut.<\/p>\n<p>Keskustan noin kolme ydinkeskustakorttelia ovat ihania. Uusi Rotuaari t\u00e4yttyy ihmisill\u00e4 viikonloppuisin ja sen varrelta l\u00f6ytyy kivoja kuppiloita. Kolme korttelia ei kuitenkaan riit\u00e4 olemaan Oulun kokoisen kaupungin keskusta. Luulen, ett\u00e4 syyn\u00e4 ydinkeskustan pienuuteen se, ett\u00e4 keskustassa ei ole tarpeeksi ostovoimaa eik\u00e4 liikkeille ei ole tarpeeksi tiloja. Oulun keskusta on hyvin v\u00e4lj\u00e4. Monin paikoin (niin ydinkeskustassa kuin keskustan laidoillakin) l\u00f6ytyy yksi- ja kaksikerroksisia rakennuksia. Enemm\u00e4n asukkaita keskustassa ja sen l\u00e4heisyydess\u00e4 tuo ostovoimaa, jota liikkeet liian usein joutuvat l\u00e4hte\u00e4 hakemaan keskustan ulkopuolelta &#8220;peltomarketeista&#8221;.<\/p>\n<p>Keskustasta ei my\u00f6sk\u00e4\u00e4n l\u00f6ydy tarpeeksi liiketiloja. Suuren kysynn\u00e4n vuoksi ne ovat kalliita, jolloin paikalliset pikkuliikkeet eiv\u00e4t pysty maksamaan vuokraa. Suurille liikkeille ei l\u00f6ydy hyv\u00e4\u00e4 paikkaa. Esimerkiksi Carlings on tiet\u00e4\u00e4kseni etsinyt jo vuosia sopivaa liiketilaa keskustasta sit\u00e4 l\u00f6yt\u00e4m\u00e4tt\u00e4. Nyt Carlings on avannut liikkeens\u00e4 Kempeleen Zeppeliniin.<\/p>\n<p>Olenkin her\u00e4tellyt yst\u00e4viss\u00e4ni ja tutuissani ajatuksia mit\u00e4 kaikkea Oulun keskustasta puuttuu. Helpointa on vertailla muihin suuriin suomalaisiin kaupunkeihin, kuten Turkuun tai Tampereeseen.\u00a0 Kun asiaa alkaa ajattelemaan, ero Ouluun on huomattava.<\/p>\n<p>Kaavoitettaessa keskustan kortteleita, tuleekin aina olla m\u00e4\u00e4r\u00e4ys kivijalkaliiketilojen varaukseen. Niin ydinkeskustassa kuin t\u00e4\u00e4ll\u00e4 keskustan &#8220;laitamillakin&#8221;. Kiinteist\u00f6yhti\u00f6it\u00e4 on kannustettava t\u00e4ydennysrakentamaan kortteleita ja ostamaan autopaikkoja maanalaisesta Kivisyd\u00e4mest\u00e4.\u00a0 Moni taloyhti\u00f6 onkin rahoittanut hissiremontin rakentamalla uuden kerroksen talon katolle tai muuttamalla vinttihuoneiston sellaiseksi. Mahtava juttu!<\/p>\n<p>Minusta hyv\u00e4 kerrosm\u00e4\u00e4r\u00e4 keskustaan olisi v\u00e4hint\u00e4\u00e4n seitsem\u00e4n. (Paitsi jos ymp\u00e4rill\u00e4 on arvokkaita matalia rakennuksia, niin silloin kerrosluku tulee sopeuttaa niihin.) Keskustan korkeinta rakennusta, Tuomiokirkkoa (60m) korkeutta ei v\u00e4h\u00e4\u00e4n aikaan olla siltik\u00e4\u00e4n uhkaamassa!<\/p>\n<p>Kaavoituksella on mahdollistettava ns. Hybridi-talojen rakentaminen, joissa on sekoitettu erinlaisia toimintoja useassa kerroksessa. Kauppa, liikkeit\u00e4, toimistoja useammassa kerroksessa ja yl\u00e4kerroksissa asuntoja.<\/p>\n<p>Lis\u00e4ksi arkkitehtoninen taso keskustan ja l\u00e4hialueiden rakentamisessa on oltava korkeatasoista. Betonielementit on jo pitk\u00e4\u00e4 aikaa sitten todettu rumiksi. Jokaisella uudella rakennuksella on merkitt\u00e4v\u00e4 kaupunkikuvallinen ja \u2013imagollinen rooli. Vaaditaan siis laadukasta pohjoista huippuarkkitehtuuria, mist\u00e4 nauttii niin kaupunkilaiset kuin matkailijatkin. Eik\u00e4 minua haittaisi muutama moderni wow-arkkitehtuuri-helmi t\u00e4nne meid\u00e4n korkeudellekaan, jotain mit\u00e4 esitell\u00e4 ylpe\u00e4n\u00e4 vierailijoille.<\/p>\n<p>Mahdollisimman monilla on oltava mahdollisuus asua keskustassa. Ja niill\u00e4 ketk\u00e4 eiv\u00e4t halua asua keskustassa, on oltava mahdollisuus nauttia laadukkaista palveluista vire\u00e4ss\u00e4 keskustassa, olemmehan kuntaliitoksen j\u00e4lkeen jo Turkuakin suurempi kaupunki!<\/p>\n","protected":false},"excerpt":{"rendered":"<p>Tulin taas t\u00e4n\u00e4\u00e4n miettineeksi Oulun keskustan keskustamaisuutta kun k\u00e4velin omaa kotikatuani, Koulukatua (kuvassa) kohti Raksilaa. N\u00e4ky ei hirve\u00e4sti hivele silm\u00e4\u00e4 [&hellip;]<\/p>\n","protected":false},"author":2,"featured_media":0,"comment_status":"open","ping_status":"open","sticky":false,"template":"","format":"standard","meta":{"_monsterinsights_skip_tracking":false,"_monsterinsights_sitenote_active":false,"_monsterinsights_sitenote_note":"","_monsterinsights_sitenote_category":0,"site-sidebar-layout":"default","site-content-layout":"","ast-site-content-layout":"default","site-content-style":"default","site-sidebar-style":"default","ast-global-header-display":"","ast-banner-title-visibility":"","ast-main-header-display":"","ast-hfb-above-header-display":"","ast-hfb-below-header-display":"","ast-hfb-mobile-header-display":"","site-post-title":"","ast-breadcrumbs-content":"","ast-featured-img":"","footer-sml-layout":"","ast-disable-related-posts":"","theme-transparent-header-meta":"","adv-header-id-meta":"","stick-header-meta":"","header-above-stick-meta":"","header-main-stick-meta":"","header-below-stick-meta":"","astra-migrate-meta-layouts":"default","ast-page-background-enabled":"default","ast-page-background-meta":{"desktop":{"background-color":"var(--ast-global-color-5)","background-image":"","background-repeat":"repeat","background-position":"center center","background-size":"auto","background-attachment":"scroll","background-type":"","background-media":"","overlay-type":"","overlay-color":"","overlay-opacity":"","overlay-gradient":""},"tablet":{"background-color":"","background-image":"","background-repeat":"repeat","background-position":"center center","background-size":"auto","background-attachment":"scroll","background-type":"","background-media":"","overlay-type":"","overlay-color":"","overlay-opacity":"","overlay-gradient":""},"mobile":{"background-color":"","background-image":"","background-repeat":"repeat","background-position":"center center","background-size":"auto","background-attachment":"scroll","background-type":"","background-media":"","overlay-type":"","overlay-color":"","overlay-opacity":"","overlay-gradient":""}},"ast-content-background-meta":{"desktop":{"background-color":"var(--ast-global-color-4)","background-image":"","background-repeat":"repeat","background-position":"center center","background-size":"auto","background-attachment":"scroll","background-type":"","background-media":"","overlay-type":"","overlay-color":"","overlay-opacity":"","overlay-gradient":""},"tablet":{"background-color":"var(--ast-global-color-4)","background-image":"","background-repeat":"repeat","background-position":"center center","background-size":"auto","background-attachment":"scroll","background-type":"","background-media":"","overlay-type":"","overlay-color":"","overlay-opacity":"","overlay-gradient":""},"mobile":{"background-color":"var(--ast-global-color-4)","background-image":"","background-repeat":"repeat","background-position":"center center","background-size":"auto","background-attachment":"scroll","background-type":"","background-media":"","overlay-type":"","overlay-color":"","overlay-opacity":"","overlay-gradient":""}},"footnotes":""},"categories":[2],"tags":[43,28,44,45,46],"class_list":["post-447","post","type-post","status-publish","format-standard","hentry","category-blogi","tag-keskustan-elinvoima","tag-keskustan-kehittaminen","tag-koulukatu","tag-oulun-keskusta","tag-ydinkeskusta"],"yoast_head":"<!-- This site is optimized with the Yoast SEO plugin v27.5 - https:\/\/yoast.com\/product\/yoast-seo-wordpress\/ -->\n<title>Kolmen korttelin kokoinen keskusta - Jenni Pitko - Vihreiden varapuheenjohtaja, ymp\u00e4rist\u00f6valiokunnan puheenjohtaja, kansanedustaja ja arkkitehti Oulusta<\/title>\n<meta name=\"robots\" content=\"index, follow, max-snippet:-1, max-image-preview:large, max-video-preview:-1\" \/>\n<link rel=\"canonical\" href=\"https:\/\/jennipitko.fi\/koti\/keskusta\/\" \/>\n<meta property=\"og:locale\" content=\"fi_FI\" \/>\n<meta property=\"og:type\" content=\"article\" \/>\n<meta property=\"og:title\" content=\"Kolmen korttelin kokoinen keskusta - Jenni Pitko - Vihreiden varapuheenjohtaja, ymp\u00e4rist\u00f6valiokunnan puheenjohtaja, kansanedustaja ja arkkitehti Oulusta\" \/>\n<meta property=\"og:description\" content=\"Tulin taas t\u00e4n\u00e4\u00e4n miettineeksi Oulun keskustan keskustamaisuutta kun k\u00e4velin omaa kotikatuani, Koulukatua (kuvassa) kohti Raksilaa. N\u00e4ky ei hirve\u00e4sti hivele silm\u00e4\u00e4 [&hellip;]\" \/>\n<meta property=\"og:url\" content=\"https:\/\/jennipitko.fi\/koti\/keskusta\/\" \/>\n<meta property=\"og:site_name\" content=\"Jenni Pitko - Vihreiden varapuheenjohtaja, ymp\u00e4rist\u00f6valiokunnan puheenjohtaja, kansanedustaja ja arkkitehti Oulusta\" \/>\n<meta property=\"article:published_time\" content=\"2012-10-06T09:45:38+00:00\" \/>\n<meta property=\"article:modified_time\" content=\"2014-12-30T15:02:35+00:00\" \/>\n<meta name=\"author\" content=\"Jenni\" \/>\n<meta name=\"twitter:card\" content=\"summary_large_image\" \/>\n<meta name=\"twitter:label1\" content=\"Kirjoittanut\" \/>\n\t<meta name=\"twitter:data1\" content=\"Jenni\" \/>\n\t<meta name=\"twitter:label2\" content=\"Arvioitu lukuaika\" \/>\n\t<meta name=\"twitter:data2\" content=\"3 minuuttia\" \/>\n<script type=\"application\/ld+json\" class=\"yoast-schema-graph\">{\"@context\":\"https:\\\/\\\/schema.org\",\"@graph\":[{\"@type\":\"Article\",\"@id\":\"https:\\\/\\\/jennipitko.fi\\\/koti\\\/keskusta\\\/#article\",\"isPartOf\":{\"@id\":\"https:\\\/\\\/jennipitko.fi\\\/koti\\\/keskusta\\\/\"},\"author\":{\"name\":\"Jenni\",\"@id\":\"https:\\\/\\\/jennipitko.fi\\\/koti\\\/#\\\/schema\\\/person\\\/3f242bfe958144234373266ea416e4d6\"},\"headline\":\"Kolmen korttelin kokoinen keskusta\",\"datePublished\":\"2012-10-06T09:45:38+00:00\",\"dateModified\":\"2014-12-30T15:02:35+00:00\",\"mainEntityOfPage\":{\"@id\":\"https:\\\/\\\/jennipitko.fi\\\/koti\\\/keskusta\\\/\"},\"wordCount\":523,\"commentCount\":4,\"publisher\":{\"@id\":\"https:\\\/\\\/jennipitko.fi\\\/koti\\\/#organization\"},\"image\":{\"@id\":\"https:\\\/\\\/jennipitko.fi\\\/koti\\\/keskusta\\\/#primaryimage\"},\"thumbnailUrl\":\"http:\\\/\\\/henkilot.vihreat.fi\\\/jenni.pitko\\\/files\\\/2012\\\/10\\\/2012-10-06-12.03.26-1024x768.jpg\",\"keywords\":[\"keskustan elinvoima\",\"keskustan kehitt\u00e4minen\",\"Koulukatu\",\"Oulun keskusta\",\"ydinkeskusta\"],\"articleSection\":[\"Blogi\"],\"inLanguage\":\"fi\",\"potentialAction\":[{\"@type\":\"CommentAction\",\"name\":\"Comment\",\"target\":[\"https:\\\/\\\/jennipitko.fi\\\/koti\\\/keskusta\\\/#respond\"]}]},{\"@type\":\"WebPage\",\"@id\":\"https:\\\/\\\/jennipitko.fi\\\/koti\\\/keskusta\\\/\",\"url\":\"https:\\\/\\\/jennipitko.fi\\\/koti\\\/keskusta\\\/\",\"name\":\"Kolmen korttelin kokoinen keskusta - Jenni Pitko - Vihreiden varapuheenjohtaja, ymp\u00e4rist\u00f6valiokunnan puheenjohtaja, kansanedustaja ja arkkitehti Oulusta\",\"isPartOf\":{\"@id\":\"https:\\\/\\\/jennipitko.fi\\\/koti\\\/#website\"},\"primaryImageOfPage\":{\"@id\":\"https:\\\/\\\/jennipitko.fi\\\/koti\\\/keskusta\\\/#primaryimage\"},\"image\":{\"@id\":\"https:\\\/\\\/jennipitko.fi\\\/koti\\\/keskusta\\\/#primaryimage\"},\"thumbnailUrl\":\"http:\\\/\\\/henkilot.vihreat.fi\\\/jenni.pitko\\\/files\\\/2012\\\/10\\\/2012-10-06-12.03.26-1024x768.jpg\",\"datePublished\":\"2012-10-06T09:45:38+00:00\",\"dateModified\":\"2014-12-30T15:02:35+00:00\",\"breadcrumb\":{\"@id\":\"https:\\\/\\\/jennipitko.fi\\\/koti\\\/keskusta\\\/#breadcrumb\"},\"inLanguage\":\"fi\",\"potentialAction\":[{\"@type\":\"ReadAction\",\"target\":[\"https:\\\/\\\/jennipitko.fi\\\/koti\\\/keskusta\\\/\"]}]},{\"@type\":\"ImageObject\",\"inLanguage\":\"fi\",\"@id\":\"https:\\\/\\\/jennipitko.fi\\\/koti\\\/keskusta\\\/#primaryimage\",\"url\":\"http:\\\/\\\/henkilot.vihreat.fi\\\/jenni.pitko\\\/files\\\/2012\\\/10\\\/2012-10-06-12.03.26-1024x768.jpg\",\"contentUrl\":\"http:\\\/\\\/henkilot.vihreat.fi\\\/jenni.pitko\\\/files\\\/2012\\\/10\\\/2012-10-06-12.03.26-1024x768.jpg\"},{\"@type\":\"BreadcrumbList\",\"@id\":\"https:\\\/\\\/jennipitko.fi\\\/koti\\\/keskusta\\\/#breadcrumb\",\"itemListElement\":[{\"@type\":\"ListItem\",\"position\":1,\"name\":\"Home\",\"item\":\"https:\\\/\\\/jennipitko.fi\\\/koti\\\/\"},{\"@type\":\"ListItem\",\"position\":2,\"name\":\"Kolmen korttelin kokoinen keskusta\"}]},{\"@type\":\"WebSite\",\"@id\":\"https:\\\/\\\/jennipitko.fi\\\/koti\\\/#website\",\"url\":\"https:\\\/\\\/jennipitko.fi\\\/koti\\\/\",\"name\":\"Jenni Pitko - Vihreiden varapuheenjohtaja, ymp\u00e4rist\u00f6valiokunnan puheenjohtaja, kansanedustaja ja arkkitehti Oulusta\",\"description\":\"Jenni Pitko - Vihreiden varapuheenjohtaja, ymp\u00e4rist\u00f6valiokunnan puheenjohtaja, kansanedustaja ja arkkitehti Oulusta\",\"publisher\":{\"@id\":\"https:\\\/\\\/jennipitko.fi\\\/koti\\\/#organization\"},\"potentialAction\":[{\"@type\":\"SearchAction\",\"target\":{\"@type\":\"EntryPoint\",\"urlTemplate\":\"https:\\\/\\\/jennipitko.fi\\\/koti\\\/?s={search_term_string}\"},\"query-input\":{\"@type\":\"PropertyValueSpecification\",\"valueRequired\":true,\"valueName\":\"search_term_string\"}}],\"inLanguage\":\"fi\"},{\"@type\":\"Organization\",\"@id\":\"https:\\\/\\\/jennipitko.fi\\\/koti\\\/#organization\",\"name\":\"Jenni Pitko - Vihreiden varapuheenjohtaja, ymp\u00e4rist\u00f6valiokunnan puheenjohtaja, kansanedustaja ja arkkitehti Oulusta\",\"url\":\"https:\\\/\\\/jennipitko.fi\\\/koti\\\/\",\"logo\":{\"@type\":\"ImageObject\",\"inLanguage\":\"fi\",\"@id\":\"https:\\\/\\\/jennipitko.fi\\\/koti\\\/#\\\/schema\\\/logo\\\/image\\\/\",\"url\":\"https:\\\/\\\/jennipitko.fi\\\/koti\\\/wp-content\\\/uploads\\\/2025\\\/09\\\/Nimeton-malli-38.png\",\"contentUrl\":\"https:\\\/\\\/jennipitko.fi\\\/koti\\\/wp-content\\\/uploads\\\/2025\\\/09\\\/Nimeton-malli-38.png\",\"width\":1280,\"height\":847,\"caption\":\"Jenni Pitko - Vihreiden varapuheenjohtaja, ymp\u00e4rist\u00f6valiokunnan puheenjohtaja, kansanedustaja ja arkkitehti Oulusta\"},\"image\":{\"@id\":\"https:\\\/\\\/jennipitko.fi\\\/koti\\\/#\\\/schema\\\/logo\\\/image\\\/\"}},{\"@type\":\"Person\",\"@id\":\"https:\\\/\\\/jennipitko.fi\\\/koti\\\/#\\\/schema\\\/person\\\/3f242bfe958144234373266ea416e4d6\",\"name\":\"Jenni\",\"image\":{\"@type\":\"ImageObject\",\"inLanguage\":\"fi\",\"@id\":\"https:\\\/\\\/secure.gravatar.com\\\/avatar\\\/469343e1290c3e818159b4a4348708c09929f07a2f460e664497d6fb92f80743?s=96&d=blank&r=g\",\"url\":\"https:\\\/\\\/secure.gravatar.com\\\/avatar\\\/469343e1290c3e818159b4a4348708c09929f07a2f460e664497d6fb92f80743?s=96&d=blank&r=g\",\"contentUrl\":\"https:\\\/\\\/secure.gravatar.com\\\/avatar\\\/469343e1290c3e818159b4a4348708c09929f07a2f460e664497d6fb92f80743?s=96&d=blank&r=g\",\"caption\":\"Jenni\"},\"url\":\"https:\\\/\\\/jennipitko.fi\\\/koti\\\/author\\\/jenni-pitko\\\/\"}]}<\/script>\n<!-- \/ Yoast SEO plugin. -->","yoast_head_json":{"title":"Kolmen korttelin kokoinen keskusta - Jenni Pitko - Vihreiden varapuheenjohtaja, ymp\u00e4rist\u00f6valiokunnan puheenjohtaja, kansanedustaja ja arkkitehti Oulusta","robots":{"index":"index","follow":"follow","max-snippet":"max-snippet:-1","max-image-preview":"max-image-preview:large","max-video-preview":"max-video-preview:-1"},"canonical":"https:\/\/jennipitko.fi\/koti\/keskusta\/","og_locale":"fi_FI","og_type":"article","og_title":"Kolmen korttelin kokoinen keskusta - Jenni Pitko - Vihreiden varapuheenjohtaja, ymp\u00e4rist\u00f6valiokunnan puheenjohtaja, kansanedustaja ja arkkitehti Oulusta","og_description":"Tulin taas t\u00e4n\u00e4\u00e4n miettineeksi Oulun keskustan keskustamaisuutta kun k\u00e4velin omaa kotikatuani, Koulukatua (kuvassa) kohti Raksilaa. N\u00e4ky ei hirve\u00e4sti hivele silm\u00e4\u00e4 [&hellip;]","og_url":"https:\/\/jennipitko.fi\/koti\/keskusta\/","og_site_name":"Jenni Pitko - Vihreiden varapuheenjohtaja, ymp\u00e4rist\u00f6valiokunnan puheenjohtaja, kansanedustaja ja arkkitehti Oulusta","article_published_time":"2012-10-06T09:45:38+00:00","article_modified_time":"2014-12-30T15:02:35+00:00","author":"Jenni","twitter_card":"summary_large_image","twitter_misc":{"Kirjoittanut":"Jenni","Arvioitu lukuaika":"3 minuuttia"},"schema":{"@context":"https:\/\/schema.org","@graph":[{"@type":"Article","@id":"https:\/\/jennipitko.fi\/koti\/keskusta\/#article","isPartOf":{"@id":"https:\/\/jennipitko.fi\/koti\/keskusta\/"},"author":{"name":"Jenni","@id":"https:\/\/jennipitko.fi\/koti\/#\/schema\/person\/3f242bfe958144234373266ea416e4d6"},"headline":"Kolmen korttelin kokoinen keskusta","datePublished":"2012-10-06T09:45:38+00:00","dateModified":"2014-12-30T15:02:35+00:00","mainEntityOfPage":{"@id":"https:\/\/jennipitko.fi\/koti\/keskusta\/"},"wordCount":523,"commentCount":4,"publisher":{"@id":"https:\/\/jennipitko.fi\/koti\/#organization"},"image":{"@id":"https:\/\/jennipitko.fi\/koti\/keskusta\/#primaryimage"},"thumbnailUrl":"http:\/\/henkilot.vihreat.fi\/jenni.pitko\/files\/2012\/10\/2012-10-06-12.03.26-1024x768.jpg","keywords":["keskustan elinvoima","keskustan kehitt\u00e4minen","Koulukatu","Oulun keskusta","ydinkeskusta"],"articleSection":["Blogi"],"inLanguage":"fi","potentialAction":[{"@type":"CommentAction","name":"Comment","target":["https:\/\/jennipitko.fi\/koti\/keskusta\/#respond"]}]},{"@type":"WebPage","@id":"https:\/\/jennipitko.fi\/koti\/keskusta\/","url":"https:\/\/jennipitko.fi\/koti\/keskusta\/","name":"Kolmen korttelin kokoinen keskusta - Jenni Pitko - Vihreiden varapuheenjohtaja, ymp\u00e4rist\u00f6valiokunnan puheenjohtaja, kansanedustaja ja arkkitehti Oulusta","isPartOf":{"@id":"https:\/\/jennipitko.fi\/koti\/#website"},"primaryImageOfPage":{"@id":"https:\/\/jennipitko.fi\/koti\/keskusta\/#primaryimage"},"image":{"@id":"https:\/\/jennipitko.fi\/koti\/keskusta\/#primaryimage"},"thumbnailUrl":"http:\/\/henkilot.vihreat.fi\/jenni.pitko\/files\/2012\/10\/2012-10-06-12.03.26-1024x768.jpg","datePublished":"2012-10-06T09:45:38+00:00","dateModified":"2014-12-30T15:02:35+00:00","breadcrumb":{"@id":"https:\/\/jennipitko.fi\/koti\/keskusta\/#breadcrumb"},"inLanguage":"fi","potentialAction":[{"@type":"ReadAction","target":["https:\/\/jennipitko.fi\/koti\/keskusta\/"]}]},{"@type":"ImageObject","inLanguage":"fi","@id":"https:\/\/jennipitko.fi\/koti\/keskusta\/#primaryimage","url":"http:\/\/henkilot.vihreat.fi\/jenni.pitko\/files\/2012\/10\/2012-10-06-12.03.26-1024x768.jpg","contentUrl":"http:\/\/henkilot.vihreat.fi\/jenni.pitko\/files\/2012\/10\/2012-10-06-12.03.26-1024x768.jpg"},{"@type":"BreadcrumbList","@id":"https:\/\/jennipitko.fi\/koti\/keskusta\/#breadcrumb","itemListElement":[{"@type":"ListItem","position":1,"name":"Home","item":"https:\/\/jennipitko.fi\/koti\/"},{"@type":"ListItem","position":2,"name":"Kolmen korttelin kokoinen keskusta"}]},{"@type":"WebSite","@id":"https:\/\/jennipitko.fi\/koti\/#website","url":"https:\/\/jennipitko.fi\/koti\/","name":"Jenni Pitko - Vihreiden varapuheenjohtaja, ymp\u00e4rist\u00f6valiokunnan puheenjohtaja, kansanedustaja ja arkkitehti Oulusta","description":"Jenni Pitko - Vihreiden varapuheenjohtaja, ymp\u00e4rist\u00f6valiokunnan puheenjohtaja, kansanedustaja ja arkkitehti Oulusta","publisher":{"@id":"https:\/\/jennipitko.fi\/koti\/#organization"},"potentialAction":[{"@type":"SearchAction","target":{"@type":"EntryPoint","urlTemplate":"https:\/\/jennipitko.fi\/koti\/?s={search_term_string}"},"query-input":{"@type":"PropertyValueSpecification","valueRequired":true,"valueName":"search_term_string"}}],"inLanguage":"fi"},{"@type":"Organization","@id":"https:\/\/jennipitko.fi\/koti\/#organization","name":"Jenni Pitko - Vihreiden varapuheenjohtaja, ymp\u00e4rist\u00f6valiokunnan puheenjohtaja, kansanedustaja ja arkkitehti Oulusta","url":"https:\/\/jennipitko.fi\/koti\/","logo":{"@type":"ImageObject","inLanguage":"fi","@id":"https:\/\/jennipitko.fi\/koti\/#\/schema\/logo\/image\/","url":"https:\/\/jennipitko.fi\/koti\/wp-content\/uploads\/2025\/09\/Nimeton-malli-38.png","contentUrl":"https:\/\/jennipitko.fi\/koti\/wp-content\/uploads\/2025\/09\/Nimeton-malli-38.png","width":1280,"height":847,"caption":"Jenni Pitko - Vihreiden varapuheenjohtaja, ymp\u00e4rist\u00f6valiokunnan puheenjohtaja, kansanedustaja ja arkkitehti Oulusta"},"image":{"@id":"https:\/\/jennipitko.fi\/koti\/#\/schema\/logo\/image\/"}},{"@type":"Person","@id":"https:\/\/jennipitko.fi\/koti\/#\/schema\/person\/3f242bfe958144234373266ea416e4d6","name":"Jenni","image":{"@type":"ImageObject","inLanguage":"fi","@id":"https:\/\/secure.gravatar.com\/avatar\/469343e1290c3e818159b4a4348708c09929f07a2f460e664497d6fb92f80743?s=96&d=blank&r=g","url":"https:\/\/secure.gravatar.com\/avatar\/469343e1290c3e818159b4a4348708c09929f07a2f460e664497d6fb92f80743?s=96&d=blank&r=g","contentUrl":"https:\/\/secure.gravatar.com\/avatar\/469343e1290c3e818159b4a4348708c09929f07a2f460e664497d6fb92f80743?s=96&d=blank&r=g","caption":"Jenni"},"url":"https:\/\/jennipitko.fi\/koti\/author\/jenni-pitko\/"}]}},"_links":{"self":[{"href":"https:\/\/jennipitko.fi\/koti\/wp-json\/wp\/v2\/posts\/447","targetHints":{"allow":["GET"]}}],"collection":[{"href":"https:\/\/jennipitko.fi\/koti\/wp-json\/wp\/v2\/posts"}],"about":[{"href":"https:\/\/jennipitko.fi\/koti\/wp-json\/wp\/v2\/types\/post"}],"author":[{"embeddable":true,"href":"https:\/\/jennipitko.fi\/koti\/wp-json\/wp\/v2\/users\/2"}],"replies":[{"embeddable":true,"href":"https:\/\/jennipitko.fi\/koti\/wp-json\/wp\/v2\/comments?post=447"}],"version-history":[{"count":1,"href":"https:\/\/jennipitko.fi\/koti\/wp-json\/wp\/v2\/posts\/447\/revisions"}],"predecessor-version":[{"id":782,"href":"https:\/\/jennipitko.fi\/koti\/wp-json\/wp\/v2\/posts\/447\/revisions\/782"}],"wp:attachment":[{"href":"https:\/\/jennipitko.fi\/koti\/wp-json\/wp\/v2\/media?parent=447"}],"wp:term":[{"taxonomy":"category","embeddable":true,"href":"https:\/\/jennipitko.fi\/koti\/wp-json\/wp\/v2\/categories?post=447"},{"taxonomy":"post_tag","embeddable":true,"href":"https:\/\/jennipitko.fi\/koti\/wp-json\/wp\/v2\/tags?post=447"}],"curies":[{"name":"wp","href":"https:\/\/api.w.org\/{rel}","templated":true}]}}