{"id":486,"date":"2012-10-06T16:24:35","date_gmt":"2012-10-06T14:24:35","guid":{"rendered":"http:\/\/henkilot.vihreat.fi\/jenni.pitko\/?p=486"},"modified":"2014-12-30T15:03:12","modified_gmt":"2014-12-30T15:03:12","slug":"hintavat-homekoulut","status":"publish","type":"post","link":"https:\/\/jennipitko.fi\/koti\/hintavat-homekoulut\/","title":{"rendered":"Homekoulut ja ep\u00e4oikeudenmukainen korjausvelka"},"content":{"rendered":"<p>Sen lis\u00e4ksi, ett\u00e4 suuret ik\u00e4luokat ovat j\u00e4tt\u00e4m\u00e4ss\u00e4 meille melkoisen el\u00e4ketaakan maksettavaksi, on meit\u00e4 pieni\u00e4 ik\u00e4luokkia odottamassa toinenkin pommi. Se liittyy kouluissa ja p\u00e4iv\u00e4kodeissa piileviin homeongelmiin.<\/p>\n<p>T\u00e4ll\u00e4 hetkell\u00e4 kaikista p\u00e4iv\u00e4koti- ja koulurakennuksista arvioidaan <strong>kahdessa kolmasosassa<\/strong> olevan sis\u00e4ilmaongelmia. Huonosta rakentamisen laadusta ja yll\u00e4pidon ja valvonnan heikkoudesta johtuen on meille nuorille kasattu melkoinen korjausvelka. Korjausvelka koostuu n\u00e4iden koulujen ja p\u00e4iv\u00e4kotien korjaamisesta sek\u00e4 homeen aiheuttamien terveysongelmien hoidosta. Homeongelmat aiheuttavat vakavia hengitysvaikeuksia ja voivat vied\u00e4 jopa ty\u00f6kyvyn. Homekouluista k\u00e4rsii oppilaiden lis\u00e4ksi koulun henkil\u00f6kunta.<!--more--><\/p>\n<p>Kun rakennus j\u00e4tet\u00e4\u00e4n korjaamatta tai sen yll\u00e4pitoa laiminly\u00f6d\u00e4\u00e4n, on sen korjaaminen my\u00f6hemmin monin verroin kalliimpaa. Hyv\u00e4 rakennusvalvonta taas maksaa itse\u00e4\u00e4n tulevaisuudessa takaisin. Nyt me nuoret, homekouluissa kasvaneet, saamme k\u00e4rsi\u00e4 sek\u00e4 terveyshaitoista, ett\u00e4 korjausvelan maksamisesta kun rakennukset ovat nyt siin\u00e4 pisteess\u00e4 ett\u00e4 ne on korjattava tai uusittava kokonaisvaltaisesti.<\/p>\n<p>Ainut tulevien sukupolvien kannalta oikeudenmukainen keino tilanteen hoitamiselle on korjata koulut ja p\u00e4iv\u00e4kodin pikimmiten. Me emme voi sulkea silmi\u00e4mme ongelmalta, joka vaarantaa laadukkaan suomalaisen peruskoulutuksen ja varhaiskasvatuksen sek\u00e4 tulevien veronmaksajien ty\u00f6kyvyn puhumattakaan inhimillisyydest\u00e4.<\/p>\n<p>Tilanteen korjaaminen vaatii paljon resursseja ja toivon ett\u00e4 t\u00e4h\u00e4n vatakunnallisen ongelman korjaamiseen osallistuu kuntien lis\u00e4ksi my\u00f6s valtio. Viime budjettineuvotteluissa luvattiinkin<a href=\"http:\/\/yle.fi\/uutiset\/homekoulujen_korjauksiin_lisaa_rahaa\/6275635\"> 58 miljoonaa euroa t\u00e4h\u00e4n tarkoitukseen<\/a>. Ainakin opettajien ammattij\u00e4rjest\u00f6n mukaan se on kuitenkin riitt\u00e4m\u00e4t\u00f6n. Ottamalla homekoulujen korjaaminen seuraavien vuosien projektiksi alkaen nyt, elvyt\u00e4mme samalla rakennusalaa ja varmistamme terveet veronmaksajat tulevaisuudelle.<\/p>\n","protected":false},"excerpt":{"rendered":"<p>Sen lis\u00e4ksi, ett\u00e4 suuret ik\u00e4luokat ovat j\u00e4tt\u00e4m\u00e4ss\u00e4 meille melkoisen el\u00e4ketaakan maksettavaksi, on meit\u00e4 pieni\u00e4 ik\u00e4luokkia odottamassa toinenkin pommi. Se liittyy [&hellip;]<\/p>\n","protected":false},"author":2,"featured_media":0,"comment_status":"open","ping_status":"open","sticky":false,"template":"","format":"standard","meta":{"_monsterinsights_skip_tracking":false,"_monsterinsights_sitenote_active":false,"_monsterinsights_sitenote_note":"","_monsterinsights_sitenote_category":0,"site-sidebar-layout":"default","site-content-layout":"","ast-site-content-layout":"default","site-content-style":"default","site-sidebar-style":"default","ast-global-header-display":"","ast-banner-title-visibility":"","ast-main-header-display":"","ast-hfb-above-header-display":"","ast-hfb-below-header-display":"","ast-hfb-mobile-header-display":"","site-post-title":"","ast-breadcrumbs-content":"","ast-featured-img":"","footer-sml-layout":"","ast-disable-related-posts":"","theme-transparent-header-meta":"","adv-header-id-meta":"","stick-header-meta":"","header-above-stick-meta":"","header-main-stick-meta":"","header-below-stick-meta":"","astra-migrate-meta-layouts":"default","ast-page-background-enabled":"default","ast-page-background-meta":{"desktop":{"background-color":"var(--ast-global-color-5)","background-image":"","background-repeat":"repeat","background-position":"center center","background-size":"auto","background-attachment":"scroll","background-type":"","background-media":"","overlay-type":"","overlay-color":"","overlay-opacity":"","overlay-gradient":""},"tablet":{"background-color":"","background-image":"","background-repeat":"repeat","background-position":"center center","background-size":"auto","background-attachment":"scroll","background-type":"","background-media":"","overlay-type":"","overlay-color":"","overlay-opacity":"","overlay-gradient":""},"mobile":{"background-color":"","background-image":"","background-repeat":"repeat","background-position":"center center","background-size":"auto","background-attachment":"scroll","background-type":"","background-media":"","overlay-type":"","overlay-color":"","overlay-opacity":"","overlay-gradient":""}},"ast-content-background-meta":{"desktop":{"background-color":"var(--ast-global-color-4)","background-image":"","background-repeat":"repeat","background-position":"center center","background-size":"auto","background-attachment":"scroll","background-type":"","background-media":"","overlay-type":"","overlay-color":"","overlay-opacity":"","overlay-gradient":""},"tablet":{"background-color":"var(--ast-global-color-4)","background-image":"","background-repeat":"repeat","background-position":"center center","background-size":"auto","background-attachment":"scroll","background-type":"","background-media":"","overlay-type":"","overlay-color":"","overlay-opacity":"","overlay-gradient":""},"mobile":{"background-color":"var(--ast-global-color-4)","background-image":"","background-repeat":"repeat","background-position":"center center","background-size":"auto","background-attachment":"scroll","background-type":"","background-media":"","overlay-type":"","overlay-color":"","overlay-opacity":"","overlay-gradient":""}},"footnotes":""},"categories":[2],"tags":[47,48,49,50,51,52,53],"class_list":["post-486","post","type-post","status-publish","format-standard","hentry","category-blogi","tag-homekoulut","tag-homeongelmat","tag-homepaivakodit","tag-korjausvelka","tag-peruskoulutus","tag-sisailmaongelmat","tag-varhaiskasvatus"],"yoast_head":"<!-- This site is optimized with the Yoast SEO plugin v27.5 - https:\/\/yoast.com\/product\/yoast-seo-wordpress\/ -->\n<title>Homekoulut ja ep\u00e4oikeudenmukainen korjausvelka - Jenni Pitko - Vihreiden varapuheenjohtaja, ymp\u00e4rist\u00f6valiokunnan puheenjohtaja, kansanedustaja ja arkkitehti Oulusta<\/title>\n<meta name=\"robots\" content=\"index, follow, max-snippet:-1, max-image-preview:large, max-video-preview:-1\" \/>\n<link rel=\"canonical\" href=\"https:\/\/jennipitko.fi\/koti\/hintavat-homekoulut\/\" \/>\n<meta property=\"og:locale\" content=\"fi_FI\" \/>\n<meta property=\"og:type\" content=\"article\" \/>\n<meta property=\"og:title\" content=\"Homekoulut ja ep\u00e4oikeudenmukainen korjausvelka - Jenni Pitko - Vihreiden varapuheenjohtaja, ymp\u00e4rist\u00f6valiokunnan puheenjohtaja, kansanedustaja ja arkkitehti Oulusta\" \/>\n<meta property=\"og:description\" content=\"Sen lis\u00e4ksi, ett\u00e4 suuret ik\u00e4luokat ovat j\u00e4tt\u00e4m\u00e4ss\u00e4 meille melkoisen el\u00e4ketaakan maksettavaksi, on meit\u00e4 pieni\u00e4 ik\u00e4luokkia odottamassa toinenkin pommi. Se liittyy [&hellip;]\" \/>\n<meta property=\"og:url\" content=\"https:\/\/jennipitko.fi\/koti\/hintavat-homekoulut\/\" \/>\n<meta property=\"og:site_name\" content=\"Jenni Pitko - Vihreiden varapuheenjohtaja, ymp\u00e4rist\u00f6valiokunnan puheenjohtaja, kansanedustaja ja arkkitehti Oulusta\" \/>\n<meta property=\"article:published_time\" content=\"2012-10-06T14:24:35+00:00\" \/>\n<meta property=\"article:modified_time\" content=\"2014-12-30T15:03:12+00:00\" \/>\n<meta name=\"author\" content=\"Jenni\" \/>\n<meta name=\"twitter:card\" content=\"summary_large_image\" \/>\n<meta name=\"twitter:label1\" content=\"Kirjoittanut\" \/>\n\t<meta name=\"twitter:data1\" content=\"Jenni\" \/>\n\t<meta name=\"twitter:label2\" content=\"Arvioitu lukuaika\" \/>\n\t<meta name=\"twitter:data2\" content=\"1 minuutti\" \/>\n<script type=\"application\/ld+json\" class=\"yoast-schema-graph\">{\"@context\":\"https:\\\/\\\/schema.org\",\"@graph\":[{\"@type\":\"Article\",\"@id\":\"https:\\\/\\\/jennipitko.fi\\\/koti\\\/hintavat-homekoulut\\\/#article\",\"isPartOf\":{\"@id\":\"https:\\\/\\\/jennipitko.fi\\\/koti\\\/hintavat-homekoulut\\\/\"},\"author\":{\"name\":\"Jenni\",\"@id\":\"https:\\\/\\\/jennipitko.fi\\\/koti\\\/#\\\/schema\\\/person\\\/3f242bfe958144234373266ea416e4d6\"},\"headline\":\"Homekoulut ja ep\u00e4oikeudenmukainen korjausvelka\",\"datePublished\":\"2012-10-06T14:24:35+00:00\",\"dateModified\":\"2014-12-30T15:03:12+00:00\",\"mainEntityOfPage\":{\"@id\":\"https:\\\/\\\/jennipitko.fi\\\/koti\\\/hintavat-homekoulut\\\/\"},\"wordCount\":256,\"commentCount\":0,\"publisher\":{\"@id\":\"https:\\\/\\\/jennipitko.fi\\\/koti\\\/#organization\"},\"keywords\":[\"homekoulut\",\"homeongelmat\",\"homep\u00e4iv\u00e4kodit\",\"korjausvelka\",\"peruskoulutus\",\"sis\u00e4ilmaongelmat\",\"varhaiskasvatus\"],\"articleSection\":[\"Blogi\"],\"inLanguage\":\"fi\",\"potentialAction\":[{\"@type\":\"CommentAction\",\"name\":\"Comment\",\"target\":[\"https:\\\/\\\/jennipitko.fi\\\/koti\\\/hintavat-homekoulut\\\/#respond\"]}]},{\"@type\":\"WebPage\",\"@id\":\"https:\\\/\\\/jennipitko.fi\\\/koti\\\/hintavat-homekoulut\\\/\",\"url\":\"https:\\\/\\\/jennipitko.fi\\\/koti\\\/hintavat-homekoulut\\\/\",\"name\":\"Homekoulut ja ep\u00e4oikeudenmukainen korjausvelka - Jenni Pitko - Vihreiden varapuheenjohtaja, ymp\u00e4rist\u00f6valiokunnan puheenjohtaja, kansanedustaja ja arkkitehti Oulusta\",\"isPartOf\":{\"@id\":\"https:\\\/\\\/jennipitko.fi\\\/koti\\\/#website\"},\"datePublished\":\"2012-10-06T14:24:35+00:00\",\"dateModified\":\"2014-12-30T15:03:12+00:00\",\"breadcrumb\":{\"@id\":\"https:\\\/\\\/jennipitko.fi\\\/koti\\\/hintavat-homekoulut\\\/#breadcrumb\"},\"inLanguage\":\"fi\",\"potentialAction\":[{\"@type\":\"ReadAction\",\"target\":[\"https:\\\/\\\/jennipitko.fi\\\/koti\\\/hintavat-homekoulut\\\/\"]}]},{\"@type\":\"BreadcrumbList\",\"@id\":\"https:\\\/\\\/jennipitko.fi\\\/koti\\\/hintavat-homekoulut\\\/#breadcrumb\",\"itemListElement\":[{\"@type\":\"ListItem\",\"position\":1,\"name\":\"Home\",\"item\":\"https:\\\/\\\/jennipitko.fi\\\/koti\\\/\"},{\"@type\":\"ListItem\",\"position\":2,\"name\":\"Homekoulut ja ep\u00e4oikeudenmukainen korjausvelka\"}]},{\"@type\":\"WebSite\",\"@id\":\"https:\\\/\\\/jennipitko.fi\\\/koti\\\/#website\",\"url\":\"https:\\\/\\\/jennipitko.fi\\\/koti\\\/\",\"name\":\"Jenni Pitko - Vihreiden varapuheenjohtaja, ymp\u00e4rist\u00f6valiokunnan puheenjohtaja, kansanedustaja ja arkkitehti Oulusta\",\"description\":\"Jenni Pitko - Vihreiden varapuheenjohtaja, ymp\u00e4rist\u00f6valiokunnan puheenjohtaja, kansanedustaja ja arkkitehti Oulusta\",\"publisher\":{\"@id\":\"https:\\\/\\\/jennipitko.fi\\\/koti\\\/#organization\"},\"potentialAction\":[{\"@type\":\"SearchAction\",\"target\":{\"@type\":\"EntryPoint\",\"urlTemplate\":\"https:\\\/\\\/jennipitko.fi\\\/koti\\\/?s={search_term_string}\"},\"query-input\":{\"@type\":\"PropertyValueSpecification\",\"valueRequired\":true,\"valueName\":\"search_term_string\"}}],\"inLanguage\":\"fi\"},{\"@type\":\"Organization\",\"@id\":\"https:\\\/\\\/jennipitko.fi\\\/koti\\\/#organization\",\"name\":\"Jenni Pitko - Vihreiden varapuheenjohtaja, ymp\u00e4rist\u00f6valiokunnan puheenjohtaja, kansanedustaja ja arkkitehti Oulusta\",\"url\":\"https:\\\/\\\/jennipitko.fi\\\/koti\\\/\",\"logo\":{\"@type\":\"ImageObject\",\"inLanguage\":\"fi\",\"@id\":\"https:\\\/\\\/jennipitko.fi\\\/koti\\\/#\\\/schema\\\/logo\\\/image\\\/\",\"url\":\"https:\\\/\\\/jennipitko.fi\\\/koti\\\/wp-content\\\/uploads\\\/2025\\\/09\\\/Nimeton-malli-38.png\",\"contentUrl\":\"https:\\\/\\\/jennipitko.fi\\\/koti\\\/wp-content\\\/uploads\\\/2025\\\/09\\\/Nimeton-malli-38.png\",\"width\":1280,\"height\":847,\"caption\":\"Jenni Pitko - Vihreiden varapuheenjohtaja, ymp\u00e4rist\u00f6valiokunnan puheenjohtaja, kansanedustaja ja arkkitehti Oulusta\"},\"image\":{\"@id\":\"https:\\\/\\\/jennipitko.fi\\\/koti\\\/#\\\/schema\\\/logo\\\/image\\\/\"}},{\"@type\":\"Person\",\"@id\":\"https:\\\/\\\/jennipitko.fi\\\/koti\\\/#\\\/schema\\\/person\\\/3f242bfe958144234373266ea416e4d6\",\"name\":\"Jenni\",\"image\":{\"@type\":\"ImageObject\",\"inLanguage\":\"fi\",\"@id\":\"https:\\\/\\\/secure.gravatar.com\\\/avatar\\\/469343e1290c3e818159b4a4348708c09929f07a2f460e664497d6fb92f80743?s=96&d=blank&r=g\",\"url\":\"https:\\\/\\\/secure.gravatar.com\\\/avatar\\\/469343e1290c3e818159b4a4348708c09929f07a2f460e664497d6fb92f80743?s=96&d=blank&r=g\",\"contentUrl\":\"https:\\\/\\\/secure.gravatar.com\\\/avatar\\\/469343e1290c3e818159b4a4348708c09929f07a2f460e664497d6fb92f80743?s=96&d=blank&r=g\",\"caption\":\"Jenni\"},\"url\":\"https:\\\/\\\/jennipitko.fi\\\/koti\\\/author\\\/jenni-pitko\\\/\"}]}<\/script>\n<!-- \/ Yoast SEO plugin. -->","yoast_head_json":{"title":"Homekoulut ja ep\u00e4oikeudenmukainen korjausvelka - Jenni Pitko - Vihreiden varapuheenjohtaja, ymp\u00e4rist\u00f6valiokunnan puheenjohtaja, kansanedustaja ja arkkitehti Oulusta","robots":{"index":"index","follow":"follow","max-snippet":"max-snippet:-1","max-image-preview":"max-image-preview:large","max-video-preview":"max-video-preview:-1"},"canonical":"https:\/\/jennipitko.fi\/koti\/hintavat-homekoulut\/","og_locale":"fi_FI","og_type":"article","og_title":"Homekoulut ja ep\u00e4oikeudenmukainen korjausvelka - Jenni Pitko - Vihreiden varapuheenjohtaja, ymp\u00e4rist\u00f6valiokunnan puheenjohtaja, kansanedustaja ja arkkitehti Oulusta","og_description":"Sen lis\u00e4ksi, ett\u00e4 suuret ik\u00e4luokat ovat j\u00e4tt\u00e4m\u00e4ss\u00e4 meille melkoisen el\u00e4ketaakan maksettavaksi, on meit\u00e4 pieni\u00e4 ik\u00e4luokkia odottamassa toinenkin pommi. Se liittyy [&hellip;]","og_url":"https:\/\/jennipitko.fi\/koti\/hintavat-homekoulut\/","og_site_name":"Jenni Pitko - Vihreiden varapuheenjohtaja, ymp\u00e4rist\u00f6valiokunnan puheenjohtaja, kansanedustaja ja arkkitehti Oulusta","article_published_time":"2012-10-06T14:24:35+00:00","article_modified_time":"2014-12-30T15:03:12+00:00","author":"Jenni","twitter_card":"summary_large_image","twitter_misc":{"Kirjoittanut":"Jenni","Arvioitu lukuaika":"1 minuutti"},"schema":{"@context":"https:\/\/schema.org","@graph":[{"@type":"Article","@id":"https:\/\/jennipitko.fi\/koti\/hintavat-homekoulut\/#article","isPartOf":{"@id":"https:\/\/jennipitko.fi\/koti\/hintavat-homekoulut\/"},"author":{"name":"Jenni","@id":"https:\/\/jennipitko.fi\/koti\/#\/schema\/person\/3f242bfe958144234373266ea416e4d6"},"headline":"Homekoulut ja ep\u00e4oikeudenmukainen korjausvelka","datePublished":"2012-10-06T14:24:35+00:00","dateModified":"2014-12-30T15:03:12+00:00","mainEntityOfPage":{"@id":"https:\/\/jennipitko.fi\/koti\/hintavat-homekoulut\/"},"wordCount":256,"commentCount":0,"publisher":{"@id":"https:\/\/jennipitko.fi\/koti\/#organization"},"keywords":["homekoulut","homeongelmat","homep\u00e4iv\u00e4kodit","korjausvelka","peruskoulutus","sis\u00e4ilmaongelmat","varhaiskasvatus"],"articleSection":["Blogi"],"inLanguage":"fi","potentialAction":[{"@type":"CommentAction","name":"Comment","target":["https:\/\/jennipitko.fi\/koti\/hintavat-homekoulut\/#respond"]}]},{"@type":"WebPage","@id":"https:\/\/jennipitko.fi\/koti\/hintavat-homekoulut\/","url":"https:\/\/jennipitko.fi\/koti\/hintavat-homekoulut\/","name":"Homekoulut ja ep\u00e4oikeudenmukainen korjausvelka - Jenni Pitko - Vihreiden varapuheenjohtaja, ymp\u00e4rist\u00f6valiokunnan puheenjohtaja, kansanedustaja ja arkkitehti Oulusta","isPartOf":{"@id":"https:\/\/jennipitko.fi\/koti\/#website"},"datePublished":"2012-10-06T14:24:35+00:00","dateModified":"2014-12-30T15:03:12+00:00","breadcrumb":{"@id":"https:\/\/jennipitko.fi\/koti\/hintavat-homekoulut\/#breadcrumb"},"inLanguage":"fi","potentialAction":[{"@type":"ReadAction","target":["https:\/\/jennipitko.fi\/koti\/hintavat-homekoulut\/"]}]},{"@type":"BreadcrumbList","@id":"https:\/\/jennipitko.fi\/koti\/hintavat-homekoulut\/#breadcrumb","itemListElement":[{"@type":"ListItem","position":1,"name":"Home","item":"https:\/\/jennipitko.fi\/koti\/"},{"@type":"ListItem","position":2,"name":"Homekoulut ja ep\u00e4oikeudenmukainen korjausvelka"}]},{"@type":"WebSite","@id":"https:\/\/jennipitko.fi\/koti\/#website","url":"https:\/\/jennipitko.fi\/koti\/","name":"Jenni Pitko - Vihreiden varapuheenjohtaja, ymp\u00e4rist\u00f6valiokunnan puheenjohtaja, kansanedustaja ja arkkitehti Oulusta","description":"Jenni Pitko - Vihreiden varapuheenjohtaja, ymp\u00e4rist\u00f6valiokunnan puheenjohtaja, kansanedustaja ja arkkitehti Oulusta","publisher":{"@id":"https:\/\/jennipitko.fi\/koti\/#organization"},"potentialAction":[{"@type":"SearchAction","target":{"@type":"EntryPoint","urlTemplate":"https:\/\/jennipitko.fi\/koti\/?s={search_term_string}"},"query-input":{"@type":"PropertyValueSpecification","valueRequired":true,"valueName":"search_term_string"}}],"inLanguage":"fi"},{"@type":"Organization","@id":"https:\/\/jennipitko.fi\/koti\/#organization","name":"Jenni Pitko - Vihreiden varapuheenjohtaja, ymp\u00e4rist\u00f6valiokunnan puheenjohtaja, kansanedustaja ja arkkitehti Oulusta","url":"https:\/\/jennipitko.fi\/koti\/","logo":{"@type":"ImageObject","inLanguage":"fi","@id":"https:\/\/jennipitko.fi\/koti\/#\/schema\/logo\/image\/","url":"https:\/\/jennipitko.fi\/koti\/wp-content\/uploads\/2025\/09\/Nimeton-malli-38.png","contentUrl":"https:\/\/jennipitko.fi\/koti\/wp-content\/uploads\/2025\/09\/Nimeton-malli-38.png","width":1280,"height":847,"caption":"Jenni Pitko - Vihreiden varapuheenjohtaja, ymp\u00e4rist\u00f6valiokunnan puheenjohtaja, kansanedustaja ja arkkitehti Oulusta"},"image":{"@id":"https:\/\/jennipitko.fi\/koti\/#\/schema\/logo\/image\/"}},{"@type":"Person","@id":"https:\/\/jennipitko.fi\/koti\/#\/schema\/person\/3f242bfe958144234373266ea416e4d6","name":"Jenni","image":{"@type":"ImageObject","inLanguage":"fi","@id":"https:\/\/secure.gravatar.com\/avatar\/469343e1290c3e818159b4a4348708c09929f07a2f460e664497d6fb92f80743?s=96&d=blank&r=g","url":"https:\/\/secure.gravatar.com\/avatar\/469343e1290c3e818159b4a4348708c09929f07a2f460e664497d6fb92f80743?s=96&d=blank&r=g","contentUrl":"https:\/\/secure.gravatar.com\/avatar\/469343e1290c3e818159b4a4348708c09929f07a2f460e664497d6fb92f80743?s=96&d=blank&r=g","caption":"Jenni"},"url":"https:\/\/jennipitko.fi\/koti\/author\/jenni-pitko\/"}]}},"_links":{"self":[{"href":"https:\/\/jennipitko.fi\/koti\/wp-json\/wp\/v2\/posts\/486","targetHints":{"allow":["GET"]}}],"collection":[{"href":"https:\/\/jennipitko.fi\/koti\/wp-json\/wp\/v2\/posts"}],"about":[{"href":"https:\/\/jennipitko.fi\/koti\/wp-json\/wp\/v2\/types\/post"}],"author":[{"embeddable":true,"href":"https:\/\/jennipitko.fi\/koti\/wp-json\/wp\/v2\/users\/2"}],"replies":[{"embeddable":true,"href":"https:\/\/jennipitko.fi\/koti\/wp-json\/wp\/v2\/comments?post=486"}],"version-history":[{"count":1,"href":"https:\/\/jennipitko.fi\/koti\/wp-json\/wp\/v2\/posts\/486\/revisions"}],"predecessor-version":[{"id":783,"href":"https:\/\/jennipitko.fi\/koti\/wp-json\/wp\/v2\/posts\/486\/revisions\/783"}],"wp:attachment":[{"href":"https:\/\/jennipitko.fi\/koti\/wp-json\/wp\/v2\/media?parent=486"}],"wp:term":[{"taxonomy":"category","embeddable":true,"href":"https:\/\/jennipitko.fi\/koti\/wp-json\/wp\/v2\/categories?post=486"},{"taxonomy":"post_tag","embeddable":true,"href":"https:\/\/jennipitko.fi\/koti\/wp-json\/wp\/v2\/tags?post=486"}],"curies":[{"name":"wp","href":"https:\/\/api.w.org\/{rel}","templated":true}]}}