{"id":4886,"date":"2025-12-03T14:29:48","date_gmt":"2025-12-03T12:29:48","guid":{"rendered":"https:\/\/jennipitko.fi\/koti\/?p=4886"},"modified":"2025-12-03T14:29:51","modified_gmt":"2025-12-03T12:29:51","slug":"kirjallinen-kysymys-koirankasvatuksen-verokohtelusta","status":"publish","type":"post","link":"https:\/\/jennipitko.fi\/koti\/kirjallinen-kysymys-koirankasvatuksen-verokohtelusta\/","title":{"rendered":"Kirjallinen kysymys Koirankasvatuksen verokohtelusta"},"content":{"rendered":"\n<p>Kennelliitto ja verohallinto ovat pitk\u00e4\u00e4n k\u00e4yneet keskustelua siit\u00e4, miten verotuksessa koirankasvattamisen menoja ei hyv\u00e4ksyt\u00e4 verov\u00e4hennyskelpoiseksi samalla tavoin kuin monia muita elinkeinotoiminnan menoja. J\u00e4tin t\u00e4n\u00e4\u00e4n hallitukselle kirjallisen kysymyksen koirankasvatuksen verokohtelusta. <br><br>Se, ett\u00e4 koirankasvattamisesta koituvia kuluja vaikkapa tilojen, ravinnon ja terveydenhuollon osalta ei hyv\u00e4ksyt\u00e4 elinkeinotoiminnan menoiksi tuottaa merkitt\u00e4v\u00e4\u00e4 riski\u00e4 harmaasta taloudesta kasvatustoiminnassa. Kaikenlaiset riskit siihen, ett\u00e4 harmaa talous ja ep\u00e4asianmukainen toiminta lis\u00e4\u00e4ntyv\u00e4t, t\u00e4ytyy ottaa vakavasti. Ep\u00e4asiallisen toiminnan kannusteet pit\u00e4\u00e4 saada minimiin ja vastaavasti asiallisesti toimivia kasvattajia t\u00e4ytyy kohdella reilusti ja yhdenvertaisesti muun elinkeinotoiminnan kanssa.<br><br>Alla kirjallinen kysymys kokonaisuudessaan:<br><br><br>Kirjallinen kysymys<\/p>\n\n\n\n<p>Koirankasvattamisen elinkeinotoiminnan verotuksesta<\/p>\n\n\n\n<p>Kennelliitto ja verohallinto ovat k\u00e4yneet keskustelua siit\u00e4, miten koirankasvatusta kohdellaan elinkeinona eriarvoisesti verrattuna moneen muuhun elinkeinotoimintaan. Verottaja on antanut t\u00e4n\u00e4 vuonna asiakasohjeen koirankasvatusta koskien. Kennelliitto ja koirankasvattajat kokevat, ett\u00e4 ep\u00e4kohtiin ei edelleenk\u00e4\u00e4n ole puututtu.<\/p>\n\n\n\n<p>Keskeisi\u00e4 ep\u00e4kohtia on kolme, koskien toiminnan laajuuden m\u00e4\u00e4rittelem\u00e4tt\u00f6myytt\u00e4, verov\u00e4hennyskelposten menojen tiukkaa rajausta sek\u00e4 menojen jaksottamista.<\/p>\n\n\n\n<p>T\u00e4ll\u00e4 hetkell\u00e4 koirankasvatuksen laajutta, joka olisi verohallinnon silmiss\u00e4 riitt\u00e4v\u00e4n ammattimaista ollakseen elinkeinoitoimintaa, ei ole tarkasti m\u00e4\u00e4ritelty. T\u00e4m\u00e4 johtaa yht\u00e4\u00e4lt\u00e4 siihen, ett\u00e4 kasvattajan on vaikeaa ennakoida oman toimintansa verokohtelua ja toisaalta siihen, ett\u00e4 verottaja katsoo matalalla kynnyksell\u00e4 koirankasvatustoiminnan harrastustoiminnan luonteiseksi.&nbsp;<\/p>\n\n\n\n<p>Koirankasvatuksen kuluista merkitt\u00e4v\u00e4 osa katsotaan verov\u00e4hennyskelvottomiksi. Esimerkiksi kasvatettavien koirien ruokintaa, terveydenhuoltoa tai tilakuluja ei p\u00e4\u00e4s\u00e4\u00e4nt\u00f6isesti katsota v\u00e4hennyskelpoiseksi elinkeinotoiminnan menoksi. Samoin ongelmia aiheuttaa verohallinnon tulkinta, ett\u00e4 menot ovat verov\u00e4hennyskelpoisia vain pentujen syntym\u00e4vuonna. T\u00e4ll\u00f6in esimerkiksi tammikuussa syntyv\u00e4st\u00e4 pentueesta koituvia kuluja edelliselt\u00e4 vuodelta ei voida v\u00e4hent\u00e4\u00e4.<\/p>\n\n\n\n<p>Koirankasvattamisen verokohtelu on ongelmallista elinkeinojen v\u00e4lisen yhdenvertaisuuden kannalta. Suuri ongelma on my\u00f6s, ett\u00e4 se luo kannustimia harmaaseen talouteen. Asiallisesti toimivien kasvattajien tilanteen parantamiseksi ja my\u00f6s ep\u00e4asiallisen kasvatustoiminnan v\u00e4hent\u00e4miseksi tulisi verokohtelua yhdenvertaistaa.<\/p>\n\n\n\n<p>Edell\u00e4 olevan perusteella ja eduskunnan ty\u00f6j\u00e4rjestyksen 27\u00a7:\u00e4\u00e4n viitaten esit\u00e4n asiasta vastaavan ministerin vastattavaksi seuraavan kysymyksen<\/p>\n\n\n\n<p><em>Mit\u00e4 hallitus tekee parantaakseen koirankasvattamisen verokohtelua ja muuttaakseen sit\u00e4 yhdenvertaiseksi muun elinkeinotoiminnan kanssa?<\/em><\/p>\n\n\n\n<p>Helsingiss\u00e4 3.12. 2025<\/p>\n\n\n\n<p>Jenni Pitko \/ vihr.<br><\/p>\n\n\n\n<p><\/p>\n","protected":false},"excerpt":{"rendered":"<p>Kennelliitto ja verohallinto ovat pitk\u00e4\u00e4n k\u00e4yneet keskustelua siit\u00e4, miten verotuksessa koirankasvattamisen menoja ei hyv\u00e4ksyt\u00e4 verov\u00e4hennyskelpoiseksi samalla tavoin kuin monia muita [&hellip;]<\/p>\n","protected":false},"author":6,"featured_media":0,"comment_status":"closed","ping_status":"closed","sticky":false,"template":"","format":"standard","meta":{"_monsterinsights_skip_tracking":false,"_monsterinsights_sitenote_active":false,"_monsterinsights_sitenote_note":"","_monsterinsights_sitenote_category":0,"site-sidebar-layout":"default","site-content-layout":"","ast-site-content-layout":"default","site-content-style":"default","site-sidebar-style":"default","ast-global-header-display":"","ast-banner-title-visibility":"","ast-main-header-display":"","ast-hfb-above-header-display":"","ast-hfb-below-header-display":"","ast-hfb-mobile-header-display":"","site-post-title":"","ast-breadcrumbs-content":"","ast-featured-img":"","footer-sml-layout":"","ast-disable-related-posts":"","theme-transparent-header-meta":"","adv-header-id-meta":"","stick-header-meta":"","header-above-stick-meta":"","header-main-stick-meta":"","header-below-stick-meta":"","astra-migrate-meta-layouts":"default","ast-page-background-enabled":"default","ast-page-background-meta":{"desktop":{"background-color":"var(--ast-global-color-5)","background-image":"","background-repeat":"repeat","background-position":"center center","background-size":"auto","background-attachment":"scroll","background-type":"","background-media":"","overlay-type":"","overlay-color":"","overlay-opacity":"","overlay-gradient":""},"tablet":{"background-color":"","background-image":"","background-repeat":"repeat","background-position":"center center","background-size":"auto","background-attachment":"scroll","background-type":"","background-media":"","overlay-type":"","overlay-color":"","overlay-opacity":"","overlay-gradient":""},"mobile":{"background-color":"","background-image":"","background-repeat":"repeat","background-position":"center center","background-size":"auto","background-attachment":"scroll","background-type":"","background-media":"","overlay-type":"","overlay-color":"","overlay-opacity":"","overlay-gradient":""}},"ast-content-background-meta":{"desktop":{"background-color":"var(--ast-global-color-4)","background-image":"","background-repeat":"repeat","background-position":"center center","background-size":"auto","background-attachment":"scroll","background-type":"","background-media":"","overlay-type":"","overlay-color":"","overlay-opacity":"","overlay-gradient":""},"tablet":{"background-color":"var(--ast-global-color-4)","background-image":"","background-repeat":"repeat","background-position":"center center","background-size":"auto","background-attachment":"scroll","background-type":"","background-media":"","overlay-type":"","overlay-color":"","overlay-opacity":"","overlay-gradient":""},"mobile":{"background-color":"var(--ast-global-color-4)","background-image":"","background-repeat":"repeat","background-position":"center center","background-size":"auto","background-attachment":"scroll","background-type":"","background-media":"","overlay-type":"","overlay-color":"","overlay-opacity":"","overlay-gradient":""}},"footnotes":""},"categories":[1],"tags":[],"class_list":["post-4886","post","type-post","status-publish","format-standard","hentry","category-uncategorized"],"yoast_head":"<!-- This site is optimized with the Yoast SEO plugin v27.5 - https:\/\/yoast.com\/product\/yoast-seo-wordpress\/ -->\n<title>Kirjallinen kysymys Koirankasvatuksen verokohtelusta - Jenni Pitko - Vihreiden varapuheenjohtaja, ymp\u00e4rist\u00f6valiokunnan puheenjohtaja, kansanedustaja ja arkkitehti Oulusta<\/title>\n<meta name=\"robots\" content=\"index, follow, max-snippet:-1, max-image-preview:large, max-video-preview:-1\" \/>\n<link rel=\"canonical\" href=\"https:\/\/jennipitko.fi\/koti\/kirjallinen-kysymys-koirankasvatuksen-verokohtelusta\/\" \/>\n<meta property=\"og:locale\" content=\"fi_FI\" \/>\n<meta property=\"og:type\" content=\"article\" \/>\n<meta property=\"og:title\" content=\"Kirjallinen kysymys Koirankasvatuksen verokohtelusta - Jenni Pitko - Vihreiden varapuheenjohtaja, ymp\u00e4rist\u00f6valiokunnan puheenjohtaja, kansanedustaja ja arkkitehti Oulusta\" \/>\n<meta property=\"og:description\" content=\"Kennelliitto ja verohallinto ovat pitk\u00e4\u00e4n k\u00e4yneet keskustelua siit\u00e4, miten verotuksessa koirankasvattamisen menoja ei hyv\u00e4ksyt\u00e4 verov\u00e4hennyskelpoiseksi samalla tavoin kuin monia muita [&hellip;]\" \/>\n<meta property=\"og:url\" content=\"https:\/\/jennipitko.fi\/koti\/kirjallinen-kysymys-koirankasvatuksen-verokohtelusta\/\" \/>\n<meta property=\"og:site_name\" content=\"Jenni Pitko - Vihreiden varapuheenjohtaja, ymp\u00e4rist\u00f6valiokunnan puheenjohtaja, kansanedustaja ja arkkitehti Oulusta\" \/>\n<meta property=\"article:published_time\" content=\"2025-12-03T12:29:48+00:00\" \/>\n<meta property=\"article:modified_time\" content=\"2025-12-03T12:29:51+00:00\" \/>\n<meta name=\"author\" content=\"Eetu Kreivi\" \/>\n<meta name=\"twitter:card\" content=\"summary_large_image\" \/>\n<meta name=\"twitter:label1\" content=\"Kirjoittanut\" \/>\n\t<meta name=\"twitter:data1\" content=\"Eetu Kreivi\" \/>\n\t<meta name=\"twitter:label2\" content=\"Arvioitu lukuaika\" \/>\n\t<meta name=\"twitter:data2\" content=\"2 minuuttia\" \/>\n<script type=\"application\/ld+json\" class=\"yoast-schema-graph\">{\"@context\":\"https:\\\/\\\/schema.org\",\"@graph\":[{\"@type\":\"Article\",\"@id\":\"https:\\\/\\\/jennipitko.fi\\\/koti\\\/kirjallinen-kysymys-koirankasvatuksen-verokohtelusta\\\/#article\",\"isPartOf\":{\"@id\":\"https:\\\/\\\/jennipitko.fi\\\/koti\\\/kirjallinen-kysymys-koirankasvatuksen-verokohtelusta\\\/\"},\"author\":{\"name\":\"Eetu Kreivi\",\"@id\":\"https:\\\/\\\/jennipitko.fi\\\/koti\\\/#\\\/schema\\\/person\\\/fa589e4a5136544fba0265daaa71d09d\"},\"headline\":\"Kirjallinen kysymys Koirankasvatuksen verokohtelusta\",\"datePublished\":\"2025-12-03T12:29:48+00:00\",\"dateModified\":\"2025-12-03T12:29:51+00:00\",\"mainEntityOfPage\":{\"@id\":\"https:\\\/\\\/jennipitko.fi\\\/koti\\\/kirjallinen-kysymys-koirankasvatuksen-verokohtelusta\\\/\"},\"wordCount\":341,\"publisher\":{\"@id\":\"https:\\\/\\\/jennipitko.fi\\\/koti\\\/#organization\"},\"articleSection\":[\"Uncategorized\"],\"inLanguage\":\"fi\"},{\"@type\":\"WebPage\",\"@id\":\"https:\\\/\\\/jennipitko.fi\\\/koti\\\/kirjallinen-kysymys-koirankasvatuksen-verokohtelusta\\\/\",\"url\":\"https:\\\/\\\/jennipitko.fi\\\/koti\\\/kirjallinen-kysymys-koirankasvatuksen-verokohtelusta\\\/\",\"name\":\"Kirjallinen kysymys Koirankasvatuksen verokohtelusta - Jenni Pitko - Vihreiden varapuheenjohtaja, ymp\u00e4rist\u00f6valiokunnan puheenjohtaja, kansanedustaja ja arkkitehti Oulusta\",\"isPartOf\":{\"@id\":\"https:\\\/\\\/jennipitko.fi\\\/koti\\\/#website\"},\"datePublished\":\"2025-12-03T12:29:48+00:00\",\"dateModified\":\"2025-12-03T12:29:51+00:00\",\"breadcrumb\":{\"@id\":\"https:\\\/\\\/jennipitko.fi\\\/koti\\\/kirjallinen-kysymys-koirankasvatuksen-verokohtelusta\\\/#breadcrumb\"},\"inLanguage\":\"fi\",\"potentialAction\":[{\"@type\":\"ReadAction\",\"target\":[\"https:\\\/\\\/jennipitko.fi\\\/koti\\\/kirjallinen-kysymys-koirankasvatuksen-verokohtelusta\\\/\"]}]},{\"@type\":\"BreadcrumbList\",\"@id\":\"https:\\\/\\\/jennipitko.fi\\\/koti\\\/kirjallinen-kysymys-koirankasvatuksen-verokohtelusta\\\/#breadcrumb\",\"itemListElement\":[{\"@type\":\"ListItem\",\"position\":1,\"name\":\"Home\",\"item\":\"https:\\\/\\\/jennipitko.fi\\\/koti\\\/\"},{\"@type\":\"ListItem\",\"position\":2,\"name\":\"Kirjallinen kysymys Koirankasvatuksen verokohtelusta\"}]},{\"@type\":\"WebSite\",\"@id\":\"https:\\\/\\\/jennipitko.fi\\\/koti\\\/#website\",\"url\":\"https:\\\/\\\/jennipitko.fi\\\/koti\\\/\",\"name\":\"Jenni Pitko - Vihreiden varapuheenjohtaja, ymp\u00e4rist\u00f6valiokunnan puheenjohtaja, kansanedustaja ja arkkitehti Oulusta\",\"description\":\"Jenni Pitko - Vihreiden varapuheenjohtaja, ymp\u00e4rist\u00f6valiokunnan puheenjohtaja, kansanedustaja ja arkkitehti Oulusta\",\"publisher\":{\"@id\":\"https:\\\/\\\/jennipitko.fi\\\/koti\\\/#organization\"},\"potentialAction\":[{\"@type\":\"SearchAction\",\"target\":{\"@type\":\"EntryPoint\",\"urlTemplate\":\"https:\\\/\\\/jennipitko.fi\\\/koti\\\/?s={search_term_string}\"},\"query-input\":{\"@type\":\"PropertyValueSpecification\",\"valueRequired\":true,\"valueName\":\"search_term_string\"}}],\"inLanguage\":\"fi\"},{\"@type\":\"Organization\",\"@id\":\"https:\\\/\\\/jennipitko.fi\\\/koti\\\/#organization\",\"name\":\"Jenni Pitko - Vihreiden varapuheenjohtaja, ymp\u00e4rist\u00f6valiokunnan puheenjohtaja, kansanedustaja ja arkkitehti Oulusta\",\"url\":\"https:\\\/\\\/jennipitko.fi\\\/koti\\\/\",\"logo\":{\"@type\":\"ImageObject\",\"inLanguage\":\"fi\",\"@id\":\"https:\\\/\\\/jennipitko.fi\\\/koti\\\/#\\\/schema\\\/logo\\\/image\\\/\",\"url\":\"https:\\\/\\\/jennipitko.fi\\\/koti\\\/wp-content\\\/uploads\\\/2025\\\/09\\\/Nimeton-malli-38.png\",\"contentUrl\":\"https:\\\/\\\/jennipitko.fi\\\/koti\\\/wp-content\\\/uploads\\\/2025\\\/09\\\/Nimeton-malli-38.png\",\"width\":1280,\"height\":847,\"caption\":\"Jenni Pitko - Vihreiden varapuheenjohtaja, ymp\u00e4rist\u00f6valiokunnan puheenjohtaja, kansanedustaja ja arkkitehti Oulusta\"},\"image\":{\"@id\":\"https:\\\/\\\/jennipitko.fi\\\/koti\\\/#\\\/schema\\\/logo\\\/image\\\/\"}},{\"@type\":\"Person\",\"@id\":\"https:\\\/\\\/jennipitko.fi\\\/koti\\\/#\\\/schema\\\/person\\\/fa589e4a5136544fba0265daaa71d09d\",\"name\":\"Eetu Kreivi\",\"image\":{\"@type\":\"ImageObject\",\"inLanguage\":\"fi\",\"@id\":\"https:\\\/\\\/secure.gravatar.com\\\/avatar\\\/1a86e17da575cd16022ef1ac84e872d083c6c56eecfb5c962e0ab3fd1423318e?s=96&d=blank&r=g\",\"url\":\"https:\\\/\\\/secure.gravatar.com\\\/avatar\\\/1a86e17da575cd16022ef1ac84e872d083c6c56eecfb5c962e0ab3fd1423318e?s=96&d=blank&r=g\",\"contentUrl\":\"https:\\\/\\\/secure.gravatar.com\\\/avatar\\\/1a86e17da575cd16022ef1ac84e872d083c6c56eecfb5c962e0ab3fd1423318e?s=96&d=blank&r=g\",\"caption\":\"Eetu Kreivi\"},\"url\":\"https:\\\/\\\/jennipitko.fi\\\/koti\\\/author\\\/eetu\\\/\"}]}<\/script>\n<!-- \/ Yoast SEO plugin. -->","yoast_head_json":{"title":"Kirjallinen kysymys Koirankasvatuksen verokohtelusta - Jenni Pitko - Vihreiden varapuheenjohtaja, ymp\u00e4rist\u00f6valiokunnan puheenjohtaja, kansanedustaja ja arkkitehti Oulusta","robots":{"index":"index","follow":"follow","max-snippet":"max-snippet:-1","max-image-preview":"max-image-preview:large","max-video-preview":"max-video-preview:-1"},"canonical":"https:\/\/jennipitko.fi\/koti\/kirjallinen-kysymys-koirankasvatuksen-verokohtelusta\/","og_locale":"fi_FI","og_type":"article","og_title":"Kirjallinen kysymys Koirankasvatuksen verokohtelusta - Jenni Pitko - Vihreiden varapuheenjohtaja, ymp\u00e4rist\u00f6valiokunnan puheenjohtaja, kansanedustaja ja arkkitehti Oulusta","og_description":"Kennelliitto ja verohallinto ovat pitk\u00e4\u00e4n k\u00e4yneet keskustelua siit\u00e4, miten verotuksessa koirankasvattamisen menoja ei hyv\u00e4ksyt\u00e4 verov\u00e4hennyskelpoiseksi samalla tavoin kuin monia muita [&hellip;]","og_url":"https:\/\/jennipitko.fi\/koti\/kirjallinen-kysymys-koirankasvatuksen-verokohtelusta\/","og_site_name":"Jenni Pitko - Vihreiden varapuheenjohtaja, ymp\u00e4rist\u00f6valiokunnan puheenjohtaja, kansanedustaja ja arkkitehti Oulusta","article_published_time":"2025-12-03T12:29:48+00:00","article_modified_time":"2025-12-03T12:29:51+00:00","author":"Eetu Kreivi","twitter_card":"summary_large_image","twitter_misc":{"Kirjoittanut":"Eetu Kreivi","Arvioitu lukuaika":"2 minuuttia"},"schema":{"@context":"https:\/\/schema.org","@graph":[{"@type":"Article","@id":"https:\/\/jennipitko.fi\/koti\/kirjallinen-kysymys-koirankasvatuksen-verokohtelusta\/#article","isPartOf":{"@id":"https:\/\/jennipitko.fi\/koti\/kirjallinen-kysymys-koirankasvatuksen-verokohtelusta\/"},"author":{"name":"Eetu Kreivi","@id":"https:\/\/jennipitko.fi\/koti\/#\/schema\/person\/fa589e4a5136544fba0265daaa71d09d"},"headline":"Kirjallinen kysymys Koirankasvatuksen verokohtelusta","datePublished":"2025-12-03T12:29:48+00:00","dateModified":"2025-12-03T12:29:51+00:00","mainEntityOfPage":{"@id":"https:\/\/jennipitko.fi\/koti\/kirjallinen-kysymys-koirankasvatuksen-verokohtelusta\/"},"wordCount":341,"publisher":{"@id":"https:\/\/jennipitko.fi\/koti\/#organization"},"articleSection":["Uncategorized"],"inLanguage":"fi"},{"@type":"WebPage","@id":"https:\/\/jennipitko.fi\/koti\/kirjallinen-kysymys-koirankasvatuksen-verokohtelusta\/","url":"https:\/\/jennipitko.fi\/koti\/kirjallinen-kysymys-koirankasvatuksen-verokohtelusta\/","name":"Kirjallinen kysymys Koirankasvatuksen verokohtelusta - Jenni Pitko - Vihreiden varapuheenjohtaja, ymp\u00e4rist\u00f6valiokunnan puheenjohtaja, kansanedustaja ja arkkitehti Oulusta","isPartOf":{"@id":"https:\/\/jennipitko.fi\/koti\/#website"},"datePublished":"2025-12-03T12:29:48+00:00","dateModified":"2025-12-03T12:29:51+00:00","breadcrumb":{"@id":"https:\/\/jennipitko.fi\/koti\/kirjallinen-kysymys-koirankasvatuksen-verokohtelusta\/#breadcrumb"},"inLanguage":"fi","potentialAction":[{"@type":"ReadAction","target":["https:\/\/jennipitko.fi\/koti\/kirjallinen-kysymys-koirankasvatuksen-verokohtelusta\/"]}]},{"@type":"BreadcrumbList","@id":"https:\/\/jennipitko.fi\/koti\/kirjallinen-kysymys-koirankasvatuksen-verokohtelusta\/#breadcrumb","itemListElement":[{"@type":"ListItem","position":1,"name":"Home","item":"https:\/\/jennipitko.fi\/koti\/"},{"@type":"ListItem","position":2,"name":"Kirjallinen kysymys Koirankasvatuksen verokohtelusta"}]},{"@type":"WebSite","@id":"https:\/\/jennipitko.fi\/koti\/#website","url":"https:\/\/jennipitko.fi\/koti\/","name":"Jenni Pitko - Vihreiden varapuheenjohtaja, ymp\u00e4rist\u00f6valiokunnan puheenjohtaja, kansanedustaja ja arkkitehti Oulusta","description":"Jenni Pitko - Vihreiden varapuheenjohtaja, ymp\u00e4rist\u00f6valiokunnan puheenjohtaja, kansanedustaja ja arkkitehti Oulusta","publisher":{"@id":"https:\/\/jennipitko.fi\/koti\/#organization"},"potentialAction":[{"@type":"SearchAction","target":{"@type":"EntryPoint","urlTemplate":"https:\/\/jennipitko.fi\/koti\/?s={search_term_string}"},"query-input":{"@type":"PropertyValueSpecification","valueRequired":true,"valueName":"search_term_string"}}],"inLanguage":"fi"},{"@type":"Organization","@id":"https:\/\/jennipitko.fi\/koti\/#organization","name":"Jenni Pitko - Vihreiden varapuheenjohtaja, ymp\u00e4rist\u00f6valiokunnan puheenjohtaja, kansanedustaja ja arkkitehti Oulusta","url":"https:\/\/jennipitko.fi\/koti\/","logo":{"@type":"ImageObject","inLanguage":"fi","@id":"https:\/\/jennipitko.fi\/koti\/#\/schema\/logo\/image\/","url":"https:\/\/jennipitko.fi\/koti\/wp-content\/uploads\/2025\/09\/Nimeton-malli-38.png","contentUrl":"https:\/\/jennipitko.fi\/koti\/wp-content\/uploads\/2025\/09\/Nimeton-malli-38.png","width":1280,"height":847,"caption":"Jenni Pitko - Vihreiden varapuheenjohtaja, ymp\u00e4rist\u00f6valiokunnan puheenjohtaja, kansanedustaja ja arkkitehti Oulusta"},"image":{"@id":"https:\/\/jennipitko.fi\/koti\/#\/schema\/logo\/image\/"}},{"@type":"Person","@id":"https:\/\/jennipitko.fi\/koti\/#\/schema\/person\/fa589e4a5136544fba0265daaa71d09d","name":"Eetu Kreivi","image":{"@type":"ImageObject","inLanguage":"fi","@id":"https:\/\/secure.gravatar.com\/avatar\/1a86e17da575cd16022ef1ac84e872d083c6c56eecfb5c962e0ab3fd1423318e?s=96&d=blank&r=g","url":"https:\/\/secure.gravatar.com\/avatar\/1a86e17da575cd16022ef1ac84e872d083c6c56eecfb5c962e0ab3fd1423318e?s=96&d=blank&r=g","contentUrl":"https:\/\/secure.gravatar.com\/avatar\/1a86e17da575cd16022ef1ac84e872d083c6c56eecfb5c962e0ab3fd1423318e?s=96&d=blank&r=g","caption":"Eetu Kreivi"},"url":"https:\/\/jennipitko.fi\/koti\/author\/eetu\/"}]}},"_links":{"self":[{"href":"https:\/\/jennipitko.fi\/koti\/wp-json\/wp\/v2\/posts\/4886","targetHints":{"allow":["GET"]}}],"collection":[{"href":"https:\/\/jennipitko.fi\/koti\/wp-json\/wp\/v2\/posts"}],"about":[{"href":"https:\/\/jennipitko.fi\/koti\/wp-json\/wp\/v2\/types\/post"}],"author":[{"embeddable":true,"href":"https:\/\/jennipitko.fi\/koti\/wp-json\/wp\/v2\/users\/6"}],"replies":[{"embeddable":true,"href":"https:\/\/jennipitko.fi\/koti\/wp-json\/wp\/v2\/comments?post=4886"}],"version-history":[{"count":1,"href":"https:\/\/jennipitko.fi\/koti\/wp-json\/wp\/v2\/posts\/4886\/revisions"}],"predecessor-version":[{"id":4887,"href":"https:\/\/jennipitko.fi\/koti\/wp-json\/wp\/v2\/posts\/4886\/revisions\/4887"}],"wp:attachment":[{"href":"https:\/\/jennipitko.fi\/koti\/wp-json\/wp\/v2\/media?parent=4886"}],"wp:term":[{"taxonomy":"category","embeddable":true,"href":"https:\/\/jennipitko.fi\/koti\/wp-json\/wp\/v2\/categories?post=4886"},{"taxonomy":"post_tag","embeddable":true,"href":"https:\/\/jennipitko.fi\/koti\/wp-json\/wp\/v2\/tags?post=4886"}],"curies":[{"name":"wp","href":"https:\/\/api.w.org\/{rel}","templated":true}]}}