{"id":501,"date":"2012-10-14T18:46:22","date_gmt":"2012-10-14T16:46:22","guid":{"rendered":"http:\/\/henkilot.vihreat.fi\/jenni.pitko\/?p=501"},"modified":"2014-12-30T15:03:44","modified_gmt":"2014-12-30T15:03:44","slug":"tavoitteena-paras-pyorailykaupunki-osa-2-keskustapyoraily","status":"publish","type":"post","link":"https:\/\/jennipitko.fi\/koti\/tavoitteena-paras-pyorailykaupunki-osa-2-keskustapyoraily\/","title":{"rendered":"Tavoitteena paras py\u00f6r\u00e4ilykaupunki, osa 2: keskustapy\u00f6r\u00e4ily"},"content":{"rendered":"<p>Aikaisemmassa py\u00f6r\u00e4ily\u00e4 koskevassa\u00a0<a href=\"http:\/\/henkilot.vihreat.fi\/jenni.pitko\/2012\/09\/19\/arkiliikunta\/\">blogissani<\/a> puhuin py\u00f6r\u00e4ily\u00e4 edist\u00e4v\u00e4st\u00e4 ymp\u00e4rist\u00f6st\u00e4 ja siit\u00e4, millainen on hyv\u00e4 py\u00f6r\u00e4tie ja -reitti. Totesin, ett\u00e4 Oulussa on mahtavia py\u00f6r\u00e4ilypaikkoja ja -maisemia, mutta ongelmia on varsinkin keskusta-Linnanmaa v\u00e4lill\u00e4 sek\u00e4 koko keskustan alueella. Parasta py\u00f6r\u00e4ilykaupunkia ei voi mitata vain py\u00f6r\u00e4teiden pituudella vaan tyytyv\u00e4isill\u00e4 k\u00e4ytt\u00e4jill\u00e4.<\/p>\n<p>Oulun mainetta maan parhaana py\u00f6r\u00e4ilykaupunkina tulee kyseenalaistaneeksi varmaan jokainen joka on py\u00f6r\u00e4illyt Oulun keskustassa. Ongelmia on monenlaisia. py\u00f6r\u00e4kaistojen puute, py\u00f6rien pys\u00e4k\u00f6innin vaikeus, sek\u00e4 parkkien sijainnin ett\u00e4 talvikunnossapidon osalta ja ep\u00e4selvyys k\u00e4velij\u00f6iden, py\u00f6r\u00e4ilij\u00f6iden sek\u00e4 autoilijoiden osalta siit\u00e4, mik\u00e4 on py\u00f6r\u00e4ilij\u00e4n paikka.<!--more--><\/p>\n<p><strong>Torikatu<\/strong>\u00a0on Oulun keskustan py\u00f6r\u00e4ilykatu. Katu on vaikea py\u00f6r\u00e4ill\u00e4 koska tiell\u00e4 on py\u00f6r\u00e4pys\u00e4kkej\u00e4 (esim. Viinibaari Voxin kohdalla) haittaamassa sujuvaa matkantekoa. Py\u00f6r\u00e4ilij\u00e4n kohtaa kadusta ei ole merkitty hyvin, joten siin\u00e4 kulkee k\u00e4velij\u00f6it\u00e4. Jos py\u00f6r\u00e4ilij\u00e4 s\u00e4\u00e4nt\u00f6jen mukaan pyrkii py\u00f6r\u00e4ilem\u00e4\u00e4n kadun reunassa, joutuu h\u00e4n t\u00e4ll\u00f6in kulkemaan Toripakan bussipys\u00e4kkien edest\u00e4.<\/p>\n<figure style=\"width: 300px\" class=\"wp-caption alignright\"><img fetchpriority=\"high\" decoding=\"async\" style=\"max-width: 100%;\" title=\"Oulu\" src=\"http:\/\/www.phyang.org\/photo\/image\/bike2work6_green_lane.jpg\" alt=\"Bike2work6 Green Lane\" width=\"300\" height=\"200\"><figcaption class=\"wp-caption-text\">V\u00e4ri kertoo py\u00f6r\u00e4ikaistan sijainnin.<\/figcaption><\/figure>\n<p>Keskustan muutamat py\u00f6r\u00e4kaistat ovat usein k\u00e4velij\u00f6iden k\u00e4yt\u00f6ss\u00e4, koska py\u00f6r\u00e4kaistan k\u00e4ytt\u00f6tarkoituksesta kertoo vain liikennemerkki. Itse tiess\u00e4 ei ole merkint\u00f6j\u00e4. Minusta Euroopan suurista kaupungeistakin tutut v\u00e4rikk\u00e4\u00e4t py\u00f6r\u00e4kaistamerkinn\u00e4t ovat kivan urbaaneja elementtej\u00e4 joita voisi k\u00e4ytt\u00e4\u00e4 Oulussakin sujuvoittamaan liikennett\u00e4. Tai hillitymmin py\u00f6r\u00e4n kuvien valkoinen katumaali ajaisi saman asian.<\/p>\n<p>Suurimmassa osassa keskustaa on py\u00f6r\u00e4ilij\u00e4n paikka autoteill\u00e4. Ei autojen seassa py\u00f6r\u00e4ily mahdottomuus olekaan, kyll\u00e4h\u00e4n keskustan pikkutiet, varsinkin yksisuuntaiset ovat melko rauhallisia ja autot ajavat hitaasti. Kuitenkin harva autoilija tuntuu osaavan suhtautua autotiell\u00e4 py\u00f6r\u00e4ilev\u00e4\u00e4n. Keskustassa py\u00f6r\u00e4ilee my\u00f6s lapsia ja nuoria jotka eiv\u00e4t v\u00e4ltt\u00e4m\u00e4tt\u00e4 tunne autoilijoiden liikennes\u00e4\u00e4nt\u00f6j\u00e4, joten olisi hyv\u00e4 ett\u00e4 heille l\u00f6ytyisi turvallisempi py\u00f6r\u00e4ilypaikka.<\/p>\n<p>Me oululaiset py\u00f6r\u00e4ilemme my\u00f6s talvella. Py\u00f6r\u00e4telineet pit\u00e4isikin pysty\u00e4 auraamaan ja pit\u00e4m\u00e4\u00e4n k\u00e4ytt\u00f6kelpoisina my\u00f6s talvella, mutta Oulussa se ei tunnu onnistuvan (kuva alhaalla). Jos asiaa ei kaupungilla saada muuten ratkaistua (mallia voisi ottaa yliopiston auratuista py\u00f6r\u00e4parkeista) niin ratkaisuna voisivat olla katetut py\u00f6r\u00e4parkit.<\/p>\n<p>Py\u00f6rien pys\u00e4k\u00f6innin keskitt\u00e4minen keskustan laidoille ihmetytt\u00e4\u00e4 minua. Py\u00f6r\u00e4parkkien pit\u00e4isi ehdottomasti olla siell\u00e4 miss\u00e4 on palvelut ja ihmiset! Minua ei ainakaan haittaisi siististi pys\u00e4k\u00f6idyt py\u00f6r\u00e4t Rotuaarilla.<\/p>\n<figure style=\"width: 593px\" class=\"wp-caption aligncenter\"><img decoding=\"async\" style=\"max-width: 100%;\" title=\"Oulu\" src=\"http:\/\/ibikeoulu.fi\/wp-content\/uploads\/2012\/02\/oulu-on-kaupungin-nimi.jpg\" alt=\"Oulu On Kaupungin Nimi\" width=\"593\" height=\"389\"><figcaption class=\"wp-caption-text\">Py\u00f6r\u00e4pys\u00e4k\u00f6inti Stockmannin edess\u00e4 viime helmikuussa.<\/figcaption><\/figure>\n<p>Jos siis Oulu todella haluaa tavoitella\u00a0<a href=\"http:\/\/yle.fi\/uutiset\/hyvat_olosuhteet_innoittavat_talvipyorailyyn\/3121599\">Maailman parhaan talvipy\u00f6r\u00e4ilykaupungin mainetta<\/a>\u00a0tai ylip\u00e4\u00e4ns\u00e4 hyv\u00e4n py\u00f6r\u00e4ilykaupungin, niin ainakin n\u00e4m\u00e4 pit\u00e4\u00e4 laittaa kuntoon:<\/p>\n<p>&#8211; \u00a0 \u00a0 Keskustaan lis\u00e4\u00e4 esteett\u00f6mi\u00e4 py\u00f6r\u00e4kaistoja.<\/p>\n<p>&#8211; \u00a0 \u00a0 Keskustan l\u00e4pi kaksi erisuuntaista selke\u00e4\u00e4 py\u00f6r\u00e4reitti\u00e4, esim. Isokatu ja Hallituskatu<\/p>\n<p>&#8211; \u00a0 \u00a0 Py\u00f6r\u00e4kaistat ja kevyenliikenteenv\u00e4yl\u00e4t merkitt\u00e4v\u00e4 paremmin, jotta jalankulkijat osaavat kulkea \u00a0 \u00a0 \u00a0 oikein.<\/p>\n<p>&#8211; \u00a0 \u00a0 Py\u00f6r\u00e4parkkeja tarpeeksi sinne miss\u00e4 on palveluita (esim. Rotuaari)<\/p>\n<p>&#8211; \u00a0 \u00a0 Katettuja py\u00f6r\u00e4parkkeja lumen ja sateen varalle.<\/p>\n<div><strong>L\u00e4hteet:<\/strong><\/div>\n<div>Kuva:\u00a0http:\/\/ibikeoulu.fi\/?attachment_id=123<\/div>\n<div><\/div>\n","protected":false},"excerpt":{"rendered":"<p>Aikaisemmassa py\u00f6r\u00e4ily\u00e4 koskevassa\u00a0blogissani puhuin py\u00f6r\u00e4ily\u00e4 edist\u00e4v\u00e4st\u00e4 ymp\u00e4rist\u00f6st\u00e4 ja siit\u00e4, millainen on hyv\u00e4 py\u00f6r\u00e4tie ja -reitti. Totesin, ett\u00e4 Oulussa on mahtavia [&hellip;]<\/p>\n","protected":false},"author":2,"featured_media":0,"comment_status":"open","ping_status":"open","sticky":false,"template":"","format":"standard","meta":{"_monsterinsights_skip_tracking":false,"_monsterinsights_sitenote_active":false,"_monsterinsights_sitenote_note":"","_monsterinsights_sitenote_category":0,"site-sidebar-layout":"default","site-content-layout":"","ast-site-content-layout":"default","site-content-style":"default","site-sidebar-style":"default","ast-global-header-display":"","ast-banner-title-visibility":"","ast-main-header-display":"","ast-hfb-above-header-display":"","ast-hfb-below-header-display":"","ast-hfb-mobile-header-display":"","site-post-title":"","ast-breadcrumbs-content":"","ast-featured-img":"","footer-sml-layout":"","ast-disable-related-posts":"","theme-transparent-header-meta":"","adv-header-id-meta":"","stick-header-meta":"","header-above-stick-meta":"","header-main-stick-meta":"","header-below-stick-meta":"","astra-migrate-meta-layouts":"default","ast-page-background-enabled":"default","ast-page-background-meta":{"desktop":{"background-color":"var(--ast-global-color-5)","background-image":"","background-repeat":"repeat","background-position":"center center","background-size":"auto","background-attachment":"scroll","background-type":"","background-media":"","overlay-type":"","overlay-color":"","overlay-opacity":"","overlay-gradient":""},"tablet":{"background-color":"","background-image":"","background-repeat":"repeat","background-position":"center center","background-size":"auto","background-attachment":"scroll","background-type":"","background-media":"","overlay-type":"","overlay-color":"","overlay-opacity":"","overlay-gradient":""},"mobile":{"background-color":"","background-image":"","background-repeat":"repeat","background-position":"center center","background-size":"auto","background-attachment":"scroll","background-type":"","background-media":"","overlay-type":"","overlay-color":"","overlay-opacity":"","overlay-gradient":""}},"ast-content-background-meta":{"desktop":{"background-color":"var(--ast-global-color-4)","background-image":"","background-repeat":"repeat","background-position":"center center","background-size":"auto","background-attachment":"scroll","background-type":"","background-media":"","overlay-type":"","overlay-color":"","overlay-opacity":"","overlay-gradient":""},"tablet":{"background-color":"var(--ast-global-color-4)","background-image":"","background-repeat":"repeat","background-position":"center center","background-size":"auto","background-attachment":"scroll","background-type":"","background-media":"","overlay-type":"","overlay-color":"","overlay-opacity":"","overlay-gradient":""},"mobile":{"background-color":"var(--ast-global-color-4)","background-image":"","background-repeat":"repeat","background-position":"center center","background-size":"auto","background-attachment":"scroll","background-type":"","background-media":"","overlay-type":"","overlay-color":"","overlay-opacity":"","overlay-gradient":""}},"footnotes":""},"categories":[2],"tags":[54,55,56,45,19,20,57],"class_list":["post-501","post","type-post","status-publish","format-standard","hentry","category-blogi","tag-keskustapyoraily","tag-kevyenliikenteenvayla","tag-kevyt-liikenne","tag-oulun-keskusta","tag-pyoraily","tag-pyorakaista","tag-talvopyoraily"],"yoast_head":"<!-- This site is optimized with the Yoast SEO plugin v27.5 - https:\/\/yoast.com\/product\/yoast-seo-wordpress\/ -->\n<title>Tavoitteena paras py\u00f6r\u00e4ilykaupunki, osa 2: keskustapy\u00f6r\u00e4ily - Jenni Pitko - Vihreiden varapuheenjohtaja, ymp\u00e4rist\u00f6valiokunnan puheenjohtaja, kansanedustaja ja arkkitehti Oulusta<\/title>\n<meta name=\"robots\" content=\"index, follow, max-snippet:-1, max-image-preview:large, max-video-preview:-1\" \/>\n<link rel=\"canonical\" href=\"https:\/\/jennipitko.fi\/koti\/tavoitteena-paras-pyorailykaupunki-osa-2-keskustapyoraily\/\" \/>\n<meta property=\"og:locale\" content=\"fi_FI\" \/>\n<meta property=\"og:type\" content=\"article\" \/>\n<meta property=\"og:title\" content=\"Tavoitteena paras py\u00f6r\u00e4ilykaupunki, osa 2: keskustapy\u00f6r\u00e4ily - Jenni Pitko - Vihreiden varapuheenjohtaja, ymp\u00e4rist\u00f6valiokunnan puheenjohtaja, kansanedustaja ja arkkitehti Oulusta\" \/>\n<meta property=\"og:description\" content=\"Aikaisemmassa py\u00f6r\u00e4ily\u00e4 koskevassa\u00a0blogissani puhuin py\u00f6r\u00e4ily\u00e4 edist\u00e4v\u00e4st\u00e4 ymp\u00e4rist\u00f6st\u00e4 ja siit\u00e4, millainen on hyv\u00e4 py\u00f6r\u00e4tie ja -reitti. Totesin, ett\u00e4 Oulussa on mahtavia [&hellip;]\" \/>\n<meta property=\"og:url\" content=\"https:\/\/jennipitko.fi\/koti\/tavoitteena-paras-pyorailykaupunki-osa-2-keskustapyoraily\/\" \/>\n<meta property=\"og:site_name\" content=\"Jenni Pitko - Vihreiden varapuheenjohtaja, ymp\u00e4rist\u00f6valiokunnan puheenjohtaja, kansanedustaja ja arkkitehti Oulusta\" \/>\n<meta property=\"article:published_time\" content=\"2012-10-14T16:46:22+00:00\" \/>\n<meta property=\"article:modified_time\" content=\"2014-12-30T15:03:44+00:00\" \/>\n<meta property=\"og:image\" content=\"http:\/\/www.phyang.org\/photo\/image\/bike2work6_green_lane.jpg\" \/>\n<meta name=\"author\" content=\"Jenni\" \/>\n<meta name=\"twitter:card\" content=\"summary_large_image\" \/>\n<meta name=\"twitter:label1\" content=\"Kirjoittanut\" \/>\n\t<meta name=\"twitter:data1\" content=\"Jenni\" \/>\n\t<meta name=\"twitter:label2\" content=\"Arvioitu lukuaika\" \/>\n\t<meta name=\"twitter:data2\" content=\"3 minuuttia\" \/>\n<script type=\"application\/ld+json\" class=\"yoast-schema-graph\">{\"@context\":\"https:\\\/\\\/schema.org\",\"@graph\":[{\"@type\":\"Article\",\"@id\":\"https:\\\/\\\/jennipitko.fi\\\/koti\\\/tavoitteena-paras-pyorailykaupunki-osa-2-keskustapyoraily\\\/#article\",\"isPartOf\":{\"@id\":\"https:\\\/\\\/jennipitko.fi\\\/koti\\\/tavoitteena-paras-pyorailykaupunki-osa-2-keskustapyoraily\\\/\"},\"author\":{\"name\":\"Jenni\",\"@id\":\"https:\\\/\\\/jennipitko.fi\\\/koti\\\/#\\\/schema\\\/person\\\/3f242bfe958144234373266ea416e4d6\"},\"headline\":\"Tavoitteena paras py\u00f6r\u00e4ilykaupunki, osa 2: keskustapy\u00f6r\u00e4ily\",\"datePublished\":\"2012-10-14T16:46:22+00:00\",\"dateModified\":\"2014-12-30T15:03:44+00:00\",\"mainEntityOfPage\":{\"@id\":\"https:\\\/\\\/jennipitko.fi\\\/koti\\\/tavoitteena-paras-pyorailykaupunki-osa-2-keskustapyoraily\\\/\"},\"wordCount\":552,\"commentCount\":6,\"publisher\":{\"@id\":\"https:\\\/\\\/jennipitko.fi\\\/koti\\\/#organization\"},\"image\":{\"@id\":\"https:\\\/\\\/jennipitko.fi\\\/koti\\\/tavoitteena-paras-pyorailykaupunki-osa-2-keskustapyoraily\\\/#primaryimage\"},\"thumbnailUrl\":\"http:\\\/\\\/www.phyang.org\\\/photo\\\/image\\\/bike2work6_green_lane.jpg\",\"keywords\":[\"keskustapy\u00f6r\u00e4ily\",\"kevyenliikenteenv\u00e4yl\u00e4\",\"kevyt liikenne\",\"Oulun keskusta\",\"py\u00f6r\u00e4ily\",\"py\u00f6r\u00e4kaista\",\"talvopy\u00f6r\u00e4ily\"],\"articleSection\":[\"Blogi\"],\"inLanguage\":\"fi\",\"potentialAction\":[{\"@type\":\"CommentAction\",\"name\":\"Comment\",\"target\":[\"https:\\\/\\\/jennipitko.fi\\\/koti\\\/tavoitteena-paras-pyorailykaupunki-osa-2-keskustapyoraily\\\/#respond\"]}]},{\"@type\":\"WebPage\",\"@id\":\"https:\\\/\\\/jennipitko.fi\\\/koti\\\/tavoitteena-paras-pyorailykaupunki-osa-2-keskustapyoraily\\\/\",\"url\":\"https:\\\/\\\/jennipitko.fi\\\/koti\\\/tavoitteena-paras-pyorailykaupunki-osa-2-keskustapyoraily\\\/\",\"name\":\"Tavoitteena paras py\u00f6r\u00e4ilykaupunki, osa 2: keskustapy\u00f6r\u00e4ily - Jenni Pitko - Vihreiden varapuheenjohtaja, ymp\u00e4rist\u00f6valiokunnan puheenjohtaja, kansanedustaja ja arkkitehti Oulusta\",\"isPartOf\":{\"@id\":\"https:\\\/\\\/jennipitko.fi\\\/koti\\\/#website\"},\"primaryImageOfPage\":{\"@id\":\"https:\\\/\\\/jennipitko.fi\\\/koti\\\/tavoitteena-paras-pyorailykaupunki-osa-2-keskustapyoraily\\\/#primaryimage\"},\"image\":{\"@id\":\"https:\\\/\\\/jennipitko.fi\\\/koti\\\/tavoitteena-paras-pyorailykaupunki-osa-2-keskustapyoraily\\\/#primaryimage\"},\"thumbnailUrl\":\"http:\\\/\\\/www.phyang.org\\\/photo\\\/image\\\/bike2work6_green_lane.jpg\",\"datePublished\":\"2012-10-14T16:46:22+00:00\",\"dateModified\":\"2014-12-30T15:03:44+00:00\",\"breadcrumb\":{\"@id\":\"https:\\\/\\\/jennipitko.fi\\\/koti\\\/tavoitteena-paras-pyorailykaupunki-osa-2-keskustapyoraily\\\/#breadcrumb\"},\"inLanguage\":\"fi\",\"potentialAction\":[{\"@type\":\"ReadAction\",\"target\":[\"https:\\\/\\\/jennipitko.fi\\\/koti\\\/tavoitteena-paras-pyorailykaupunki-osa-2-keskustapyoraily\\\/\"]}]},{\"@type\":\"ImageObject\",\"inLanguage\":\"fi\",\"@id\":\"https:\\\/\\\/jennipitko.fi\\\/koti\\\/tavoitteena-paras-pyorailykaupunki-osa-2-keskustapyoraily\\\/#primaryimage\",\"url\":\"http:\\\/\\\/www.phyang.org\\\/photo\\\/image\\\/bike2work6_green_lane.jpg\",\"contentUrl\":\"http:\\\/\\\/www.phyang.org\\\/photo\\\/image\\\/bike2work6_green_lane.jpg\"},{\"@type\":\"BreadcrumbList\",\"@id\":\"https:\\\/\\\/jennipitko.fi\\\/koti\\\/tavoitteena-paras-pyorailykaupunki-osa-2-keskustapyoraily\\\/#breadcrumb\",\"itemListElement\":[{\"@type\":\"ListItem\",\"position\":1,\"name\":\"Home\",\"item\":\"https:\\\/\\\/jennipitko.fi\\\/koti\\\/\"},{\"@type\":\"ListItem\",\"position\":2,\"name\":\"Tavoitteena paras py\u00f6r\u00e4ilykaupunki, osa 2: keskustapy\u00f6r\u00e4ily\"}]},{\"@type\":\"WebSite\",\"@id\":\"https:\\\/\\\/jennipitko.fi\\\/koti\\\/#website\",\"url\":\"https:\\\/\\\/jennipitko.fi\\\/koti\\\/\",\"name\":\"Jenni Pitko - Vihreiden varapuheenjohtaja, ymp\u00e4rist\u00f6valiokunnan puheenjohtaja, kansanedustaja ja arkkitehti Oulusta\",\"description\":\"Jenni Pitko - Vihreiden varapuheenjohtaja, ymp\u00e4rist\u00f6valiokunnan puheenjohtaja, kansanedustaja ja arkkitehti Oulusta\",\"publisher\":{\"@id\":\"https:\\\/\\\/jennipitko.fi\\\/koti\\\/#organization\"},\"potentialAction\":[{\"@type\":\"SearchAction\",\"target\":{\"@type\":\"EntryPoint\",\"urlTemplate\":\"https:\\\/\\\/jennipitko.fi\\\/koti\\\/?s={search_term_string}\"},\"query-input\":{\"@type\":\"PropertyValueSpecification\",\"valueRequired\":true,\"valueName\":\"search_term_string\"}}],\"inLanguage\":\"fi\"},{\"@type\":\"Organization\",\"@id\":\"https:\\\/\\\/jennipitko.fi\\\/koti\\\/#organization\",\"name\":\"Jenni Pitko - Vihreiden varapuheenjohtaja, ymp\u00e4rist\u00f6valiokunnan puheenjohtaja, kansanedustaja ja arkkitehti Oulusta\",\"url\":\"https:\\\/\\\/jennipitko.fi\\\/koti\\\/\",\"logo\":{\"@type\":\"ImageObject\",\"inLanguage\":\"fi\",\"@id\":\"https:\\\/\\\/jennipitko.fi\\\/koti\\\/#\\\/schema\\\/logo\\\/image\\\/\",\"url\":\"https:\\\/\\\/jennipitko.fi\\\/koti\\\/wp-content\\\/uploads\\\/2025\\\/09\\\/Nimeton-malli-38.png\",\"contentUrl\":\"https:\\\/\\\/jennipitko.fi\\\/koti\\\/wp-content\\\/uploads\\\/2025\\\/09\\\/Nimeton-malli-38.png\",\"width\":1280,\"height\":847,\"caption\":\"Jenni Pitko - Vihreiden varapuheenjohtaja, ymp\u00e4rist\u00f6valiokunnan puheenjohtaja, kansanedustaja ja arkkitehti Oulusta\"},\"image\":{\"@id\":\"https:\\\/\\\/jennipitko.fi\\\/koti\\\/#\\\/schema\\\/logo\\\/image\\\/\"}},{\"@type\":\"Person\",\"@id\":\"https:\\\/\\\/jennipitko.fi\\\/koti\\\/#\\\/schema\\\/person\\\/3f242bfe958144234373266ea416e4d6\",\"name\":\"Jenni\",\"image\":{\"@type\":\"ImageObject\",\"inLanguage\":\"fi\",\"@id\":\"https:\\\/\\\/secure.gravatar.com\\\/avatar\\\/469343e1290c3e818159b4a4348708c09929f07a2f460e664497d6fb92f80743?s=96&d=blank&r=g\",\"url\":\"https:\\\/\\\/secure.gravatar.com\\\/avatar\\\/469343e1290c3e818159b4a4348708c09929f07a2f460e664497d6fb92f80743?s=96&d=blank&r=g\",\"contentUrl\":\"https:\\\/\\\/secure.gravatar.com\\\/avatar\\\/469343e1290c3e818159b4a4348708c09929f07a2f460e664497d6fb92f80743?s=96&d=blank&r=g\",\"caption\":\"Jenni\"},\"url\":\"https:\\\/\\\/jennipitko.fi\\\/koti\\\/author\\\/jenni-pitko\\\/\"}]}<\/script>\n<!-- \/ Yoast SEO plugin. -->","yoast_head_json":{"title":"Tavoitteena paras py\u00f6r\u00e4ilykaupunki, osa 2: keskustapy\u00f6r\u00e4ily - Jenni Pitko - Vihreiden varapuheenjohtaja, ymp\u00e4rist\u00f6valiokunnan puheenjohtaja, kansanedustaja ja arkkitehti Oulusta","robots":{"index":"index","follow":"follow","max-snippet":"max-snippet:-1","max-image-preview":"max-image-preview:large","max-video-preview":"max-video-preview:-1"},"canonical":"https:\/\/jennipitko.fi\/koti\/tavoitteena-paras-pyorailykaupunki-osa-2-keskustapyoraily\/","og_locale":"fi_FI","og_type":"article","og_title":"Tavoitteena paras py\u00f6r\u00e4ilykaupunki, osa 2: keskustapy\u00f6r\u00e4ily - Jenni Pitko - Vihreiden varapuheenjohtaja, ymp\u00e4rist\u00f6valiokunnan puheenjohtaja, kansanedustaja ja arkkitehti Oulusta","og_description":"Aikaisemmassa py\u00f6r\u00e4ily\u00e4 koskevassa\u00a0blogissani puhuin py\u00f6r\u00e4ily\u00e4 edist\u00e4v\u00e4st\u00e4 ymp\u00e4rist\u00f6st\u00e4 ja siit\u00e4, millainen on hyv\u00e4 py\u00f6r\u00e4tie ja -reitti. Totesin, ett\u00e4 Oulussa on mahtavia [&hellip;]","og_url":"https:\/\/jennipitko.fi\/koti\/tavoitteena-paras-pyorailykaupunki-osa-2-keskustapyoraily\/","og_site_name":"Jenni Pitko - Vihreiden varapuheenjohtaja, ymp\u00e4rist\u00f6valiokunnan puheenjohtaja, kansanedustaja ja arkkitehti Oulusta","article_published_time":"2012-10-14T16:46:22+00:00","article_modified_time":"2014-12-30T15:03:44+00:00","og_image":[{"url":"http:\/\/www.phyang.org\/photo\/image\/bike2work6_green_lane.jpg","type":"","width":"","height":""}],"author":"Jenni","twitter_card":"summary_large_image","twitter_misc":{"Kirjoittanut":"Jenni","Arvioitu lukuaika":"3 minuuttia"},"schema":{"@context":"https:\/\/schema.org","@graph":[{"@type":"Article","@id":"https:\/\/jennipitko.fi\/koti\/tavoitteena-paras-pyorailykaupunki-osa-2-keskustapyoraily\/#article","isPartOf":{"@id":"https:\/\/jennipitko.fi\/koti\/tavoitteena-paras-pyorailykaupunki-osa-2-keskustapyoraily\/"},"author":{"name":"Jenni","@id":"https:\/\/jennipitko.fi\/koti\/#\/schema\/person\/3f242bfe958144234373266ea416e4d6"},"headline":"Tavoitteena paras py\u00f6r\u00e4ilykaupunki, osa 2: keskustapy\u00f6r\u00e4ily","datePublished":"2012-10-14T16:46:22+00:00","dateModified":"2014-12-30T15:03:44+00:00","mainEntityOfPage":{"@id":"https:\/\/jennipitko.fi\/koti\/tavoitteena-paras-pyorailykaupunki-osa-2-keskustapyoraily\/"},"wordCount":552,"commentCount":6,"publisher":{"@id":"https:\/\/jennipitko.fi\/koti\/#organization"},"image":{"@id":"https:\/\/jennipitko.fi\/koti\/tavoitteena-paras-pyorailykaupunki-osa-2-keskustapyoraily\/#primaryimage"},"thumbnailUrl":"http:\/\/www.phyang.org\/photo\/image\/bike2work6_green_lane.jpg","keywords":["keskustapy\u00f6r\u00e4ily","kevyenliikenteenv\u00e4yl\u00e4","kevyt liikenne","Oulun keskusta","py\u00f6r\u00e4ily","py\u00f6r\u00e4kaista","talvopy\u00f6r\u00e4ily"],"articleSection":["Blogi"],"inLanguage":"fi","potentialAction":[{"@type":"CommentAction","name":"Comment","target":["https:\/\/jennipitko.fi\/koti\/tavoitteena-paras-pyorailykaupunki-osa-2-keskustapyoraily\/#respond"]}]},{"@type":"WebPage","@id":"https:\/\/jennipitko.fi\/koti\/tavoitteena-paras-pyorailykaupunki-osa-2-keskustapyoraily\/","url":"https:\/\/jennipitko.fi\/koti\/tavoitteena-paras-pyorailykaupunki-osa-2-keskustapyoraily\/","name":"Tavoitteena paras py\u00f6r\u00e4ilykaupunki, osa 2: keskustapy\u00f6r\u00e4ily - Jenni Pitko - Vihreiden varapuheenjohtaja, ymp\u00e4rist\u00f6valiokunnan puheenjohtaja, kansanedustaja ja arkkitehti Oulusta","isPartOf":{"@id":"https:\/\/jennipitko.fi\/koti\/#website"},"primaryImageOfPage":{"@id":"https:\/\/jennipitko.fi\/koti\/tavoitteena-paras-pyorailykaupunki-osa-2-keskustapyoraily\/#primaryimage"},"image":{"@id":"https:\/\/jennipitko.fi\/koti\/tavoitteena-paras-pyorailykaupunki-osa-2-keskustapyoraily\/#primaryimage"},"thumbnailUrl":"http:\/\/www.phyang.org\/photo\/image\/bike2work6_green_lane.jpg","datePublished":"2012-10-14T16:46:22+00:00","dateModified":"2014-12-30T15:03:44+00:00","breadcrumb":{"@id":"https:\/\/jennipitko.fi\/koti\/tavoitteena-paras-pyorailykaupunki-osa-2-keskustapyoraily\/#breadcrumb"},"inLanguage":"fi","potentialAction":[{"@type":"ReadAction","target":["https:\/\/jennipitko.fi\/koti\/tavoitteena-paras-pyorailykaupunki-osa-2-keskustapyoraily\/"]}]},{"@type":"ImageObject","inLanguage":"fi","@id":"https:\/\/jennipitko.fi\/koti\/tavoitteena-paras-pyorailykaupunki-osa-2-keskustapyoraily\/#primaryimage","url":"http:\/\/www.phyang.org\/photo\/image\/bike2work6_green_lane.jpg","contentUrl":"http:\/\/www.phyang.org\/photo\/image\/bike2work6_green_lane.jpg"},{"@type":"BreadcrumbList","@id":"https:\/\/jennipitko.fi\/koti\/tavoitteena-paras-pyorailykaupunki-osa-2-keskustapyoraily\/#breadcrumb","itemListElement":[{"@type":"ListItem","position":1,"name":"Home","item":"https:\/\/jennipitko.fi\/koti\/"},{"@type":"ListItem","position":2,"name":"Tavoitteena paras py\u00f6r\u00e4ilykaupunki, osa 2: keskustapy\u00f6r\u00e4ily"}]},{"@type":"WebSite","@id":"https:\/\/jennipitko.fi\/koti\/#website","url":"https:\/\/jennipitko.fi\/koti\/","name":"Jenni Pitko - Vihreiden varapuheenjohtaja, ymp\u00e4rist\u00f6valiokunnan puheenjohtaja, kansanedustaja ja arkkitehti Oulusta","description":"Jenni Pitko - Vihreiden varapuheenjohtaja, ymp\u00e4rist\u00f6valiokunnan puheenjohtaja, kansanedustaja ja arkkitehti Oulusta","publisher":{"@id":"https:\/\/jennipitko.fi\/koti\/#organization"},"potentialAction":[{"@type":"SearchAction","target":{"@type":"EntryPoint","urlTemplate":"https:\/\/jennipitko.fi\/koti\/?s={search_term_string}"},"query-input":{"@type":"PropertyValueSpecification","valueRequired":true,"valueName":"search_term_string"}}],"inLanguage":"fi"},{"@type":"Organization","@id":"https:\/\/jennipitko.fi\/koti\/#organization","name":"Jenni Pitko - Vihreiden varapuheenjohtaja, ymp\u00e4rist\u00f6valiokunnan puheenjohtaja, kansanedustaja ja arkkitehti Oulusta","url":"https:\/\/jennipitko.fi\/koti\/","logo":{"@type":"ImageObject","inLanguage":"fi","@id":"https:\/\/jennipitko.fi\/koti\/#\/schema\/logo\/image\/","url":"https:\/\/jennipitko.fi\/koti\/wp-content\/uploads\/2025\/09\/Nimeton-malli-38.png","contentUrl":"https:\/\/jennipitko.fi\/koti\/wp-content\/uploads\/2025\/09\/Nimeton-malli-38.png","width":1280,"height":847,"caption":"Jenni Pitko - Vihreiden varapuheenjohtaja, ymp\u00e4rist\u00f6valiokunnan puheenjohtaja, kansanedustaja ja arkkitehti Oulusta"},"image":{"@id":"https:\/\/jennipitko.fi\/koti\/#\/schema\/logo\/image\/"}},{"@type":"Person","@id":"https:\/\/jennipitko.fi\/koti\/#\/schema\/person\/3f242bfe958144234373266ea416e4d6","name":"Jenni","image":{"@type":"ImageObject","inLanguage":"fi","@id":"https:\/\/secure.gravatar.com\/avatar\/469343e1290c3e818159b4a4348708c09929f07a2f460e664497d6fb92f80743?s=96&d=blank&r=g","url":"https:\/\/secure.gravatar.com\/avatar\/469343e1290c3e818159b4a4348708c09929f07a2f460e664497d6fb92f80743?s=96&d=blank&r=g","contentUrl":"https:\/\/secure.gravatar.com\/avatar\/469343e1290c3e818159b4a4348708c09929f07a2f460e664497d6fb92f80743?s=96&d=blank&r=g","caption":"Jenni"},"url":"https:\/\/jennipitko.fi\/koti\/author\/jenni-pitko\/"}]}},"_links":{"self":[{"href":"https:\/\/jennipitko.fi\/koti\/wp-json\/wp\/v2\/posts\/501","targetHints":{"allow":["GET"]}}],"collection":[{"href":"https:\/\/jennipitko.fi\/koti\/wp-json\/wp\/v2\/posts"}],"about":[{"href":"https:\/\/jennipitko.fi\/koti\/wp-json\/wp\/v2\/types\/post"}],"author":[{"embeddable":true,"href":"https:\/\/jennipitko.fi\/koti\/wp-json\/wp\/v2\/users\/2"}],"replies":[{"embeddable":true,"href":"https:\/\/jennipitko.fi\/koti\/wp-json\/wp\/v2\/comments?post=501"}],"version-history":[{"count":1,"href":"https:\/\/jennipitko.fi\/koti\/wp-json\/wp\/v2\/posts\/501\/revisions"}],"predecessor-version":[{"id":784,"href":"https:\/\/jennipitko.fi\/koti\/wp-json\/wp\/v2\/posts\/501\/revisions\/784"}],"wp:attachment":[{"href":"https:\/\/jennipitko.fi\/koti\/wp-json\/wp\/v2\/media?parent=501"}],"wp:term":[{"taxonomy":"category","embeddable":true,"href":"https:\/\/jennipitko.fi\/koti\/wp-json\/wp\/v2\/categories?post=501"},{"taxonomy":"post_tag","embeddable":true,"href":"https:\/\/jennipitko.fi\/koti\/wp-json\/wp\/v2\/tags?post=501"}],"curies":[{"name":"wp","href":"https:\/\/api.w.org\/{rel}","templated":true}]}}