{"id":526,"date":"2012-10-19T17:26:04","date_gmt":"2012-10-19T15:26:04","guid":{"rendered":"http:\/\/henkilot.vihreat.fi\/jenni.pitko\/?p=526"},"modified":"2014-12-30T15:04:31","modified_gmt":"2014-12-30T15:04:31","slug":"lisaa-vaikuttamispaikkoja-ja-lahidemokratiaa","status":"publish","type":"post","link":"https:\/\/jennipitko.fi\/koti\/lisaa-vaikuttamispaikkoja-ja-lahidemokratiaa\/","title":{"rendered":"Lis\u00e4\u00e4 vaikuttamispaikkoja ja l\u00e4hidemokratiaa!"},"content":{"rendered":"<p>Palveluiden karkaamisen lis\u00e4ksi (<a href=\"http:\/\/henkilot.vihreat.fi\/jenni.pitko\/2012\/09\/23\/syrjaseudunpalvelut\/\">Blogi syrj\u00e4seutujen palveluista<\/a>) kuntaliitoksissa liittyy pelkoa p\u00e4\u00e4te\u00f6ksentekoon liittyvien vaikuttamismahdollisuuksien v\u00e4henemiseen. Vahva peruskunta on hyv\u00e4, koska kuntien ei tarvitse k\u00e4yd\u00e4 ep\u00e4tervett\u00e4 kilpailua rikkaista ja terveist\u00e4 kuntalaisista, vaan se hoitaa kaikki ty\u00f6ss\u00e4k\u00e4yntialueen asukkaat.<\/p>\n<p>Pelko omien vaikuttamismahdollisuuksien v\u00e4hentymisest\u00e4 on aiheellinen koska ihmisill\u00e4 on luonnollinen tarve saada vaikuttaa omaan elinymp\u00e4rist\u00f6\u00f6ns\u00e4. Nyt syrj\u00e4seutujen p\u00e4\u00e4tt\u00e4jien lukum\u00e4\u00e4r\u00e4 v\u00e4henee ja kunnan hallinto siirtyy jopa usean kymmenen kilometrin p\u00e4\u00e4h\u00e4n. Oulun kokoisessa liittyv\u00e4ss\u00e4 suurehkossa peruskunnassa pit\u00e4\u00e4kin pyrki\u00e4 kaksitasoiseen hallintoon, jossa isot asiat ratkaistaan koko seudun tasolla ja pienet asiat l\u00e4hell\u00e4. Vaaleilla valittavat kaupunginosavaltuustoot vastaavat paikallisista asioista, kuten\u00a0p\u00e4iv\u00e4kodeista, leikkipuistoista tai paikallisesta kaavoituksesta. Kaupunginosan asukkaat ovat arkensa ja l\u00e4hiymp\u00e4rist\u00f6ns\u00e4 parhaita asiantuntijoita itse.\u00a0Jokaisessa yhdistyv\u00e4ss\u00e4 kunnassa voisi olla yksi kaupunginosavaltuusto, vanhan Oulun alueella useampi.<!--more--><\/p>\n<p>Koska valtuustomuotoinen vaikuttaminen ei v\u00e4ltt\u00e4m\u00e4tt\u00e4 ole se, mik\u00e4 nuoria ja esimerkiksi kiireisi\u00e4, ty\u00f6ss\u00e4k\u00e4yvi\u00e4 lapsiperheit\u00e4 vieh\u00e4tt\u00e4\u00e4, on kaupunginosavaltuustojen\/kaupungin otettava tavaksi j\u00e4rjest\u00e4\u00e4 vaikuttamispaikkoja (esim. harrastuspaikkojen harrastuspaikkojen sijainnista p\u00e4\u00e4tett\u00e4ess\u00e4) sinne, miss\u00e4 kaupunginosalaiset oikeasti ovat, siis ostareille, toreille ja muille tapahtumapaikoille. Vaikka l\u00e4hikauppaan. N\u00e4iss\u00e4 tapahtumissa voidaan k\u00e4yd\u00e4 kansalaiskeskustelua my\u00f6s kaupunginvaltuuston p\u00e4\u00e4tt\u00e4mist\u00e4 suurista asioista.<\/p>\n<p>Aidosti toimiva l\u00e4hidemokratia vaatii resursseja. Siksi toivonkin, ett\u00e4 kaupungin palkkalistoille palkattaisiin &#8220;vuorovaikutusvirkamies&#8221;, jonka teht\u00e4v\u00e4 olisi j\u00e4rjest\u00e4\u00e4 n\u00e4it\u00e4 vuorovaikutushetki\u00e4. Vapaampia vuorovaikutustilaisuuksia olisi hyv\u00e4 j\u00e4rjest\u00e4\u00e4 aina silloin, kun jotain niihin alueisiin liittyv\u00e4\u00e4 p\u00e4\u00e4t\u00f6ksentekoa tapahtuu, esimerkiksi teiden kunnossapidon tai maank\u00e4yt\u00f6n suhteen. My\u00f6s verkko ja mobiiliaplikaatiot tarjoavat oivallisia mahdollisuuksia osallistamisen lis\u00e4\u00e4miseksi!<\/p>\n<p>Kaupunkilainen, oli kyse nuoresta tai vanhasta, on onnellinen\u00a0kun saa vaikuttaa omaa el\u00e4m\u00e4\u00e4 koskeviin asioihin ja omaan asuinymp\u00e4rist\u00f6\u00f6n. Alueellinen toiminta vahvistaa alueen asukkaiden identiteetti\u00e4 ja edist\u00e4\u00e4 asuinalueen kehitt\u00e4misest\u00e4 sen vahvuuksien pohjalta.\u00a0Varsinkin nuorille mahdollisuus osallistua p\u00e4\u00e4t\u00f6ksentekoon on t\u00e4rke\u00e4\u00e4; se kasvattaa vastuuta ymp\u00e4rist\u00f6st\u00e4 ja vahvistaa itsetuntoa, kun kokee olevansa t\u00e4rke\u00e4 osa yhteis\u00f6\u00e4. En v\u00e4h\u00e4ttelisi my\u00f6sk\u00e4\u00e4n sen vaikutusta syrj\u00e4ytymisen ehk\u00e4isyss\u00e4!<\/p>\n<p>Toivotankin tervetulleeksi uuden Oulun parempine, koko seutua hy\u00f6dytt\u00e4vine p\u00e4\u00e4t\u00f6ksineen ja aidosti osallistettavat, omasta kyl\u00e4st\u00e4\u00e4n, mutta my\u00f6s kaupunkiseudustaan ylpe\u00e4t oululaiset!<\/p>\n<p>&nbsp;<\/p>\n","protected":false},"excerpt":{"rendered":"<p>Palveluiden karkaamisen lis\u00e4ksi (Blogi syrj\u00e4seutujen palveluista) kuntaliitoksissa liittyy pelkoa p\u00e4\u00e4te\u00f6ksentekoon liittyvien vaikuttamismahdollisuuksien v\u00e4henemiseen. Vahva peruskunta on hyv\u00e4, koska kuntien ei [&hellip;]<\/p>\n","protected":false},"author":2,"featured_media":0,"comment_status":"open","ping_status":"open","sticky":false,"template":"","format":"standard","meta":{"_monsterinsights_skip_tracking":false,"_monsterinsights_sitenote_active":false,"_monsterinsights_sitenote_note":"","_monsterinsights_sitenote_category":0,"site-sidebar-layout":"default","site-content-layout":"","ast-site-content-layout":"default","site-content-style":"default","site-sidebar-style":"default","ast-global-header-display":"","ast-banner-title-visibility":"","ast-main-header-display":"","ast-hfb-above-header-display":"","ast-hfb-below-header-display":"","ast-hfb-mobile-header-display":"","site-post-title":"","ast-breadcrumbs-content":"","ast-featured-img":"","footer-sml-layout":"","ast-disable-related-posts":"","theme-transparent-header-meta":"","adv-header-id-meta":"","stick-header-meta":"","header-above-stick-meta":"","header-main-stick-meta":"","header-below-stick-meta":"","astra-migrate-meta-layouts":"default","ast-page-background-enabled":"default","ast-page-background-meta":{"desktop":{"background-color":"var(--ast-global-color-5)","background-image":"","background-repeat":"repeat","background-position":"center center","background-size":"auto","background-attachment":"scroll","background-type":"","background-media":"","overlay-type":"","overlay-color":"","overlay-opacity":"","overlay-gradient":""},"tablet":{"background-color":"","background-image":"","background-repeat":"repeat","background-position":"center center","background-size":"auto","background-attachment":"scroll","background-type":"","background-media":"","overlay-type":"","overlay-color":"","overlay-opacity":"","overlay-gradient":""},"mobile":{"background-color":"","background-image":"","background-repeat":"repeat","background-position":"center center","background-size":"auto","background-attachment":"scroll","background-type":"","background-media":"","overlay-type":"","overlay-color":"","overlay-opacity":"","overlay-gradient":""}},"ast-content-background-meta":{"desktop":{"background-color":"var(--ast-global-color-4)","background-image":"","background-repeat":"repeat","background-position":"center center","background-size":"auto","background-attachment":"scroll","background-type":"","background-media":"","overlay-type":"","overlay-color":"","overlay-opacity":"","overlay-gradient":""},"tablet":{"background-color":"var(--ast-global-color-4)","background-image":"","background-repeat":"repeat","background-position":"center center","background-size":"auto","background-attachment":"scroll","background-type":"","background-media":"","overlay-type":"","overlay-color":"","overlay-opacity":"","overlay-gradient":""},"mobile":{"background-color":"var(--ast-global-color-4)","background-image":"","background-repeat":"repeat","background-position":"center center","background-size":"auto","background-attachment":"scroll","background-type":"","background-media":"","overlay-type":"","overlay-color":"","overlay-opacity":"","overlay-gradient":""}},"footnotes":""},"categories":[2],"tags":[58,59,60,61,62],"class_list":["post-526","post","type-post","status-publish","format-standard","hentry","category-blogi","tag-kaupunginosavaltuusto","tag-lahidemokratia","tag-paatoksenteko","tag-vaikuttaminen","tag-vuorovaikutus"],"yoast_head":"<!-- This site is optimized with the Yoast SEO plugin v27.5 - https:\/\/yoast.com\/product\/yoast-seo-wordpress\/ -->\n<title>Lis\u00e4\u00e4 vaikuttamispaikkoja ja l\u00e4hidemokratiaa! - Jenni Pitko - Vihreiden varapuheenjohtaja, ymp\u00e4rist\u00f6valiokunnan puheenjohtaja, kansanedustaja ja arkkitehti Oulusta<\/title>\n<meta name=\"robots\" content=\"index, follow, max-snippet:-1, max-image-preview:large, max-video-preview:-1\" \/>\n<link rel=\"canonical\" href=\"https:\/\/jennipitko.fi\/koti\/lisaa-vaikuttamispaikkoja-ja-lahidemokratiaa\/\" \/>\n<meta property=\"og:locale\" content=\"fi_FI\" \/>\n<meta property=\"og:type\" content=\"article\" \/>\n<meta property=\"og:title\" content=\"Lis\u00e4\u00e4 vaikuttamispaikkoja ja l\u00e4hidemokratiaa! - Jenni Pitko - Vihreiden varapuheenjohtaja, ymp\u00e4rist\u00f6valiokunnan puheenjohtaja, kansanedustaja ja arkkitehti Oulusta\" \/>\n<meta property=\"og:description\" content=\"Palveluiden karkaamisen lis\u00e4ksi (Blogi syrj\u00e4seutujen palveluista) kuntaliitoksissa liittyy pelkoa p\u00e4\u00e4te\u00f6ksentekoon liittyvien vaikuttamismahdollisuuksien v\u00e4henemiseen. Vahva peruskunta on hyv\u00e4, koska kuntien ei [&hellip;]\" \/>\n<meta property=\"og:url\" content=\"https:\/\/jennipitko.fi\/koti\/lisaa-vaikuttamispaikkoja-ja-lahidemokratiaa\/\" \/>\n<meta property=\"og:site_name\" content=\"Jenni Pitko - Vihreiden varapuheenjohtaja, ymp\u00e4rist\u00f6valiokunnan puheenjohtaja, kansanedustaja ja arkkitehti Oulusta\" \/>\n<meta property=\"article:published_time\" content=\"2012-10-19T15:26:04+00:00\" \/>\n<meta property=\"article:modified_time\" content=\"2014-12-30T15:04:31+00:00\" \/>\n<meta name=\"author\" content=\"Jenni\" \/>\n<meta name=\"twitter:card\" content=\"summary_large_image\" \/>\n<meta name=\"twitter:label1\" content=\"Kirjoittanut\" \/>\n\t<meta name=\"twitter:data1\" content=\"Jenni\" \/>\n\t<meta name=\"twitter:label2\" content=\"Arvioitu lukuaika\" \/>\n\t<meta name=\"twitter:data2\" content=\"2 minuuttia\" \/>\n<script type=\"application\/ld+json\" class=\"yoast-schema-graph\">{\"@context\":\"https:\\\/\\\/schema.org\",\"@graph\":[{\"@type\":\"Article\",\"@id\":\"https:\\\/\\\/jennipitko.fi\\\/koti\\\/lisaa-vaikuttamispaikkoja-ja-lahidemokratiaa\\\/#article\",\"isPartOf\":{\"@id\":\"https:\\\/\\\/jennipitko.fi\\\/koti\\\/lisaa-vaikuttamispaikkoja-ja-lahidemokratiaa\\\/\"},\"author\":{\"name\":\"Jenni\",\"@id\":\"https:\\\/\\\/jennipitko.fi\\\/koti\\\/#\\\/schema\\\/person\\\/3f242bfe958144234373266ea416e4d6\"},\"headline\":\"Lis\u00e4\u00e4 vaikuttamispaikkoja ja l\u00e4hidemokratiaa!\",\"datePublished\":\"2012-10-19T15:26:04+00:00\",\"dateModified\":\"2014-12-30T15:04:31+00:00\",\"mainEntityOfPage\":{\"@id\":\"https:\\\/\\\/jennipitko.fi\\\/koti\\\/lisaa-vaikuttamispaikkoja-ja-lahidemokratiaa\\\/\"},\"wordCount\":375,\"commentCount\":0,\"publisher\":{\"@id\":\"https:\\\/\\\/jennipitko.fi\\\/koti\\\/#organization\"},\"keywords\":[\"kaupunginosavaltuusto\",\"l\u00e4hidemokratia\",\"p\u00e4\u00e4t\u00f6ksenteko\",\"vaikuttaminen\",\"vuorovaikutus\"],\"articleSection\":[\"Blogi\"],\"inLanguage\":\"fi\",\"potentialAction\":[{\"@type\":\"CommentAction\",\"name\":\"Comment\",\"target\":[\"https:\\\/\\\/jennipitko.fi\\\/koti\\\/lisaa-vaikuttamispaikkoja-ja-lahidemokratiaa\\\/#respond\"]}]},{\"@type\":\"WebPage\",\"@id\":\"https:\\\/\\\/jennipitko.fi\\\/koti\\\/lisaa-vaikuttamispaikkoja-ja-lahidemokratiaa\\\/\",\"url\":\"https:\\\/\\\/jennipitko.fi\\\/koti\\\/lisaa-vaikuttamispaikkoja-ja-lahidemokratiaa\\\/\",\"name\":\"Lis\u00e4\u00e4 vaikuttamispaikkoja ja l\u00e4hidemokratiaa! - Jenni Pitko - Vihreiden varapuheenjohtaja, ymp\u00e4rist\u00f6valiokunnan puheenjohtaja, kansanedustaja ja arkkitehti Oulusta\",\"isPartOf\":{\"@id\":\"https:\\\/\\\/jennipitko.fi\\\/koti\\\/#website\"},\"datePublished\":\"2012-10-19T15:26:04+00:00\",\"dateModified\":\"2014-12-30T15:04:31+00:00\",\"breadcrumb\":{\"@id\":\"https:\\\/\\\/jennipitko.fi\\\/koti\\\/lisaa-vaikuttamispaikkoja-ja-lahidemokratiaa\\\/#breadcrumb\"},\"inLanguage\":\"fi\",\"potentialAction\":[{\"@type\":\"ReadAction\",\"target\":[\"https:\\\/\\\/jennipitko.fi\\\/koti\\\/lisaa-vaikuttamispaikkoja-ja-lahidemokratiaa\\\/\"]}]},{\"@type\":\"BreadcrumbList\",\"@id\":\"https:\\\/\\\/jennipitko.fi\\\/koti\\\/lisaa-vaikuttamispaikkoja-ja-lahidemokratiaa\\\/#breadcrumb\",\"itemListElement\":[{\"@type\":\"ListItem\",\"position\":1,\"name\":\"Home\",\"item\":\"https:\\\/\\\/jennipitko.fi\\\/koti\\\/\"},{\"@type\":\"ListItem\",\"position\":2,\"name\":\"Lis\u00e4\u00e4 vaikuttamispaikkoja ja l\u00e4hidemokratiaa!\"}]},{\"@type\":\"WebSite\",\"@id\":\"https:\\\/\\\/jennipitko.fi\\\/koti\\\/#website\",\"url\":\"https:\\\/\\\/jennipitko.fi\\\/koti\\\/\",\"name\":\"Jenni Pitko - Vihreiden varapuheenjohtaja, ymp\u00e4rist\u00f6valiokunnan puheenjohtaja, kansanedustaja ja arkkitehti Oulusta\",\"description\":\"Jenni Pitko - Vihreiden varapuheenjohtaja, ymp\u00e4rist\u00f6valiokunnan puheenjohtaja, kansanedustaja ja arkkitehti Oulusta\",\"publisher\":{\"@id\":\"https:\\\/\\\/jennipitko.fi\\\/koti\\\/#organization\"},\"potentialAction\":[{\"@type\":\"SearchAction\",\"target\":{\"@type\":\"EntryPoint\",\"urlTemplate\":\"https:\\\/\\\/jennipitko.fi\\\/koti\\\/?s={search_term_string}\"},\"query-input\":{\"@type\":\"PropertyValueSpecification\",\"valueRequired\":true,\"valueName\":\"search_term_string\"}}],\"inLanguage\":\"fi\"},{\"@type\":\"Organization\",\"@id\":\"https:\\\/\\\/jennipitko.fi\\\/koti\\\/#organization\",\"name\":\"Jenni Pitko - Vihreiden varapuheenjohtaja, ymp\u00e4rist\u00f6valiokunnan puheenjohtaja, kansanedustaja ja arkkitehti Oulusta\",\"url\":\"https:\\\/\\\/jennipitko.fi\\\/koti\\\/\",\"logo\":{\"@type\":\"ImageObject\",\"inLanguage\":\"fi\",\"@id\":\"https:\\\/\\\/jennipitko.fi\\\/koti\\\/#\\\/schema\\\/logo\\\/image\\\/\",\"url\":\"https:\\\/\\\/jennipitko.fi\\\/koti\\\/wp-content\\\/uploads\\\/2025\\\/09\\\/Nimeton-malli-38.png\",\"contentUrl\":\"https:\\\/\\\/jennipitko.fi\\\/koti\\\/wp-content\\\/uploads\\\/2025\\\/09\\\/Nimeton-malli-38.png\",\"width\":1280,\"height\":847,\"caption\":\"Jenni Pitko - Vihreiden varapuheenjohtaja, ymp\u00e4rist\u00f6valiokunnan puheenjohtaja, kansanedustaja ja arkkitehti Oulusta\"},\"image\":{\"@id\":\"https:\\\/\\\/jennipitko.fi\\\/koti\\\/#\\\/schema\\\/logo\\\/image\\\/\"}},{\"@type\":\"Person\",\"@id\":\"https:\\\/\\\/jennipitko.fi\\\/koti\\\/#\\\/schema\\\/person\\\/3f242bfe958144234373266ea416e4d6\",\"name\":\"Jenni\",\"image\":{\"@type\":\"ImageObject\",\"inLanguage\":\"fi\",\"@id\":\"https:\\\/\\\/secure.gravatar.com\\\/avatar\\\/469343e1290c3e818159b4a4348708c09929f07a2f460e664497d6fb92f80743?s=96&d=blank&r=g\",\"url\":\"https:\\\/\\\/secure.gravatar.com\\\/avatar\\\/469343e1290c3e818159b4a4348708c09929f07a2f460e664497d6fb92f80743?s=96&d=blank&r=g\",\"contentUrl\":\"https:\\\/\\\/secure.gravatar.com\\\/avatar\\\/469343e1290c3e818159b4a4348708c09929f07a2f460e664497d6fb92f80743?s=96&d=blank&r=g\",\"caption\":\"Jenni\"},\"url\":\"https:\\\/\\\/jennipitko.fi\\\/koti\\\/author\\\/jenni-pitko\\\/\"}]}<\/script>\n<!-- \/ Yoast SEO plugin. -->","yoast_head_json":{"title":"Lis\u00e4\u00e4 vaikuttamispaikkoja ja l\u00e4hidemokratiaa! - Jenni Pitko - Vihreiden varapuheenjohtaja, ymp\u00e4rist\u00f6valiokunnan puheenjohtaja, kansanedustaja ja arkkitehti Oulusta","robots":{"index":"index","follow":"follow","max-snippet":"max-snippet:-1","max-image-preview":"max-image-preview:large","max-video-preview":"max-video-preview:-1"},"canonical":"https:\/\/jennipitko.fi\/koti\/lisaa-vaikuttamispaikkoja-ja-lahidemokratiaa\/","og_locale":"fi_FI","og_type":"article","og_title":"Lis\u00e4\u00e4 vaikuttamispaikkoja ja l\u00e4hidemokratiaa! - Jenni Pitko - Vihreiden varapuheenjohtaja, ymp\u00e4rist\u00f6valiokunnan puheenjohtaja, kansanedustaja ja arkkitehti Oulusta","og_description":"Palveluiden karkaamisen lis\u00e4ksi (Blogi syrj\u00e4seutujen palveluista) kuntaliitoksissa liittyy pelkoa p\u00e4\u00e4te\u00f6ksentekoon liittyvien vaikuttamismahdollisuuksien v\u00e4henemiseen. Vahva peruskunta on hyv\u00e4, koska kuntien ei [&hellip;]","og_url":"https:\/\/jennipitko.fi\/koti\/lisaa-vaikuttamispaikkoja-ja-lahidemokratiaa\/","og_site_name":"Jenni Pitko - Vihreiden varapuheenjohtaja, ymp\u00e4rist\u00f6valiokunnan puheenjohtaja, kansanedustaja ja arkkitehti Oulusta","article_published_time":"2012-10-19T15:26:04+00:00","article_modified_time":"2014-12-30T15:04:31+00:00","author":"Jenni","twitter_card":"summary_large_image","twitter_misc":{"Kirjoittanut":"Jenni","Arvioitu lukuaika":"2 minuuttia"},"schema":{"@context":"https:\/\/schema.org","@graph":[{"@type":"Article","@id":"https:\/\/jennipitko.fi\/koti\/lisaa-vaikuttamispaikkoja-ja-lahidemokratiaa\/#article","isPartOf":{"@id":"https:\/\/jennipitko.fi\/koti\/lisaa-vaikuttamispaikkoja-ja-lahidemokratiaa\/"},"author":{"name":"Jenni","@id":"https:\/\/jennipitko.fi\/koti\/#\/schema\/person\/3f242bfe958144234373266ea416e4d6"},"headline":"Lis\u00e4\u00e4 vaikuttamispaikkoja ja l\u00e4hidemokratiaa!","datePublished":"2012-10-19T15:26:04+00:00","dateModified":"2014-12-30T15:04:31+00:00","mainEntityOfPage":{"@id":"https:\/\/jennipitko.fi\/koti\/lisaa-vaikuttamispaikkoja-ja-lahidemokratiaa\/"},"wordCount":375,"commentCount":0,"publisher":{"@id":"https:\/\/jennipitko.fi\/koti\/#organization"},"keywords":["kaupunginosavaltuusto","l\u00e4hidemokratia","p\u00e4\u00e4t\u00f6ksenteko","vaikuttaminen","vuorovaikutus"],"articleSection":["Blogi"],"inLanguage":"fi","potentialAction":[{"@type":"CommentAction","name":"Comment","target":["https:\/\/jennipitko.fi\/koti\/lisaa-vaikuttamispaikkoja-ja-lahidemokratiaa\/#respond"]}]},{"@type":"WebPage","@id":"https:\/\/jennipitko.fi\/koti\/lisaa-vaikuttamispaikkoja-ja-lahidemokratiaa\/","url":"https:\/\/jennipitko.fi\/koti\/lisaa-vaikuttamispaikkoja-ja-lahidemokratiaa\/","name":"Lis\u00e4\u00e4 vaikuttamispaikkoja ja l\u00e4hidemokratiaa! - Jenni Pitko - Vihreiden varapuheenjohtaja, ymp\u00e4rist\u00f6valiokunnan puheenjohtaja, kansanedustaja ja arkkitehti Oulusta","isPartOf":{"@id":"https:\/\/jennipitko.fi\/koti\/#website"},"datePublished":"2012-10-19T15:26:04+00:00","dateModified":"2014-12-30T15:04:31+00:00","breadcrumb":{"@id":"https:\/\/jennipitko.fi\/koti\/lisaa-vaikuttamispaikkoja-ja-lahidemokratiaa\/#breadcrumb"},"inLanguage":"fi","potentialAction":[{"@type":"ReadAction","target":["https:\/\/jennipitko.fi\/koti\/lisaa-vaikuttamispaikkoja-ja-lahidemokratiaa\/"]}]},{"@type":"BreadcrumbList","@id":"https:\/\/jennipitko.fi\/koti\/lisaa-vaikuttamispaikkoja-ja-lahidemokratiaa\/#breadcrumb","itemListElement":[{"@type":"ListItem","position":1,"name":"Home","item":"https:\/\/jennipitko.fi\/koti\/"},{"@type":"ListItem","position":2,"name":"Lis\u00e4\u00e4 vaikuttamispaikkoja ja l\u00e4hidemokratiaa!"}]},{"@type":"WebSite","@id":"https:\/\/jennipitko.fi\/koti\/#website","url":"https:\/\/jennipitko.fi\/koti\/","name":"Jenni Pitko - Vihreiden varapuheenjohtaja, ymp\u00e4rist\u00f6valiokunnan puheenjohtaja, kansanedustaja ja arkkitehti Oulusta","description":"Jenni Pitko - Vihreiden varapuheenjohtaja, ymp\u00e4rist\u00f6valiokunnan puheenjohtaja, kansanedustaja ja arkkitehti Oulusta","publisher":{"@id":"https:\/\/jennipitko.fi\/koti\/#organization"},"potentialAction":[{"@type":"SearchAction","target":{"@type":"EntryPoint","urlTemplate":"https:\/\/jennipitko.fi\/koti\/?s={search_term_string}"},"query-input":{"@type":"PropertyValueSpecification","valueRequired":true,"valueName":"search_term_string"}}],"inLanguage":"fi"},{"@type":"Organization","@id":"https:\/\/jennipitko.fi\/koti\/#organization","name":"Jenni Pitko - Vihreiden varapuheenjohtaja, ymp\u00e4rist\u00f6valiokunnan puheenjohtaja, kansanedustaja ja arkkitehti Oulusta","url":"https:\/\/jennipitko.fi\/koti\/","logo":{"@type":"ImageObject","inLanguage":"fi","@id":"https:\/\/jennipitko.fi\/koti\/#\/schema\/logo\/image\/","url":"https:\/\/jennipitko.fi\/koti\/wp-content\/uploads\/2025\/09\/Nimeton-malli-38.png","contentUrl":"https:\/\/jennipitko.fi\/koti\/wp-content\/uploads\/2025\/09\/Nimeton-malli-38.png","width":1280,"height":847,"caption":"Jenni Pitko - Vihreiden varapuheenjohtaja, ymp\u00e4rist\u00f6valiokunnan puheenjohtaja, kansanedustaja ja arkkitehti Oulusta"},"image":{"@id":"https:\/\/jennipitko.fi\/koti\/#\/schema\/logo\/image\/"}},{"@type":"Person","@id":"https:\/\/jennipitko.fi\/koti\/#\/schema\/person\/3f242bfe958144234373266ea416e4d6","name":"Jenni","image":{"@type":"ImageObject","inLanguage":"fi","@id":"https:\/\/secure.gravatar.com\/avatar\/469343e1290c3e818159b4a4348708c09929f07a2f460e664497d6fb92f80743?s=96&d=blank&r=g","url":"https:\/\/secure.gravatar.com\/avatar\/469343e1290c3e818159b4a4348708c09929f07a2f460e664497d6fb92f80743?s=96&d=blank&r=g","contentUrl":"https:\/\/secure.gravatar.com\/avatar\/469343e1290c3e818159b4a4348708c09929f07a2f460e664497d6fb92f80743?s=96&d=blank&r=g","caption":"Jenni"},"url":"https:\/\/jennipitko.fi\/koti\/author\/jenni-pitko\/"}]}},"_links":{"self":[{"href":"https:\/\/jennipitko.fi\/koti\/wp-json\/wp\/v2\/posts\/526","targetHints":{"allow":["GET"]}}],"collection":[{"href":"https:\/\/jennipitko.fi\/koti\/wp-json\/wp\/v2\/posts"}],"about":[{"href":"https:\/\/jennipitko.fi\/koti\/wp-json\/wp\/v2\/types\/post"}],"author":[{"embeddable":true,"href":"https:\/\/jennipitko.fi\/koti\/wp-json\/wp\/v2\/users\/2"}],"replies":[{"embeddable":true,"href":"https:\/\/jennipitko.fi\/koti\/wp-json\/wp\/v2\/comments?post=526"}],"version-history":[{"count":1,"href":"https:\/\/jennipitko.fi\/koti\/wp-json\/wp\/v2\/posts\/526\/revisions"}],"predecessor-version":[{"id":785,"href":"https:\/\/jennipitko.fi\/koti\/wp-json\/wp\/v2\/posts\/526\/revisions\/785"}],"wp:attachment":[{"href":"https:\/\/jennipitko.fi\/koti\/wp-json\/wp\/v2\/media?parent=526"}],"wp:term":[{"taxonomy":"category","embeddable":true,"href":"https:\/\/jennipitko.fi\/koti\/wp-json\/wp\/v2\/categories?post=526"},{"taxonomy":"post_tag","embeddable":true,"href":"https:\/\/jennipitko.fi\/koti\/wp-json\/wp\/v2\/tags?post=526"}],"curies":[{"name":"wp","href":"https:\/\/api.w.org\/{rel}","templated":true}]}}