{"id":540,"date":"2012-10-29T16:13:10","date_gmt":"2012-10-29T14:13:10","guid":{"rendered":"http:\/\/henkilot.vihreat.fi\/jenni.pitko\/?p=540"},"modified":"2014-12-30T15:06:01","modified_gmt":"2014-12-30T15:06:01","slug":"kiitos-luottamuksesta-ja-kuulumisia-vaalien-jalkeen","status":"publish","type":"post","link":"https:\/\/jennipitko.fi\/koti\/kiitos-luottamuksesta-ja-kuulumisia-vaalien-jalkeen\/","title":{"rendered":"Kiitos luottamuksesta ja kuulumisia vaalien j\u00e4lkeen"},"content":{"rendered":"<p>Haluan esitt\u00e4\u00e4 syd\u00e4mellisimm\u00e4t kiitokseni minua \u00e4\u00e4nest\u00e4neille ja kampanjassani mukana olleille yst\u00e4ville ja tutuille. Jopa 381 oululaista k\u00e4vi n\u00e4iss\u00e4 vaaleissa piirt\u00e4m\u00e4ss\u00e4 \u00e4\u00e4nestyslippuun numeroni ja n\u00e4in valtuutti minut edustamaan heit\u00e4 uuden Oulun valtuustoon. Kiitos uskomattomasta \u00e4\u00e4nipotista!<!--more--><\/p>\n<p>Iso syy kampanjani onnistumiseen oli yli kymmenen hengen kampanjatiimi, joiden kanssa vietin kymmeni\u00e4 tunteja, jollei sata tuntia, kadulla esitteit\u00e4 jakaen. Esitteit\u00e4 jaettiin noin 2000, joista suurin osa oli henkil\u00f6kohtaisesesti, muutamia satoja jaettiin postiluukkuihin. Suuri kiitos siis kaikille jotka minua ovat auttaneet, joko tekem\u00e4ll\u00e4 vaality\u00f6t\u00e4 tai suosittelemalla kaverille!<\/p>\n<p>Vihreiden paikat Oulun valtuustossa tippuivat yhdest\u00e4toista seits\u00e4m\u00e4\u00e4n, joten pettymys kokonaisuuden kannalta on suuri. Siit\u00e4 olen kuitenkin onnellinen, ett\u00e4 seitsem\u00e4\u00e4n valtuutettuun mahtui kaksi uutta nuorta, min\u00e4 ja<a href=\"http:\/\/www.jannehakkarainen.fi\"> Janne Hakkarainen,<\/a> 25.<\/p>\n<p>T\u00e4n\u00e4\u00e4n kokoustimme uuden valtuustoryhm\u00e4n kanssa ensimm\u00e4ist\u00e4 kertaa ja min\u00e4 tulin valituksi ryhm\u00e4n varapuheenjohtajaksi. Ihan mahtis juttu, kiitos valtuutetuille luottamuksesta! Puheenjohtajana jatkaa Veikko Ervasti. T\u00e4ss\u00e4 <a href=\"http:\/\/www.oulunvaalipiirinvihreat.fi\/oulu\/?p=1881\">tiedote<\/a>.<\/p>\n<p>Olen siis t\u00e4ynn\u00e4 suunnatonta kiitollisuutta! Eli <strong>kiitos<\/strong>. \ud83d\ude42<\/p>\n","protected":false},"excerpt":{"rendered":"<p>Haluan esitt\u00e4\u00e4 syd\u00e4mellisimm\u00e4t kiitokseni minua \u00e4\u00e4nest\u00e4neille ja kampanjassani mukana olleille yst\u00e4ville ja tutuille. Jopa 381 oululaista k\u00e4vi n\u00e4iss\u00e4 vaaleissa piirt\u00e4m\u00e4ss\u00e4 [&hellip;]<\/p>\n","protected":false},"author":2,"featured_media":0,"comment_status":"open","ping_status":"open","sticky":false,"template":"","format":"standard","meta":{"_monsterinsights_skip_tracking":false,"_monsterinsights_sitenote_active":false,"_monsterinsights_sitenote_note":"","_monsterinsights_sitenote_category":0,"site-sidebar-layout":"default","site-content-layout":"","ast-site-content-layout":"default","site-content-style":"default","site-sidebar-style":"default","ast-global-header-display":"","ast-banner-title-visibility":"","ast-main-header-display":"","ast-hfb-above-header-display":"","ast-hfb-below-header-display":"","ast-hfb-mobile-header-display":"","site-post-title":"","ast-breadcrumbs-content":"","ast-featured-img":"","footer-sml-layout":"","ast-disable-related-posts":"","theme-transparent-header-meta":"","adv-header-id-meta":"","stick-header-meta":"","header-above-stick-meta":"","header-main-stick-meta":"","header-below-stick-meta":"","astra-migrate-meta-layouts":"default","ast-page-background-enabled":"default","ast-page-background-meta":{"desktop":{"background-color":"var(--ast-global-color-5)","background-image":"","background-repeat":"repeat","background-position":"center center","background-size":"auto","background-attachment":"scroll","background-type":"","background-media":"","overlay-type":"","overlay-color":"","overlay-opacity":"","overlay-gradient":""},"tablet":{"background-color":"","background-image":"","background-repeat":"repeat","background-position":"center center","background-size":"auto","background-attachment":"scroll","background-type":"","background-media":"","overlay-type":"","overlay-color":"","overlay-opacity":"","overlay-gradient":""},"mobile":{"background-color":"","background-image":"","background-repeat":"repeat","background-position":"center center","background-size":"auto","background-attachment":"scroll","background-type":"","background-media":"","overlay-type":"","overlay-color":"","overlay-opacity":"","overlay-gradient":""}},"ast-content-background-meta":{"desktop":{"background-color":"var(--ast-global-color-4)","background-image":"","background-repeat":"repeat","background-position":"center center","background-size":"auto","background-attachment":"scroll","background-type":"","background-media":"","overlay-type":"","overlay-color":"","overlay-opacity":"","overlay-gradient":""},"tablet":{"background-color":"var(--ast-global-color-4)","background-image":"","background-repeat":"repeat","background-position":"center center","background-size":"auto","background-attachment":"scroll","background-type":"","background-media":"","overlay-type":"","overlay-color":"","overlay-opacity":"","overlay-gradient":""},"mobile":{"background-color":"var(--ast-global-color-4)","background-image":"","background-repeat":"repeat","background-position":"center center","background-size":"auto","background-attachment":"scroll","background-type":"","background-media":"","overlay-type":"","overlay-color":"","overlay-opacity":"","overlay-gradient":""}},"footnotes":""},"categories":[2],"tags":[],"class_list":["post-540","post","type-post","status-publish","format-standard","hentry","category-blogi"],"yoast_head":"<!-- This site is optimized with the Yoast SEO plugin v27.5 - https:\/\/yoast.com\/product\/yoast-seo-wordpress\/ -->\n<title>Kiitos luottamuksesta ja kuulumisia vaalien j\u00e4lkeen - Jenni Pitko - Vihreiden varapuheenjohtaja, ymp\u00e4rist\u00f6valiokunnan puheenjohtaja, kansanedustaja ja arkkitehti Oulusta<\/title>\n<meta name=\"robots\" content=\"index, follow, max-snippet:-1, max-image-preview:large, max-video-preview:-1\" \/>\n<link rel=\"canonical\" href=\"https:\/\/jennipitko.fi\/koti\/kiitos-luottamuksesta-ja-kuulumisia-vaalien-jalkeen\/\" \/>\n<meta property=\"og:locale\" content=\"fi_FI\" \/>\n<meta property=\"og:type\" content=\"article\" \/>\n<meta property=\"og:title\" content=\"Kiitos luottamuksesta ja kuulumisia vaalien j\u00e4lkeen - Jenni Pitko - Vihreiden varapuheenjohtaja, ymp\u00e4rist\u00f6valiokunnan puheenjohtaja, kansanedustaja ja arkkitehti Oulusta\" \/>\n<meta property=\"og:description\" content=\"Haluan esitt\u00e4\u00e4 syd\u00e4mellisimm\u00e4t kiitokseni minua \u00e4\u00e4nest\u00e4neille ja kampanjassani mukana olleille yst\u00e4ville ja tutuille. Jopa 381 oululaista k\u00e4vi n\u00e4iss\u00e4 vaaleissa piirt\u00e4m\u00e4ss\u00e4 [&hellip;]\" \/>\n<meta property=\"og:url\" content=\"https:\/\/jennipitko.fi\/koti\/kiitos-luottamuksesta-ja-kuulumisia-vaalien-jalkeen\/\" \/>\n<meta property=\"og:site_name\" content=\"Jenni Pitko - Vihreiden varapuheenjohtaja, ymp\u00e4rist\u00f6valiokunnan puheenjohtaja, kansanedustaja ja arkkitehti Oulusta\" \/>\n<meta property=\"article:published_time\" content=\"2012-10-29T14:13:10+00:00\" \/>\n<meta property=\"article:modified_time\" content=\"2014-12-30T15:06:01+00:00\" \/>\n<meta name=\"author\" content=\"Jenni\" \/>\n<meta name=\"twitter:card\" content=\"summary_large_image\" \/>\n<meta name=\"twitter:label1\" content=\"Kirjoittanut\" \/>\n\t<meta name=\"twitter:data1\" content=\"Jenni\" \/>\n\t<meta name=\"twitter:label2\" content=\"Arvioitu lukuaika\" \/>\n\t<meta name=\"twitter:data2\" content=\"1 minuutti\" \/>\n<script type=\"application\/ld+json\" class=\"yoast-schema-graph\">{\"@context\":\"https:\\\/\\\/schema.org\",\"@graph\":[{\"@type\":\"Article\",\"@id\":\"https:\\\/\\\/jennipitko.fi\\\/koti\\\/kiitos-luottamuksesta-ja-kuulumisia-vaalien-jalkeen\\\/#article\",\"isPartOf\":{\"@id\":\"https:\\\/\\\/jennipitko.fi\\\/koti\\\/kiitos-luottamuksesta-ja-kuulumisia-vaalien-jalkeen\\\/\"},\"author\":{\"name\":\"Jenni\",\"@id\":\"https:\\\/\\\/jennipitko.fi\\\/koti\\\/#\\\/schema\\\/person\\\/3f242bfe958144234373266ea416e4d6\"},\"headline\":\"Kiitos luottamuksesta ja kuulumisia vaalien j\u00e4lkeen\",\"datePublished\":\"2012-10-29T14:13:10+00:00\",\"dateModified\":\"2014-12-30T15:06:01+00:00\",\"mainEntityOfPage\":{\"@id\":\"https:\\\/\\\/jennipitko.fi\\\/koti\\\/kiitos-luottamuksesta-ja-kuulumisia-vaalien-jalkeen\\\/\"},\"wordCount\":169,\"commentCount\":0,\"publisher\":{\"@id\":\"https:\\\/\\\/jennipitko.fi\\\/koti\\\/#organization\"},\"articleSection\":[\"Blogi\"],\"inLanguage\":\"fi\",\"potentialAction\":[{\"@type\":\"CommentAction\",\"name\":\"Comment\",\"target\":[\"https:\\\/\\\/jennipitko.fi\\\/koti\\\/kiitos-luottamuksesta-ja-kuulumisia-vaalien-jalkeen\\\/#respond\"]}]},{\"@type\":\"WebPage\",\"@id\":\"https:\\\/\\\/jennipitko.fi\\\/koti\\\/kiitos-luottamuksesta-ja-kuulumisia-vaalien-jalkeen\\\/\",\"url\":\"https:\\\/\\\/jennipitko.fi\\\/koti\\\/kiitos-luottamuksesta-ja-kuulumisia-vaalien-jalkeen\\\/\",\"name\":\"Kiitos luottamuksesta ja kuulumisia vaalien j\u00e4lkeen - Jenni Pitko - Vihreiden varapuheenjohtaja, ymp\u00e4rist\u00f6valiokunnan puheenjohtaja, kansanedustaja ja arkkitehti Oulusta\",\"isPartOf\":{\"@id\":\"https:\\\/\\\/jennipitko.fi\\\/koti\\\/#website\"},\"datePublished\":\"2012-10-29T14:13:10+00:00\",\"dateModified\":\"2014-12-30T15:06:01+00:00\",\"breadcrumb\":{\"@id\":\"https:\\\/\\\/jennipitko.fi\\\/koti\\\/kiitos-luottamuksesta-ja-kuulumisia-vaalien-jalkeen\\\/#breadcrumb\"},\"inLanguage\":\"fi\",\"potentialAction\":[{\"@type\":\"ReadAction\",\"target\":[\"https:\\\/\\\/jennipitko.fi\\\/koti\\\/kiitos-luottamuksesta-ja-kuulumisia-vaalien-jalkeen\\\/\"]}]},{\"@type\":\"BreadcrumbList\",\"@id\":\"https:\\\/\\\/jennipitko.fi\\\/koti\\\/kiitos-luottamuksesta-ja-kuulumisia-vaalien-jalkeen\\\/#breadcrumb\",\"itemListElement\":[{\"@type\":\"ListItem\",\"position\":1,\"name\":\"Home\",\"item\":\"https:\\\/\\\/jennipitko.fi\\\/koti\\\/\"},{\"@type\":\"ListItem\",\"position\":2,\"name\":\"Kiitos luottamuksesta ja kuulumisia vaalien j\u00e4lkeen\"}]},{\"@type\":\"WebSite\",\"@id\":\"https:\\\/\\\/jennipitko.fi\\\/koti\\\/#website\",\"url\":\"https:\\\/\\\/jennipitko.fi\\\/koti\\\/\",\"name\":\"Jenni Pitko - Vihreiden varapuheenjohtaja, ymp\u00e4rist\u00f6valiokunnan puheenjohtaja, kansanedustaja ja arkkitehti Oulusta\",\"description\":\"Jenni Pitko - Vihreiden varapuheenjohtaja, ymp\u00e4rist\u00f6valiokunnan puheenjohtaja, kansanedustaja ja arkkitehti Oulusta\",\"publisher\":{\"@id\":\"https:\\\/\\\/jennipitko.fi\\\/koti\\\/#organization\"},\"potentialAction\":[{\"@type\":\"SearchAction\",\"target\":{\"@type\":\"EntryPoint\",\"urlTemplate\":\"https:\\\/\\\/jennipitko.fi\\\/koti\\\/?s={search_term_string}\"},\"query-input\":{\"@type\":\"PropertyValueSpecification\",\"valueRequired\":true,\"valueName\":\"search_term_string\"}}],\"inLanguage\":\"fi\"},{\"@type\":\"Organization\",\"@id\":\"https:\\\/\\\/jennipitko.fi\\\/koti\\\/#organization\",\"name\":\"Jenni Pitko - Vihreiden varapuheenjohtaja, ymp\u00e4rist\u00f6valiokunnan puheenjohtaja, kansanedustaja ja arkkitehti Oulusta\",\"url\":\"https:\\\/\\\/jennipitko.fi\\\/koti\\\/\",\"logo\":{\"@type\":\"ImageObject\",\"inLanguage\":\"fi\",\"@id\":\"https:\\\/\\\/jennipitko.fi\\\/koti\\\/#\\\/schema\\\/logo\\\/image\\\/\",\"url\":\"https:\\\/\\\/jennipitko.fi\\\/koti\\\/wp-content\\\/uploads\\\/2025\\\/09\\\/Nimeton-malli-38.png\",\"contentUrl\":\"https:\\\/\\\/jennipitko.fi\\\/koti\\\/wp-content\\\/uploads\\\/2025\\\/09\\\/Nimeton-malli-38.png\",\"width\":1280,\"height\":847,\"caption\":\"Jenni Pitko - Vihreiden varapuheenjohtaja, ymp\u00e4rist\u00f6valiokunnan puheenjohtaja, kansanedustaja ja arkkitehti Oulusta\"},\"image\":{\"@id\":\"https:\\\/\\\/jennipitko.fi\\\/koti\\\/#\\\/schema\\\/logo\\\/image\\\/\"}},{\"@type\":\"Person\",\"@id\":\"https:\\\/\\\/jennipitko.fi\\\/koti\\\/#\\\/schema\\\/person\\\/3f242bfe958144234373266ea416e4d6\",\"name\":\"Jenni\",\"image\":{\"@type\":\"ImageObject\",\"inLanguage\":\"fi\",\"@id\":\"https:\\\/\\\/secure.gravatar.com\\\/avatar\\\/469343e1290c3e818159b4a4348708c09929f07a2f460e664497d6fb92f80743?s=96&d=blank&r=g\",\"url\":\"https:\\\/\\\/secure.gravatar.com\\\/avatar\\\/469343e1290c3e818159b4a4348708c09929f07a2f460e664497d6fb92f80743?s=96&d=blank&r=g\",\"contentUrl\":\"https:\\\/\\\/secure.gravatar.com\\\/avatar\\\/469343e1290c3e818159b4a4348708c09929f07a2f460e664497d6fb92f80743?s=96&d=blank&r=g\",\"caption\":\"Jenni\"},\"url\":\"https:\\\/\\\/jennipitko.fi\\\/koti\\\/author\\\/jenni-pitko\\\/\"}]}<\/script>\n<!-- \/ Yoast SEO plugin. -->","yoast_head_json":{"title":"Kiitos luottamuksesta ja kuulumisia vaalien j\u00e4lkeen - Jenni Pitko - Vihreiden varapuheenjohtaja, ymp\u00e4rist\u00f6valiokunnan puheenjohtaja, kansanedustaja ja arkkitehti Oulusta","robots":{"index":"index","follow":"follow","max-snippet":"max-snippet:-1","max-image-preview":"max-image-preview:large","max-video-preview":"max-video-preview:-1"},"canonical":"https:\/\/jennipitko.fi\/koti\/kiitos-luottamuksesta-ja-kuulumisia-vaalien-jalkeen\/","og_locale":"fi_FI","og_type":"article","og_title":"Kiitos luottamuksesta ja kuulumisia vaalien j\u00e4lkeen - Jenni Pitko - Vihreiden varapuheenjohtaja, ymp\u00e4rist\u00f6valiokunnan puheenjohtaja, kansanedustaja ja arkkitehti Oulusta","og_description":"Haluan esitt\u00e4\u00e4 syd\u00e4mellisimm\u00e4t kiitokseni minua \u00e4\u00e4nest\u00e4neille ja kampanjassani mukana olleille yst\u00e4ville ja tutuille. Jopa 381 oululaista k\u00e4vi n\u00e4iss\u00e4 vaaleissa piirt\u00e4m\u00e4ss\u00e4 [&hellip;]","og_url":"https:\/\/jennipitko.fi\/koti\/kiitos-luottamuksesta-ja-kuulumisia-vaalien-jalkeen\/","og_site_name":"Jenni Pitko - Vihreiden varapuheenjohtaja, ymp\u00e4rist\u00f6valiokunnan puheenjohtaja, kansanedustaja ja arkkitehti Oulusta","article_published_time":"2012-10-29T14:13:10+00:00","article_modified_time":"2014-12-30T15:06:01+00:00","author":"Jenni","twitter_card":"summary_large_image","twitter_misc":{"Kirjoittanut":"Jenni","Arvioitu lukuaika":"1 minuutti"},"schema":{"@context":"https:\/\/schema.org","@graph":[{"@type":"Article","@id":"https:\/\/jennipitko.fi\/koti\/kiitos-luottamuksesta-ja-kuulumisia-vaalien-jalkeen\/#article","isPartOf":{"@id":"https:\/\/jennipitko.fi\/koti\/kiitos-luottamuksesta-ja-kuulumisia-vaalien-jalkeen\/"},"author":{"name":"Jenni","@id":"https:\/\/jennipitko.fi\/koti\/#\/schema\/person\/3f242bfe958144234373266ea416e4d6"},"headline":"Kiitos luottamuksesta ja kuulumisia vaalien j\u00e4lkeen","datePublished":"2012-10-29T14:13:10+00:00","dateModified":"2014-12-30T15:06:01+00:00","mainEntityOfPage":{"@id":"https:\/\/jennipitko.fi\/koti\/kiitos-luottamuksesta-ja-kuulumisia-vaalien-jalkeen\/"},"wordCount":169,"commentCount":0,"publisher":{"@id":"https:\/\/jennipitko.fi\/koti\/#organization"},"articleSection":["Blogi"],"inLanguage":"fi","potentialAction":[{"@type":"CommentAction","name":"Comment","target":["https:\/\/jennipitko.fi\/koti\/kiitos-luottamuksesta-ja-kuulumisia-vaalien-jalkeen\/#respond"]}]},{"@type":"WebPage","@id":"https:\/\/jennipitko.fi\/koti\/kiitos-luottamuksesta-ja-kuulumisia-vaalien-jalkeen\/","url":"https:\/\/jennipitko.fi\/koti\/kiitos-luottamuksesta-ja-kuulumisia-vaalien-jalkeen\/","name":"Kiitos luottamuksesta ja kuulumisia vaalien j\u00e4lkeen - Jenni Pitko - Vihreiden varapuheenjohtaja, ymp\u00e4rist\u00f6valiokunnan puheenjohtaja, kansanedustaja ja arkkitehti Oulusta","isPartOf":{"@id":"https:\/\/jennipitko.fi\/koti\/#website"},"datePublished":"2012-10-29T14:13:10+00:00","dateModified":"2014-12-30T15:06:01+00:00","breadcrumb":{"@id":"https:\/\/jennipitko.fi\/koti\/kiitos-luottamuksesta-ja-kuulumisia-vaalien-jalkeen\/#breadcrumb"},"inLanguage":"fi","potentialAction":[{"@type":"ReadAction","target":["https:\/\/jennipitko.fi\/koti\/kiitos-luottamuksesta-ja-kuulumisia-vaalien-jalkeen\/"]}]},{"@type":"BreadcrumbList","@id":"https:\/\/jennipitko.fi\/koti\/kiitos-luottamuksesta-ja-kuulumisia-vaalien-jalkeen\/#breadcrumb","itemListElement":[{"@type":"ListItem","position":1,"name":"Home","item":"https:\/\/jennipitko.fi\/koti\/"},{"@type":"ListItem","position":2,"name":"Kiitos luottamuksesta ja kuulumisia vaalien j\u00e4lkeen"}]},{"@type":"WebSite","@id":"https:\/\/jennipitko.fi\/koti\/#website","url":"https:\/\/jennipitko.fi\/koti\/","name":"Jenni Pitko - Vihreiden varapuheenjohtaja, ymp\u00e4rist\u00f6valiokunnan puheenjohtaja, kansanedustaja ja arkkitehti Oulusta","description":"Jenni Pitko - Vihreiden varapuheenjohtaja, ymp\u00e4rist\u00f6valiokunnan puheenjohtaja, kansanedustaja ja arkkitehti Oulusta","publisher":{"@id":"https:\/\/jennipitko.fi\/koti\/#organization"},"potentialAction":[{"@type":"SearchAction","target":{"@type":"EntryPoint","urlTemplate":"https:\/\/jennipitko.fi\/koti\/?s={search_term_string}"},"query-input":{"@type":"PropertyValueSpecification","valueRequired":true,"valueName":"search_term_string"}}],"inLanguage":"fi"},{"@type":"Organization","@id":"https:\/\/jennipitko.fi\/koti\/#organization","name":"Jenni Pitko - Vihreiden varapuheenjohtaja, ymp\u00e4rist\u00f6valiokunnan puheenjohtaja, kansanedustaja ja arkkitehti Oulusta","url":"https:\/\/jennipitko.fi\/koti\/","logo":{"@type":"ImageObject","inLanguage":"fi","@id":"https:\/\/jennipitko.fi\/koti\/#\/schema\/logo\/image\/","url":"https:\/\/jennipitko.fi\/koti\/wp-content\/uploads\/2025\/09\/Nimeton-malli-38.png","contentUrl":"https:\/\/jennipitko.fi\/koti\/wp-content\/uploads\/2025\/09\/Nimeton-malli-38.png","width":1280,"height":847,"caption":"Jenni Pitko - Vihreiden varapuheenjohtaja, ymp\u00e4rist\u00f6valiokunnan puheenjohtaja, kansanedustaja ja arkkitehti Oulusta"},"image":{"@id":"https:\/\/jennipitko.fi\/koti\/#\/schema\/logo\/image\/"}},{"@type":"Person","@id":"https:\/\/jennipitko.fi\/koti\/#\/schema\/person\/3f242bfe958144234373266ea416e4d6","name":"Jenni","image":{"@type":"ImageObject","inLanguage":"fi","@id":"https:\/\/secure.gravatar.com\/avatar\/469343e1290c3e818159b4a4348708c09929f07a2f460e664497d6fb92f80743?s=96&d=blank&r=g","url":"https:\/\/secure.gravatar.com\/avatar\/469343e1290c3e818159b4a4348708c09929f07a2f460e664497d6fb92f80743?s=96&d=blank&r=g","contentUrl":"https:\/\/secure.gravatar.com\/avatar\/469343e1290c3e818159b4a4348708c09929f07a2f460e664497d6fb92f80743?s=96&d=blank&r=g","caption":"Jenni"},"url":"https:\/\/jennipitko.fi\/koti\/author\/jenni-pitko\/"}]}},"_links":{"self":[{"href":"https:\/\/jennipitko.fi\/koti\/wp-json\/wp\/v2\/posts\/540","targetHints":{"allow":["GET"]}}],"collection":[{"href":"https:\/\/jennipitko.fi\/koti\/wp-json\/wp\/v2\/posts"}],"about":[{"href":"https:\/\/jennipitko.fi\/koti\/wp-json\/wp\/v2\/types\/post"}],"author":[{"embeddable":true,"href":"https:\/\/jennipitko.fi\/koti\/wp-json\/wp\/v2\/users\/2"}],"replies":[{"embeddable":true,"href":"https:\/\/jennipitko.fi\/koti\/wp-json\/wp\/v2\/comments?post=540"}],"version-history":[{"count":1,"href":"https:\/\/jennipitko.fi\/koti\/wp-json\/wp\/v2\/posts\/540\/revisions"}],"predecessor-version":[{"id":787,"href":"https:\/\/jennipitko.fi\/koti\/wp-json\/wp\/v2\/posts\/540\/revisions\/787"}],"wp:attachment":[{"href":"https:\/\/jennipitko.fi\/koti\/wp-json\/wp\/v2\/media?parent=540"}],"wp:term":[{"taxonomy":"category","embeddable":true,"href":"https:\/\/jennipitko.fi\/koti\/wp-json\/wp\/v2\/categories?post=540"},{"taxonomy":"post_tag","embeddable":true,"href":"https:\/\/jennipitko.fi\/koti\/wp-json\/wp\/v2\/tags?post=540"}],"curies":[{"name":"wp","href":"https:\/\/api.w.org\/{rel}","templated":true}]}}