{"id":545,"date":"2012-10-31T19:58:47","date_gmt":"2012-10-31T17:58:47","guid":{"rendered":"http:\/\/henkilot.vihreat.fi\/jenni.pitko\/?p=545"},"modified":"2014-12-30T15:06:48","modified_gmt":"2014-12-30T15:06:48","slug":"jalkivaalilupaukset","status":"publish","type":"post","link":"https:\/\/jennipitko.fi\/koti\/jalkivaalilupaukset\/","title":{"rendered":"J\u00e4lkivaalilupaukset &#8211; kuinka toimin kunnallispoliitikkona"},"content":{"rendered":"<p>Olen toiminut jo jonkin aikaa opiskelijapolitiikassa, nyt ensimm\u00e4isten kuntavaalieni siivitt\u00e4m\u00e4n\u00e4 olen my\u00f6s kunnallispoliitikko! Olen asiasta edelleen h\u00e4keltynyt ja ihan suunnattoman onnellinen! Ajattelin nyt avata hieman mietteit\u00e4ni asiasta ja henkil\u00f6kohtaisista tavoitteistani seuraavalle nelj\u00e4lle vuodelle. Tekstiss\u00e4 k\u00e4sittelen vaalitappion kokenutta oululaista vihreytt\u00e4, tapaani tehd\u00e4 politiikkaa avointa ja osallistavaa politiikkaa ja viiel\u00e4 lopuksi vaalilupauksiani.<!--more--><\/p>\n<figure id=\"attachment_567\" aria-describedby=\"caption-attachment-567\" style=\"width: 225px\" class=\"wp-caption alignleft\"><img fetchpriority=\"high\" decoding=\"async\" class=\"size-medium wp-image-567\" title=\"Vaalikampanja\" src=\"http:\/\/henkilot.vihreat.fi\/jenni.pitko\/files\/2012\/10\/2012-10-10-17.10.54-225x300.jpg\" alt=\"Jenni Pitko\" width=\"225\" height=\"300\" \/><figcaption id=\"caption-attachment-567\" class=\"wp-caption-text\">Kuva vaalikampanjan alkumetreilt\u00e4.<\/figcaption><\/figure>\n<p>1. Vihre\u00e4t kokivat vaalitappion, kun valtuustopaikat tippuivat yhdest\u00e4toista seitsem\u00e4\u00e4n. Jotain on siis muututtava! Sen sijaan, ett\u00e4 j\u00e4isimme murehtimaan, on tarpeen k\u00e4\u00e4nt\u00e4\u00e4 katse tulevaan. Minulla on ajatus, ett\u00e4 uusi nousu tulee tapahtumaan\u00a0julkisen arvokeskustelun ja positiivisten tempausten kautta. Vihreiden on tuotava esille saavutuksiaan. Uskon my\u00f6s, ett\u00e4 vihreiss\u00e4 kaivataan Oulussa sukupolvenvaihdosta, se viesti tuli \u00e4\u00e4nest\u00e4jilt\u00e4kin, meit\u00e4 on nyt kaksi alle kolmekymppist\u00e4 uusina valtuutettuina. Nimet\u00e4\u00e4n siis n\u00e4kyviin paikkoihin, kaupunginhallitukseen ja lautakuntiin rohkeasti kokeneiden poliitikkojen seuraksi nuoria valtuutettuja ja varavaltuutettuja. Meill\u00e4 nuorilla on intoa ja tekemisen meininki\u00e4, sit\u00e4 vihre\u00e4t nyt tarvitsevat! Vihreill\u00e4 oli upea, energinen ehdokasjoukko, toivottavasti hekin jatkavat t\u00f6it\u00e4 vihreiden eteen jatkossakin!<\/p>\n<p>2. Aion tehd\u00e4 politiikkaa avoimesti ja osallistavasti. Uutena valtuutettuna aion kysell\u00e4 niin neuvoja kokeneilta poliitikoilta kuin mietteit\u00e4 tavallisilta kaupunkilaisilta. Aikaisemmin mainitsemieni tempauksien avulla saamme osallistettua ihmisi\u00e4, v\u00e4litt\u00e4en samalla positiivista kuvaa vihreist\u00e4. Aion tehd\u00e4 rehti\u00e4 yhteisty\u00f6t\u00e4 muiden puolueiden j\u00e4senten kanssa, enk\u00e4 kanna kaunoja muita valtuutettuja kohtaan. Lupaan kirjoittaa ahkerasti blogiini ja lis\u00e4ksi p\u00e4ivittelen kuulumisia <a href=\"http:\/\/www.facebook.com\/jennivaltuustoon\">facebook-sivullani<\/a>\u00a0ja <a href=\"https:\/\/twitter.com\/JenniPitko\">twitter-sivullani<\/a>! Tervetuloa siis seuraamaan!<\/p>\n<p>3. Kerroin vaalien alla vaaliteemani, jotka ovat <a href=\"http:\/\/henkilot.vihreat.fi\/jenni.pitko\/vaaliteemat\/\">n\u00e4m\u00e4<\/a>. Lupaan ajaa niit\u00e4 aina kun mahdollisuus tulee. Niiden puolesta tulen my\u00f6s her\u00e4ttelem\u00e4\u00e4n julkista keskustelua. Vihreiden tulee pit\u00e4\u00e4 \u00e4\u00e4nt\u00e4 ymp\u00e4rist\u00f6n ja ehe\u00e4n kaupunkirakenteen puolesta, varsinkin puoluepoliittisesti l\u00e4pileikkaavan \u201dautopuolueen\u201d vastapainona. Vihreiden tulee my\u00f6s puhua niiden \u00e4\u00e4nell\u00e4, joilla itsell\u00e4 se ei kanna. Siis syrj\u00e4ytyneiden aikuisten sek\u00e4 lasten ja nuorten puolesta, joiden el\u00e4m\u00e4ss\u00e4 ei ole kaikki hyvin. Vaikka ajat ovat taloudellisesti tiukat, tulee Oulu kehittym\u00e4\u00e4n, sill\u00e4 v\u00e4est\u00f6 kasvaa kokoajan. Se on arvokysymys, miten sit\u00e4 kehitet\u00e4\u00e4n ja kasvatetaan.<\/p>\n<p>Innolla l\u00e4hden tulevaan nelivuotiskauteeni kaupungivaltuutettuna. Minuun saa aina ottaa yhteytt\u00e4, jos jotain on mielenp\u00e4\u00e4ll\u00e4!<\/p>\n<p>Iloista loppusyksy\u00e4 kaikille!<\/p>\n","protected":false},"excerpt":{"rendered":"<p>Olen toiminut jo jonkin aikaa opiskelijapolitiikassa, nyt ensimm\u00e4isten kuntavaalieni siivitt\u00e4m\u00e4n\u00e4 olen my\u00f6s kunnallispoliitikko! Olen asiasta edelleen h\u00e4keltynyt ja ihan suunnattoman [&hellip;]<\/p>\n","protected":false},"author":2,"featured_media":0,"comment_status":"open","ping_status":"open","sticky":false,"template":"","format":"standard","meta":{"_monsterinsights_skip_tracking":false,"_monsterinsights_sitenote_active":false,"_monsterinsights_sitenote_note":"","_monsterinsights_sitenote_category":0,"site-sidebar-layout":"default","site-content-layout":"","ast-site-content-layout":"default","site-content-style":"default","site-sidebar-style":"default","ast-global-header-display":"","ast-banner-title-visibility":"","ast-main-header-display":"","ast-hfb-above-header-display":"","ast-hfb-below-header-display":"","ast-hfb-mobile-header-display":"","site-post-title":"","ast-breadcrumbs-content":"","ast-featured-img":"","footer-sml-layout":"","ast-disable-related-posts":"","theme-transparent-header-meta":"","adv-header-id-meta":"","stick-header-meta":"","header-above-stick-meta":"","header-main-stick-meta":"","header-below-stick-meta":"","astra-migrate-meta-layouts":"default","ast-page-background-enabled":"default","ast-page-background-meta":{"desktop":{"background-color":"var(--ast-global-color-5)","background-image":"","background-repeat":"repeat","background-position":"center center","background-size":"auto","background-attachment":"scroll","background-type":"","background-media":"","overlay-type":"","overlay-color":"","overlay-opacity":"","overlay-gradient":""},"tablet":{"background-color":"","background-image":"","background-repeat":"repeat","background-position":"center center","background-size":"auto","background-attachment":"scroll","background-type":"","background-media":"","overlay-type":"","overlay-color":"","overlay-opacity":"","overlay-gradient":""},"mobile":{"background-color":"","background-image":"","background-repeat":"repeat","background-position":"center center","background-size":"auto","background-attachment":"scroll","background-type":"","background-media":"","overlay-type":"","overlay-color":"","overlay-opacity":"","overlay-gradient":""}},"ast-content-background-meta":{"desktop":{"background-color":"var(--ast-global-color-4)","background-image":"","background-repeat":"repeat","background-position":"center center","background-size":"auto","background-attachment":"scroll","background-type":"","background-media":"","overlay-type":"","overlay-color":"","overlay-opacity":"","overlay-gradient":""},"tablet":{"background-color":"var(--ast-global-color-4)","background-image":"","background-repeat":"repeat","background-position":"center center","background-size":"auto","background-attachment":"scroll","background-type":"","background-media":"","overlay-type":"","overlay-color":"","overlay-opacity":"","overlay-gradient":""},"mobile":{"background-color":"var(--ast-global-color-4)","background-image":"","background-repeat":"repeat","background-position":"center center","background-size":"auto","background-attachment":"scroll","background-type":"","background-media":"","overlay-type":"","overlay-color":"","overlay-opacity":"","overlay-gradient":""}},"footnotes":""},"categories":[2],"tags":[63,64,65,66],"class_list":["post-545","post","type-post","status-publish","format-standard","hentry","category-blogi","tag-avoimuus","tag-oulun-vihreat","tag-politiikka","tag-vaalilupaukset"],"yoast_head":"<!-- This site is optimized with the Yoast SEO plugin v27.5 - https:\/\/yoast.com\/product\/yoast-seo-wordpress\/ -->\n<title>J\u00e4lkivaalilupaukset - kuinka toimin kunnallispoliitikkona - Jenni Pitko - Vihreiden varapuheenjohtaja, ymp\u00e4rist\u00f6valiokunnan puheenjohtaja, kansanedustaja ja arkkitehti Oulusta<\/title>\n<meta name=\"robots\" content=\"index, follow, max-snippet:-1, max-image-preview:large, max-video-preview:-1\" \/>\n<link rel=\"canonical\" href=\"https:\/\/jennipitko.fi\/koti\/jalkivaalilupaukset\/\" \/>\n<meta property=\"og:locale\" content=\"fi_FI\" \/>\n<meta property=\"og:type\" content=\"article\" \/>\n<meta property=\"og:title\" content=\"J\u00e4lkivaalilupaukset - kuinka toimin kunnallispoliitikkona - Jenni Pitko - Vihreiden varapuheenjohtaja, ymp\u00e4rist\u00f6valiokunnan puheenjohtaja, kansanedustaja ja arkkitehti Oulusta\" \/>\n<meta property=\"og:description\" content=\"Olen toiminut jo jonkin aikaa opiskelijapolitiikassa, nyt ensimm\u00e4isten kuntavaalieni siivitt\u00e4m\u00e4n\u00e4 olen my\u00f6s kunnallispoliitikko! Olen asiasta edelleen h\u00e4keltynyt ja ihan suunnattoman [&hellip;]\" \/>\n<meta property=\"og:url\" content=\"https:\/\/jennipitko.fi\/koti\/jalkivaalilupaukset\/\" \/>\n<meta property=\"og:site_name\" content=\"Jenni Pitko - Vihreiden varapuheenjohtaja, ymp\u00e4rist\u00f6valiokunnan puheenjohtaja, kansanedustaja ja arkkitehti Oulusta\" \/>\n<meta property=\"article:published_time\" content=\"2012-10-31T17:58:47+00:00\" \/>\n<meta property=\"article:modified_time\" content=\"2014-12-30T15:06:48+00:00\" \/>\n<meta name=\"author\" content=\"Jenni\" \/>\n<meta name=\"twitter:card\" content=\"summary_large_image\" \/>\n<meta name=\"twitter:label1\" content=\"Kirjoittanut\" \/>\n\t<meta name=\"twitter:data1\" content=\"Jenni\" \/>\n\t<meta name=\"twitter:label2\" content=\"Arvioitu lukuaika\" \/>\n\t<meta name=\"twitter:data2\" content=\"2 minuuttia\" \/>\n<script type=\"application\/ld+json\" class=\"yoast-schema-graph\">{\"@context\":\"https:\\\/\\\/schema.org\",\"@graph\":[{\"@type\":\"Article\",\"@id\":\"https:\\\/\\\/jennipitko.fi\\\/koti\\\/jalkivaalilupaukset\\\/#article\",\"isPartOf\":{\"@id\":\"https:\\\/\\\/jennipitko.fi\\\/koti\\\/jalkivaalilupaukset\\\/\"},\"author\":{\"name\":\"Jenni\",\"@id\":\"https:\\\/\\\/jennipitko.fi\\\/koti\\\/#\\\/schema\\\/person\\\/3f242bfe958144234373266ea416e4d6\"},\"headline\":\"J\u00e4lkivaalilupaukset &#8211; kuinka toimin kunnallispoliitikkona\",\"datePublished\":\"2012-10-31T17:58:47+00:00\",\"dateModified\":\"2014-12-30T15:06:48+00:00\",\"mainEntityOfPage\":{\"@id\":\"https:\\\/\\\/jennipitko.fi\\\/koti\\\/jalkivaalilupaukset\\\/\"},\"wordCount\":363,\"commentCount\":0,\"publisher\":{\"@id\":\"https:\\\/\\\/jennipitko.fi\\\/koti\\\/#organization\"},\"image\":{\"@id\":\"https:\\\/\\\/jennipitko.fi\\\/koti\\\/jalkivaalilupaukset\\\/#primaryimage\"},\"thumbnailUrl\":\"http:\\\/\\\/henkilot.vihreat.fi\\\/jenni.pitko\\\/files\\\/2012\\\/10\\\/2012-10-10-17.10.54-225x300.jpg\",\"keywords\":[\"avoimuus\",\"Oulun vihre\u00e4t\",\"politiikka\",\"vaalilupaukset\"],\"articleSection\":[\"Blogi\"],\"inLanguage\":\"fi\",\"potentialAction\":[{\"@type\":\"CommentAction\",\"name\":\"Comment\",\"target\":[\"https:\\\/\\\/jennipitko.fi\\\/koti\\\/jalkivaalilupaukset\\\/#respond\"]}]},{\"@type\":\"WebPage\",\"@id\":\"https:\\\/\\\/jennipitko.fi\\\/koti\\\/jalkivaalilupaukset\\\/\",\"url\":\"https:\\\/\\\/jennipitko.fi\\\/koti\\\/jalkivaalilupaukset\\\/\",\"name\":\"J\u00e4lkivaalilupaukset - kuinka toimin kunnallispoliitikkona - Jenni Pitko - Vihreiden varapuheenjohtaja, ymp\u00e4rist\u00f6valiokunnan puheenjohtaja, kansanedustaja ja arkkitehti Oulusta\",\"isPartOf\":{\"@id\":\"https:\\\/\\\/jennipitko.fi\\\/koti\\\/#website\"},\"primaryImageOfPage\":{\"@id\":\"https:\\\/\\\/jennipitko.fi\\\/koti\\\/jalkivaalilupaukset\\\/#primaryimage\"},\"image\":{\"@id\":\"https:\\\/\\\/jennipitko.fi\\\/koti\\\/jalkivaalilupaukset\\\/#primaryimage\"},\"thumbnailUrl\":\"http:\\\/\\\/henkilot.vihreat.fi\\\/jenni.pitko\\\/files\\\/2012\\\/10\\\/2012-10-10-17.10.54-225x300.jpg\",\"datePublished\":\"2012-10-31T17:58:47+00:00\",\"dateModified\":\"2014-12-30T15:06:48+00:00\",\"breadcrumb\":{\"@id\":\"https:\\\/\\\/jennipitko.fi\\\/koti\\\/jalkivaalilupaukset\\\/#breadcrumb\"},\"inLanguage\":\"fi\",\"potentialAction\":[{\"@type\":\"ReadAction\",\"target\":[\"https:\\\/\\\/jennipitko.fi\\\/koti\\\/jalkivaalilupaukset\\\/\"]}]},{\"@type\":\"ImageObject\",\"inLanguage\":\"fi\",\"@id\":\"https:\\\/\\\/jennipitko.fi\\\/koti\\\/jalkivaalilupaukset\\\/#primaryimage\",\"url\":\"http:\\\/\\\/henkilot.vihreat.fi\\\/jenni.pitko\\\/files\\\/2012\\\/10\\\/2012-10-10-17.10.54-225x300.jpg\",\"contentUrl\":\"http:\\\/\\\/henkilot.vihreat.fi\\\/jenni.pitko\\\/files\\\/2012\\\/10\\\/2012-10-10-17.10.54-225x300.jpg\"},{\"@type\":\"BreadcrumbList\",\"@id\":\"https:\\\/\\\/jennipitko.fi\\\/koti\\\/jalkivaalilupaukset\\\/#breadcrumb\",\"itemListElement\":[{\"@type\":\"ListItem\",\"position\":1,\"name\":\"Home\",\"item\":\"https:\\\/\\\/jennipitko.fi\\\/koti\\\/\"},{\"@type\":\"ListItem\",\"position\":2,\"name\":\"J\u00e4lkivaalilupaukset &#8211; kuinka toimin kunnallispoliitikkona\"}]},{\"@type\":\"WebSite\",\"@id\":\"https:\\\/\\\/jennipitko.fi\\\/koti\\\/#website\",\"url\":\"https:\\\/\\\/jennipitko.fi\\\/koti\\\/\",\"name\":\"Jenni Pitko - Vihreiden varapuheenjohtaja, ymp\u00e4rist\u00f6valiokunnan puheenjohtaja, kansanedustaja ja arkkitehti Oulusta\",\"description\":\"Jenni Pitko - Vihreiden varapuheenjohtaja, ymp\u00e4rist\u00f6valiokunnan puheenjohtaja, kansanedustaja ja arkkitehti Oulusta\",\"publisher\":{\"@id\":\"https:\\\/\\\/jennipitko.fi\\\/koti\\\/#organization\"},\"potentialAction\":[{\"@type\":\"SearchAction\",\"target\":{\"@type\":\"EntryPoint\",\"urlTemplate\":\"https:\\\/\\\/jennipitko.fi\\\/koti\\\/?s={search_term_string}\"},\"query-input\":{\"@type\":\"PropertyValueSpecification\",\"valueRequired\":true,\"valueName\":\"search_term_string\"}}],\"inLanguage\":\"fi\"},{\"@type\":\"Organization\",\"@id\":\"https:\\\/\\\/jennipitko.fi\\\/koti\\\/#organization\",\"name\":\"Jenni Pitko - Vihreiden varapuheenjohtaja, ymp\u00e4rist\u00f6valiokunnan puheenjohtaja, kansanedustaja ja arkkitehti Oulusta\",\"url\":\"https:\\\/\\\/jennipitko.fi\\\/koti\\\/\",\"logo\":{\"@type\":\"ImageObject\",\"inLanguage\":\"fi\",\"@id\":\"https:\\\/\\\/jennipitko.fi\\\/koti\\\/#\\\/schema\\\/logo\\\/image\\\/\",\"url\":\"https:\\\/\\\/jennipitko.fi\\\/koti\\\/wp-content\\\/uploads\\\/2025\\\/09\\\/Nimeton-malli-38.png\",\"contentUrl\":\"https:\\\/\\\/jennipitko.fi\\\/koti\\\/wp-content\\\/uploads\\\/2025\\\/09\\\/Nimeton-malli-38.png\",\"width\":1280,\"height\":847,\"caption\":\"Jenni Pitko - Vihreiden varapuheenjohtaja, ymp\u00e4rist\u00f6valiokunnan puheenjohtaja, kansanedustaja ja arkkitehti Oulusta\"},\"image\":{\"@id\":\"https:\\\/\\\/jennipitko.fi\\\/koti\\\/#\\\/schema\\\/logo\\\/image\\\/\"}},{\"@type\":\"Person\",\"@id\":\"https:\\\/\\\/jennipitko.fi\\\/koti\\\/#\\\/schema\\\/person\\\/3f242bfe958144234373266ea416e4d6\",\"name\":\"Jenni\",\"image\":{\"@type\":\"ImageObject\",\"inLanguage\":\"fi\",\"@id\":\"https:\\\/\\\/secure.gravatar.com\\\/avatar\\\/469343e1290c3e818159b4a4348708c09929f07a2f460e664497d6fb92f80743?s=96&d=blank&r=g\",\"url\":\"https:\\\/\\\/secure.gravatar.com\\\/avatar\\\/469343e1290c3e818159b4a4348708c09929f07a2f460e664497d6fb92f80743?s=96&d=blank&r=g\",\"contentUrl\":\"https:\\\/\\\/secure.gravatar.com\\\/avatar\\\/469343e1290c3e818159b4a4348708c09929f07a2f460e664497d6fb92f80743?s=96&d=blank&r=g\",\"caption\":\"Jenni\"},\"url\":\"https:\\\/\\\/jennipitko.fi\\\/koti\\\/author\\\/jenni-pitko\\\/\"}]}<\/script>\n<!-- \/ Yoast SEO plugin. -->","yoast_head_json":{"title":"J\u00e4lkivaalilupaukset - kuinka toimin kunnallispoliitikkona - Jenni Pitko - Vihreiden varapuheenjohtaja, ymp\u00e4rist\u00f6valiokunnan puheenjohtaja, kansanedustaja ja arkkitehti Oulusta","robots":{"index":"index","follow":"follow","max-snippet":"max-snippet:-1","max-image-preview":"max-image-preview:large","max-video-preview":"max-video-preview:-1"},"canonical":"https:\/\/jennipitko.fi\/koti\/jalkivaalilupaukset\/","og_locale":"fi_FI","og_type":"article","og_title":"J\u00e4lkivaalilupaukset - kuinka toimin kunnallispoliitikkona - Jenni Pitko - Vihreiden varapuheenjohtaja, ymp\u00e4rist\u00f6valiokunnan puheenjohtaja, kansanedustaja ja arkkitehti Oulusta","og_description":"Olen toiminut jo jonkin aikaa opiskelijapolitiikassa, nyt ensimm\u00e4isten kuntavaalieni siivitt\u00e4m\u00e4n\u00e4 olen my\u00f6s kunnallispoliitikko! Olen asiasta edelleen h\u00e4keltynyt ja ihan suunnattoman [&hellip;]","og_url":"https:\/\/jennipitko.fi\/koti\/jalkivaalilupaukset\/","og_site_name":"Jenni Pitko - Vihreiden varapuheenjohtaja, ymp\u00e4rist\u00f6valiokunnan puheenjohtaja, kansanedustaja ja arkkitehti Oulusta","article_published_time":"2012-10-31T17:58:47+00:00","article_modified_time":"2014-12-30T15:06:48+00:00","author":"Jenni","twitter_card":"summary_large_image","twitter_misc":{"Kirjoittanut":"Jenni","Arvioitu lukuaika":"2 minuuttia"},"schema":{"@context":"https:\/\/schema.org","@graph":[{"@type":"Article","@id":"https:\/\/jennipitko.fi\/koti\/jalkivaalilupaukset\/#article","isPartOf":{"@id":"https:\/\/jennipitko.fi\/koti\/jalkivaalilupaukset\/"},"author":{"name":"Jenni","@id":"https:\/\/jennipitko.fi\/koti\/#\/schema\/person\/3f242bfe958144234373266ea416e4d6"},"headline":"J\u00e4lkivaalilupaukset &#8211; kuinka toimin kunnallispoliitikkona","datePublished":"2012-10-31T17:58:47+00:00","dateModified":"2014-12-30T15:06:48+00:00","mainEntityOfPage":{"@id":"https:\/\/jennipitko.fi\/koti\/jalkivaalilupaukset\/"},"wordCount":363,"commentCount":0,"publisher":{"@id":"https:\/\/jennipitko.fi\/koti\/#organization"},"image":{"@id":"https:\/\/jennipitko.fi\/koti\/jalkivaalilupaukset\/#primaryimage"},"thumbnailUrl":"http:\/\/henkilot.vihreat.fi\/jenni.pitko\/files\/2012\/10\/2012-10-10-17.10.54-225x300.jpg","keywords":["avoimuus","Oulun vihre\u00e4t","politiikka","vaalilupaukset"],"articleSection":["Blogi"],"inLanguage":"fi","potentialAction":[{"@type":"CommentAction","name":"Comment","target":["https:\/\/jennipitko.fi\/koti\/jalkivaalilupaukset\/#respond"]}]},{"@type":"WebPage","@id":"https:\/\/jennipitko.fi\/koti\/jalkivaalilupaukset\/","url":"https:\/\/jennipitko.fi\/koti\/jalkivaalilupaukset\/","name":"J\u00e4lkivaalilupaukset - kuinka toimin kunnallispoliitikkona - Jenni Pitko - Vihreiden varapuheenjohtaja, ymp\u00e4rist\u00f6valiokunnan puheenjohtaja, kansanedustaja ja arkkitehti Oulusta","isPartOf":{"@id":"https:\/\/jennipitko.fi\/koti\/#website"},"primaryImageOfPage":{"@id":"https:\/\/jennipitko.fi\/koti\/jalkivaalilupaukset\/#primaryimage"},"image":{"@id":"https:\/\/jennipitko.fi\/koti\/jalkivaalilupaukset\/#primaryimage"},"thumbnailUrl":"http:\/\/henkilot.vihreat.fi\/jenni.pitko\/files\/2012\/10\/2012-10-10-17.10.54-225x300.jpg","datePublished":"2012-10-31T17:58:47+00:00","dateModified":"2014-12-30T15:06:48+00:00","breadcrumb":{"@id":"https:\/\/jennipitko.fi\/koti\/jalkivaalilupaukset\/#breadcrumb"},"inLanguage":"fi","potentialAction":[{"@type":"ReadAction","target":["https:\/\/jennipitko.fi\/koti\/jalkivaalilupaukset\/"]}]},{"@type":"ImageObject","inLanguage":"fi","@id":"https:\/\/jennipitko.fi\/koti\/jalkivaalilupaukset\/#primaryimage","url":"http:\/\/henkilot.vihreat.fi\/jenni.pitko\/files\/2012\/10\/2012-10-10-17.10.54-225x300.jpg","contentUrl":"http:\/\/henkilot.vihreat.fi\/jenni.pitko\/files\/2012\/10\/2012-10-10-17.10.54-225x300.jpg"},{"@type":"BreadcrumbList","@id":"https:\/\/jennipitko.fi\/koti\/jalkivaalilupaukset\/#breadcrumb","itemListElement":[{"@type":"ListItem","position":1,"name":"Home","item":"https:\/\/jennipitko.fi\/koti\/"},{"@type":"ListItem","position":2,"name":"J\u00e4lkivaalilupaukset &#8211; kuinka toimin kunnallispoliitikkona"}]},{"@type":"WebSite","@id":"https:\/\/jennipitko.fi\/koti\/#website","url":"https:\/\/jennipitko.fi\/koti\/","name":"Jenni Pitko - Vihreiden varapuheenjohtaja, ymp\u00e4rist\u00f6valiokunnan puheenjohtaja, kansanedustaja ja arkkitehti Oulusta","description":"Jenni Pitko - Vihreiden varapuheenjohtaja, ymp\u00e4rist\u00f6valiokunnan puheenjohtaja, kansanedustaja ja arkkitehti Oulusta","publisher":{"@id":"https:\/\/jennipitko.fi\/koti\/#organization"},"potentialAction":[{"@type":"SearchAction","target":{"@type":"EntryPoint","urlTemplate":"https:\/\/jennipitko.fi\/koti\/?s={search_term_string}"},"query-input":{"@type":"PropertyValueSpecification","valueRequired":true,"valueName":"search_term_string"}}],"inLanguage":"fi"},{"@type":"Organization","@id":"https:\/\/jennipitko.fi\/koti\/#organization","name":"Jenni Pitko - Vihreiden varapuheenjohtaja, ymp\u00e4rist\u00f6valiokunnan puheenjohtaja, kansanedustaja ja arkkitehti Oulusta","url":"https:\/\/jennipitko.fi\/koti\/","logo":{"@type":"ImageObject","inLanguage":"fi","@id":"https:\/\/jennipitko.fi\/koti\/#\/schema\/logo\/image\/","url":"https:\/\/jennipitko.fi\/koti\/wp-content\/uploads\/2025\/09\/Nimeton-malli-38.png","contentUrl":"https:\/\/jennipitko.fi\/koti\/wp-content\/uploads\/2025\/09\/Nimeton-malli-38.png","width":1280,"height":847,"caption":"Jenni Pitko - Vihreiden varapuheenjohtaja, ymp\u00e4rist\u00f6valiokunnan puheenjohtaja, kansanedustaja ja arkkitehti Oulusta"},"image":{"@id":"https:\/\/jennipitko.fi\/koti\/#\/schema\/logo\/image\/"}},{"@type":"Person","@id":"https:\/\/jennipitko.fi\/koti\/#\/schema\/person\/3f242bfe958144234373266ea416e4d6","name":"Jenni","image":{"@type":"ImageObject","inLanguage":"fi","@id":"https:\/\/secure.gravatar.com\/avatar\/469343e1290c3e818159b4a4348708c09929f07a2f460e664497d6fb92f80743?s=96&d=blank&r=g","url":"https:\/\/secure.gravatar.com\/avatar\/469343e1290c3e818159b4a4348708c09929f07a2f460e664497d6fb92f80743?s=96&d=blank&r=g","contentUrl":"https:\/\/secure.gravatar.com\/avatar\/469343e1290c3e818159b4a4348708c09929f07a2f460e664497d6fb92f80743?s=96&d=blank&r=g","caption":"Jenni"},"url":"https:\/\/jennipitko.fi\/koti\/author\/jenni-pitko\/"}]}},"_links":{"self":[{"href":"https:\/\/jennipitko.fi\/koti\/wp-json\/wp\/v2\/posts\/545","targetHints":{"allow":["GET"]}}],"collection":[{"href":"https:\/\/jennipitko.fi\/koti\/wp-json\/wp\/v2\/posts"}],"about":[{"href":"https:\/\/jennipitko.fi\/koti\/wp-json\/wp\/v2\/types\/post"}],"author":[{"embeddable":true,"href":"https:\/\/jennipitko.fi\/koti\/wp-json\/wp\/v2\/users\/2"}],"replies":[{"embeddable":true,"href":"https:\/\/jennipitko.fi\/koti\/wp-json\/wp\/v2\/comments?post=545"}],"version-history":[{"count":1,"href":"https:\/\/jennipitko.fi\/koti\/wp-json\/wp\/v2\/posts\/545\/revisions"}],"predecessor-version":[{"id":788,"href":"https:\/\/jennipitko.fi\/koti\/wp-json\/wp\/v2\/posts\/545\/revisions\/788"}],"wp:attachment":[{"href":"https:\/\/jennipitko.fi\/koti\/wp-json\/wp\/v2\/media?parent=545"}],"wp:term":[{"taxonomy":"category","embeddable":true,"href":"https:\/\/jennipitko.fi\/koti\/wp-json\/wp\/v2\/categories?post=545"},{"taxonomy":"post_tag","embeddable":true,"href":"https:\/\/jennipitko.fi\/koti\/wp-json\/wp\/v2\/tags?post=545"}],"curies":[{"name":"wp","href":"https:\/\/api.w.org\/{rel}","templated":true}]}}