{"id":580,"date":"2012-12-10T16:36:56","date_gmt":"2012-12-10T14:36:56","guid":{"rendered":"http:\/\/henkilot.vihreat.fi\/jenni.pitko\/?p=580"},"modified":"2014-12-30T15:12:40","modified_gmt":"2014-12-30T15:12:40","slug":"budjettiin-uudenlaista-asumista","status":"publish","type":"post","link":"https:\/\/jennipitko.fi\/koti\/budjettiin-uudenlaista-asumista\/","title":{"rendered":"Budjettiin uudenlaista asumista"},"content":{"rendered":"<p>Esitin Oulun kaupungin talousarvioon valtuuston budjettikokouksessa 10.12 kirjausta uudenlaisesta asumisesta.<\/p>\n<p>Puheenvuoroni:<\/p>\n<p>Jo t\u00e4n\u00e4\u00e4n rakennetaan tulevaisuuden viihtyis\u00e4\u00e4 ja kest\u00e4v\u00e4\u00e4 kaupunkia, joten on hyv\u00e4 pohtia my\u00f6s tasapainoista ja ehe\u00e4\u00e4 yhdyskuntarakennetta, vaikkei se p\u00e4iv\u00e4n polttava aihe budjettik\u00e4sittelyss\u00e4 ole ollutkaan.Ilman palveluverkkoselvityst\u00e4kin on k\u00e4ynyt selv\u00e4ksi, ett\u00e4 keskustan alueen p\u00e4iv\u00e4kodit ja koulut ovat tyhjenem\u00e4\u00e4n p\u00e4in. Oulu on onnistunut luomaan lapsiperheit\u00e4 houkuttelevia asuinalueita Oulun reuna-alueille kun taas keskusta ja sen liepeet ovat j\u00e4\u00e4neet t\u00e4ss\u00e4 suhteessa kehitt\u00e4m\u00e4tt\u00e4.<!--more--><\/p>\n<div>\n<div>\n<div>Nykyajan lapsiperheiss\u00e4 l\u00f6ytyy suuri joukko, joka haluavat asua ty\u00f6paikkaa ja palveluita l\u00e4hell\u00e4. He toivovat laadukkai ta vapaa-ajanviettopaikkoja k\u00e4velyet\u00e4isyydell\u00e4 ja Oulussa lapsiperheen v\u00e4ltt\u00e4m\u00e4t\u00f6n arkiv\u00e4line, auton hankita tuntuu ep\u00e4miellytt\u00e4v\u00e4lt\u00e4 pakolta. Modernissa kaupungissa t\u00e4m\u00e4n pit\u00e4isi olla mahdollista, eik\u00e4 muutto kaupungin reunalle viimeist\u00e4\u00e4n silloin kun lapsi nousee k\u00e4velem\u00e4\u00e4n olisi v\u00e4ltt\u00e4m\u00e4t\u00f6nt\u00e4.<\/div>\n<div><\/div>\n<div>Siksi tulisikin kaavoittaa keskustan l\u00e4hialueille asuinalueita, jotka tarjoavat mahdollisuuden autottomuuteen mutta palvelevat silti lapsiperheiden arkea laadukkailla, hyvin varustelluilla piha-alueilla, n\u00e4it\u00e4h\u00e4n ei pienill\u00e4 omakotitalotonteillakaan saa. Muuttuvaan arkeen varaudutaan muunneltavilla asunnoilla ja laadukkailla yhteistiloilla.<\/div>\n<div><\/div>\n<div>Lapsiperheet kuluttavat palveluita joten keskustan palvelut ja elinvoima vahvistuu. Uusia kouluja ja p\u00e4iv\u00e4koteja ei tarvitsisi rakentaa, eik\u00e4 kokonaan uutta infraa. N\u00e4m\u00e4 asukkaat ruokkivat my\u00f6s joukkoliikennett\u00e4.<\/div>\n<div><\/div>\n<div>Mahdollisia paikkoja l\u00f6ytyy k\u00e4ytt\u00e4m\u00e4tt\u00f6m\u00e4ksi\u00e4 j\u00e4\u00e4neilt\u00e4 tienvarsien suojaviheralueilta ja huonosti hy\u00f6dynnetyilt\u00e4 tonteilta t\u00e4ydennysrakentamismieless\u00e4. Kaavamuutoksia keskustan liepeill\u00e4 on meneill\u00e4\u00e4n jatkuvasti.<\/div>\n<div><\/div>\n<div>Lis\u00e4ys:<\/div>\n<div>S. 66<\/div>\n<div>Kappaleen keskustan kehitt\u00e4minen j\u00e4lkeen:<\/div>\n<div><\/div>\n<div>Asumisen uusia muotoja:<\/div>\n<div>Keskustan l\u00e4heisyyteen sijoitetaan uudenlaisia, etenkin ty\u00f6ss\u00e4k\u00e4yvi\u00e4, palveluiden l\u00e4helle haluavia lapsiperheit\u00e4 houkuttelevia asuinalueita. Alueilla panostetaan laadukkaisiin yhteisiin tiloihin, autottomuuteen ja asuntojen muunneltavuuteen.<\/div>\n<div>Uusi asumismuoto vahvistaa keskustan palveluita, etenkin v\u00e4h\u00e4lle k\u00e4yt\u00f6lle j\u00e4\u00e4neit\u00e4 p\u00e4iv\u00e4koteja ja kouluja sek\u00e4 lis\u00e4\u00e4 keskustan elinvoimaa. Uudet alueet vahvistavat Oulun lapsiyst\u00e4v\u00e4llist\u00e4 ja nuorekasta br\u00e4ndi\u00e4.<\/div>\n<\/div>\n<div><\/div>\n<\/div>\n<p><!--more--><\/p>\n","protected":false},"excerpt":{"rendered":"<p>Esitin Oulun kaupungin talousarvioon valtuuston budjettikokouksessa 10.12 kirjausta uudenlaisesta asumisesta. Puheenvuoroni: Jo t\u00e4n\u00e4\u00e4n rakennetaan tulevaisuuden viihtyis\u00e4\u00e4 ja kest\u00e4v\u00e4\u00e4 kaupunkia, joten [&hellip;]<\/p>\n","protected":false},"author":2,"featured_media":0,"comment_status":"open","ping_status":"open","sticky":false,"template":"","format":"standard","meta":{"_monsterinsights_skip_tracking":false,"_monsterinsights_sitenote_active":false,"_monsterinsights_sitenote_note":"","_monsterinsights_sitenote_category":0,"site-sidebar-layout":"default","site-content-layout":"","ast-site-content-layout":"default","site-content-style":"default","site-sidebar-style":"default","ast-global-header-display":"","ast-banner-title-visibility":"","ast-main-header-display":"","ast-hfb-above-header-display":"","ast-hfb-below-header-display":"","ast-hfb-mobile-header-display":"","site-post-title":"","ast-breadcrumbs-content":"","ast-featured-img":"","footer-sml-layout":"","ast-disable-related-posts":"","theme-transparent-header-meta":"","adv-header-id-meta":"","stick-header-meta":"","header-above-stick-meta":"","header-main-stick-meta":"","header-below-stick-meta":"","astra-migrate-meta-layouts":"default","ast-page-background-enabled":"default","ast-page-background-meta":{"desktop":{"background-color":"var(--ast-global-color-5)","background-image":"","background-repeat":"repeat","background-position":"center center","background-size":"auto","background-attachment":"scroll","background-type":"","background-media":"","overlay-type":"","overlay-color":"","overlay-opacity":"","overlay-gradient":""},"tablet":{"background-color":"","background-image":"","background-repeat":"repeat","background-position":"center center","background-size":"auto","background-attachment":"scroll","background-type":"","background-media":"","overlay-type":"","overlay-color":"","overlay-opacity":"","overlay-gradient":""},"mobile":{"background-color":"","background-image":"","background-repeat":"repeat","background-position":"center center","background-size":"auto","background-attachment":"scroll","background-type":"","background-media":"","overlay-type":"","overlay-color":"","overlay-opacity":"","overlay-gradient":""}},"ast-content-background-meta":{"desktop":{"background-color":"var(--ast-global-color-4)","background-image":"","background-repeat":"repeat","background-position":"center center","background-size":"auto","background-attachment":"scroll","background-type":"","background-media":"","overlay-type":"","overlay-color":"","overlay-opacity":"","overlay-gradient":""},"tablet":{"background-color":"var(--ast-global-color-4)","background-image":"","background-repeat":"repeat","background-position":"center center","background-size":"auto","background-attachment":"scroll","background-type":"","background-media":"","overlay-type":"","overlay-color":"","overlay-opacity":"","overlay-gradient":""},"mobile":{"background-color":"var(--ast-global-color-4)","background-image":"","background-repeat":"repeat","background-position":"center center","background-size":"auto","background-attachment":"scroll","background-type":"","background-media":"","overlay-type":"","overlay-color":"","overlay-opacity":"","overlay-gradient":""}},"footnotes":""},"categories":[126],"tags":[24,8],"class_list":["post-580","post","type-post","status-publish","format-standard","hentry","category-puheeni-valtuustossa","tag-autottomuus","tag-kaavoitus"],"yoast_head":"<!-- This site is optimized with the Yoast SEO plugin v27.5 - https:\/\/yoast.com\/product\/yoast-seo-wordpress\/ -->\n<title>Budjettiin uudenlaista asumista - Jenni Pitko - Vihreiden varapuheenjohtaja, ymp\u00e4rist\u00f6valiokunnan puheenjohtaja, kansanedustaja ja arkkitehti Oulusta<\/title>\n<meta name=\"robots\" content=\"index, follow, max-snippet:-1, max-image-preview:large, max-video-preview:-1\" \/>\n<link rel=\"canonical\" href=\"https:\/\/jennipitko.fi\/koti\/budjettiin-uudenlaista-asumista\/\" \/>\n<meta property=\"og:locale\" content=\"fi_FI\" \/>\n<meta property=\"og:type\" content=\"article\" \/>\n<meta property=\"og:title\" content=\"Budjettiin uudenlaista asumista - Jenni Pitko - Vihreiden varapuheenjohtaja, ymp\u00e4rist\u00f6valiokunnan puheenjohtaja, kansanedustaja ja arkkitehti Oulusta\" \/>\n<meta property=\"og:description\" content=\"Esitin Oulun kaupungin talousarvioon valtuuston budjettikokouksessa 10.12 kirjausta uudenlaisesta asumisesta. Puheenvuoroni: Jo t\u00e4n\u00e4\u00e4n rakennetaan tulevaisuuden viihtyis\u00e4\u00e4 ja kest\u00e4v\u00e4\u00e4 kaupunkia, joten [&hellip;]\" \/>\n<meta property=\"og:url\" content=\"https:\/\/jennipitko.fi\/koti\/budjettiin-uudenlaista-asumista\/\" \/>\n<meta property=\"og:site_name\" content=\"Jenni Pitko - Vihreiden varapuheenjohtaja, ymp\u00e4rist\u00f6valiokunnan puheenjohtaja, kansanedustaja ja arkkitehti Oulusta\" \/>\n<meta property=\"article:published_time\" content=\"2012-12-10T14:36:56+00:00\" \/>\n<meta property=\"article:modified_time\" content=\"2014-12-30T15:12:40+00:00\" \/>\n<meta name=\"author\" content=\"Jenni\" \/>\n<meta name=\"twitter:card\" content=\"summary_large_image\" \/>\n<meta name=\"twitter:label1\" content=\"Kirjoittanut\" \/>\n\t<meta name=\"twitter:data1\" content=\"Jenni\" \/>\n\t<meta name=\"twitter:label2\" content=\"Arvioitu lukuaika\" \/>\n\t<meta name=\"twitter:data2\" content=\"2 minuuttia\" \/>\n<script type=\"application\/ld+json\" class=\"yoast-schema-graph\">{\"@context\":\"https:\\\/\\\/schema.org\",\"@graph\":[{\"@type\":\"Article\",\"@id\":\"https:\\\/\\\/jennipitko.fi\\\/koti\\\/budjettiin-uudenlaista-asumista\\\/#article\",\"isPartOf\":{\"@id\":\"https:\\\/\\\/jennipitko.fi\\\/koti\\\/budjettiin-uudenlaista-asumista\\\/\"},\"author\":{\"name\":\"Jenni\",\"@id\":\"https:\\\/\\\/jennipitko.fi\\\/koti\\\/#\\\/schema\\\/person\\\/3f242bfe958144234373266ea416e4d6\"},\"headline\":\"Budjettiin uudenlaista asumista\",\"datePublished\":\"2012-12-10T14:36:56+00:00\",\"dateModified\":\"2014-12-30T15:12:40+00:00\",\"mainEntityOfPage\":{\"@id\":\"https:\\\/\\\/jennipitko.fi\\\/koti\\\/budjettiin-uudenlaista-asumista\\\/\"},\"wordCount\":324,\"commentCount\":0,\"publisher\":{\"@id\":\"https:\\\/\\\/jennipitko.fi\\\/koti\\\/#organization\"},\"keywords\":[\"autottomuus\",\"kaavoitus\"],\"articleSection\":[\"Puheeni valtuustossa\"],\"inLanguage\":\"fi\",\"potentialAction\":[{\"@type\":\"CommentAction\",\"name\":\"Comment\",\"target\":[\"https:\\\/\\\/jennipitko.fi\\\/koti\\\/budjettiin-uudenlaista-asumista\\\/#respond\"]}]},{\"@type\":\"WebPage\",\"@id\":\"https:\\\/\\\/jennipitko.fi\\\/koti\\\/budjettiin-uudenlaista-asumista\\\/\",\"url\":\"https:\\\/\\\/jennipitko.fi\\\/koti\\\/budjettiin-uudenlaista-asumista\\\/\",\"name\":\"Budjettiin uudenlaista asumista - Jenni Pitko - Vihreiden varapuheenjohtaja, ymp\u00e4rist\u00f6valiokunnan puheenjohtaja, kansanedustaja ja arkkitehti Oulusta\",\"isPartOf\":{\"@id\":\"https:\\\/\\\/jennipitko.fi\\\/koti\\\/#website\"},\"datePublished\":\"2012-12-10T14:36:56+00:00\",\"dateModified\":\"2014-12-30T15:12:40+00:00\",\"breadcrumb\":{\"@id\":\"https:\\\/\\\/jennipitko.fi\\\/koti\\\/budjettiin-uudenlaista-asumista\\\/#breadcrumb\"},\"inLanguage\":\"fi\",\"potentialAction\":[{\"@type\":\"ReadAction\",\"target\":[\"https:\\\/\\\/jennipitko.fi\\\/koti\\\/budjettiin-uudenlaista-asumista\\\/\"]}]},{\"@type\":\"BreadcrumbList\",\"@id\":\"https:\\\/\\\/jennipitko.fi\\\/koti\\\/budjettiin-uudenlaista-asumista\\\/#breadcrumb\",\"itemListElement\":[{\"@type\":\"ListItem\",\"position\":1,\"name\":\"Home\",\"item\":\"https:\\\/\\\/jennipitko.fi\\\/koti\\\/\"},{\"@type\":\"ListItem\",\"position\":2,\"name\":\"Budjettiin uudenlaista asumista\"}]},{\"@type\":\"WebSite\",\"@id\":\"https:\\\/\\\/jennipitko.fi\\\/koti\\\/#website\",\"url\":\"https:\\\/\\\/jennipitko.fi\\\/koti\\\/\",\"name\":\"Jenni Pitko - Vihreiden varapuheenjohtaja, ymp\u00e4rist\u00f6valiokunnan puheenjohtaja, kansanedustaja ja arkkitehti Oulusta\",\"description\":\"Jenni Pitko - Vihreiden varapuheenjohtaja, ymp\u00e4rist\u00f6valiokunnan puheenjohtaja, kansanedustaja ja arkkitehti Oulusta\",\"publisher\":{\"@id\":\"https:\\\/\\\/jennipitko.fi\\\/koti\\\/#organization\"},\"potentialAction\":[{\"@type\":\"SearchAction\",\"target\":{\"@type\":\"EntryPoint\",\"urlTemplate\":\"https:\\\/\\\/jennipitko.fi\\\/koti\\\/?s={search_term_string}\"},\"query-input\":{\"@type\":\"PropertyValueSpecification\",\"valueRequired\":true,\"valueName\":\"search_term_string\"}}],\"inLanguage\":\"fi\"},{\"@type\":\"Organization\",\"@id\":\"https:\\\/\\\/jennipitko.fi\\\/koti\\\/#organization\",\"name\":\"Jenni Pitko - Vihreiden varapuheenjohtaja, ymp\u00e4rist\u00f6valiokunnan puheenjohtaja, kansanedustaja ja arkkitehti Oulusta\",\"url\":\"https:\\\/\\\/jennipitko.fi\\\/koti\\\/\",\"logo\":{\"@type\":\"ImageObject\",\"inLanguage\":\"fi\",\"@id\":\"https:\\\/\\\/jennipitko.fi\\\/koti\\\/#\\\/schema\\\/logo\\\/image\\\/\",\"url\":\"https:\\\/\\\/jennipitko.fi\\\/koti\\\/wp-content\\\/uploads\\\/2025\\\/09\\\/Nimeton-malli-38.png\",\"contentUrl\":\"https:\\\/\\\/jennipitko.fi\\\/koti\\\/wp-content\\\/uploads\\\/2025\\\/09\\\/Nimeton-malli-38.png\",\"width\":1280,\"height\":847,\"caption\":\"Jenni Pitko - Vihreiden varapuheenjohtaja, ymp\u00e4rist\u00f6valiokunnan puheenjohtaja, kansanedustaja ja arkkitehti Oulusta\"},\"image\":{\"@id\":\"https:\\\/\\\/jennipitko.fi\\\/koti\\\/#\\\/schema\\\/logo\\\/image\\\/\"}},{\"@type\":\"Person\",\"@id\":\"https:\\\/\\\/jennipitko.fi\\\/koti\\\/#\\\/schema\\\/person\\\/3f242bfe958144234373266ea416e4d6\",\"name\":\"Jenni\",\"image\":{\"@type\":\"ImageObject\",\"inLanguage\":\"fi\",\"@id\":\"https:\\\/\\\/secure.gravatar.com\\\/avatar\\\/469343e1290c3e818159b4a4348708c09929f07a2f460e664497d6fb92f80743?s=96&d=blank&r=g\",\"url\":\"https:\\\/\\\/secure.gravatar.com\\\/avatar\\\/469343e1290c3e818159b4a4348708c09929f07a2f460e664497d6fb92f80743?s=96&d=blank&r=g\",\"contentUrl\":\"https:\\\/\\\/secure.gravatar.com\\\/avatar\\\/469343e1290c3e818159b4a4348708c09929f07a2f460e664497d6fb92f80743?s=96&d=blank&r=g\",\"caption\":\"Jenni\"},\"url\":\"https:\\\/\\\/jennipitko.fi\\\/koti\\\/author\\\/jenni-pitko\\\/\"}]}<\/script>\n<!-- \/ Yoast SEO plugin. -->","yoast_head_json":{"title":"Budjettiin uudenlaista asumista - Jenni Pitko - Vihreiden varapuheenjohtaja, ymp\u00e4rist\u00f6valiokunnan puheenjohtaja, kansanedustaja ja arkkitehti Oulusta","robots":{"index":"index","follow":"follow","max-snippet":"max-snippet:-1","max-image-preview":"max-image-preview:large","max-video-preview":"max-video-preview:-1"},"canonical":"https:\/\/jennipitko.fi\/koti\/budjettiin-uudenlaista-asumista\/","og_locale":"fi_FI","og_type":"article","og_title":"Budjettiin uudenlaista asumista - Jenni Pitko - Vihreiden varapuheenjohtaja, ymp\u00e4rist\u00f6valiokunnan puheenjohtaja, kansanedustaja ja arkkitehti Oulusta","og_description":"Esitin Oulun kaupungin talousarvioon valtuuston budjettikokouksessa 10.12 kirjausta uudenlaisesta asumisesta. Puheenvuoroni: Jo t\u00e4n\u00e4\u00e4n rakennetaan tulevaisuuden viihtyis\u00e4\u00e4 ja kest\u00e4v\u00e4\u00e4 kaupunkia, joten [&hellip;]","og_url":"https:\/\/jennipitko.fi\/koti\/budjettiin-uudenlaista-asumista\/","og_site_name":"Jenni Pitko - Vihreiden varapuheenjohtaja, ymp\u00e4rist\u00f6valiokunnan puheenjohtaja, kansanedustaja ja arkkitehti Oulusta","article_published_time":"2012-12-10T14:36:56+00:00","article_modified_time":"2014-12-30T15:12:40+00:00","author":"Jenni","twitter_card":"summary_large_image","twitter_misc":{"Kirjoittanut":"Jenni","Arvioitu lukuaika":"2 minuuttia"},"schema":{"@context":"https:\/\/schema.org","@graph":[{"@type":"Article","@id":"https:\/\/jennipitko.fi\/koti\/budjettiin-uudenlaista-asumista\/#article","isPartOf":{"@id":"https:\/\/jennipitko.fi\/koti\/budjettiin-uudenlaista-asumista\/"},"author":{"name":"Jenni","@id":"https:\/\/jennipitko.fi\/koti\/#\/schema\/person\/3f242bfe958144234373266ea416e4d6"},"headline":"Budjettiin uudenlaista asumista","datePublished":"2012-12-10T14:36:56+00:00","dateModified":"2014-12-30T15:12:40+00:00","mainEntityOfPage":{"@id":"https:\/\/jennipitko.fi\/koti\/budjettiin-uudenlaista-asumista\/"},"wordCount":324,"commentCount":0,"publisher":{"@id":"https:\/\/jennipitko.fi\/koti\/#organization"},"keywords":["autottomuus","kaavoitus"],"articleSection":["Puheeni valtuustossa"],"inLanguage":"fi","potentialAction":[{"@type":"CommentAction","name":"Comment","target":["https:\/\/jennipitko.fi\/koti\/budjettiin-uudenlaista-asumista\/#respond"]}]},{"@type":"WebPage","@id":"https:\/\/jennipitko.fi\/koti\/budjettiin-uudenlaista-asumista\/","url":"https:\/\/jennipitko.fi\/koti\/budjettiin-uudenlaista-asumista\/","name":"Budjettiin uudenlaista asumista - Jenni Pitko - Vihreiden varapuheenjohtaja, ymp\u00e4rist\u00f6valiokunnan puheenjohtaja, kansanedustaja ja arkkitehti Oulusta","isPartOf":{"@id":"https:\/\/jennipitko.fi\/koti\/#website"},"datePublished":"2012-12-10T14:36:56+00:00","dateModified":"2014-12-30T15:12:40+00:00","breadcrumb":{"@id":"https:\/\/jennipitko.fi\/koti\/budjettiin-uudenlaista-asumista\/#breadcrumb"},"inLanguage":"fi","potentialAction":[{"@type":"ReadAction","target":["https:\/\/jennipitko.fi\/koti\/budjettiin-uudenlaista-asumista\/"]}]},{"@type":"BreadcrumbList","@id":"https:\/\/jennipitko.fi\/koti\/budjettiin-uudenlaista-asumista\/#breadcrumb","itemListElement":[{"@type":"ListItem","position":1,"name":"Home","item":"https:\/\/jennipitko.fi\/koti\/"},{"@type":"ListItem","position":2,"name":"Budjettiin uudenlaista asumista"}]},{"@type":"WebSite","@id":"https:\/\/jennipitko.fi\/koti\/#website","url":"https:\/\/jennipitko.fi\/koti\/","name":"Jenni Pitko - Vihreiden varapuheenjohtaja, ymp\u00e4rist\u00f6valiokunnan puheenjohtaja, kansanedustaja ja arkkitehti Oulusta","description":"Jenni Pitko - Vihreiden varapuheenjohtaja, ymp\u00e4rist\u00f6valiokunnan puheenjohtaja, kansanedustaja ja arkkitehti Oulusta","publisher":{"@id":"https:\/\/jennipitko.fi\/koti\/#organization"},"potentialAction":[{"@type":"SearchAction","target":{"@type":"EntryPoint","urlTemplate":"https:\/\/jennipitko.fi\/koti\/?s={search_term_string}"},"query-input":{"@type":"PropertyValueSpecification","valueRequired":true,"valueName":"search_term_string"}}],"inLanguage":"fi"},{"@type":"Organization","@id":"https:\/\/jennipitko.fi\/koti\/#organization","name":"Jenni Pitko - Vihreiden varapuheenjohtaja, ymp\u00e4rist\u00f6valiokunnan puheenjohtaja, kansanedustaja ja arkkitehti Oulusta","url":"https:\/\/jennipitko.fi\/koti\/","logo":{"@type":"ImageObject","inLanguage":"fi","@id":"https:\/\/jennipitko.fi\/koti\/#\/schema\/logo\/image\/","url":"https:\/\/jennipitko.fi\/koti\/wp-content\/uploads\/2025\/09\/Nimeton-malli-38.png","contentUrl":"https:\/\/jennipitko.fi\/koti\/wp-content\/uploads\/2025\/09\/Nimeton-malli-38.png","width":1280,"height":847,"caption":"Jenni Pitko - Vihreiden varapuheenjohtaja, ymp\u00e4rist\u00f6valiokunnan puheenjohtaja, kansanedustaja ja arkkitehti Oulusta"},"image":{"@id":"https:\/\/jennipitko.fi\/koti\/#\/schema\/logo\/image\/"}},{"@type":"Person","@id":"https:\/\/jennipitko.fi\/koti\/#\/schema\/person\/3f242bfe958144234373266ea416e4d6","name":"Jenni","image":{"@type":"ImageObject","inLanguage":"fi","@id":"https:\/\/secure.gravatar.com\/avatar\/469343e1290c3e818159b4a4348708c09929f07a2f460e664497d6fb92f80743?s=96&d=blank&r=g","url":"https:\/\/secure.gravatar.com\/avatar\/469343e1290c3e818159b4a4348708c09929f07a2f460e664497d6fb92f80743?s=96&d=blank&r=g","contentUrl":"https:\/\/secure.gravatar.com\/avatar\/469343e1290c3e818159b4a4348708c09929f07a2f460e664497d6fb92f80743?s=96&d=blank&r=g","caption":"Jenni"},"url":"https:\/\/jennipitko.fi\/koti\/author\/jenni-pitko\/"}]}},"_links":{"self":[{"href":"https:\/\/jennipitko.fi\/koti\/wp-json\/wp\/v2\/posts\/580","targetHints":{"allow":["GET"]}}],"collection":[{"href":"https:\/\/jennipitko.fi\/koti\/wp-json\/wp\/v2\/posts"}],"about":[{"href":"https:\/\/jennipitko.fi\/koti\/wp-json\/wp\/v2\/types\/post"}],"author":[{"embeddable":true,"href":"https:\/\/jennipitko.fi\/koti\/wp-json\/wp\/v2\/users\/2"}],"replies":[{"embeddable":true,"href":"https:\/\/jennipitko.fi\/koti\/wp-json\/wp\/v2\/comments?post=580"}],"version-history":[{"count":1,"href":"https:\/\/jennipitko.fi\/koti\/wp-json\/wp\/v2\/posts\/580\/revisions"}],"predecessor-version":[{"id":789,"href":"https:\/\/jennipitko.fi\/koti\/wp-json\/wp\/v2\/posts\/580\/revisions\/789"}],"wp:attachment":[{"href":"https:\/\/jennipitko.fi\/koti\/wp-json\/wp\/v2\/media?parent=580"}],"wp:term":[{"taxonomy":"category","embeddable":true,"href":"https:\/\/jennipitko.fi\/koti\/wp-json\/wp\/v2\/categories?post=580"},{"taxonomy":"post_tag","embeddable":true,"href":"https:\/\/jennipitko.fi\/koti\/wp-json\/wp\/v2\/tags?post=580"}],"curies":[{"name":"wp","href":"https:\/\/api.w.org\/{rel}","templated":true}]}}