{"id":584,"date":"2012-12-10T18:08:51","date_gmt":"2012-12-10T16:08:51","guid":{"rendered":"http:\/\/henkilot.vihreat.fi\/jenni.pitko\/?p=584"},"modified":"2014-12-30T15:09:53","modified_gmt":"2014-12-30T15:09:53","slug":"matalaa-ja-tiivista-puurakentamista-hoyhtyalle","status":"publish","type":"post","link":"https:\/\/jennipitko.fi\/koti\/matalaa-ja-tiivista-puurakentamista-hoyhtyalle\/","title":{"rendered":"Matalaa ja tiivist\u00e4 puurakentamista H\u00f6yhty\u00e4lle"},"content":{"rendered":"<p>Oulussa on etsitty potentiaalisia rakentamispaikkoja keskustan liepeilt\u00e4 tavoitteena yhdyskuntarakenteen tiivist\u00e4minen ja olemassa olevan infran tehokkaampi hy\u00f6dynt\u00e4minen. Yhdeksi kohteeksi valikoitui H\u00f6yhty\u00e4npuiston alue.\u00a0H\u00f6yhty\u00e4npuisto toimii viihtyis\u00e4n\u00e4 kevyenliikenteen reittin\u00e4 ja koivukujineen se on arvoitettu merkitt\u00e4v\u00e4ksi puistoalueeksi Oulun merkitt\u00e4vien viheralueiden inventoinnissa.<!--more--><\/p>\n<div>\n<div>Arvokkaat koivukuja ja kevyenliikenteen v\u00e4yl\u00e4 on inventoinnin ja asukkaille merkityksellisyyden n\u00e4k\u00f6kulmasta s\u00e4ilytt\u00e4v\u00e4.\u00a0Muutoin alue kyll\u00e4 soveltuu rakentamiselle, sill\u00e4 tien vieress\u00e4 olevat puistovy\u00f6hykkeet eiv\u00e4t useinkaan ole puistoille tarkoitetussa virkistysk\u00e4yt\u00f6ss\u00e4 vaan ne toimivat l\u00e4hinn\u00e4 meluestein\u00e4. Nykyaikaisella rakentamisella voidaan saada hyv\u00e4 meluneristys aikaan ilman n\u00e4it\u00e4 suojavy\u00f6hykkeit\u00e4kin.<\/div>\n<div>\n<p>Asemakaavoituksessa ryhdyttiin laatimaan kaavaa &#8220;Suomen parhaan asuinalueen&#8221; eli rintamamiestalovaltaisen Karjasillan alueen ja H\u00f6yhty\u00e4n arvokkaiden selvaakirivitalojen v\u00e4liin j\u00e4\u00e4v\u00e4lle puistoalueelle kuitenkin ihan v\u00e4\u00e4rist\u00e4 l\u00e4ht\u00f6kohdista. Kaava ehdottaa, ett\u00e4 alueelle rakennetaan viisikerroksisia betonikerrostaloja kaverinaan kaksikerroksisia palveluasumistaloja. Sen sijaan, ett\u00e4 l\u00e4ht\u00f6kohdaksi olisi otettu matala ja tiivis kaupunkirakentaminen jossa sovitetaan historiallisia kerrostumia moderniin samankorkuiseen rakentamiseen ja k\u00e4ytetty hieno mahdollisuus moderniin puuarkkitehtuuriin puutalovaltaisessa ymp\u00e4rist\u00f6ss\u00e4, on valittu helpoin l\u00e4ht\u00f6kohta, n\u00e4ille betonisille kerrostaloille \u00a0l\u00f6ytyy varmasti heti rakentaja.<\/p>\n<p>Asukkaiden mukaan aitoa vuorovaikutusta valmisteluissa ei ole valmistelun aikana ollut. teknisen lautakunnan valmisteluun l\u00e4hett\u00e4misest\u00e4 huolimatta ei suunnitelmaa ole muutettu. N\u00e4ill\u00e4 alueilla asuvat ehk\u00e4 Oulun tyytyv\u00e4isimm\u00e4t asukkaat. Nyt asukkaiden vaikutusmahdollisuudet koskien omaa asuinymp\u00e4rist\u00f6\u00e4 ollaan t\u00e4ysin polkemassa, n\u00e4ink\u00f6 me kohtelemme asukkaitamme? Suomella on ainutlaatuisen edistykselliset vuorovaikutusperiaatteet kaavoituslains\u00e4\u00e4d\u00e4nn\u00f6ss\u00e4, joilla luodaan tyytyv\u00e4isi\u00e4 asukkaita kest\u00e4v\u00e4n kehityksen hengess\u00e4. T\u00e4ss\u00e4 tapauksessa ne eiv\u00e4t ole tulleet k\u00e4yt\u00e4nt\u00f6\u00f6n asti.<\/p>\n<p>Kaupunginhallitus k\u00e4sittelee asiaa huomenna tiistaina ja toivottavasti kaava palautetaan valmisteluun niin ett\u00e4 uudessa valmistelussa huomioidaan sek\u00e4 ymp\u00e4rist\u00f6 ja potentiaali matalassa ja tiiviiss\u00e4 puurakentamisessa sek\u00e4 alueen asukkaiden tarpeet ja tunteet.<\/p>\n<p><a href=\"http:\/\/ktweb.ouka.fi\/ktwebbin\/dbisa.dll\/ktwebscr\/epjattn.htm?KH2013+11%2e12%2e2012%2015%3a00%3a00+2+2\">T\u00c4\u00c4LT\u00c4<\/a> l\u00f6ytyv\u00e4t kaavaehdotuksen materiaalit<\/p>\n<\/div>\n<\/div>\n<p><!--more--><\/p>\n<p><!--more--><\/p>\n<p><!--more--><\/p>\n<p><!--more--><\/p>\n<p><!--more--><\/p>\n<p><!--more--><\/p>\n","protected":false},"excerpt":{"rendered":"<p>Oulussa on etsitty potentiaalisia rakentamispaikkoja keskustan liepeilt\u00e4 tavoitteena yhdyskuntarakenteen tiivist\u00e4minen ja olemassa olevan infran tehokkaampi hy\u00f6dynt\u00e4minen. Yhdeksi kohteeksi valikoitui H\u00f6yhty\u00e4npuiston [&hellip;]<\/p>\n","protected":false},"author":2,"featured_media":594,"comment_status":"open","ping_status":"open","sticky":false,"template":"","format":"standard","meta":{"_monsterinsights_skip_tracking":false,"_monsterinsights_sitenote_active":false,"_monsterinsights_sitenote_note":"","_monsterinsights_sitenote_category":0,"site-sidebar-layout":"default","site-content-layout":"","ast-site-content-layout":"default","site-content-style":"default","site-sidebar-style":"default","ast-global-header-display":"","ast-banner-title-visibility":"","ast-main-header-display":"","ast-hfb-above-header-display":"","ast-hfb-below-header-display":"","ast-hfb-mobile-header-display":"","site-post-title":"","ast-breadcrumbs-content":"","ast-featured-img":"","footer-sml-layout":"","ast-disable-related-posts":"","theme-transparent-header-meta":"","adv-header-id-meta":"","stick-header-meta":"","header-above-stick-meta":"","header-main-stick-meta":"","header-below-stick-meta":"","astra-migrate-meta-layouts":"default","ast-page-background-enabled":"default","ast-page-background-meta":{"desktop":{"background-color":"var(--ast-global-color-5)","background-image":"","background-repeat":"repeat","background-position":"center center","background-size":"auto","background-attachment":"scroll","background-type":"","background-media":"","overlay-type":"","overlay-color":"","overlay-opacity":"","overlay-gradient":""},"tablet":{"background-color":"","background-image":"","background-repeat":"repeat","background-position":"center center","background-size":"auto","background-attachment":"scroll","background-type":"","background-media":"","overlay-type":"","overlay-color":"","overlay-opacity":"","overlay-gradient":""},"mobile":{"background-color":"","background-image":"","background-repeat":"repeat","background-position":"center center","background-size":"auto","background-attachment":"scroll","background-type":"","background-media":"","overlay-type":"","overlay-color":"","overlay-opacity":"","overlay-gradient":""}},"ast-content-background-meta":{"desktop":{"background-color":"var(--ast-global-color-4)","background-image":"","background-repeat":"repeat","background-position":"center center","background-size":"auto","background-attachment":"scroll","background-type":"","background-media":"","overlay-type":"","overlay-color":"","overlay-opacity":"","overlay-gradient":""},"tablet":{"background-color":"var(--ast-global-color-4)","background-image":"","background-repeat":"repeat","background-position":"center center","background-size":"auto","background-attachment":"scroll","background-type":"","background-media":"","overlay-type":"","overlay-color":"","overlay-opacity":"","overlay-gradient":""},"mobile":{"background-color":"var(--ast-global-color-4)","background-image":"","background-repeat":"repeat","background-position":"center center","background-size":"auto","background-attachment":"scroll","background-type":"","background-media":"","overlay-type":"","overlay-color":"","overlay-opacity":"","overlay-gradient":""}},"footnotes":""},"categories":[2],"tags":[67,68,8,69,70,71,62,72],"class_list":["post-584","post","type-post","status-publish","format-standard","has-post-thumbnail","hentry","category-blogi","tag-hoyhtya","tag-hoyhtyanpuisto","tag-kaavoitus","tag-karjasilta","tag-puurakentaminen","tag-tiivis-ja-matala","tag-vuorovaikutus","tag-yhdyskuntalautakunta"],"yoast_head":"<!-- This site is optimized with the Yoast SEO plugin v27.5 - https:\/\/yoast.com\/product\/yoast-seo-wordpress\/ -->\n<title>Matalaa ja tiivist\u00e4 puurakentamista H\u00f6yhty\u00e4lle - Jenni Pitko - Vihreiden varapuheenjohtaja, ymp\u00e4rist\u00f6valiokunnan puheenjohtaja, kansanedustaja ja arkkitehti Oulusta<\/title>\n<meta name=\"robots\" content=\"index, follow, max-snippet:-1, max-image-preview:large, max-video-preview:-1\" \/>\n<link rel=\"canonical\" href=\"https:\/\/jennipitko.fi\/koti\/matalaa-ja-tiivista-puurakentamista-hoyhtyalle\/\" \/>\n<meta property=\"og:locale\" content=\"fi_FI\" \/>\n<meta property=\"og:type\" content=\"article\" \/>\n<meta property=\"og:title\" content=\"Matalaa ja tiivist\u00e4 puurakentamista H\u00f6yhty\u00e4lle - Jenni Pitko - Vihreiden varapuheenjohtaja, ymp\u00e4rist\u00f6valiokunnan puheenjohtaja, kansanedustaja ja arkkitehti Oulusta\" \/>\n<meta property=\"og:description\" content=\"Oulussa on etsitty potentiaalisia rakentamispaikkoja keskustan liepeilt\u00e4 tavoitteena yhdyskuntarakenteen tiivist\u00e4minen ja olemassa olevan infran tehokkaampi hy\u00f6dynt\u00e4minen. Yhdeksi kohteeksi valikoitui H\u00f6yhty\u00e4npuiston [&hellip;]\" \/>\n<meta property=\"og:url\" content=\"https:\/\/jennipitko.fi\/koti\/matalaa-ja-tiivista-puurakentamista-hoyhtyalle\/\" \/>\n<meta property=\"og:site_name\" content=\"Jenni Pitko - Vihreiden varapuheenjohtaja, ymp\u00e4rist\u00f6valiokunnan puheenjohtaja, kansanedustaja ja arkkitehti Oulusta\" \/>\n<meta property=\"article:published_time\" content=\"2012-12-10T16:08:51+00:00\" \/>\n<meta property=\"article:modified_time\" content=\"2014-12-30T15:09:53+00:00\" \/>\n<meta name=\"author\" content=\"Jenni\" \/>\n<meta name=\"twitter:card\" content=\"summary_large_image\" \/>\n<meta name=\"twitter:label1\" content=\"Kirjoittanut\" \/>\n\t<meta name=\"twitter:data1\" content=\"Jenni\" \/>\n\t<meta name=\"twitter:label2\" content=\"Arvioitu lukuaika\" \/>\n\t<meta name=\"twitter:data2\" content=\"2 minuuttia\" \/>\n<script type=\"application\/ld+json\" class=\"yoast-schema-graph\">{\"@context\":\"https:\\\/\\\/schema.org\",\"@graph\":[{\"@type\":\"Article\",\"@id\":\"https:\\\/\\\/jennipitko.fi\\\/koti\\\/matalaa-ja-tiivista-puurakentamista-hoyhtyalle\\\/#article\",\"isPartOf\":{\"@id\":\"https:\\\/\\\/jennipitko.fi\\\/koti\\\/matalaa-ja-tiivista-puurakentamista-hoyhtyalle\\\/\"},\"author\":{\"name\":\"Jenni\",\"@id\":\"https:\\\/\\\/jennipitko.fi\\\/koti\\\/#\\\/schema\\\/person\\\/3f242bfe958144234373266ea416e4d6\"},\"headline\":\"Matalaa ja tiivist\u00e4 puurakentamista H\u00f6yhty\u00e4lle\",\"datePublished\":\"2012-12-10T16:08:51+00:00\",\"dateModified\":\"2014-12-30T15:09:53+00:00\",\"mainEntityOfPage\":{\"@id\":\"https:\\\/\\\/jennipitko.fi\\\/koti\\\/matalaa-ja-tiivista-puurakentamista-hoyhtyalle\\\/\"},\"wordCount\":313,\"commentCount\":0,\"publisher\":{\"@id\":\"https:\\\/\\\/jennipitko.fi\\\/koti\\\/#organization\"},\"image\":{\"@id\":\"https:\\\/\\\/jennipitko.fi\\\/koti\\\/matalaa-ja-tiivista-puurakentamista-hoyhtyalle\\\/#primaryimage\"},\"thumbnailUrl\":\"\",\"keywords\":[\"H\u00f6yhty\u00e4\",\"H\u00f6yhty\u00e4npuisto\",\"kaavoitus\",\"Karjasilta\",\"puurakentaminen\",\"tiivis ja matala\",\"vuorovaikutus\",\"yhdyskuntalautakunta\"],\"articleSection\":[\"Blogi\"],\"inLanguage\":\"fi\",\"potentialAction\":[{\"@type\":\"CommentAction\",\"name\":\"Comment\",\"target\":[\"https:\\\/\\\/jennipitko.fi\\\/koti\\\/matalaa-ja-tiivista-puurakentamista-hoyhtyalle\\\/#respond\"]}]},{\"@type\":\"WebPage\",\"@id\":\"https:\\\/\\\/jennipitko.fi\\\/koti\\\/matalaa-ja-tiivista-puurakentamista-hoyhtyalle\\\/\",\"url\":\"https:\\\/\\\/jennipitko.fi\\\/koti\\\/matalaa-ja-tiivista-puurakentamista-hoyhtyalle\\\/\",\"name\":\"Matalaa ja tiivist\u00e4 puurakentamista H\u00f6yhty\u00e4lle - Jenni Pitko - Vihreiden varapuheenjohtaja, ymp\u00e4rist\u00f6valiokunnan puheenjohtaja, kansanedustaja ja arkkitehti Oulusta\",\"isPartOf\":{\"@id\":\"https:\\\/\\\/jennipitko.fi\\\/koti\\\/#website\"},\"primaryImageOfPage\":{\"@id\":\"https:\\\/\\\/jennipitko.fi\\\/koti\\\/matalaa-ja-tiivista-puurakentamista-hoyhtyalle\\\/#primaryimage\"},\"image\":{\"@id\":\"https:\\\/\\\/jennipitko.fi\\\/koti\\\/matalaa-ja-tiivista-puurakentamista-hoyhtyalle\\\/#primaryimage\"},\"thumbnailUrl\":\"\",\"datePublished\":\"2012-12-10T16:08:51+00:00\",\"dateModified\":\"2014-12-30T15:09:53+00:00\",\"breadcrumb\":{\"@id\":\"https:\\\/\\\/jennipitko.fi\\\/koti\\\/matalaa-ja-tiivista-puurakentamista-hoyhtyalle\\\/#breadcrumb\"},\"inLanguage\":\"fi\",\"potentialAction\":[{\"@type\":\"ReadAction\",\"target\":[\"https:\\\/\\\/jennipitko.fi\\\/koti\\\/matalaa-ja-tiivista-puurakentamista-hoyhtyalle\\\/\"]}]},{\"@type\":\"ImageObject\",\"inLanguage\":\"fi\",\"@id\":\"https:\\\/\\\/jennipitko.fi\\\/koti\\\/matalaa-ja-tiivista-puurakentamista-hoyhtyalle\\\/#primaryimage\",\"url\":\"\",\"contentUrl\":\"\"},{\"@type\":\"BreadcrumbList\",\"@id\":\"https:\\\/\\\/jennipitko.fi\\\/koti\\\/matalaa-ja-tiivista-puurakentamista-hoyhtyalle\\\/#breadcrumb\",\"itemListElement\":[{\"@type\":\"ListItem\",\"position\":1,\"name\":\"Home\",\"item\":\"https:\\\/\\\/jennipitko.fi\\\/koti\\\/\"},{\"@type\":\"ListItem\",\"position\":2,\"name\":\"Matalaa ja tiivist\u00e4 puurakentamista H\u00f6yhty\u00e4lle\"}]},{\"@type\":\"WebSite\",\"@id\":\"https:\\\/\\\/jennipitko.fi\\\/koti\\\/#website\",\"url\":\"https:\\\/\\\/jennipitko.fi\\\/koti\\\/\",\"name\":\"Jenni Pitko - Vihreiden varapuheenjohtaja, ymp\u00e4rist\u00f6valiokunnan puheenjohtaja, kansanedustaja ja arkkitehti Oulusta\",\"description\":\"Jenni Pitko - Vihreiden varapuheenjohtaja, ymp\u00e4rist\u00f6valiokunnan puheenjohtaja, kansanedustaja ja arkkitehti Oulusta\",\"publisher\":{\"@id\":\"https:\\\/\\\/jennipitko.fi\\\/koti\\\/#organization\"},\"potentialAction\":[{\"@type\":\"SearchAction\",\"target\":{\"@type\":\"EntryPoint\",\"urlTemplate\":\"https:\\\/\\\/jennipitko.fi\\\/koti\\\/?s={search_term_string}\"},\"query-input\":{\"@type\":\"PropertyValueSpecification\",\"valueRequired\":true,\"valueName\":\"search_term_string\"}}],\"inLanguage\":\"fi\"},{\"@type\":\"Organization\",\"@id\":\"https:\\\/\\\/jennipitko.fi\\\/koti\\\/#organization\",\"name\":\"Jenni Pitko - Vihreiden varapuheenjohtaja, ymp\u00e4rist\u00f6valiokunnan puheenjohtaja, kansanedustaja ja arkkitehti Oulusta\",\"url\":\"https:\\\/\\\/jennipitko.fi\\\/koti\\\/\",\"logo\":{\"@type\":\"ImageObject\",\"inLanguage\":\"fi\",\"@id\":\"https:\\\/\\\/jennipitko.fi\\\/koti\\\/#\\\/schema\\\/logo\\\/image\\\/\",\"url\":\"https:\\\/\\\/jennipitko.fi\\\/koti\\\/wp-content\\\/uploads\\\/2025\\\/09\\\/Nimeton-malli-38.png\",\"contentUrl\":\"https:\\\/\\\/jennipitko.fi\\\/koti\\\/wp-content\\\/uploads\\\/2025\\\/09\\\/Nimeton-malli-38.png\",\"width\":1280,\"height\":847,\"caption\":\"Jenni Pitko - Vihreiden varapuheenjohtaja, ymp\u00e4rist\u00f6valiokunnan puheenjohtaja, kansanedustaja ja arkkitehti Oulusta\"},\"image\":{\"@id\":\"https:\\\/\\\/jennipitko.fi\\\/koti\\\/#\\\/schema\\\/logo\\\/image\\\/\"}},{\"@type\":\"Person\",\"@id\":\"https:\\\/\\\/jennipitko.fi\\\/koti\\\/#\\\/schema\\\/person\\\/3f242bfe958144234373266ea416e4d6\",\"name\":\"Jenni\",\"image\":{\"@type\":\"ImageObject\",\"inLanguage\":\"fi\",\"@id\":\"https:\\\/\\\/secure.gravatar.com\\\/avatar\\\/469343e1290c3e818159b4a4348708c09929f07a2f460e664497d6fb92f80743?s=96&d=blank&r=g\",\"url\":\"https:\\\/\\\/secure.gravatar.com\\\/avatar\\\/469343e1290c3e818159b4a4348708c09929f07a2f460e664497d6fb92f80743?s=96&d=blank&r=g\",\"contentUrl\":\"https:\\\/\\\/secure.gravatar.com\\\/avatar\\\/469343e1290c3e818159b4a4348708c09929f07a2f460e664497d6fb92f80743?s=96&d=blank&r=g\",\"caption\":\"Jenni\"},\"url\":\"https:\\\/\\\/jennipitko.fi\\\/koti\\\/author\\\/jenni-pitko\\\/\"}]}<\/script>\n<!-- \/ Yoast SEO plugin. -->","yoast_head_json":{"title":"Matalaa ja tiivist\u00e4 puurakentamista H\u00f6yhty\u00e4lle - Jenni Pitko - Vihreiden varapuheenjohtaja, ymp\u00e4rist\u00f6valiokunnan puheenjohtaja, kansanedustaja ja arkkitehti Oulusta","robots":{"index":"index","follow":"follow","max-snippet":"max-snippet:-1","max-image-preview":"max-image-preview:large","max-video-preview":"max-video-preview:-1"},"canonical":"https:\/\/jennipitko.fi\/koti\/matalaa-ja-tiivista-puurakentamista-hoyhtyalle\/","og_locale":"fi_FI","og_type":"article","og_title":"Matalaa ja tiivist\u00e4 puurakentamista H\u00f6yhty\u00e4lle - Jenni Pitko - Vihreiden varapuheenjohtaja, ymp\u00e4rist\u00f6valiokunnan puheenjohtaja, kansanedustaja ja arkkitehti Oulusta","og_description":"Oulussa on etsitty potentiaalisia rakentamispaikkoja keskustan liepeilt\u00e4 tavoitteena yhdyskuntarakenteen tiivist\u00e4minen ja olemassa olevan infran tehokkaampi hy\u00f6dynt\u00e4minen. Yhdeksi kohteeksi valikoitui H\u00f6yhty\u00e4npuiston [&hellip;]","og_url":"https:\/\/jennipitko.fi\/koti\/matalaa-ja-tiivista-puurakentamista-hoyhtyalle\/","og_site_name":"Jenni Pitko - Vihreiden varapuheenjohtaja, ymp\u00e4rist\u00f6valiokunnan puheenjohtaja, kansanedustaja ja arkkitehti Oulusta","article_published_time":"2012-12-10T16:08:51+00:00","article_modified_time":"2014-12-30T15:09:53+00:00","author":"Jenni","twitter_card":"summary_large_image","twitter_misc":{"Kirjoittanut":"Jenni","Arvioitu lukuaika":"2 minuuttia"},"schema":{"@context":"https:\/\/schema.org","@graph":[{"@type":"Article","@id":"https:\/\/jennipitko.fi\/koti\/matalaa-ja-tiivista-puurakentamista-hoyhtyalle\/#article","isPartOf":{"@id":"https:\/\/jennipitko.fi\/koti\/matalaa-ja-tiivista-puurakentamista-hoyhtyalle\/"},"author":{"name":"Jenni","@id":"https:\/\/jennipitko.fi\/koti\/#\/schema\/person\/3f242bfe958144234373266ea416e4d6"},"headline":"Matalaa ja tiivist\u00e4 puurakentamista H\u00f6yhty\u00e4lle","datePublished":"2012-12-10T16:08:51+00:00","dateModified":"2014-12-30T15:09:53+00:00","mainEntityOfPage":{"@id":"https:\/\/jennipitko.fi\/koti\/matalaa-ja-tiivista-puurakentamista-hoyhtyalle\/"},"wordCount":313,"commentCount":0,"publisher":{"@id":"https:\/\/jennipitko.fi\/koti\/#organization"},"image":{"@id":"https:\/\/jennipitko.fi\/koti\/matalaa-ja-tiivista-puurakentamista-hoyhtyalle\/#primaryimage"},"thumbnailUrl":"","keywords":["H\u00f6yhty\u00e4","H\u00f6yhty\u00e4npuisto","kaavoitus","Karjasilta","puurakentaminen","tiivis ja matala","vuorovaikutus","yhdyskuntalautakunta"],"articleSection":["Blogi"],"inLanguage":"fi","potentialAction":[{"@type":"CommentAction","name":"Comment","target":["https:\/\/jennipitko.fi\/koti\/matalaa-ja-tiivista-puurakentamista-hoyhtyalle\/#respond"]}]},{"@type":"WebPage","@id":"https:\/\/jennipitko.fi\/koti\/matalaa-ja-tiivista-puurakentamista-hoyhtyalle\/","url":"https:\/\/jennipitko.fi\/koti\/matalaa-ja-tiivista-puurakentamista-hoyhtyalle\/","name":"Matalaa ja tiivist\u00e4 puurakentamista H\u00f6yhty\u00e4lle - Jenni Pitko - Vihreiden varapuheenjohtaja, ymp\u00e4rist\u00f6valiokunnan puheenjohtaja, kansanedustaja ja arkkitehti Oulusta","isPartOf":{"@id":"https:\/\/jennipitko.fi\/koti\/#website"},"primaryImageOfPage":{"@id":"https:\/\/jennipitko.fi\/koti\/matalaa-ja-tiivista-puurakentamista-hoyhtyalle\/#primaryimage"},"image":{"@id":"https:\/\/jennipitko.fi\/koti\/matalaa-ja-tiivista-puurakentamista-hoyhtyalle\/#primaryimage"},"thumbnailUrl":"","datePublished":"2012-12-10T16:08:51+00:00","dateModified":"2014-12-30T15:09:53+00:00","breadcrumb":{"@id":"https:\/\/jennipitko.fi\/koti\/matalaa-ja-tiivista-puurakentamista-hoyhtyalle\/#breadcrumb"},"inLanguage":"fi","potentialAction":[{"@type":"ReadAction","target":["https:\/\/jennipitko.fi\/koti\/matalaa-ja-tiivista-puurakentamista-hoyhtyalle\/"]}]},{"@type":"ImageObject","inLanguage":"fi","@id":"https:\/\/jennipitko.fi\/koti\/matalaa-ja-tiivista-puurakentamista-hoyhtyalle\/#primaryimage","url":"","contentUrl":""},{"@type":"BreadcrumbList","@id":"https:\/\/jennipitko.fi\/koti\/matalaa-ja-tiivista-puurakentamista-hoyhtyalle\/#breadcrumb","itemListElement":[{"@type":"ListItem","position":1,"name":"Home","item":"https:\/\/jennipitko.fi\/koti\/"},{"@type":"ListItem","position":2,"name":"Matalaa ja tiivist\u00e4 puurakentamista H\u00f6yhty\u00e4lle"}]},{"@type":"WebSite","@id":"https:\/\/jennipitko.fi\/koti\/#website","url":"https:\/\/jennipitko.fi\/koti\/","name":"Jenni Pitko - Vihreiden varapuheenjohtaja, ymp\u00e4rist\u00f6valiokunnan puheenjohtaja, kansanedustaja ja arkkitehti Oulusta","description":"Jenni Pitko - Vihreiden varapuheenjohtaja, ymp\u00e4rist\u00f6valiokunnan puheenjohtaja, kansanedustaja ja arkkitehti Oulusta","publisher":{"@id":"https:\/\/jennipitko.fi\/koti\/#organization"},"potentialAction":[{"@type":"SearchAction","target":{"@type":"EntryPoint","urlTemplate":"https:\/\/jennipitko.fi\/koti\/?s={search_term_string}"},"query-input":{"@type":"PropertyValueSpecification","valueRequired":true,"valueName":"search_term_string"}}],"inLanguage":"fi"},{"@type":"Organization","@id":"https:\/\/jennipitko.fi\/koti\/#organization","name":"Jenni Pitko - Vihreiden varapuheenjohtaja, ymp\u00e4rist\u00f6valiokunnan puheenjohtaja, kansanedustaja ja arkkitehti Oulusta","url":"https:\/\/jennipitko.fi\/koti\/","logo":{"@type":"ImageObject","inLanguage":"fi","@id":"https:\/\/jennipitko.fi\/koti\/#\/schema\/logo\/image\/","url":"https:\/\/jennipitko.fi\/koti\/wp-content\/uploads\/2025\/09\/Nimeton-malli-38.png","contentUrl":"https:\/\/jennipitko.fi\/koti\/wp-content\/uploads\/2025\/09\/Nimeton-malli-38.png","width":1280,"height":847,"caption":"Jenni Pitko - Vihreiden varapuheenjohtaja, ymp\u00e4rist\u00f6valiokunnan puheenjohtaja, kansanedustaja ja arkkitehti Oulusta"},"image":{"@id":"https:\/\/jennipitko.fi\/koti\/#\/schema\/logo\/image\/"}},{"@type":"Person","@id":"https:\/\/jennipitko.fi\/koti\/#\/schema\/person\/3f242bfe958144234373266ea416e4d6","name":"Jenni","image":{"@type":"ImageObject","inLanguage":"fi","@id":"https:\/\/secure.gravatar.com\/avatar\/469343e1290c3e818159b4a4348708c09929f07a2f460e664497d6fb92f80743?s=96&d=blank&r=g","url":"https:\/\/secure.gravatar.com\/avatar\/469343e1290c3e818159b4a4348708c09929f07a2f460e664497d6fb92f80743?s=96&d=blank&r=g","contentUrl":"https:\/\/secure.gravatar.com\/avatar\/469343e1290c3e818159b4a4348708c09929f07a2f460e664497d6fb92f80743?s=96&d=blank&r=g","caption":"Jenni"},"url":"https:\/\/jennipitko.fi\/koti\/author\/jenni-pitko\/"}]}},"_links":{"self":[{"href":"https:\/\/jennipitko.fi\/koti\/wp-json\/wp\/v2\/posts\/584","targetHints":{"allow":["GET"]}}],"collection":[{"href":"https:\/\/jennipitko.fi\/koti\/wp-json\/wp\/v2\/posts"}],"about":[{"href":"https:\/\/jennipitko.fi\/koti\/wp-json\/wp\/v2\/types\/post"}],"author":[{"embeddable":true,"href":"https:\/\/jennipitko.fi\/koti\/wp-json\/wp\/v2\/users\/2"}],"replies":[{"embeddable":true,"href":"https:\/\/jennipitko.fi\/koti\/wp-json\/wp\/v2\/comments?post=584"}],"version-history":[{"count":1,"href":"https:\/\/jennipitko.fi\/koti\/wp-json\/wp\/v2\/posts\/584\/revisions"}],"predecessor-version":[{"id":790,"href":"https:\/\/jennipitko.fi\/koti\/wp-json\/wp\/v2\/posts\/584\/revisions\/790"}],"wp:featuredmedia":[{"embeddable":true,"href":"https:\/\/jennipitko.fi\/koti\/wp-json\/"}],"wp:attachment":[{"href":"https:\/\/jennipitko.fi\/koti\/wp-json\/wp\/v2\/media?parent=584"}],"wp:term":[{"taxonomy":"category","embeddable":true,"href":"https:\/\/jennipitko.fi\/koti\/wp-json\/wp\/v2\/categories?post=584"},{"taxonomy":"post_tag","embeddable":true,"href":"https:\/\/jennipitko.fi\/koti\/wp-json\/wp\/v2\/tags?post=584"}],"curies":[{"name":"wp","href":"https:\/\/api.w.org\/{rel}","templated":true}]}}