{"id":603,"date":"2013-02-25T20:18:00","date_gmt":"2013-02-25T18:18:00","guid":{"rendered":"http:\/\/henkilot.vihreat.fi\/jenni.pitko\/?p=603"},"modified":"2014-12-30T15:13:23","modified_gmt":"2014-12-30T15:13:23","slug":"lahidemokratia-mukaan-kuntalakiin","status":"publish","type":"post","link":"https:\/\/jennipitko.fi\/koti\/lahidemokratia-mukaan-kuntalakiin\/","title":{"rendered":"L\u00e4hidemokratia mukaan kuntalakiin"},"content":{"rendered":"<p>Kommenttini kuntarakennelakiuudistukseen kaupunginvaltuuston kokouksessa 25.2.<\/p>\n<p>Kuntien keskin\u00e4inen kilpailu ty\u00f6ss\u00e4k\u00e4yvist\u00e4, hyv\u00e4tuloisista asukkaista n\u00e4kyy hyvin vahvasti t\u00e4\u00e4ll\u00e4 Oulunkin alueella. T\u00e4m\u00e4 hyv\u00e4tuloisten houkuttelu hajauttaa vaarallisesti yhdyskuntarakennetta ja vaikeuttaa elinkeinopolitiikkaa.\u00a0Suurissa kunnissa ongelmaksi muodostuu pakeneva hallinto ja vaikutusmahdollisuudet. Varsinkin Oulun kaltaisella pitkien v\u00e4limatkojen alueella. Siksi nimenomaan lakiin tulisikin kirjata l\u00e4hidemokratian mahdollisuus suorilla vaaleilla valittavista kaupunginosavaltuustoissa, joissa voitaisiin p\u00e4\u00e4tt\u00e4\u00e4 pienemmist\u00e4, paikallisista asioista.<!--more--><\/p>\n<p>Valtionvarainministeri\u00f6 on tilannut viime vuoden syksyll\u00e4 selvityksen jossa etsittiin uusia toimintamalleja kuntalaisten vaikuttamismahdollisuuksien parantamisesta ja kaksi n\u00e4ist\u00e4 ehdotuksista l\u00e4htee ajatuksesta, ett\u00e4 on teht\u00e4vi\u00e4, jotka voidaan hoitaa paikallisesti ja pienimuotoisesti suurta kuntaa paremmin ja tehokkaammin.<\/p>\n<p>Kuntalakiin tulisi kirjata s\u00e4\u00e4d\u00f6s tai ainakin mahdollisuus suorilla vaaleilla kunnan osa-alueille valittavista aluelautakunnista. Aluelautakunnat osallistuisivat palvelujen j\u00e4rjest\u00e4miseen ja alueen kehitt\u00e4miseen esimerkiksi pienten asemakaavahankkeiden osalta. Kuntalaisilla olisi aluelautakunnan kautta aitoa suunnittelu-, p\u00e4\u00e4t\u00f6s-, toimi- ja budjettivaltaa. Verot on ker\u00e4tt\u00e4v\u00e4 vahvalla peruskunnalle<\/p>\n<p>Aivan kuten edell\u00e4ni puhunut Tytti Tuppurainen korosti demokratian toteuttamista, siit\u00e4 todellakin on kyse ja sen on kuljettava edell\u00e4.<\/p>\n","protected":false},"excerpt":{"rendered":"<p>Kommenttini kuntarakennelakiuudistukseen kaupunginvaltuuston kokouksessa 25.2. Kuntien keskin\u00e4inen kilpailu ty\u00f6ss\u00e4k\u00e4yvist\u00e4, hyv\u00e4tuloisista asukkaista n\u00e4kyy hyvin vahvasti t\u00e4\u00e4ll\u00e4 Oulunkin alueella. T\u00e4m\u00e4 hyv\u00e4tuloisten houkuttelu [&hellip;]<\/p>\n","protected":false},"author":2,"featured_media":0,"comment_status":"open","ping_status":"open","sticky":false,"template":"","format":"standard","meta":{"_monsterinsights_skip_tracking":false,"_monsterinsights_sitenote_active":false,"_monsterinsights_sitenote_note":"","_monsterinsights_sitenote_category":0,"site-sidebar-layout":"default","site-content-layout":"","ast-site-content-layout":"default","site-content-style":"default","site-sidebar-style":"default","ast-global-header-display":"","ast-banner-title-visibility":"","ast-main-header-display":"","ast-hfb-above-header-display":"","ast-hfb-below-header-display":"","ast-hfb-mobile-header-display":"","site-post-title":"","ast-breadcrumbs-content":"","ast-featured-img":"","footer-sml-layout":"","ast-disable-related-posts":"","theme-transparent-header-meta":"","adv-header-id-meta":"","stick-header-meta":"","header-above-stick-meta":"","header-main-stick-meta":"","header-below-stick-meta":"","astra-migrate-meta-layouts":"default","ast-page-background-enabled":"default","ast-page-background-meta":{"desktop":{"background-color":"var(--ast-global-color-5)","background-image":"","background-repeat":"repeat","background-position":"center center","background-size":"auto","background-attachment":"scroll","background-type":"","background-media":"","overlay-type":"","overlay-color":"","overlay-opacity":"","overlay-gradient":""},"tablet":{"background-color":"","background-image":"","background-repeat":"repeat","background-position":"center center","background-size":"auto","background-attachment":"scroll","background-type":"","background-media":"","overlay-type":"","overlay-color":"","overlay-opacity":"","overlay-gradient":""},"mobile":{"background-color":"","background-image":"","background-repeat":"repeat","background-position":"center center","background-size":"auto","background-attachment":"scroll","background-type":"","background-media":"","overlay-type":"","overlay-color":"","overlay-opacity":"","overlay-gradient":""}},"ast-content-background-meta":{"desktop":{"background-color":"var(--ast-global-color-4)","background-image":"","background-repeat":"repeat","background-position":"center center","background-size":"auto","background-attachment":"scroll","background-type":"","background-media":"","overlay-type":"","overlay-color":"","overlay-opacity":"","overlay-gradient":""},"tablet":{"background-color":"var(--ast-global-color-4)","background-image":"","background-repeat":"repeat","background-position":"center center","background-size":"auto","background-attachment":"scroll","background-type":"","background-media":"","overlay-type":"","overlay-color":"","overlay-opacity":"","overlay-gradient":""},"mobile":{"background-color":"var(--ast-global-color-4)","background-image":"","background-repeat":"repeat","background-position":"center center","background-size":"auto","background-attachment":"scroll","background-type":"","background-media":"","overlay-type":"","overlay-color":"","overlay-opacity":"","overlay-gradient":""}},"footnotes":""},"categories":[126],"tags":[74,75,59,76],"class_list":["post-603","post","type-post","status-publish","format-standard","hentry","category-puheeni-valtuustossa","tag-aluelautakunta","tag-kuntauudistus","tag-lahidemokratia","tag-valtuusto"],"yoast_head":"<!-- This site is optimized with the Yoast SEO plugin v27.5 - https:\/\/yoast.com\/product\/yoast-seo-wordpress\/ -->\n<title>L\u00e4hidemokratia mukaan kuntalakiin - Jenni Pitko - Vihreiden varapuheenjohtaja, ymp\u00e4rist\u00f6valiokunnan puheenjohtaja, kansanedustaja ja arkkitehti Oulusta<\/title>\n<meta name=\"robots\" content=\"index, follow, max-snippet:-1, max-image-preview:large, max-video-preview:-1\" \/>\n<link rel=\"canonical\" href=\"https:\/\/jennipitko.fi\/koti\/lahidemokratia-mukaan-kuntalakiin\/\" \/>\n<meta property=\"og:locale\" content=\"fi_FI\" \/>\n<meta property=\"og:type\" content=\"article\" \/>\n<meta property=\"og:title\" content=\"L\u00e4hidemokratia mukaan kuntalakiin - Jenni Pitko - Vihreiden varapuheenjohtaja, ymp\u00e4rist\u00f6valiokunnan puheenjohtaja, kansanedustaja ja arkkitehti Oulusta\" \/>\n<meta property=\"og:description\" content=\"Kommenttini kuntarakennelakiuudistukseen kaupunginvaltuuston kokouksessa 25.2. Kuntien keskin\u00e4inen kilpailu ty\u00f6ss\u00e4k\u00e4yvist\u00e4, hyv\u00e4tuloisista asukkaista n\u00e4kyy hyvin vahvasti t\u00e4\u00e4ll\u00e4 Oulunkin alueella. T\u00e4m\u00e4 hyv\u00e4tuloisten houkuttelu [&hellip;]\" \/>\n<meta property=\"og:url\" content=\"https:\/\/jennipitko.fi\/koti\/lahidemokratia-mukaan-kuntalakiin\/\" \/>\n<meta property=\"og:site_name\" content=\"Jenni Pitko - Vihreiden varapuheenjohtaja, ymp\u00e4rist\u00f6valiokunnan puheenjohtaja, kansanedustaja ja arkkitehti Oulusta\" \/>\n<meta property=\"article:published_time\" content=\"2013-02-25T18:18:00+00:00\" \/>\n<meta property=\"article:modified_time\" content=\"2014-12-30T15:13:23+00:00\" \/>\n<meta name=\"author\" content=\"Jenni\" \/>\n<meta name=\"twitter:card\" content=\"summary_large_image\" \/>\n<meta name=\"twitter:label1\" content=\"Kirjoittanut\" \/>\n\t<meta name=\"twitter:data1\" content=\"Jenni\" \/>\n\t<meta name=\"twitter:label2\" content=\"Arvioitu lukuaika\" \/>\n\t<meta name=\"twitter:data2\" content=\"1 minuutti\" \/>\n<script type=\"application\/ld+json\" class=\"yoast-schema-graph\">{\"@context\":\"https:\\\/\\\/schema.org\",\"@graph\":[{\"@type\":\"Article\",\"@id\":\"https:\\\/\\\/jennipitko.fi\\\/koti\\\/lahidemokratia-mukaan-kuntalakiin\\\/#article\",\"isPartOf\":{\"@id\":\"https:\\\/\\\/jennipitko.fi\\\/koti\\\/lahidemokratia-mukaan-kuntalakiin\\\/\"},\"author\":{\"name\":\"Jenni\",\"@id\":\"https:\\\/\\\/jennipitko.fi\\\/koti\\\/#\\\/schema\\\/person\\\/3f242bfe958144234373266ea416e4d6\"},\"headline\":\"L\u00e4hidemokratia mukaan kuntalakiin\",\"datePublished\":\"2013-02-25T18:18:00+00:00\",\"dateModified\":\"2014-12-30T15:13:23+00:00\",\"mainEntityOfPage\":{\"@id\":\"https:\\\/\\\/jennipitko.fi\\\/koti\\\/lahidemokratia-mukaan-kuntalakiin\\\/\"},\"wordCount\":176,\"commentCount\":0,\"publisher\":{\"@id\":\"https:\\\/\\\/jennipitko.fi\\\/koti\\\/#organization\"},\"keywords\":[\"Aluelautakunta\",\"kuntauudistus\",\"l\u00e4hidemokratia\",\"valtuusto\"],\"articleSection\":[\"Puheeni valtuustossa\"],\"inLanguage\":\"fi\",\"potentialAction\":[{\"@type\":\"CommentAction\",\"name\":\"Comment\",\"target\":[\"https:\\\/\\\/jennipitko.fi\\\/koti\\\/lahidemokratia-mukaan-kuntalakiin\\\/#respond\"]}]},{\"@type\":\"WebPage\",\"@id\":\"https:\\\/\\\/jennipitko.fi\\\/koti\\\/lahidemokratia-mukaan-kuntalakiin\\\/\",\"url\":\"https:\\\/\\\/jennipitko.fi\\\/koti\\\/lahidemokratia-mukaan-kuntalakiin\\\/\",\"name\":\"L\u00e4hidemokratia mukaan kuntalakiin - Jenni Pitko - Vihreiden varapuheenjohtaja, ymp\u00e4rist\u00f6valiokunnan puheenjohtaja, kansanedustaja ja arkkitehti Oulusta\",\"isPartOf\":{\"@id\":\"https:\\\/\\\/jennipitko.fi\\\/koti\\\/#website\"},\"datePublished\":\"2013-02-25T18:18:00+00:00\",\"dateModified\":\"2014-12-30T15:13:23+00:00\",\"breadcrumb\":{\"@id\":\"https:\\\/\\\/jennipitko.fi\\\/koti\\\/lahidemokratia-mukaan-kuntalakiin\\\/#breadcrumb\"},\"inLanguage\":\"fi\",\"potentialAction\":[{\"@type\":\"ReadAction\",\"target\":[\"https:\\\/\\\/jennipitko.fi\\\/koti\\\/lahidemokratia-mukaan-kuntalakiin\\\/\"]}]},{\"@type\":\"BreadcrumbList\",\"@id\":\"https:\\\/\\\/jennipitko.fi\\\/koti\\\/lahidemokratia-mukaan-kuntalakiin\\\/#breadcrumb\",\"itemListElement\":[{\"@type\":\"ListItem\",\"position\":1,\"name\":\"Home\",\"item\":\"https:\\\/\\\/jennipitko.fi\\\/koti\\\/\"},{\"@type\":\"ListItem\",\"position\":2,\"name\":\"L\u00e4hidemokratia mukaan kuntalakiin\"}]},{\"@type\":\"WebSite\",\"@id\":\"https:\\\/\\\/jennipitko.fi\\\/koti\\\/#website\",\"url\":\"https:\\\/\\\/jennipitko.fi\\\/koti\\\/\",\"name\":\"Jenni Pitko - Vihreiden varapuheenjohtaja, ymp\u00e4rist\u00f6valiokunnan puheenjohtaja, kansanedustaja ja arkkitehti Oulusta\",\"description\":\"Jenni Pitko - Vihreiden varapuheenjohtaja, ymp\u00e4rist\u00f6valiokunnan puheenjohtaja, kansanedustaja ja arkkitehti Oulusta\",\"publisher\":{\"@id\":\"https:\\\/\\\/jennipitko.fi\\\/koti\\\/#organization\"},\"potentialAction\":[{\"@type\":\"SearchAction\",\"target\":{\"@type\":\"EntryPoint\",\"urlTemplate\":\"https:\\\/\\\/jennipitko.fi\\\/koti\\\/?s={search_term_string}\"},\"query-input\":{\"@type\":\"PropertyValueSpecification\",\"valueRequired\":true,\"valueName\":\"search_term_string\"}}],\"inLanguage\":\"fi\"},{\"@type\":\"Organization\",\"@id\":\"https:\\\/\\\/jennipitko.fi\\\/koti\\\/#organization\",\"name\":\"Jenni Pitko - Vihreiden varapuheenjohtaja, ymp\u00e4rist\u00f6valiokunnan puheenjohtaja, kansanedustaja ja arkkitehti Oulusta\",\"url\":\"https:\\\/\\\/jennipitko.fi\\\/koti\\\/\",\"logo\":{\"@type\":\"ImageObject\",\"inLanguage\":\"fi\",\"@id\":\"https:\\\/\\\/jennipitko.fi\\\/koti\\\/#\\\/schema\\\/logo\\\/image\\\/\",\"url\":\"https:\\\/\\\/jennipitko.fi\\\/koti\\\/wp-content\\\/uploads\\\/2025\\\/09\\\/Nimeton-malli-38.png\",\"contentUrl\":\"https:\\\/\\\/jennipitko.fi\\\/koti\\\/wp-content\\\/uploads\\\/2025\\\/09\\\/Nimeton-malli-38.png\",\"width\":1280,\"height\":847,\"caption\":\"Jenni Pitko - Vihreiden varapuheenjohtaja, ymp\u00e4rist\u00f6valiokunnan puheenjohtaja, kansanedustaja ja arkkitehti Oulusta\"},\"image\":{\"@id\":\"https:\\\/\\\/jennipitko.fi\\\/koti\\\/#\\\/schema\\\/logo\\\/image\\\/\"}},{\"@type\":\"Person\",\"@id\":\"https:\\\/\\\/jennipitko.fi\\\/koti\\\/#\\\/schema\\\/person\\\/3f242bfe958144234373266ea416e4d6\",\"name\":\"Jenni\",\"image\":{\"@type\":\"ImageObject\",\"inLanguage\":\"fi\",\"@id\":\"https:\\\/\\\/secure.gravatar.com\\\/avatar\\\/469343e1290c3e818159b4a4348708c09929f07a2f460e664497d6fb92f80743?s=96&d=blank&r=g\",\"url\":\"https:\\\/\\\/secure.gravatar.com\\\/avatar\\\/469343e1290c3e818159b4a4348708c09929f07a2f460e664497d6fb92f80743?s=96&d=blank&r=g\",\"contentUrl\":\"https:\\\/\\\/secure.gravatar.com\\\/avatar\\\/469343e1290c3e818159b4a4348708c09929f07a2f460e664497d6fb92f80743?s=96&d=blank&r=g\",\"caption\":\"Jenni\"},\"url\":\"https:\\\/\\\/jennipitko.fi\\\/koti\\\/author\\\/jenni-pitko\\\/\"}]}<\/script>\n<!-- \/ Yoast SEO plugin. -->","yoast_head_json":{"title":"L\u00e4hidemokratia mukaan kuntalakiin - Jenni Pitko - Vihreiden varapuheenjohtaja, ymp\u00e4rist\u00f6valiokunnan puheenjohtaja, kansanedustaja ja arkkitehti Oulusta","robots":{"index":"index","follow":"follow","max-snippet":"max-snippet:-1","max-image-preview":"max-image-preview:large","max-video-preview":"max-video-preview:-1"},"canonical":"https:\/\/jennipitko.fi\/koti\/lahidemokratia-mukaan-kuntalakiin\/","og_locale":"fi_FI","og_type":"article","og_title":"L\u00e4hidemokratia mukaan kuntalakiin - Jenni Pitko - Vihreiden varapuheenjohtaja, ymp\u00e4rist\u00f6valiokunnan puheenjohtaja, kansanedustaja ja arkkitehti Oulusta","og_description":"Kommenttini kuntarakennelakiuudistukseen kaupunginvaltuuston kokouksessa 25.2. Kuntien keskin\u00e4inen kilpailu ty\u00f6ss\u00e4k\u00e4yvist\u00e4, hyv\u00e4tuloisista asukkaista n\u00e4kyy hyvin vahvasti t\u00e4\u00e4ll\u00e4 Oulunkin alueella. T\u00e4m\u00e4 hyv\u00e4tuloisten houkuttelu [&hellip;]","og_url":"https:\/\/jennipitko.fi\/koti\/lahidemokratia-mukaan-kuntalakiin\/","og_site_name":"Jenni Pitko - Vihreiden varapuheenjohtaja, ymp\u00e4rist\u00f6valiokunnan puheenjohtaja, kansanedustaja ja arkkitehti Oulusta","article_published_time":"2013-02-25T18:18:00+00:00","article_modified_time":"2014-12-30T15:13:23+00:00","author":"Jenni","twitter_card":"summary_large_image","twitter_misc":{"Kirjoittanut":"Jenni","Arvioitu lukuaika":"1 minuutti"},"schema":{"@context":"https:\/\/schema.org","@graph":[{"@type":"Article","@id":"https:\/\/jennipitko.fi\/koti\/lahidemokratia-mukaan-kuntalakiin\/#article","isPartOf":{"@id":"https:\/\/jennipitko.fi\/koti\/lahidemokratia-mukaan-kuntalakiin\/"},"author":{"name":"Jenni","@id":"https:\/\/jennipitko.fi\/koti\/#\/schema\/person\/3f242bfe958144234373266ea416e4d6"},"headline":"L\u00e4hidemokratia mukaan kuntalakiin","datePublished":"2013-02-25T18:18:00+00:00","dateModified":"2014-12-30T15:13:23+00:00","mainEntityOfPage":{"@id":"https:\/\/jennipitko.fi\/koti\/lahidemokratia-mukaan-kuntalakiin\/"},"wordCount":176,"commentCount":0,"publisher":{"@id":"https:\/\/jennipitko.fi\/koti\/#organization"},"keywords":["Aluelautakunta","kuntauudistus","l\u00e4hidemokratia","valtuusto"],"articleSection":["Puheeni valtuustossa"],"inLanguage":"fi","potentialAction":[{"@type":"CommentAction","name":"Comment","target":["https:\/\/jennipitko.fi\/koti\/lahidemokratia-mukaan-kuntalakiin\/#respond"]}]},{"@type":"WebPage","@id":"https:\/\/jennipitko.fi\/koti\/lahidemokratia-mukaan-kuntalakiin\/","url":"https:\/\/jennipitko.fi\/koti\/lahidemokratia-mukaan-kuntalakiin\/","name":"L\u00e4hidemokratia mukaan kuntalakiin - Jenni Pitko - Vihreiden varapuheenjohtaja, ymp\u00e4rist\u00f6valiokunnan puheenjohtaja, kansanedustaja ja arkkitehti Oulusta","isPartOf":{"@id":"https:\/\/jennipitko.fi\/koti\/#website"},"datePublished":"2013-02-25T18:18:00+00:00","dateModified":"2014-12-30T15:13:23+00:00","breadcrumb":{"@id":"https:\/\/jennipitko.fi\/koti\/lahidemokratia-mukaan-kuntalakiin\/#breadcrumb"},"inLanguage":"fi","potentialAction":[{"@type":"ReadAction","target":["https:\/\/jennipitko.fi\/koti\/lahidemokratia-mukaan-kuntalakiin\/"]}]},{"@type":"BreadcrumbList","@id":"https:\/\/jennipitko.fi\/koti\/lahidemokratia-mukaan-kuntalakiin\/#breadcrumb","itemListElement":[{"@type":"ListItem","position":1,"name":"Home","item":"https:\/\/jennipitko.fi\/koti\/"},{"@type":"ListItem","position":2,"name":"L\u00e4hidemokratia mukaan kuntalakiin"}]},{"@type":"WebSite","@id":"https:\/\/jennipitko.fi\/koti\/#website","url":"https:\/\/jennipitko.fi\/koti\/","name":"Jenni Pitko - Vihreiden varapuheenjohtaja, ymp\u00e4rist\u00f6valiokunnan puheenjohtaja, kansanedustaja ja arkkitehti Oulusta","description":"Jenni Pitko - Vihreiden varapuheenjohtaja, ymp\u00e4rist\u00f6valiokunnan puheenjohtaja, kansanedustaja ja arkkitehti Oulusta","publisher":{"@id":"https:\/\/jennipitko.fi\/koti\/#organization"},"potentialAction":[{"@type":"SearchAction","target":{"@type":"EntryPoint","urlTemplate":"https:\/\/jennipitko.fi\/koti\/?s={search_term_string}"},"query-input":{"@type":"PropertyValueSpecification","valueRequired":true,"valueName":"search_term_string"}}],"inLanguage":"fi"},{"@type":"Organization","@id":"https:\/\/jennipitko.fi\/koti\/#organization","name":"Jenni Pitko - Vihreiden varapuheenjohtaja, ymp\u00e4rist\u00f6valiokunnan puheenjohtaja, kansanedustaja ja arkkitehti Oulusta","url":"https:\/\/jennipitko.fi\/koti\/","logo":{"@type":"ImageObject","inLanguage":"fi","@id":"https:\/\/jennipitko.fi\/koti\/#\/schema\/logo\/image\/","url":"https:\/\/jennipitko.fi\/koti\/wp-content\/uploads\/2025\/09\/Nimeton-malli-38.png","contentUrl":"https:\/\/jennipitko.fi\/koti\/wp-content\/uploads\/2025\/09\/Nimeton-malli-38.png","width":1280,"height":847,"caption":"Jenni Pitko - Vihreiden varapuheenjohtaja, ymp\u00e4rist\u00f6valiokunnan puheenjohtaja, kansanedustaja ja arkkitehti Oulusta"},"image":{"@id":"https:\/\/jennipitko.fi\/koti\/#\/schema\/logo\/image\/"}},{"@type":"Person","@id":"https:\/\/jennipitko.fi\/koti\/#\/schema\/person\/3f242bfe958144234373266ea416e4d6","name":"Jenni","image":{"@type":"ImageObject","inLanguage":"fi","@id":"https:\/\/secure.gravatar.com\/avatar\/469343e1290c3e818159b4a4348708c09929f07a2f460e664497d6fb92f80743?s=96&d=blank&r=g","url":"https:\/\/secure.gravatar.com\/avatar\/469343e1290c3e818159b4a4348708c09929f07a2f460e664497d6fb92f80743?s=96&d=blank&r=g","contentUrl":"https:\/\/secure.gravatar.com\/avatar\/469343e1290c3e818159b4a4348708c09929f07a2f460e664497d6fb92f80743?s=96&d=blank&r=g","caption":"Jenni"},"url":"https:\/\/jennipitko.fi\/koti\/author\/jenni-pitko\/"}]}},"_links":{"self":[{"href":"https:\/\/jennipitko.fi\/koti\/wp-json\/wp\/v2\/posts\/603","targetHints":{"allow":["GET"]}}],"collection":[{"href":"https:\/\/jennipitko.fi\/koti\/wp-json\/wp\/v2\/posts"}],"about":[{"href":"https:\/\/jennipitko.fi\/koti\/wp-json\/wp\/v2\/types\/post"}],"author":[{"embeddable":true,"href":"https:\/\/jennipitko.fi\/koti\/wp-json\/wp\/v2\/users\/2"}],"replies":[{"embeddable":true,"href":"https:\/\/jennipitko.fi\/koti\/wp-json\/wp\/v2\/comments?post=603"}],"version-history":[{"count":1,"href":"https:\/\/jennipitko.fi\/koti\/wp-json\/wp\/v2\/posts\/603\/revisions"}],"predecessor-version":[{"id":792,"href":"https:\/\/jennipitko.fi\/koti\/wp-json\/wp\/v2\/posts\/603\/revisions\/792"}],"wp:attachment":[{"href":"https:\/\/jennipitko.fi\/koti\/wp-json\/wp\/v2\/media?parent=603"}],"wp:term":[{"taxonomy":"category","embeddable":true,"href":"https:\/\/jennipitko.fi\/koti\/wp-json\/wp\/v2\/categories?post=603"},{"taxonomy":"post_tag","embeddable":true,"href":"https:\/\/jennipitko.fi\/koti\/wp-json\/wp\/v2\/tags?post=603"}],"curies":[{"name":"wp","href":"https:\/\/api.w.org\/{rel}","templated":true}]}}