{"id":612,"date":"2013-04-08T17:42:26","date_gmt":"2013-04-08T15:42:26","guid":{"rendered":"http:\/\/henkilot.vihreat.fi\/jenni.pitko\/?p=612"},"modified":"2014-12-30T15:13:59","modified_gmt":"2014-12-30T15:13:59","slug":"joukkoliikennetta-ja-avointa-paivahoitoa-kaupunginhallituksessa","status":"publish","type":"post","link":"https:\/\/jennipitko.fi\/koti\/joukkoliikennetta-ja-avointa-paivahoitoa-kaupunginhallituksessa\/","title":{"rendered":"Joukkoliikennett\u00e4 ja avointa p\u00e4iv\u00e4hoitoa kaupunginhallituksessa"},"content":{"rendered":"<p>Kaupunginhallitusta puhutti t\u00e4n\u00e4\u00e4n 8.4. kaksi suurehkoa asiaa, joukkoliikenteen palvelutaso kilpailutuksen pohjalle ja avoimen kerhotoiminnan asiakasmaksujen poisto.<\/p>\n<p>Seudullinen joukkoliikennejaos p\u00e4\u00e4tti muutama viikko sitten ymp\u00e4rist\u00f6kuntien \u00e4\u00e4nien voimin seudun joukkoliikenteen tasosta (kilpailutuksen pohjaksi) niin, ett\u00e4 Oulun sis\u00e4inen joukkoliikennetaso tulee huononemaan. T\u00e4n\u00e4\u00e4n asia oli kaupunginhallituksessa ja selvisi, ett\u00e4 Oulun kaupunginhallituksella ei olekaan otto-oikeutta jaoksen p\u00e4\u00e4t\u00f6kseen, koska jaos on seudullinen. Jouduimme tyytym\u00e4\u00e4n pyyt\u00e4m\u00e4\u00e4n lausunnot lautakunnilta jonka j\u00e4lkeen tulevassa kokouksessa pohdimme, palautammeko asian jaoksen k\u00e4sitelt\u00e4v\u00e4ksi. T\u00e4m\u00e4 on suuri pettymys, sill\u00e4 enemmist\u00f6 kh:ssa olisi ollut parannetun mallin kannalla. Oulun kaupungilla ei siis ole mahdollisuutta p\u00e4\u00e4tt\u00e4\u00e4 sen omasta joukkoliikennetasosta, uskomatonta!!<!--more--><\/p>\n<p>Toinen keskusteluttava asia oli avoimen kerhotoiminnan muuttaaminen maksuttomaksi. Avoin kerhotoiminta on kevyempi vaihtoehto p\u00e4iv\u00e4kotihoidolle. Kerhotoiminta maksaa siis t\u00e4ll\u00e4 hetkell\u00e4 28\u20ac\/kk tai 43\u20ac\/kk lasta kohti. Ja kaupungille P\u00e4iv\u00e4kotihoito maksaa lasta kohti 8500\u20ac kun kerhopaikka maksaa 1800\u20ac vuodessa.<\/p>\n<p>Niille 600:lle oululaiselle perheelle, joissa toinen vanhempi on kotona (70% ilman erityissyyt\u00e4, esim. sairaus) ja lapsi\/lapset p\u00e4iv\u00e4kotihoidossa, avoin kerhotoiminta maksuttomana olisi varmasti houkutteleva vaihtoehto, ainakin niin on k\u00e4ynyt esim. Tampereella. Tarvittaisiin ainoastaan 40 oululaisen lapsen vapaaehtoinen siirtyminen p\u00e4iv\u00e4kotihoidon sijaan kerhotoimintaan jotta asiakasmaksuista koostuva tulonmenetys olisi korvattu ja kaikki sen j\u00e4lkeen olisi plussaa. Todellakin kannatettavaa! Kerhotoiminnassa voi vanhempi olla mukana, se voisi lis\u00e4t\u00e4 vanhemman ja lapsen v\u00e4list\u00e4 sidett\u00e4.<\/p>\n<p>Asia on teknisesti vaikea, sill\u00e4 valtuusto on linjannut budjettikirjassaan vuoden 2013 maksuista (silloin meill\u00e4 ei ollut tietoa t\u00e4st\u00e4 s\u00e4\u00e4st\u00e4v\u00e4st\u00e4 vaikutuksesta), vaikka sen toimivaltaan ei erillisiss\u00e4 maksuista p\u00e4\u00e4tt\u00e4minen olekaan. Maksuttomilla kerhoilla tuntui olevan hiuksen hieno enemmist\u00f6 mutta asia j\u00e4i p\u00f6yd\u00e4lle t\u00e4m\u00e4n budjettiristiriitaisuuden vuoksi, se tulee p\u00f6yd\u00e4lle 22.4 kun asiaa on selvitelty.<\/p>\n","protected":false},"excerpt":{"rendered":"<p>Kaupunginhallitusta puhutti t\u00e4n\u00e4\u00e4n 8.4. kaksi suurehkoa asiaa, joukkoliikenteen palvelutaso kilpailutuksen pohjalle ja avoimen kerhotoiminnan asiakasmaksujen poisto. Seudullinen joukkoliikennejaos p\u00e4\u00e4tti muutama [&hellip;]<\/p>\n","protected":false},"author":2,"featured_media":0,"comment_status":"open","ping_status":"open","sticky":false,"template":"","format":"standard","meta":{"_monsterinsights_skip_tracking":false,"_monsterinsights_sitenote_active":false,"_monsterinsights_sitenote_note":"","_monsterinsights_sitenote_category":0,"site-sidebar-layout":"default","site-content-layout":"","ast-site-content-layout":"default","site-content-style":"default","site-sidebar-style":"default","ast-global-header-display":"","ast-banner-title-visibility":"","ast-main-header-display":"","ast-hfb-above-header-display":"","ast-hfb-below-header-display":"","ast-hfb-mobile-header-display":"","site-post-title":"","ast-breadcrumbs-content":"","ast-featured-img":"","footer-sml-layout":"","ast-disable-related-posts":"","theme-transparent-header-meta":"","adv-header-id-meta":"","stick-header-meta":"","header-above-stick-meta":"","header-main-stick-meta":"","header-below-stick-meta":"","astra-migrate-meta-layouts":"default","ast-page-background-enabled":"default","ast-page-background-meta":{"desktop":{"background-color":"var(--ast-global-color-5)","background-image":"","background-repeat":"repeat","background-position":"center center","background-size":"auto","background-attachment":"scroll","background-type":"","background-media":"","overlay-type":"","overlay-color":"","overlay-opacity":"","overlay-gradient":""},"tablet":{"background-color":"","background-image":"","background-repeat":"repeat","background-position":"center center","background-size":"auto","background-attachment":"scroll","background-type":"","background-media":"","overlay-type":"","overlay-color":"","overlay-opacity":"","overlay-gradient":""},"mobile":{"background-color":"","background-image":"","background-repeat":"repeat","background-position":"center center","background-size":"auto","background-attachment":"scroll","background-type":"","background-media":"","overlay-type":"","overlay-color":"","overlay-opacity":"","overlay-gradient":""}},"ast-content-background-meta":{"desktop":{"background-color":"var(--ast-global-color-4)","background-image":"","background-repeat":"repeat","background-position":"center center","background-size":"auto","background-attachment":"scroll","background-type":"","background-media":"","overlay-type":"","overlay-color":"","overlay-opacity":"","overlay-gradient":""},"tablet":{"background-color":"var(--ast-global-color-4)","background-image":"","background-repeat":"repeat","background-position":"center center","background-size":"auto","background-attachment":"scroll","background-type":"","background-media":"","overlay-type":"","overlay-color":"","overlay-opacity":"","overlay-gradient":""},"mobile":{"background-color":"var(--ast-global-color-4)","background-image":"","background-repeat":"repeat","background-position":"center center","background-size":"auto","background-attachment":"scroll","background-type":"","background-media":"","overlay-type":"","overlay-color":"","overlay-opacity":"","overlay-gradient":""}},"footnotes":""},"categories":[2],"tags":[7,77],"class_list":["post-612","post","type-post","status-publish","format-standard","hentry","category-blogi","tag-joukkoliikenne","tag-paivahoito"],"yoast_head":"<!-- This site is optimized with the Yoast SEO plugin v27.5 - https:\/\/yoast.com\/product\/yoast-seo-wordpress\/ -->\n<title>Joukkoliikennett\u00e4 ja avointa p\u00e4iv\u00e4hoitoa kaupunginhallituksessa - Jenni Pitko - Vihreiden varapuheenjohtaja, ymp\u00e4rist\u00f6valiokunnan puheenjohtaja, kansanedustaja ja arkkitehti Oulusta<\/title>\n<meta name=\"robots\" content=\"index, follow, max-snippet:-1, max-image-preview:large, max-video-preview:-1\" \/>\n<link rel=\"canonical\" href=\"https:\/\/jennipitko.fi\/koti\/joukkoliikennetta-ja-avointa-paivahoitoa-kaupunginhallituksessa\/\" \/>\n<meta property=\"og:locale\" content=\"fi_FI\" \/>\n<meta property=\"og:type\" content=\"article\" \/>\n<meta property=\"og:title\" content=\"Joukkoliikennett\u00e4 ja avointa p\u00e4iv\u00e4hoitoa kaupunginhallituksessa - Jenni Pitko - Vihreiden varapuheenjohtaja, ymp\u00e4rist\u00f6valiokunnan puheenjohtaja, kansanedustaja ja arkkitehti Oulusta\" \/>\n<meta property=\"og:description\" content=\"Kaupunginhallitusta puhutti t\u00e4n\u00e4\u00e4n 8.4. kaksi suurehkoa asiaa, joukkoliikenteen palvelutaso kilpailutuksen pohjalle ja avoimen kerhotoiminnan asiakasmaksujen poisto. Seudullinen joukkoliikennejaos p\u00e4\u00e4tti muutama [&hellip;]\" \/>\n<meta property=\"og:url\" content=\"https:\/\/jennipitko.fi\/koti\/joukkoliikennetta-ja-avointa-paivahoitoa-kaupunginhallituksessa\/\" \/>\n<meta property=\"og:site_name\" content=\"Jenni Pitko - Vihreiden varapuheenjohtaja, ymp\u00e4rist\u00f6valiokunnan puheenjohtaja, kansanedustaja ja arkkitehti Oulusta\" \/>\n<meta property=\"article:published_time\" content=\"2013-04-08T15:42:26+00:00\" \/>\n<meta property=\"article:modified_time\" content=\"2014-12-30T15:13:59+00:00\" \/>\n<meta name=\"author\" content=\"Jenni\" \/>\n<meta name=\"twitter:card\" content=\"summary_large_image\" \/>\n<meta name=\"twitter:label1\" content=\"Kirjoittanut\" \/>\n\t<meta name=\"twitter:data1\" content=\"Jenni\" \/>\n\t<meta name=\"twitter:label2\" content=\"Arvioitu lukuaika\" \/>\n\t<meta name=\"twitter:data2\" content=\"1 minuutti\" \/>\n<script type=\"application\/ld+json\" class=\"yoast-schema-graph\">{\"@context\":\"https:\\\/\\\/schema.org\",\"@graph\":[{\"@type\":\"Article\",\"@id\":\"https:\\\/\\\/jennipitko.fi\\\/koti\\\/joukkoliikennetta-ja-avointa-paivahoitoa-kaupunginhallituksessa\\\/#article\",\"isPartOf\":{\"@id\":\"https:\\\/\\\/jennipitko.fi\\\/koti\\\/joukkoliikennetta-ja-avointa-paivahoitoa-kaupunginhallituksessa\\\/\"},\"author\":{\"name\":\"Jenni\",\"@id\":\"https:\\\/\\\/jennipitko.fi\\\/koti\\\/#\\\/schema\\\/person\\\/3f242bfe958144234373266ea416e4d6\"},\"headline\":\"Joukkoliikennett\u00e4 ja avointa p\u00e4iv\u00e4hoitoa kaupunginhallituksessa\",\"datePublished\":\"2013-04-08T15:42:26+00:00\",\"dateModified\":\"2014-12-30T15:13:59+00:00\",\"mainEntityOfPage\":{\"@id\":\"https:\\\/\\\/jennipitko.fi\\\/koti\\\/joukkoliikennetta-ja-avointa-paivahoitoa-kaupunginhallituksessa\\\/\"},\"wordCount\":292,\"commentCount\":2,\"publisher\":{\"@id\":\"https:\\\/\\\/jennipitko.fi\\\/koti\\\/#organization\"},\"keywords\":[\"joukkoliikenne\",\"p\u00e4iv\u00e4hoito\"],\"articleSection\":[\"Blogi\"],\"inLanguage\":\"fi\",\"potentialAction\":[{\"@type\":\"CommentAction\",\"name\":\"Comment\",\"target\":[\"https:\\\/\\\/jennipitko.fi\\\/koti\\\/joukkoliikennetta-ja-avointa-paivahoitoa-kaupunginhallituksessa\\\/#respond\"]}]},{\"@type\":\"WebPage\",\"@id\":\"https:\\\/\\\/jennipitko.fi\\\/koti\\\/joukkoliikennetta-ja-avointa-paivahoitoa-kaupunginhallituksessa\\\/\",\"url\":\"https:\\\/\\\/jennipitko.fi\\\/koti\\\/joukkoliikennetta-ja-avointa-paivahoitoa-kaupunginhallituksessa\\\/\",\"name\":\"Joukkoliikennett\u00e4 ja avointa p\u00e4iv\u00e4hoitoa kaupunginhallituksessa - Jenni Pitko - Vihreiden varapuheenjohtaja, ymp\u00e4rist\u00f6valiokunnan puheenjohtaja, kansanedustaja ja arkkitehti Oulusta\",\"isPartOf\":{\"@id\":\"https:\\\/\\\/jennipitko.fi\\\/koti\\\/#website\"},\"datePublished\":\"2013-04-08T15:42:26+00:00\",\"dateModified\":\"2014-12-30T15:13:59+00:00\",\"breadcrumb\":{\"@id\":\"https:\\\/\\\/jennipitko.fi\\\/koti\\\/joukkoliikennetta-ja-avointa-paivahoitoa-kaupunginhallituksessa\\\/#breadcrumb\"},\"inLanguage\":\"fi\",\"potentialAction\":[{\"@type\":\"ReadAction\",\"target\":[\"https:\\\/\\\/jennipitko.fi\\\/koti\\\/joukkoliikennetta-ja-avointa-paivahoitoa-kaupunginhallituksessa\\\/\"]}]},{\"@type\":\"BreadcrumbList\",\"@id\":\"https:\\\/\\\/jennipitko.fi\\\/koti\\\/joukkoliikennetta-ja-avointa-paivahoitoa-kaupunginhallituksessa\\\/#breadcrumb\",\"itemListElement\":[{\"@type\":\"ListItem\",\"position\":1,\"name\":\"Home\",\"item\":\"https:\\\/\\\/jennipitko.fi\\\/koti\\\/\"},{\"@type\":\"ListItem\",\"position\":2,\"name\":\"Joukkoliikennett\u00e4 ja avointa p\u00e4iv\u00e4hoitoa kaupunginhallituksessa\"}]},{\"@type\":\"WebSite\",\"@id\":\"https:\\\/\\\/jennipitko.fi\\\/koti\\\/#website\",\"url\":\"https:\\\/\\\/jennipitko.fi\\\/koti\\\/\",\"name\":\"Jenni Pitko - Vihreiden varapuheenjohtaja, ymp\u00e4rist\u00f6valiokunnan puheenjohtaja, kansanedustaja ja arkkitehti Oulusta\",\"description\":\"Jenni Pitko - Vihreiden varapuheenjohtaja, ymp\u00e4rist\u00f6valiokunnan puheenjohtaja, kansanedustaja ja arkkitehti Oulusta\",\"publisher\":{\"@id\":\"https:\\\/\\\/jennipitko.fi\\\/koti\\\/#organization\"},\"potentialAction\":[{\"@type\":\"SearchAction\",\"target\":{\"@type\":\"EntryPoint\",\"urlTemplate\":\"https:\\\/\\\/jennipitko.fi\\\/koti\\\/?s={search_term_string}\"},\"query-input\":{\"@type\":\"PropertyValueSpecification\",\"valueRequired\":true,\"valueName\":\"search_term_string\"}}],\"inLanguage\":\"fi\"},{\"@type\":\"Organization\",\"@id\":\"https:\\\/\\\/jennipitko.fi\\\/koti\\\/#organization\",\"name\":\"Jenni Pitko - Vihreiden varapuheenjohtaja, ymp\u00e4rist\u00f6valiokunnan puheenjohtaja, kansanedustaja ja arkkitehti Oulusta\",\"url\":\"https:\\\/\\\/jennipitko.fi\\\/koti\\\/\",\"logo\":{\"@type\":\"ImageObject\",\"inLanguage\":\"fi\",\"@id\":\"https:\\\/\\\/jennipitko.fi\\\/koti\\\/#\\\/schema\\\/logo\\\/image\\\/\",\"url\":\"https:\\\/\\\/jennipitko.fi\\\/koti\\\/wp-content\\\/uploads\\\/2025\\\/09\\\/Nimeton-malli-38.png\",\"contentUrl\":\"https:\\\/\\\/jennipitko.fi\\\/koti\\\/wp-content\\\/uploads\\\/2025\\\/09\\\/Nimeton-malli-38.png\",\"width\":1280,\"height\":847,\"caption\":\"Jenni Pitko - Vihreiden varapuheenjohtaja, ymp\u00e4rist\u00f6valiokunnan puheenjohtaja, kansanedustaja ja arkkitehti Oulusta\"},\"image\":{\"@id\":\"https:\\\/\\\/jennipitko.fi\\\/koti\\\/#\\\/schema\\\/logo\\\/image\\\/\"}},{\"@type\":\"Person\",\"@id\":\"https:\\\/\\\/jennipitko.fi\\\/koti\\\/#\\\/schema\\\/person\\\/3f242bfe958144234373266ea416e4d6\",\"name\":\"Jenni\",\"image\":{\"@type\":\"ImageObject\",\"inLanguage\":\"fi\",\"@id\":\"https:\\\/\\\/secure.gravatar.com\\\/avatar\\\/469343e1290c3e818159b4a4348708c09929f07a2f460e664497d6fb92f80743?s=96&d=blank&r=g\",\"url\":\"https:\\\/\\\/secure.gravatar.com\\\/avatar\\\/469343e1290c3e818159b4a4348708c09929f07a2f460e664497d6fb92f80743?s=96&d=blank&r=g\",\"contentUrl\":\"https:\\\/\\\/secure.gravatar.com\\\/avatar\\\/469343e1290c3e818159b4a4348708c09929f07a2f460e664497d6fb92f80743?s=96&d=blank&r=g\",\"caption\":\"Jenni\"},\"url\":\"https:\\\/\\\/jennipitko.fi\\\/koti\\\/author\\\/jenni-pitko\\\/\"}]}<\/script>\n<!-- \/ Yoast SEO plugin. -->","yoast_head_json":{"title":"Joukkoliikennett\u00e4 ja avointa p\u00e4iv\u00e4hoitoa kaupunginhallituksessa - Jenni Pitko - Vihreiden varapuheenjohtaja, ymp\u00e4rist\u00f6valiokunnan puheenjohtaja, kansanedustaja ja arkkitehti Oulusta","robots":{"index":"index","follow":"follow","max-snippet":"max-snippet:-1","max-image-preview":"max-image-preview:large","max-video-preview":"max-video-preview:-1"},"canonical":"https:\/\/jennipitko.fi\/koti\/joukkoliikennetta-ja-avointa-paivahoitoa-kaupunginhallituksessa\/","og_locale":"fi_FI","og_type":"article","og_title":"Joukkoliikennett\u00e4 ja avointa p\u00e4iv\u00e4hoitoa kaupunginhallituksessa - Jenni Pitko - Vihreiden varapuheenjohtaja, ymp\u00e4rist\u00f6valiokunnan puheenjohtaja, kansanedustaja ja arkkitehti Oulusta","og_description":"Kaupunginhallitusta puhutti t\u00e4n\u00e4\u00e4n 8.4. kaksi suurehkoa asiaa, joukkoliikenteen palvelutaso kilpailutuksen pohjalle ja avoimen kerhotoiminnan asiakasmaksujen poisto. Seudullinen joukkoliikennejaos p\u00e4\u00e4tti muutama [&hellip;]","og_url":"https:\/\/jennipitko.fi\/koti\/joukkoliikennetta-ja-avointa-paivahoitoa-kaupunginhallituksessa\/","og_site_name":"Jenni Pitko - Vihreiden varapuheenjohtaja, ymp\u00e4rist\u00f6valiokunnan puheenjohtaja, kansanedustaja ja arkkitehti Oulusta","article_published_time":"2013-04-08T15:42:26+00:00","article_modified_time":"2014-12-30T15:13:59+00:00","author":"Jenni","twitter_card":"summary_large_image","twitter_misc":{"Kirjoittanut":"Jenni","Arvioitu lukuaika":"1 minuutti"},"schema":{"@context":"https:\/\/schema.org","@graph":[{"@type":"Article","@id":"https:\/\/jennipitko.fi\/koti\/joukkoliikennetta-ja-avointa-paivahoitoa-kaupunginhallituksessa\/#article","isPartOf":{"@id":"https:\/\/jennipitko.fi\/koti\/joukkoliikennetta-ja-avointa-paivahoitoa-kaupunginhallituksessa\/"},"author":{"name":"Jenni","@id":"https:\/\/jennipitko.fi\/koti\/#\/schema\/person\/3f242bfe958144234373266ea416e4d6"},"headline":"Joukkoliikennett\u00e4 ja avointa p\u00e4iv\u00e4hoitoa kaupunginhallituksessa","datePublished":"2013-04-08T15:42:26+00:00","dateModified":"2014-12-30T15:13:59+00:00","mainEntityOfPage":{"@id":"https:\/\/jennipitko.fi\/koti\/joukkoliikennetta-ja-avointa-paivahoitoa-kaupunginhallituksessa\/"},"wordCount":292,"commentCount":2,"publisher":{"@id":"https:\/\/jennipitko.fi\/koti\/#organization"},"keywords":["joukkoliikenne","p\u00e4iv\u00e4hoito"],"articleSection":["Blogi"],"inLanguage":"fi","potentialAction":[{"@type":"CommentAction","name":"Comment","target":["https:\/\/jennipitko.fi\/koti\/joukkoliikennetta-ja-avointa-paivahoitoa-kaupunginhallituksessa\/#respond"]}]},{"@type":"WebPage","@id":"https:\/\/jennipitko.fi\/koti\/joukkoliikennetta-ja-avointa-paivahoitoa-kaupunginhallituksessa\/","url":"https:\/\/jennipitko.fi\/koti\/joukkoliikennetta-ja-avointa-paivahoitoa-kaupunginhallituksessa\/","name":"Joukkoliikennett\u00e4 ja avointa p\u00e4iv\u00e4hoitoa kaupunginhallituksessa - Jenni Pitko - Vihreiden varapuheenjohtaja, ymp\u00e4rist\u00f6valiokunnan puheenjohtaja, kansanedustaja ja arkkitehti Oulusta","isPartOf":{"@id":"https:\/\/jennipitko.fi\/koti\/#website"},"datePublished":"2013-04-08T15:42:26+00:00","dateModified":"2014-12-30T15:13:59+00:00","breadcrumb":{"@id":"https:\/\/jennipitko.fi\/koti\/joukkoliikennetta-ja-avointa-paivahoitoa-kaupunginhallituksessa\/#breadcrumb"},"inLanguage":"fi","potentialAction":[{"@type":"ReadAction","target":["https:\/\/jennipitko.fi\/koti\/joukkoliikennetta-ja-avointa-paivahoitoa-kaupunginhallituksessa\/"]}]},{"@type":"BreadcrumbList","@id":"https:\/\/jennipitko.fi\/koti\/joukkoliikennetta-ja-avointa-paivahoitoa-kaupunginhallituksessa\/#breadcrumb","itemListElement":[{"@type":"ListItem","position":1,"name":"Home","item":"https:\/\/jennipitko.fi\/koti\/"},{"@type":"ListItem","position":2,"name":"Joukkoliikennett\u00e4 ja avointa p\u00e4iv\u00e4hoitoa kaupunginhallituksessa"}]},{"@type":"WebSite","@id":"https:\/\/jennipitko.fi\/koti\/#website","url":"https:\/\/jennipitko.fi\/koti\/","name":"Jenni Pitko - Vihreiden varapuheenjohtaja, ymp\u00e4rist\u00f6valiokunnan puheenjohtaja, kansanedustaja ja arkkitehti Oulusta","description":"Jenni Pitko - Vihreiden varapuheenjohtaja, ymp\u00e4rist\u00f6valiokunnan puheenjohtaja, kansanedustaja ja arkkitehti Oulusta","publisher":{"@id":"https:\/\/jennipitko.fi\/koti\/#organization"},"potentialAction":[{"@type":"SearchAction","target":{"@type":"EntryPoint","urlTemplate":"https:\/\/jennipitko.fi\/koti\/?s={search_term_string}"},"query-input":{"@type":"PropertyValueSpecification","valueRequired":true,"valueName":"search_term_string"}}],"inLanguage":"fi"},{"@type":"Organization","@id":"https:\/\/jennipitko.fi\/koti\/#organization","name":"Jenni Pitko - Vihreiden varapuheenjohtaja, ymp\u00e4rist\u00f6valiokunnan puheenjohtaja, kansanedustaja ja arkkitehti Oulusta","url":"https:\/\/jennipitko.fi\/koti\/","logo":{"@type":"ImageObject","inLanguage":"fi","@id":"https:\/\/jennipitko.fi\/koti\/#\/schema\/logo\/image\/","url":"https:\/\/jennipitko.fi\/koti\/wp-content\/uploads\/2025\/09\/Nimeton-malli-38.png","contentUrl":"https:\/\/jennipitko.fi\/koti\/wp-content\/uploads\/2025\/09\/Nimeton-malli-38.png","width":1280,"height":847,"caption":"Jenni Pitko - Vihreiden varapuheenjohtaja, ymp\u00e4rist\u00f6valiokunnan puheenjohtaja, kansanedustaja ja arkkitehti Oulusta"},"image":{"@id":"https:\/\/jennipitko.fi\/koti\/#\/schema\/logo\/image\/"}},{"@type":"Person","@id":"https:\/\/jennipitko.fi\/koti\/#\/schema\/person\/3f242bfe958144234373266ea416e4d6","name":"Jenni","image":{"@type":"ImageObject","inLanguage":"fi","@id":"https:\/\/secure.gravatar.com\/avatar\/469343e1290c3e818159b4a4348708c09929f07a2f460e664497d6fb92f80743?s=96&d=blank&r=g","url":"https:\/\/secure.gravatar.com\/avatar\/469343e1290c3e818159b4a4348708c09929f07a2f460e664497d6fb92f80743?s=96&d=blank&r=g","contentUrl":"https:\/\/secure.gravatar.com\/avatar\/469343e1290c3e818159b4a4348708c09929f07a2f460e664497d6fb92f80743?s=96&d=blank&r=g","caption":"Jenni"},"url":"https:\/\/jennipitko.fi\/koti\/author\/jenni-pitko\/"}]}},"_links":{"self":[{"href":"https:\/\/jennipitko.fi\/koti\/wp-json\/wp\/v2\/posts\/612","targetHints":{"allow":["GET"]}}],"collection":[{"href":"https:\/\/jennipitko.fi\/koti\/wp-json\/wp\/v2\/posts"}],"about":[{"href":"https:\/\/jennipitko.fi\/koti\/wp-json\/wp\/v2\/types\/post"}],"author":[{"embeddable":true,"href":"https:\/\/jennipitko.fi\/koti\/wp-json\/wp\/v2\/users\/2"}],"replies":[{"embeddable":true,"href":"https:\/\/jennipitko.fi\/koti\/wp-json\/wp\/v2\/comments?post=612"}],"version-history":[{"count":1,"href":"https:\/\/jennipitko.fi\/koti\/wp-json\/wp\/v2\/posts\/612\/revisions"}],"predecessor-version":[{"id":793,"href":"https:\/\/jennipitko.fi\/koti\/wp-json\/wp\/v2\/posts\/612\/revisions\/793"}],"wp:attachment":[{"href":"https:\/\/jennipitko.fi\/koti\/wp-json\/wp\/v2\/media?parent=612"}],"wp:term":[{"taxonomy":"category","embeddable":true,"href":"https:\/\/jennipitko.fi\/koti\/wp-json\/wp\/v2\/categories?post=612"},{"taxonomy":"post_tag","embeddable":true,"href":"https:\/\/jennipitko.fi\/koti\/wp-json\/wp\/v2\/tags?post=612"}],"curies":[{"name":"wp","href":"https:\/\/api.w.org\/{rel}","templated":true}]}}