{"id":656,"date":"2013-05-27T18:57:56","date_gmt":"2013-05-27T16:57:56","guid":{"rendered":"http:\/\/henkilot.vihreat.fi\/jenni.pitko\/?p=656"},"modified":"2014-12-30T15:14:35","modified_gmt":"2014-12-30T15:14:35","slug":"palveluverkkoa-tiivistamalla-mahdollistetaan-lahipalvelut","status":"publish","type":"post","link":"https:\/\/jennipitko.fi\/koti\/palveluverkkoa-tiivistamalla-mahdollistetaan-lahipalvelut\/","title":{"rendered":"Yhdyskuntarakennetta tiivist\u00e4m\u00e4ll\u00e4 mahdollistetaan l\u00e4hipalvelut"},"content":{"rendered":"<p>Puheenvuoroni valtuuston kokouksessa 27.5. Kohdassa palvelumalli2020<\/p>\n<p>Haluaisin nostaa t\u00e4ss\u00e4 palvelumallin yhteydess\u00e4 esille asian mik\u00e4 on hyvin ajankohtainen liittyen palveluverkon rakenteeseen tulevaisuudessa. Moni on puhunut valmiiden alueiden t\u00e4ydent\u00e4misrakentamisesta, mielest\u00e4ni se on aivan \u00e4\u00e4rimm\u00e4isen t\u00e4rke\u00e4 kaupungin elinvoimaa ja tulevaisuutta ajatellen.<\/p>\n<p>Kovasti kaikki t\u00e4ss\u00e4 salissa toivovat l\u00e4hipalveluita, mutta todellisuudessa niit\u00e4 voidaan saavuttaa vain tiiviiss\u00e4 kaupunkirakenteessa.<\/p>\n<p>tavoite kansan liikuttamisesta sairauksien enneltaehk\u00e4isevyyden nimiss\u00e4 toteutuisi helpommin, jos palvelut ja ty\u00f6paikat sijaitsisivat k\u00e4vely- ja py\u00f6r\u00e4ilyet\u00e4isyydell\u00e4. Eli ett\u00e4 palvelun ymp\u00e4rill\u00e4 olisi tihe\u00e4mmin asukkaita. My\u00f6s l\u00e4hiliikuntapaikkojen l\u00e4hell\u00e4 olisi k\u00e4ytt\u00e4ji\u00e4, niin ettei l\u00e4hiliikkumaan tarvitsisi l\u00e4ht\u00e4 autolla.<\/p>\n<p>Tiivist\u00e4m\u00e4ll\u00e4 yhdyskuntarakennetta saamme palvelumallin lis\u00e4ksi lis\u00e4\u00e4 s\u00e4\u00e4st\u00f6j\u00e4. V\u00e4hemm\u00e4n teit\u00e4 ja yhdyskuntainfraa rakennettavaksi ja huolletavaksi. Teiden korjausvelkaa on kuulemani mukaan jopa enemm\u00e4n kuin rakennusten. Emme joutuisi kohtaamaan samanlaisia kouluongelmia kuin juuri nyt valitettavasti kohtaamme.<\/p>\n<p>Ja kun markkinahintaisia luovutettujen tonttien hintoja katsoo n\u00e4ytt\u00e4\u00e4 kysynt\u00e4 todellakin olevan tiiviill\u00e4 alueilla.<\/p>\n<p>Muistakaakaamme t\u00e4m\u00e4 kun suunnittelemme Oulun maapolitiikkaa, yleiskaavaa ja aina kun luovutamme yksitt\u00e4isi\u00e4kin tontteja!<\/p>\n","protected":false},"excerpt":{"rendered":"<p>Puheenvuoroni valtuuston kokouksessa 27.5. Kohdassa palvelumalli2020 Haluaisin nostaa t\u00e4ss\u00e4 palvelumallin yhteydess\u00e4 esille asian mik\u00e4 on hyvin ajankohtainen liittyen palveluverkon rakenteeseen [&hellip;]<\/p>\n","protected":false},"author":2,"featured_media":0,"comment_status":"open","ping_status":"open","sticky":false,"template":"","format":"standard","meta":{"_monsterinsights_skip_tracking":false,"_monsterinsights_sitenote_active":false,"_monsterinsights_sitenote_note":"","_monsterinsights_sitenote_category":0,"site-sidebar-layout":"default","site-content-layout":"","ast-site-content-layout":"default","site-content-style":"default","site-sidebar-style":"default","ast-global-header-display":"","ast-banner-title-visibility":"","ast-main-header-display":"","ast-hfb-above-header-display":"","ast-hfb-below-header-display":"","ast-hfb-mobile-header-display":"","site-post-title":"","ast-breadcrumbs-content":"","ast-featured-img":"","footer-sml-layout":"","ast-disable-related-posts":"","theme-transparent-header-meta":"","adv-header-id-meta":"","stick-header-meta":"","header-above-stick-meta":"","header-main-stick-meta":"","header-below-stick-meta":"","astra-migrate-meta-layouts":"default","ast-page-background-enabled":"default","ast-page-background-meta":{"desktop":{"background-color":"var(--ast-global-color-5)","background-image":"","background-repeat":"repeat","background-position":"center center","background-size":"auto","background-attachment":"scroll","background-type":"","background-media":"","overlay-type":"","overlay-color":"","overlay-opacity":"","overlay-gradient":""},"tablet":{"background-color":"","background-image":"","background-repeat":"repeat","background-position":"center center","background-size":"auto","background-attachment":"scroll","background-type":"","background-media":"","overlay-type":"","overlay-color":"","overlay-opacity":"","overlay-gradient":""},"mobile":{"background-color":"","background-image":"","background-repeat":"repeat","background-position":"center center","background-size":"auto","background-attachment":"scroll","background-type":"","background-media":"","overlay-type":"","overlay-color":"","overlay-opacity":"","overlay-gradient":""}},"ast-content-background-meta":{"desktop":{"background-color":"var(--ast-global-color-4)","background-image":"","background-repeat":"repeat","background-position":"center center","background-size":"auto","background-attachment":"scroll","background-type":"","background-media":"","overlay-type":"","overlay-color":"","overlay-opacity":"","overlay-gradient":""},"tablet":{"background-color":"var(--ast-global-color-4)","background-image":"","background-repeat":"repeat","background-position":"center center","background-size":"auto","background-attachment":"scroll","background-type":"","background-media":"","overlay-type":"","overlay-color":"","overlay-opacity":"","overlay-gradient":""},"mobile":{"background-color":"var(--ast-global-color-4)","background-image":"","background-repeat":"repeat","background-position":"center center","background-size":"auto","background-attachment":"scroll","background-type":"","background-media":"","overlay-type":"","overlay-color":"","overlay-opacity":"","overlay-gradient":""}},"footnotes":""},"categories":[126],"tags":[5,78,34,36,79,80],"class_list":["post-656","post","type-post","status-publish","format-standard","hentry","category-puheeni-valtuustossa","tag-asuminen","tag-lahiliikunta","tag-lahipalvelut","tag-palvelut","tag-taydennysrakennus","tag-yhdyskuntarakenne"],"yoast_head":"<!-- This site is optimized with the Yoast SEO plugin v27.5 - https:\/\/yoast.com\/product\/yoast-seo-wordpress\/ -->\n<title>Yhdyskuntarakennetta tiivist\u00e4m\u00e4ll\u00e4 mahdollistetaan l\u00e4hipalvelut - Jenni Pitko - Vihreiden varapuheenjohtaja, ymp\u00e4rist\u00f6valiokunnan puheenjohtaja, kansanedustaja ja arkkitehti Oulusta<\/title>\n<meta name=\"robots\" content=\"index, follow, max-snippet:-1, max-image-preview:large, max-video-preview:-1\" \/>\n<link rel=\"canonical\" href=\"https:\/\/jennipitko.fi\/koti\/palveluverkkoa-tiivistamalla-mahdollistetaan-lahipalvelut\/\" \/>\n<meta property=\"og:locale\" content=\"fi_FI\" \/>\n<meta property=\"og:type\" content=\"article\" \/>\n<meta property=\"og:title\" content=\"Yhdyskuntarakennetta tiivist\u00e4m\u00e4ll\u00e4 mahdollistetaan l\u00e4hipalvelut - Jenni Pitko - Vihreiden varapuheenjohtaja, ymp\u00e4rist\u00f6valiokunnan puheenjohtaja, kansanedustaja ja arkkitehti Oulusta\" \/>\n<meta property=\"og:description\" content=\"Puheenvuoroni valtuuston kokouksessa 27.5. Kohdassa palvelumalli2020 Haluaisin nostaa t\u00e4ss\u00e4 palvelumallin yhteydess\u00e4 esille asian mik\u00e4 on hyvin ajankohtainen liittyen palveluverkon rakenteeseen [&hellip;]\" \/>\n<meta property=\"og:url\" content=\"https:\/\/jennipitko.fi\/koti\/palveluverkkoa-tiivistamalla-mahdollistetaan-lahipalvelut\/\" \/>\n<meta property=\"og:site_name\" content=\"Jenni Pitko - Vihreiden varapuheenjohtaja, ymp\u00e4rist\u00f6valiokunnan puheenjohtaja, kansanedustaja ja arkkitehti Oulusta\" \/>\n<meta property=\"article:published_time\" content=\"2013-05-27T16:57:56+00:00\" \/>\n<meta property=\"article:modified_time\" content=\"2014-12-30T15:14:35+00:00\" \/>\n<meta name=\"author\" content=\"Jenni\" \/>\n<meta name=\"twitter:card\" content=\"summary_large_image\" \/>\n<meta name=\"twitter:label1\" content=\"Kirjoittanut\" \/>\n\t<meta name=\"twitter:data1\" content=\"Jenni\" \/>\n\t<meta name=\"twitter:label2\" content=\"Arvioitu lukuaika\" \/>\n\t<meta name=\"twitter:data2\" content=\"1 minuutti\" \/>\n<script type=\"application\/ld+json\" class=\"yoast-schema-graph\">{\"@context\":\"https:\\\/\\\/schema.org\",\"@graph\":[{\"@type\":\"Article\",\"@id\":\"https:\\\/\\\/jennipitko.fi\\\/koti\\\/palveluverkkoa-tiivistamalla-mahdollistetaan-lahipalvelut\\\/#article\",\"isPartOf\":{\"@id\":\"https:\\\/\\\/jennipitko.fi\\\/koti\\\/palveluverkkoa-tiivistamalla-mahdollistetaan-lahipalvelut\\\/\"},\"author\":{\"name\":\"Jenni\",\"@id\":\"https:\\\/\\\/jennipitko.fi\\\/koti\\\/#\\\/schema\\\/person\\\/3f242bfe958144234373266ea416e4d6\"},\"headline\":\"Yhdyskuntarakennetta tiivist\u00e4m\u00e4ll\u00e4 mahdollistetaan l\u00e4hipalvelut\",\"datePublished\":\"2013-05-27T16:57:56+00:00\",\"dateModified\":\"2014-12-30T15:14:35+00:00\",\"mainEntityOfPage\":{\"@id\":\"https:\\\/\\\/jennipitko.fi\\\/koti\\\/palveluverkkoa-tiivistamalla-mahdollistetaan-lahipalvelut\\\/\"},\"wordCount\":186,\"commentCount\":0,\"publisher\":{\"@id\":\"https:\\\/\\\/jennipitko.fi\\\/koti\\\/#organization\"},\"keywords\":[\"asuminen\",\"l\u00e4hiliikunta\",\"l\u00e4hipalvelut\",\"palvelut\",\"t\u00e4ydennysrakennus\",\"Yhdyskuntarakenne\"],\"articleSection\":[\"Puheeni valtuustossa\"],\"inLanguage\":\"fi\",\"potentialAction\":[{\"@type\":\"CommentAction\",\"name\":\"Comment\",\"target\":[\"https:\\\/\\\/jennipitko.fi\\\/koti\\\/palveluverkkoa-tiivistamalla-mahdollistetaan-lahipalvelut\\\/#respond\"]}]},{\"@type\":\"WebPage\",\"@id\":\"https:\\\/\\\/jennipitko.fi\\\/koti\\\/palveluverkkoa-tiivistamalla-mahdollistetaan-lahipalvelut\\\/\",\"url\":\"https:\\\/\\\/jennipitko.fi\\\/koti\\\/palveluverkkoa-tiivistamalla-mahdollistetaan-lahipalvelut\\\/\",\"name\":\"Yhdyskuntarakennetta tiivist\u00e4m\u00e4ll\u00e4 mahdollistetaan l\u00e4hipalvelut - Jenni Pitko - Vihreiden varapuheenjohtaja, ymp\u00e4rist\u00f6valiokunnan puheenjohtaja, kansanedustaja ja arkkitehti Oulusta\",\"isPartOf\":{\"@id\":\"https:\\\/\\\/jennipitko.fi\\\/koti\\\/#website\"},\"datePublished\":\"2013-05-27T16:57:56+00:00\",\"dateModified\":\"2014-12-30T15:14:35+00:00\",\"breadcrumb\":{\"@id\":\"https:\\\/\\\/jennipitko.fi\\\/koti\\\/palveluverkkoa-tiivistamalla-mahdollistetaan-lahipalvelut\\\/#breadcrumb\"},\"inLanguage\":\"fi\",\"potentialAction\":[{\"@type\":\"ReadAction\",\"target\":[\"https:\\\/\\\/jennipitko.fi\\\/koti\\\/palveluverkkoa-tiivistamalla-mahdollistetaan-lahipalvelut\\\/\"]}]},{\"@type\":\"BreadcrumbList\",\"@id\":\"https:\\\/\\\/jennipitko.fi\\\/koti\\\/palveluverkkoa-tiivistamalla-mahdollistetaan-lahipalvelut\\\/#breadcrumb\",\"itemListElement\":[{\"@type\":\"ListItem\",\"position\":1,\"name\":\"Home\",\"item\":\"https:\\\/\\\/jennipitko.fi\\\/koti\\\/\"},{\"@type\":\"ListItem\",\"position\":2,\"name\":\"Yhdyskuntarakennetta tiivist\u00e4m\u00e4ll\u00e4 mahdollistetaan l\u00e4hipalvelut\"}]},{\"@type\":\"WebSite\",\"@id\":\"https:\\\/\\\/jennipitko.fi\\\/koti\\\/#website\",\"url\":\"https:\\\/\\\/jennipitko.fi\\\/koti\\\/\",\"name\":\"Jenni Pitko - Vihreiden varapuheenjohtaja, ymp\u00e4rist\u00f6valiokunnan puheenjohtaja, kansanedustaja ja arkkitehti Oulusta\",\"description\":\"Jenni Pitko - Vihreiden varapuheenjohtaja, ymp\u00e4rist\u00f6valiokunnan puheenjohtaja, kansanedustaja ja arkkitehti Oulusta\",\"publisher\":{\"@id\":\"https:\\\/\\\/jennipitko.fi\\\/koti\\\/#organization\"},\"potentialAction\":[{\"@type\":\"SearchAction\",\"target\":{\"@type\":\"EntryPoint\",\"urlTemplate\":\"https:\\\/\\\/jennipitko.fi\\\/koti\\\/?s={search_term_string}\"},\"query-input\":{\"@type\":\"PropertyValueSpecification\",\"valueRequired\":true,\"valueName\":\"search_term_string\"}}],\"inLanguage\":\"fi\"},{\"@type\":\"Organization\",\"@id\":\"https:\\\/\\\/jennipitko.fi\\\/koti\\\/#organization\",\"name\":\"Jenni Pitko - Vihreiden varapuheenjohtaja, ymp\u00e4rist\u00f6valiokunnan puheenjohtaja, kansanedustaja ja arkkitehti Oulusta\",\"url\":\"https:\\\/\\\/jennipitko.fi\\\/koti\\\/\",\"logo\":{\"@type\":\"ImageObject\",\"inLanguage\":\"fi\",\"@id\":\"https:\\\/\\\/jennipitko.fi\\\/koti\\\/#\\\/schema\\\/logo\\\/image\\\/\",\"url\":\"https:\\\/\\\/jennipitko.fi\\\/koti\\\/wp-content\\\/uploads\\\/2025\\\/09\\\/Nimeton-malli-38.png\",\"contentUrl\":\"https:\\\/\\\/jennipitko.fi\\\/koti\\\/wp-content\\\/uploads\\\/2025\\\/09\\\/Nimeton-malli-38.png\",\"width\":1280,\"height\":847,\"caption\":\"Jenni Pitko - Vihreiden varapuheenjohtaja, ymp\u00e4rist\u00f6valiokunnan puheenjohtaja, kansanedustaja ja arkkitehti Oulusta\"},\"image\":{\"@id\":\"https:\\\/\\\/jennipitko.fi\\\/koti\\\/#\\\/schema\\\/logo\\\/image\\\/\"}},{\"@type\":\"Person\",\"@id\":\"https:\\\/\\\/jennipitko.fi\\\/koti\\\/#\\\/schema\\\/person\\\/3f242bfe958144234373266ea416e4d6\",\"name\":\"Jenni\",\"image\":{\"@type\":\"ImageObject\",\"inLanguage\":\"fi\",\"@id\":\"https:\\\/\\\/secure.gravatar.com\\\/avatar\\\/469343e1290c3e818159b4a4348708c09929f07a2f460e664497d6fb92f80743?s=96&d=blank&r=g\",\"url\":\"https:\\\/\\\/secure.gravatar.com\\\/avatar\\\/469343e1290c3e818159b4a4348708c09929f07a2f460e664497d6fb92f80743?s=96&d=blank&r=g\",\"contentUrl\":\"https:\\\/\\\/secure.gravatar.com\\\/avatar\\\/469343e1290c3e818159b4a4348708c09929f07a2f460e664497d6fb92f80743?s=96&d=blank&r=g\",\"caption\":\"Jenni\"},\"url\":\"https:\\\/\\\/jennipitko.fi\\\/koti\\\/author\\\/jenni-pitko\\\/\"}]}<\/script>\n<!-- \/ Yoast SEO plugin. -->","yoast_head_json":{"title":"Yhdyskuntarakennetta tiivist\u00e4m\u00e4ll\u00e4 mahdollistetaan l\u00e4hipalvelut - Jenni Pitko - Vihreiden varapuheenjohtaja, ymp\u00e4rist\u00f6valiokunnan puheenjohtaja, kansanedustaja ja arkkitehti Oulusta","robots":{"index":"index","follow":"follow","max-snippet":"max-snippet:-1","max-image-preview":"max-image-preview:large","max-video-preview":"max-video-preview:-1"},"canonical":"https:\/\/jennipitko.fi\/koti\/palveluverkkoa-tiivistamalla-mahdollistetaan-lahipalvelut\/","og_locale":"fi_FI","og_type":"article","og_title":"Yhdyskuntarakennetta tiivist\u00e4m\u00e4ll\u00e4 mahdollistetaan l\u00e4hipalvelut - Jenni Pitko - Vihreiden varapuheenjohtaja, ymp\u00e4rist\u00f6valiokunnan puheenjohtaja, kansanedustaja ja arkkitehti Oulusta","og_description":"Puheenvuoroni valtuuston kokouksessa 27.5. Kohdassa palvelumalli2020 Haluaisin nostaa t\u00e4ss\u00e4 palvelumallin yhteydess\u00e4 esille asian mik\u00e4 on hyvin ajankohtainen liittyen palveluverkon rakenteeseen [&hellip;]","og_url":"https:\/\/jennipitko.fi\/koti\/palveluverkkoa-tiivistamalla-mahdollistetaan-lahipalvelut\/","og_site_name":"Jenni Pitko - Vihreiden varapuheenjohtaja, ymp\u00e4rist\u00f6valiokunnan puheenjohtaja, kansanedustaja ja arkkitehti Oulusta","article_published_time":"2013-05-27T16:57:56+00:00","article_modified_time":"2014-12-30T15:14:35+00:00","author":"Jenni","twitter_card":"summary_large_image","twitter_misc":{"Kirjoittanut":"Jenni","Arvioitu lukuaika":"1 minuutti"},"schema":{"@context":"https:\/\/schema.org","@graph":[{"@type":"Article","@id":"https:\/\/jennipitko.fi\/koti\/palveluverkkoa-tiivistamalla-mahdollistetaan-lahipalvelut\/#article","isPartOf":{"@id":"https:\/\/jennipitko.fi\/koti\/palveluverkkoa-tiivistamalla-mahdollistetaan-lahipalvelut\/"},"author":{"name":"Jenni","@id":"https:\/\/jennipitko.fi\/koti\/#\/schema\/person\/3f242bfe958144234373266ea416e4d6"},"headline":"Yhdyskuntarakennetta tiivist\u00e4m\u00e4ll\u00e4 mahdollistetaan l\u00e4hipalvelut","datePublished":"2013-05-27T16:57:56+00:00","dateModified":"2014-12-30T15:14:35+00:00","mainEntityOfPage":{"@id":"https:\/\/jennipitko.fi\/koti\/palveluverkkoa-tiivistamalla-mahdollistetaan-lahipalvelut\/"},"wordCount":186,"commentCount":0,"publisher":{"@id":"https:\/\/jennipitko.fi\/koti\/#organization"},"keywords":["asuminen","l\u00e4hiliikunta","l\u00e4hipalvelut","palvelut","t\u00e4ydennysrakennus","Yhdyskuntarakenne"],"articleSection":["Puheeni valtuustossa"],"inLanguage":"fi","potentialAction":[{"@type":"CommentAction","name":"Comment","target":["https:\/\/jennipitko.fi\/koti\/palveluverkkoa-tiivistamalla-mahdollistetaan-lahipalvelut\/#respond"]}]},{"@type":"WebPage","@id":"https:\/\/jennipitko.fi\/koti\/palveluverkkoa-tiivistamalla-mahdollistetaan-lahipalvelut\/","url":"https:\/\/jennipitko.fi\/koti\/palveluverkkoa-tiivistamalla-mahdollistetaan-lahipalvelut\/","name":"Yhdyskuntarakennetta tiivist\u00e4m\u00e4ll\u00e4 mahdollistetaan l\u00e4hipalvelut - Jenni Pitko - Vihreiden varapuheenjohtaja, ymp\u00e4rist\u00f6valiokunnan puheenjohtaja, kansanedustaja ja arkkitehti Oulusta","isPartOf":{"@id":"https:\/\/jennipitko.fi\/koti\/#website"},"datePublished":"2013-05-27T16:57:56+00:00","dateModified":"2014-12-30T15:14:35+00:00","breadcrumb":{"@id":"https:\/\/jennipitko.fi\/koti\/palveluverkkoa-tiivistamalla-mahdollistetaan-lahipalvelut\/#breadcrumb"},"inLanguage":"fi","potentialAction":[{"@type":"ReadAction","target":["https:\/\/jennipitko.fi\/koti\/palveluverkkoa-tiivistamalla-mahdollistetaan-lahipalvelut\/"]}]},{"@type":"BreadcrumbList","@id":"https:\/\/jennipitko.fi\/koti\/palveluverkkoa-tiivistamalla-mahdollistetaan-lahipalvelut\/#breadcrumb","itemListElement":[{"@type":"ListItem","position":1,"name":"Home","item":"https:\/\/jennipitko.fi\/koti\/"},{"@type":"ListItem","position":2,"name":"Yhdyskuntarakennetta tiivist\u00e4m\u00e4ll\u00e4 mahdollistetaan l\u00e4hipalvelut"}]},{"@type":"WebSite","@id":"https:\/\/jennipitko.fi\/koti\/#website","url":"https:\/\/jennipitko.fi\/koti\/","name":"Jenni Pitko - Vihreiden varapuheenjohtaja, ymp\u00e4rist\u00f6valiokunnan puheenjohtaja, kansanedustaja ja arkkitehti Oulusta","description":"Jenni Pitko - Vihreiden varapuheenjohtaja, ymp\u00e4rist\u00f6valiokunnan puheenjohtaja, kansanedustaja ja arkkitehti Oulusta","publisher":{"@id":"https:\/\/jennipitko.fi\/koti\/#organization"},"potentialAction":[{"@type":"SearchAction","target":{"@type":"EntryPoint","urlTemplate":"https:\/\/jennipitko.fi\/koti\/?s={search_term_string}"},"query-input":{"@type":"PropertyValueSpecification","valueRequired":true,"valueName":"search_term_string"}}],"inLanguage":"fi"},{"@type":"Organization","@id":"https:\/\/jennipitko.fi\/koti\/#organization","name":"Jenni Pitko - Vihreiden varapuheenjohtaja, ymp\u00e4rist\u00f6valiokunnan puheenjohtaja, kansanedustaja ja arkkitehti Oulusta","url":"https:\/\/jennipitko.fi\/koti\/","logo":{"@type":"ImageObject","inLanguage":"fi","@id":"https:\/\/jennipitko.fi\/koti\/#\/schema\/logo\/image\/","url":"https:\/\/jennipitko.fi\/koti\/wp-content\/uploads\/2025\/09\/Nimeton-malli-38.png","contentUrl":"https:\/\/jennipitko.fi\/koti\/wp-content\/uploads\/2025\/09\/Nimeton-malli-38.png","width":1280,"height":847,"caption":"Jenni Pitko - Vihreiden varapuheenjohtaja, ymp\u00e4rist\u00f6valiokunnan puheenjohtaja, kansanedustaja ja arkkitehti Oulusta"},"image":{"@id":"https:\/\/jennipitko.fi\/koti\/#\/schema\/logo\/image\/"}},{"@type":"Person","@id":"https:\/\/jennipitko.fi\/koti\/#\/schema\/person\/3f242bfe958144234373266ea416e4d6","name":"Jenni","image":{"@type":"ImageObject","inLanguage":"fi","@id":"https:\/\/secure.gravatar.com\/avatar\/469343e1290c3e818159b4a4348708c09929f07a2f460e664497d6fb92f80743?s=96&d=blank&r=g","url":"https:\/\/secure.gravatar.com\/avatar\/469343e1290c3e818159b4a4348708c09929f07a2f460e664497d6fb92f80743?s=96&d=blank&r=g","contentUrl":"https:\/\/secure.gravatar.com\/avatar\/469343e1290c3e818159b4a4348708c09929f07a2f460e664497d6fb92f80743?s=96&d=blank&r=g","caption":"Jenni"},"url":"https:\/\/jennipitko.fi\/koti\/author\/jenni-pitko\/"}]}},"_links":{"self":[{"href":"https:\/\/jennipitko.fi\/koti\/wp-json\/wp\/v2\/posts\/656","targetHints":{"allow":["GET"]}}],"collection":[{"href":"https:\/\/jennipitko.fi\/koti\/wp-json\/wp\/v2\/posts"}],"about":[{"href":"https:\/\/jennipitko.fi\/koti\/wp-json\/wp\/v2\/types\/post"}],"author":[{"embeddable":true,"href":"https:\/\/jennipitko.fi\/koti\/wp-json\/wp\/v2\/users\/2"}],"replies":[{"embeddable":true,"href":"https:\/\/jennipitko.fi\/koti\/wp-json\/wp\/v2\/comments?post=656"}],"version-history":[{"count":1,"href":"https:\/\/jennipitko.fi\/koti\/wp-json\/wp\/v2\/posts\/656\/revisions"}],"predecessor-version":[{"id":794,"href":"https:\/\/jennipitko.fi\/koti\/wp-json\/wp\/v2\/posts\/656\/revisions\/794"}],"wp:attachment":[{"href":"https:\/\/jennipitko.fi\/koti\/wp-json\/wp\/v2\/media?parent=656"}],"wp:term":[{"taxonomy":"category","embeddable":true,"href":"https:\/\/jennipitko.fi\/koti\/wp-json\/wp\/v2\/categories?post=656"},{"taxonomy":"post_tag","embeddable":true,"href":"https:\/\/jennipitko.fi\/koti\/wp-json\/wp\/v2\/tags?post=656"}],"curies":[{"name":"wp","href":"https:\/\/api.w.org\/{rel}","templated":true}]}}