{"id":660,"date":"2013-06-20T15:08:27","date_gmt":"2013-06-20T13:08:27","guid":{"rendered":"http:\/\/henkilot.vihreat.fi\/jenni.pitko\/?p=660"},"modified":"2014-12-30T15:16:16","modified_gmt":"2014-12-30T15:16:16","slug":"pieni-kevaan-yhteenveto-ja-kesantoivotukset","status":"publish","type":"post","link":"https:\/\/jennipitko.fi\/koti\/pieni-kevaan-yhteenveto-ja-kesantoivotukset\/","title":{"rendered":"Pieni kev\u00e4\u00e4n yhteenveto ja kes\u00e4ntoivotukset!"},"content":{"rendered":"<p>Eilen kotiuduttiin kaupungin delegaation kanssa Ven\u00e4j\u00e4n Arkangelissa pidetyst\u00e4 arktisesta foorumista ja nyt voi virallisesti alkaa loma luottamusteht\u00e4vist\u00e4! Kev\u00e4t on ollut ihmeellist\u00e4 aikaa, mielett\u00f6m\u00e4sti uutta ja paljon haasteita, uuden oppimista sek\u00e4 valtuustossa, kaupunginhallituksessa ett\u00e4 uudessa ty\u00f6paikassa yliopistolla.<\/p>\n<p>Vaikka kev\u00e4t ei ole ollut ajank\u00e4yt\u00f6llisesti eik\u00e4 asiapitoisesti lainkaan helppo ja valtuuston ja hallituksen p\u00e4\u00e4t\u00f6kset ovat olleet pitk\u00e4lti luopumista ja supistamista, niin olen silti tyytyv\u00e4inen moneen asiaan. Vihreiden ajama joukkoliikenteen palvelutason parannusp\u00e4\u00e4t\u00f6s tehtiin joukkoliikennejaostossa monen mutkan j\u00e4lkeen ja voimme odottaa sit\u00e4 kautta kaupungin p\u00e4\u00e4st\u00f6jen pienenev\u00e4n, ja pienituloisten ja opiskelijoiden aseman paranevan ensi vuodesta l\u00e4htien.<!--more--><\/p>\n<p>Palvelumalli oli kaikille puolueille vaikea paikka, kukaan ei s\u00e4\u00e4stynyt kompromisseilta, mutta oululainen konsensus n\u00e4ytti voimansa ja saimme yhdess\u00e4 kaikkien puolueiden kanssa muotoiltua Palvelumallin vuodelle 2020. Palvelumallissa terveyskeskusten m\u00e4\u00e4r\u00e4 v\u00e4henee, mutta palvelun taso toivottavasti paranee ja jonot lyhenev\u00e4t. Palveluita siirret\u00e4\u00e4n my\u00f6s s\u00e4hk\u00f6iseen muotoon, joka hy\u00f6dytt\u00e4\u00e4 varsinkin nuoria ja ty\u00f6ss\u00e4k\u00e4yvi\u00e4 sek\u00e4 v\u00e4hent\u00e4v\u00e4t tarvetta autoiluun. Joukkoliikenteen parantaminen taas parantaa ty\u00f6tt\u00f6mien, opiskelijoiden, naisten ja lasten asemaa palveluiden saavuttamisessa. My\u00f6s liikkuvat palvelut v\u00e4hent\u00e4v\u00e4t yksityisautoilua ja lis\u00e4\u00e4v\u00e4t samalla alueellista tasa-arvoa. Kirjastoverkko p\u00e4\u00e4tettiin leikkausuhasta huolimatta s\u00e4ilytt\u00e4\u00e4 nykyisell\u00e4\u00e4n, onneksi.<\/p>\n<p>Valtuustosopimuskin allekirjoitettiin kaikkien puolueiden kesken ja p\u00e4\u00e4tavoitteena on ty\u00f6llisyyden lis\u00e4\u00e4minen ja menon v\u00e4hent\u00e4minen. Tullemme kuitenkin pit\u00e4m\u00e4\u00e4n huolen siit\u00e4, ett\u00e4 ty\u00f6t\u00e4 ja tuloja ei voi lis\u00e4t\u00e4 hinnalla mill\u00e4 hyv\u00e4ll\u00e4. Esimerkiksi Hietasaaren huvipuistohanketta on perusteltu taloudellisilla vaikutuksilla. Hanke kuitenkin pilaa merkitt\u00e4v\u00e4n luontoymp\u00e4rist\u00f6n ja l\u00e4hes luonnontilaisen, virkistysk\u00e4yt\u00f6ss\u00e4 olevan saaren, sit\u00e4 ei voi sallia pelk\u00e4n rahahy\u00f6dyn nimiss\u00e4!<\/p>\n<p>Hietasaaren puolesta olemme puhuneet julkisesti hyvin aktiivisesti. Olemme vastustaneet jyrk\u00e4sti sinne kaavailtua huvipuistoa ja toivomme ett\u00e4 huvipuistolle etsit\u00e4\u00e4n paikka parempien kulkuyhteyksien ja v\u00e4hemm\u00e4n arvokkaan luonnon \u00e4\u00e4relt\u00e4.<\/p>\n<p>Maank\u00e4yt\u00f6n puolella olemme her\u00e4tt\u00e4neet keskustelua t\u00e4ydennysrakentamisesta, sen m\u00e4\u00e4r\u00e4st\u00e4 ja laadusta. Alueita tiivist\u00e4m\u00e4ll\u00e4 luomme l\u00e4hipalveluita ja kannustamme kevyen liikenteen k\u00e4ytt\u00f6\u00f6n. H\u00f6yhty\u00e4lle pientalojen keskelle suunniteltu ymp\u00e4rist\u00f6n laatua heikent\u00e4v\u00e4 ylitehokkaan ja \u2013korkean kerrostalokaavan valmisteluun palautuminen osoitti, ett\u00e4 suurin osa valtuustossa haluaa t\u00e4ydennyrakentamisen olevan laadukasta ja ett\u00e4 elinymp\u00e4rist\u00f6n viihtyisyydest\u00e4 ei olla valmiita tinkim\u00e4\u00e4n. My\u00f6s py\u00f6r\u00e4ilyst\u00e4 j\u00e4tetyt aloitteet (Vihre\u00e4 ryhm\u00e4: talvipy\u00f6r\u00e4pys\u00e4k\u00f6inti ja muiden puolueiden valtuutettujen kanssa yhteinen aloite vuoden 2014 asettamista viralliseksi py\u00f6r\u00e4ilyn teemavuodeksi) on her\u00e4tt\u00e4neet keskustelua py\u00f6r\u00e4ilyn ongelmakohdista. J\u00e4timme ryhm\u00e4mme kanssa my\u00f6s aloitteen kerrostalorakentamisen monipuolistamisesta ja asuntojen joustavuuden lis\u00e4\u00e4misest\u00e4 sek\u00e4 aloitteen prosenttitaideperiaatteen laajentamisesta my\u00f6s yksityisiin rakennushankkeisiin.<\/p>\n<p>Syksyll\u00e4 odottaa uudet haasteet, ennen sit\u00e4 viet\u00e4n t\u00f6iden ohessa rauhallisen kes\u00e4n Hietasaaren viljelypalstallani viljellen ja l\u00e4hialueilla py\u00f6r\u00e4illen. Hyv\u00e4\u00e4 juhannusta ja kes\u00e4\u00e4 teille kaikille ja kiitos facebookissa, blogissa, twitteriss\u00e4 ja toreilla k\u00e4ydyist\u00e4 rakentavista keskusteluista ja haastamisista ja my\u00f6s tuestanne, kiitos!<\/p>\n","protected":false},"excerpt":{"rendered":"<p>Eilen kotiuduttiin kaupungin delegaation kanssa Ven\u00e4j\u00e4n Arkangelissa pidetyst\u00e4 arktisesta foorumista ja nyt voi virallisesti alkaa loma luottamusteht\u00e4vist\u00e4! Kev\u00e4t on ollut [&hellip;]<\/p>\n","protected":false},"author":2,"featured_media":0,"comment_status":"open","ping_status":"open","sticky":false,"template":"","format":"standard","meta":{"_monsterinsights_skip_tracking":false,"_monsterinsights_sitenote_active":false,"_monsterinsights_sitenote_note":"","_monsterinsights_sitenote_category":0,"site-sidebar-layout":"default","site-content-layout":"","ast-site-content-layout":"default","site-content-style":"default","site-sidebar-style":"default","ast-global-header-display":"","ast-banner-title-visibility":"","ast-main-header-display":"","ast-hfb-above-header-display":"","ast-hfb-below-header-display":"","ast-hfb-mobile-header-display":"","site-post-title":"","ast-breadcrumbs-content":"","ast-featured-img":"","footer-sml-layout":"","ast-disable-related-posts":"","theme-transparent-header-meta":"","adv-header-id-meta":"","stick-header-meta":"","header-above-stick-meta":"","header-main-stick-meta":"","header-below-stick-meta":"","astra-migrate-meta-layouts":"default","ast-page-background-enabled":"default","ast-page-background-meta":{"desktop":{"background-color":"var(--ast-global-color-5)","background-image":"","background-repeat":"repeat","background-position":"center center","background-size":"auto","background-attachment":"scroll","background-type":"","background-media":"","overlay-type":"","overlay-color":"","overlay-opacity":"","overlay-gradient":""},"tablet":{"background-color":"","background-image":"","background-repeat":"repeat","background-position":"center center","background-size":"auto","background-attachment":"scroll","background-type":"","background-media":"","overlay-type":"","overlay-color":"","overlay-opacity":"","overlay-gradient":""},"mobile":{"background-color":"","background-image":"","background-repeat":"repeat","background-position":"center center","background-size":"auto","background-attachment":"scroll","background-type":"","background-media":"","overlay-type":"","overlay-color":"","overlay-opacity":"","overlay-gradient":""}},"ast-content-background-meta":{"desktop":{"background-color":"var(--ast-global-color-4)","background-image":"","background-repeat":"repeat","background-position":"center center","background-size":"auto","background-attachment":"scroll","background-type":"","background-media":"","overlay-type":"","overlay-color":"","overlay-opacity":"","overlay-gradient":""},"tablet":{"background-color":"var(--ast-global-color-4)","background-image":"","background-repeat":"repeat","background-position":"center center","background-size":"auto","background-attachment":"scroll","background-type":"","background-media":"","overlay-type":"","overlay-color":"","overlay-opacity":"","overlay-gradient":""},"mobile":{"background-color":"var(--ast-global-color-4)","background-image":"","background-repeat":"repeat","background-position":"center center","background-size":"auto","background-attachment":"scroll","background-type":"","background-media":"","overlay-type":"","overlay-color":"","overlay-opacity":"","overlay-gradient":""}},"footnotes":""},"categories":[2],"tags":[],"class_list":["post-660","post","type-post","status-publish","format-standard","hentry","category-blogi"],"yoast_head":"<!-- This site is optimized with the Yoast SEO plugin v27.5 - https:\/\/yoast.com\/product\/yoast-seo-wordpress\/ -->\n<title>Pieni kev\u00e4\u00e4n yhteenveto ja kes\u00e4ntoivotukset! - Jenni Pitko - Vihreiden varapuheenjohtaja, ymp\u00e4rist\u00f6valiokunnan puheenjohtaja, kansanedustaja ja arkkitehti Oulusta<\/title>\n<meta name=\"robots\" content=\"index, follow, max-snippet:-1, max-image-preview:large, max-video-preview:-1\" \/>\n<link rel=\"canonical\" href=\"https:\/\/jennipitko.fi\/koti\/pieni-kevaan-yhteenveto-ja-kesantoivotukset\/\" \/>\n<meta property=\"og:locale\" content=\"fi_FI\" \/>\n<meta property=\"og:type\" content=\"article\" \/>\n<meta property=\"og:title\" content=\"Pieni kev\u00e4\u00e4n yhteenveto ja kes\u00e4ntoivotukset! - Jenni Pitko - Vihreiden varapuheenjohtaja, ymp\u00e4rist\u00f6valiokunnan puheenjohtaja, kansanedustaja ja arkkitehti Oulusta\" \/>\n<meta property=\"og:description\" content=\"Eilen kotiuduttiin kaupungin delegaation kanssa Ven\u00e4j\u00e4n Arkangelissa pidetyst\u00e4 arktisesta foorumista ja nyt voi virallisesti alkaa loma luottamusteht\u00e4vist\u00e4! Kev\u00e4t on ollut [&hellip;]\" \/>\n<meta property=\"og:url\" content=\"https:\/\/jennipitko.fi\/koti\/pieni-kevaan-yhteenveto-ja-kesantoivotukset\/\" \/>\n<meta property=\"og:site_name\" content=\"Jenni Pitko - Vihreiden varapuheenjohtaja, ymp\u00e4rist\u00f6valiokunnan puheenjohtaja, kansanedustaja ja arkkitehti Oulusta\" \/>\n<meta property=\"article:published_time\" content=\"2013-06-20T13:08:27+00:00\" \/>\n<meta property=\"article:modified_time\" content=\"2014-12-30T15:16:16+00:00\" \/>\n<meta name=\"author\" content=\"Jenni\" \/>\n<meta name=\"twitter:card\" content=\"summary_large_image\" \/>\n<meta name=\"twitter:label1\" content=\"Kirjoittanut\" \/>\n\t<meta name=\"twitter:data1\" content=\"Jenni\" \/>\n\t<meta name=\"twitter:label2\" content=\"Arvioitu lukuaika\" \/>\n\t<meta name=\"twitter:data2\" content=\"2 minuuttia\" \/>\n<script type=\"application\/ld+json\" class=\"yoast-schema-graph\">{\"@context\":\"https:\\\/\\\/schema.org\",\"@graph\":[{\"@type\":\"Article\",\"@id\":\"https:\\\/\\\/jennipitko.fi\\\/koti\\\/pieni-kevaan-yhteenveto-ja-kesantoivotukset\\\/#article\",\"isPartOf\":{\"@id\":\"https:\\\/\\\/jennipitko.fi\\\/koti\\\/pieni-kevaan-yhteenveto-ja-kesantoivotukset\\\/\"},\"author\":{\"name\":\"Jenni\",\"@id\":\"https:\\\/\\\/jennipitko.fi\\\/koti\\\/#\\\/schema\\\/person\\\/3f242bfe958144234373266ea416e4d6\"},\"headline\":\"Pieni kev\u00e4\u00e4n yhteenveto ja kes\u00e4ntoivotukset!\",\"datePublished\":\"2013-06-20T13:08:27+00:00\",\"dateModified\":\"2014-12-30T15:16:16+00:00\",\"mainEntityOfPage\":{\"@id\":\"https:\\\/\\\/jennipitko.fi\\\/koti\\\/pieni-kevaan-yhteenveto-ja-kesantoivotukset\\\/\"},\"wordCount\":505,\"commentCount\":0,\"publisher\":{\"@id\":\"https:\\\/\\\/jennipitko.fi\\\/koti\\\/#organization\"},\"articleSection\":[\"Blogi\"],\"inLanguage\":\"fi\",\"potentialAction\":[{\"@type\":\"CommentAction\",\"name\":\"Comment\",\"target\":[\"https:\\\/\\\/jennipitko.fi\\\/koti\\\/pieni-kevaan-yhteenveto-ja-kesantoivotukset\\\/#respond\"]}]},{\"@type\":\"WebPage\",\"@id\":\"https:\\\/\\\/jennipitko.fi\\\/koti\\\/pieni-kevaan-yhteenveto-ja-kesantoivotukset\\\/\",\"url\":\"https:\\\/\\\/jennipitko.fi\\\/koti\\\/pieni-kevaan-yhteenveto-ja-kesantoivotukset\\\/\",\"name\":\"Pieni kev\u00e4\u00e4n yhteenveto ja kes\u00e4ntoivotukset! - Jenni Pitko - Vihreiden varapuheenjohtaja, ymp\u00e4rist\u00f6valiokunnan puheenjohtaja, kansanedustaja ja arkkitehti Oulusta\",\"isPartOf\":{\"@id\":\"https:\\\/\\\/jennipitko.fi\\\/koti\\\/#website\"},\"datePublished\":\"2013-06-20T13:08:27+00:00\",\"dateModified\":\"2014-12-30T15:16:16+00:00\",\"breadcrumb\":{\"@id\":\"https:\\\/\\\/jennipitko.fi\\\/koti\\\/pieni-kevaan-yhteenveto-ja-kesantoivotukset\\\/#breadcrumb\"},\"inLanguage\":\"fi\",\"potentialAction\":[{\"@type\":\"ReadAction\",\"target\":[\"https:\\\/\\\/jennipitko.fi\\\/koti\\\/pieni-kevaan-yhteenveto-ja-kesantoivotukset\\\/\"]}]},{\"@type\":\"BreadcrumbList\",\"@id\":\"https:\\\/\\\/jennipitko.fi\\\/koti\\\/pieni-kevaan-yhteenveto-ja-kesantoivotukset\\\/#breadcrumb\",\"itemListElement\":[{\"@type\":\"ListItem\",\"position\":1,\"name\":\"Home\",\"item\":\"https:\\\/\\\/jennipitko.fi\\\/koti\\\/\"},{\"@type\":\"ListItem\",\"position\":2,\"name\":\"Pieni kev\u00e4\u00e4n yhteenveto ja kes\u00e4ntoivotukset!\"}]},{\"@type\":\"WebSite\",\"@id\":\"https:\\\/\\\/jennipitko.fi\\\/koti\\\/#website\",\"url\":\"https:\\\/\\\/jennipitko.fi\\\/koti\\\/\",\"name\":\"Jenni Pitko - Vihreiden varapuheenjohtaja, ymp\u00e4rist\u00f6valiokunnan puheenjohtaja, kansanedustaja ja arkkitehti Oulusta\",\"description\":\"Jenni Pitko - Vihreiden varapuheenjohtaja, ymp\u00e4rist\u00f6valiokunnan puheenjohtaja, kansanedustaja ja arkkitehti Oulusta\",\"publisher\":{\"@id\":\"https:\\\/\\\/jennipitko.fi\\\/koti\\\/#organization\"},\"potentialAction\":[{\"@type\":\"SearchAction\",\"target\":{\"@type\":\"EntryPoint\",\"urlTemplate\":\"https:\\\/\\\/jennipitko.fi\\\/koti\\\/?s={search_term_string}\"},\"query-input\":{\"@type\":\"PropertyValueSpecification\",\"valueRequired\":true,\"valueName\":\"search_term_string\"}}],\"inLanguage\":\"fi\"},{\"@type\":\"Organization\",\"@id\":\"https:\\\/\\\/jennipitko.fi\\\/koti\\\/#organization\",\"name\":\"Jenni Pitko - Vihreiden varapuheenjohtaja, ymp\u00e4rist\u00f6valiokunnan puheenjohtaja, kansanedustaja ja arkkitehti Oulusta\",\"url\":\"https:\\\/\\\/jennipitko.fi\\\/koti\\\/\",\"logo\":{\"@type\":\"ImageObject\",\"inLanguage\":\"fi\",\"@id\":\"https:\\\/\\\/jennipitko.fi\\\/koti\\\/#\\\/schema\\\/logo\\\/image\\\/\",\"url\":\"https:\\\/\\\/jennipitko.fi\\\/koti\\\/wp-content\\\/uploads\\\/2025\\\/09\\\/Nimeton-malli-38.png\",\"contentUrl\":\"https:\\\/\\\/jennipitko.fi\\\/koti\\\/wp-content\\\/uploads\\\/2025\\\/09\\\/Nimeton-malli-38.png\",\"width\":1280,\"height\":847,\"caption\":\"Jenni Pitko - Vihreiden varapuheenjohtaja, ymp\u00e4rist\u00f6valiokunnan puheenjohtaja, kansanedustaja ja arkkitehti Oulusta\"},\"image\":{\"@id\":\"https:\\\/\\\/jennipitko.fi\\\/koti\\\/#\\\/schema\\\/logo\\\/image\\\/\"}},{\"@type\":\"Person\",\"@id\":\"https:\\\/\\\/jennipitko.fi\\\/koti\\\/#\\\/schema\\\/person\\\/3f242bfe958144234373266ea416e4d6\",\"name\":\"Jenni\",\"image\":{\"@type\":\"ImageObject\",\"inLanguage\":\"fi\",\"@id\":\"https:\\\/\\\/secure.gravatar.com\\\/avatar\\\/469343e1290c3e818159b4a4348708c09929f07a2f460e664497d6fb92f80743?s=96&d=blank&r=g\",\"url\":\"https:\\\/\\\/secure.gravatar.com\\\/avatar\\\/469343e1290c3e818159b4a4348708c09929f07a2f460e664497d6fb92f80743?s=96&d=blank&r=g\",\"contentUrl\":\"https:\\\/\\\/secure.gravatar.com\\\/avatar\\\/469343e1290c3e818159b4a4348708c09929f07a2f460e664497d6fb92f80743?s=96&d=blank&r=g\",\"caption\":\"Jenni\"},\"url\":\"https:\\\/\\\/jennipitko.fi\\\/koti\\\/author\\\/jenni-pitko\\\/\"}]}<\/script>\n<!-- \/ Yoast SEO plugin. -->","yoast_head_json":{"title":"Pieni kev\u00e4\u00e4n yhteenveto ja kes\u00e4ntoivotukset! - Jenni Pitko - Vihreiden varapuheenjohtaja, ymp\u00e4rist\u00f6valiokunnan puheenjohtaja, kansanedustaja ja arkkitehti Oulusta","robots":{"index":"index","follow":"follow","max-snippet":"max-snippet:-1","max-image-preview":"max-image-preview:large","max-video-preview":"max-video-preview:-1"},"canonical":"https:\/\/jennipitko.fi\/koti\/pieni-kevaan-yhteenveto-ja-kesantoivotukset\/","og_locale":"fi_FI","og_type":"article","og_title":"Pieni kev\u00e4\u00e4n yhteenveto ja kes\u00e4ntoivotukset! - Jenni Pitko - Vihreiden varapuheenjohtaja, ymp\u00e4rist\u00f6valiokunnan puheenjohtaja, kansanedustaja ja arkkitehti Oulusta","og_description":"Eilen kotiuduttiin kaupungin delegaation kanssa Ven\u00e4j\u00e4n Arkangelissa pidetyst\u00e4 arktisesta foorumista ja nyt voi virallisesti alkaa loma luottamusteht\u00e4vist\u00e4! Kev\u00e4t on ollut [&hellip;]","og_url":"https:\/\/jennipitko.fi\/koti\/pieni-kevaan-yhteenveto-ja-kesantoivotukset\/","og_site_name":"Jenni Pitko - Vihreiden varapuheenjohtaja, ymp\u00e4rist\u00f6valiokunnan puheenjohtaja, kansanedustaja ja arkkitehti Oulusta","article_published_time":"2013-06-20T13:08:27+00:00","article_modified_time":"2014-12-30T15:16:16+00:00","author":"Jenni","twitter_card":"summary_large_image","twitter_misc":{"Kirjoittanut":"Jenni","Arvioitu lukuaika":"2 minuuttia"},"schema":{"@context":"https:\/\/schema.org","@graph":[{"@type":"Article","@id":"https:\/\/jennipitko.fi\/koti\/pieni-kevaan-yhteenveto-ja-kesantoivotukset\/#article","isPartOf":{"@id":"https:\/\/jennipitko.fi\/koti\/pieni-kevaan-yhteenveto-ja-kesantoivotukset\/"},"author":{"name":"Jenni","@id":"https:\/\/jennipitko.fi\/koti\/#\/schema\/person\/3f242bfe958144234373266ea416e4d6"},"headline":"Pieni kev\u00e4\u00e4n yhteenveto ja kes\u00e4ntoivotukset!","datePublished":"2013-06-20T13:08:27+00:00","dateModified":"2014-12-30T15:16:16+00:00","mainEntityOfPage":{"@id":"https:\/\/jennipitko.fi\/koti\/pieni-kevaan-yhteenveto-ja-kesantoivotukset\/"},"wordCount":505,"commentCount":0,"publisher":{"@id":"https:\/\/jennipitko.fi\/koti\/#organization"},"articleSection":["Blogi"],"inLanguage":"fi","potentialAction":[{"@type":"CommentAction","name":"Comment","target":["https:\/\/jennipitko.fi\/koti\/pieni-kevaan-yhteenveto-ja-kesantoivotukset\/#respond"]}]},{"@type":"WebPage","@id":"https:\/\/jennipitko.fi\/koti\/pieni-kevaan-yhteenveto-ja-kesantoivotukset\/","url":"https:\/\/jennipitko.fi\/koti\/pieni-kevaan-yhteenveto-ja-kesantoivotukset\/","name":"Pieni kev\u00e4\u00e4n yhteenveto ja kes\u00e4ntoivotukset! - Jenni Pitko - Vihreiden varapuheenjohtaja, ymp\u00e4rist\u00f6valiokunnan puheenjohtaja, kansanedustaja ja arkkitehti Oulusta","isPartOf":{"@id":"https:\/\/jennipitko.fi\/koti\/#website"},"datePublished":"2013-06-20T13:08:27+00:00","dateModified":"2014-12-30T15:16:16+00:00","breadcrumb":{"@id":"https:\/\/jennipitko.fi\/koti\/pieni-kevaan-yhteenveto-ja-kesantoivotukset\/#breadcrumb"},"inLanguage":"fi","potentialAction":[{"@type":"ReadAction","target":["https:\/\/jennipitko.fi\/koti\/pieni-kevaan-yhteenveto-ja-kesantoivotukset\/"]}]},{"@type":"BreadcrumbList","@id":"https:\/\/jennipitko.fi\/koti\/pieni-kevaan-yhteenveto-ja-kesantoivotukset\/#breadcrumb","itemListElement":[{"@type":"ListItem","position":1,"name":"Home","item":"https:\/\/jennipitko.fi\/koti\/"},{"@type":"ListItem","position":2,"name":"Pieni kev\u00e4\u00e4n yhteenveto ja kes\u00e4ntoivotukset!"}]},{"@type":"WebSite","@id":"https:\/\/jennipitko.fi\/koti\/#website","url":"https:\/\/jennipitko.fi\/koti\/","name":"Jenni Pitko - Vihreiden varapuheenjohtaja, ymp\u00e4rist\u00f6valiokunnan puheenjohtaja, kansanedustaja ja arkkitehti Oulusta","description":"Jenni Pitko - Vihreiden varapuheenjohtaja, ymp\u00e4rist\u00f6valiokunnan puheenjohtaja, kansanedustaja ja arkkitehti Oulusta","publisher":{"@id":"https:\/\/jennipitko.fi\/koti\/#organization"},"potentialAction":[{"@type":"SearchAction","target":{"@type":"EntryPoint","urlTemplate":"https:\/\/jennipitko.fi\/koti\/?s={search_term_string}"},"query-input":{"@type":"PropertyValueSpecification","valueRequired":true,"valueName":"search_term_string"}}],"inLanguage":"fi"},{"@type":"Organization","@id":"https:\/\/jennipitko.fi\/koti\/#organization","name":"Jenni Pitko - Vihreiden varapuheenjohtaja, ymp\u00e4rist\u00f6valiokunnan puheenjohtaja, kansanedustaja ja arkkitehti Oulusta","url":"https:\/\/jennipitko.fi\/koti\/","logo":{"@type":"ImageObject","inLanguage":"fi","@id":"https:\/\/jennipitko.fi\/koti\/#\/schema\/logo\/image\/","url":"https:\/\/jennipitko.fi\/koti\/wp-content\/uploads\/2025\/09\/Nimeton-malli-38.png","contentUrl":"https:\/\/jennipitko.fi\/koti\/wp-content\/uploads\/2025\/09\/Nimeton-malli-38.png","width":1280,"height":847,"caption":"Jenni Pitko - Vihreiden varapuheenjohtaja, ymp\u00e4rist\u00f6valiokunnan puheenjohtaja, kansanedustaja ja arkkitehti Oulusta"},"image":{"@id":"https:\/\/jennipitko.fi\/koti\/#\/schema\/logo\/image\/"}},{"@type":"Person","@id":"https:\/\/jennipitko.fi\/koti\/#\/schema\/person\/3f242bfe958144234373266ea416e4d6","name":"Jenni","image":{"@type":"ImageObject","inLanguage":"fi","@id":"https:\/\/secure.gravatar.com\/avatar\/469343e1290c3e818159b4a4348708c09929f07a2f460e664497d6fb92f80743?s=96&d=blank&r=g","url":"https:\/\/secure.gravatar.com\/avatar\/469343e1290c3e818159b4a4348708c09929f07a2f460e664497d6fb92f80743?s=96&d=blank&r=g","contentUrl":"https:\/\/secure.gravatar.com\/avatar\/469343e1290c3e818159b4a4348708c09929f07a2f460e664497d6fb92f80743?s=96&d=blank&r=g","caption":"Jenni"},"url":"https:\/\/jennipitko.fi\/koti\/author\/jenni-pitko\/"}]}},"_links":{"self":[{"href":"https:\/\/jennipitko.fi\/koti\/wp-json\/wp\/v2\/posts\/660","targetHints":{"allow":["GET"]}}],"collection":[{"href":"https:\/\/jennipitko.fi\/koti\/wp-json\/wp\/v2\/posts"}],"about":[{"href":"https:\/\/jennipitko.fi\/koti\/wp-json\/wp\/v2\/types\/post"}],"author":[{"embeddable":true,"href":"https:\/\/jennipitko.fi\/koti\/wp-json\/wp\/v2\/users\/2"}],"replies":[{"embeddable":true,"href":"https:\/\/jennipitko.fi\/koti\/wp-json\/wp\/v2\/comments?post=660"}],"version-history":[{"count":1,"href":"https:\/\/jennipitko.fi\/koti\/wp-json\/wp\/v2\/posts\/660\/revisions"}],"predecessor-version":[{"id":797,"href":"https:\/\/jennipitko.fi\/koti\/wp-json\/wp\/v2\/posts\/660\/revisions\/797"}],"wp:attachment":[{"href":"https:\/\/jennipitko.fi\/koti\/wp-json\/wp\/v2\/media?parent=660"}],"wp:term":[{"taxonomy":"category","embeddable":true,"href":"https:\/\/jennipitko.fi\/koti\/wp-json\/wp\/v2\/categories?post=660"},{"taxonomy":"post_tag","embeddable":true,"href":"https:\/\/jennipitko.fi\/koti\/wp-json\/wp\/v2\/tags?post=660"}],"curies":[{"name":"wp","href":"https:\/\/api.w.org\/{rel}","templated":true}]}}