{"id":678,"date":"2013-10-22T12:30:55","date_gmt":"2013-10-22T10:30:55","guid":{"rendered":"http:\/\/henkilot.vihreat.fi\/jenni.pitko\/?p=678"},"modified":"2014-12-30T15:17:30","modified_gmt":"2014-12-30T15:17:30","slug":"arinako-maaraa-keskustassa","status":"publish","type":"post","link":"https:\/\/jennipitko.fi\/koti\/arinako-maaraa-keskustassa\/","title":{"rendered":"Arinako m\u00e4\u00e4r\u00e4\u00e4 keskustassa?"},"content":{"rendered":"<p>(Kirjoitus julkaistu Sanomalehti Kalevan mielipidepalstalla 22.10.2013)<\/p>\n<p>Kaleva esitteli Arinan rakennuslupahakemuksen havainnekuvan tulevan<br \/>\nGalleria-korttelin kauppakeskukseksi (Kaleva 17.10). Rakennuslupa n\u00e4ytt\u00e4\u00e4, kuinka meille\u00a0 katuna tutuksi\u00a0 tullut Isokadun p\u00e4tk\u00e4 tulisi muuttumaan kauppakeskuksen tuulikaapiksi jos\u00a0 lupa\u00a0 hyv\u00e4ksytt\u00e4isiin.<\/p>\n<p>Kaupunginarkkitehdin Jari Heikkil\u00e4n mukaan hakemus on asemakaavan mukainen. H\u00e4nen mukaansa valokate on katto, jossa on valoaukkoja. Hyv\u00e4n\u00e4 esimerkkin\u00e4 h\u00e4n nostaa Ymp\u00e4rist\u00f6talon, jonka katossa on my\u00f6s aukkoja. Tila on hieno, mutta kyseess\u00e4 on\u00a0 rehellinen sis\u00e4tila, ei julkinen katutila.<!--more--><\/p>\n<p>Oulun historiallinen ruutuasemakaava jakaa keskustan s\u00e4\u00e4nn\u00f6llisiksi umpikortteleiksi ja ainut poikkeama ruutus\u00e4\u00e4nn\u00f6st\u00e4 on l\u00e4hinn\u00e4 J.A Ehrenstr\u00f6min ja C.L Engelin 1824 kaavaan piirt\u00e4m\u00e4 diagonaalinen Kaupunginoja ja sit\u00e4 reunustava puistovy\u00f6hyke. Jos t\u00e4llaiseen kahden\u00a0 korttelin yhdist\u00e4v\u00e4\u00e4n, Oulun ruutukaavalle poikkeukselliseen rakennusratkaisuun\u00a0 p\u00e4\u00e4dyt\u00e4\u00e4n, tulisi se tapahtua ainakin demokraattisesti kaupunginvaltuuston kautta, ei\u00a0 kauppaliike Arinan p\u00e4\u00e4t\u00f6ksell\u00e4. Kuten Entinen asemakaavap\u00e4\u00e4llikk\u00f6 Matti Karhula kertoi (Kaleva 18.10) ei kaavaa esitelty silloiselle valtuustolle t\u00e4llaisena. Visiona oli kevyt, katettu rakenne, joka suojaisi sateelta ja talvella lumen liukkaudelta ja olisi edelleen luonteeltaan katu.<\/p>\n<p>Havainnekuvasta n\u00e4emme selv\u00e4sti miten t\u00e4m\u00e4 katu on muuttunut rakennukseksi. Valokatteen\u00a0 sijaan tilaa kattaa on umpikatto. Viimeiset julkisen tilan rippeet vie tieto siit\u00e4 ett\u00e4 tila suljetaan y\u00f6ksi.<\/p>\n<p>Her\u00e4\u00e4 kysymys, kuka kaupunkimme keskustan kehityst\u00e4 ohjaa? N\u00e4ytt\u00e4\u00e4 silt\u00e4, ett\u00e4 keskustan kehitys on annettu investoijien ja rakentajien k\u00e4siin. Kehitys sin\u00e4ns\u00e4 tuntuu olevan itsearvo, viis muista arvoista. Arinan ulostulo 100 miljoonan euron kauppakeskusinvestoinnista sai kaupungin hekumoimaan, se palkittiin oululaisen 100 teon joukkoon ennen kuin rakentaminen alkoikaan. Kaupunkikehitt\u00e4misen tulisi kuitenkin perustua muillekin arvoille kuin rahalle. Kulttuurihistorialliset arvot, kaupunkikuva ja -kulttuuri, viihtyisyys ja p\u00e4\u00e4t\u00f6senteon demokraattisuus ovat t\u00e4rkeit\u00e4 kest\u00e4v\u00e4n kaupunkikehitt\u00e4misen arvoja ja tuovat nekin hy\u00f6tyj\u00e4 kansantaloudelle, pitk\u00e4ll\u00e4 t\u00e4ht\u00e4imell\u00e4! Helsingin Guggenheim-museohanke osoitti ohjauksen voiman, kielt\u00e4ytym\u00e4ll\u00e4 huonosta tarjouksesta p\u00f6yt\u00e4\u00e4n tuotiin parempi. Onko Oululla t\u00e4t\u00e4 rohkeutta?<\/p>\n","protected":false},"excerpt":{"rendered":"<p>(Kirjoitus julkaistu Sanomalehti Kalevan mielipidepalstalla 22.10.2013) Kaleva esitteli Arinan rakennuslupahakemuksen havainnekuvan tulevan Galleria-korttelin kauppakeskukseksi (Kaleva 17.10). Rakennuslupa n\u00e4ytt\u00e4\u00e4, kuinka meille\u00a0 [&hellip;]<\/p>\n","protected":false},"author":2,"featured_media":0,"comment_status":"open","ping_status":"open","sticky":false,"template":"","format":"standard","meta":{"_monsterinsights_skip_tracking":false,"_monsterinsights_sitenote_active":false,"_monsterinsights_sitenote_note":"","_monsterinsights_sitenote_category":0,"site-sidebar-layout":"default","site-content-layout":"","ast-site-content-layout":"default","site-content-style":"default","site-sidebar-style":"default","ast-global-header-display":"","ast-banner-title-visibility":"","ast-main-header-display":"","ast-hfb-above-header-display":"","ast-hfb-below-header-display":"","ast-hfb-mobile-header-display":"","site-post-title":"","ast-breadcrumbs-content":"","ast-featured-img":"","footer-sml-layout":"","ast-disable-related-posts":"","theme-transparent-header-meta":"","adv-header-id-meta":"","stick-header-meta":"","header-above-stick-meta":"","header-main-stick-meta":"","header-below-stick-meta":"","astra-migrate-meta-layouts":"default","ast-page-background-enabled":"default","ast-page-background-meta":{"desktop":{"background-color":"var(--ast-global-color-5)","background-image":"","background-repeat":"repeat","background-position":"center center","background-size":"auto","background-attachment":"scroll","background-type":"","background-media":"","overlay-type":"","overlay-color":"","overlay-opacity":"","overlay-gradient":""},"tablet":{"background-color":"","background-image":"","background-repeat":"repeat","background-position":"center center","background-size":"auto","background-attachment":"scroll","background-type":"","background-media":"","overlay-type":"","overlay-color":"","overlay-opacity":"","overlay-gradient":""},"mobile":{"background-color":"","background-image":"","background-repeat":"repeat","background-position":"center center","background-size":"auto","background-attachment":"scroll","background-type":"","background-media":"","overlay-type":"","overlay-color":"","overlay-opacity":"","overlay-gradient":""}},"ast-content-background-meta":{"desktop":{"background-color":"var(--ast-global-color-4)","background-image":"","background-repeat":"repeat","background-position":"center center","background-size":"auto","background-attachment":"scroll","background-type":"","background-media":"","overlay-type":"","overlay-color":"","overlay-opacity":"","overlay-gradient":""},"tablet":{"background-color":"var(--ast-global-color-4)","background-image":"","background-repeat":"repeat","background-position":"center center","background-size":"auto","background-attachment":"scroll","background-type":"","background-media":"","overlay-type":"","overlay-color":"","overlay-opacity":"","overlay-gradient":""},"mobile":{"background-color":"var(--ast-global-color-4)","background-image":"","background-repeat":"repeat","background-position":"center center","background-size":"auto","background-attachment":"scroll","background-type":"","background-media":"","overlay-type":"","overlay-color":"","overlay-opacity":"","overlay-gradient":""}},"footnotes":""},"categories":[2],"tags":[81,82,28,45,83,46],"class_list":["post-678","post","type-post","status-publish","format-standard","hentry","category-blogi","tag-arina","tag-kaupunkikehittaminen","tag-keskustan-kehittaminen","tag-oulun-keskusta","tag-valokate","tag-ydinkeskusta"],"yoast_head":"<!-- This site is optimized with the Yoast SEO plugin v27.5 - https:\/\/yoast.com\/product\/yoast-seo-wordpress\/ -->\n<title>Arinako m\u00e4\u00e4r\u00e4\u00e4 keskustassa? - Jenni Pitko - Vihreiden varapuheenjohtaja, ymp\u00e4rist\u00f6valiokunnan puheenjohtaja, kansanedustaja ja arkkitehti Oulusta<\/title>\n<meta name=\"robots\" content=\"index, follow, max-snippet:-1, max-image-preview:large, max-video-preview:-1\" \/>\n<link rel=\"canonical\" href=\"https:\/\/jennipitko.fi\/koti\/arinako-maaraa-keskustassa\/\" \/>\n<meta property=\"og:locale\" content=\"fi_FI\" \/>\n<meta property=\"og:type\" content=\"article\" \/>\n<meta property=\"og:title\" content=\"Arinako m\u00e4\u00e4r\u00e4\u00e4 keskustassa? - Jenni Pitko - Vihreiden varapuheenjohtaja, ymp\u00e4rist\u00f6valiokunnan puheenjohtaja, kansanedustaja ja arkkitehti Oulusta\" \/>\n<meta property=\"og:description\" content=\"(Kirjoitus julkaistu Sanomalehti Kalevan mielipidepalstalla 22.10.2013) Kaleva esitteli Arinan rakennuslupahakemuksen havainnekuvan tulevan Galleria-korttelin kauppakeskukseksi (Kaleva 17.10). Rakennuslupa n\u00e4ytt\u00e4\u00e4, kuinka meille\u00a0 [&hellip;]\" \/>\n<meta property=\"og:url\" content=\"https:\/\/jennipitko.fi\/koti\/arinako-maaraa-keskustassa\/\" \/>\n<meta property=\"og:site_name\" content=\"Jenni Pitko - Vihreiden varapuheenjohtaja, ymp\u00e4rist\u00f6valiokunnan puheenjohtaja, kansanedustaja ja arkkitehti Oulusta\" \/>\n<meta property=\"article:published_time\" content=\"2013-10-22T10:30:55+00:00\" \/>\n<meta property=\"article:modified_time\" content=\"2014-12-30T15:17:30+00:00\" \/>\n<meta name=\"author\" content=\"Jenni\" \/>\n<meta name=\"twitter:card\" content=\"summary_large_image\" \/>\n<meta name=\"twitter:label1\" content=\"Kirjoittanut\" \/>\n\t<meta name=\"twitter:data1\" content=\"Jenni\" \/>\n\t<meta name=\"twitter:label2\" content=\"Arvioitu lukuaika\" \/>\n\t<meta name=\"twitter:data2\" content=\"2 minuuttia\" \/>\n<script type=\"application\/ld+json\" class=\"yoast-schema-graph\">{\"@context\":\"https:\\\/\\\/schema.org\",\"@graph\":[{\"@type\":\"Article\",\"@id\":\"https:\\\/\\\/jennipitko.fi\\\/koti\\\/arinako-maaraa-keskustassa\\\/#article\",\"isPartOf\":{\"@id\":\"https:\\\/\\\/jennipitko.fi\\\/koti\\\/arinako-maaraa-keskustassa\\\/\"},\"author\":{\"name\":\"Jenni\",\"@id\":\"https:\\\/\\\/jennipitko.fi\\\/koti\\\/#\\\/schema\\\/person\\\/3f242bfe958144234373266ea416e4d6\"},\"headline\":\"Arinako m\u00e4\u00e4r\u00e4\u00e4 keskustassa?\",\"datePublished\":\"2013-10-22T10:30:55+00:00\",\"dateModified\":\"2014-12-30T15:17:30+00:00\",\"mainEntityOfPage\":{\"@id\":\"https:\\\/\\\/jennipitko.fi\\\/koti\\\/arinako-maaraa-keskustassa\\\/\"},\"wordCount\":315,\"commentCount\":1,\"publisher\":{\"@id\":\"https:\\\/\\\/jennipitko.fi\\\/koti\\\/#organization\"},\"keywords\":[\"arina\",\"kaupunkikehitt\u00e4minen\",\"keskustan kehitt\u00e4minen\",\"Oulun keskusta\",\"valokate\",\"ydinkeskusta\"],\"articleSection\":[\"Blogi\"],\"inLanguage\":\"fi\",\"potentialAction\":[{\"@type\":\"CommentAction\",\"name\":\"Comment\",\"target\":[\"https:\\\/\\\/jennipitko.fi\\\/koti\\\/arinako-maaraa-keskustassa\\\/#respond\"]}]},{\"@type\":\"WebPage\",\"@id\":\"https:\\\/\\\/jennipitko.fi\\\/koti\\\/arinako-maaraa-keskustassa\\\/\",\"url\":\"https:\\\/\\\/jennipitko.fi\\\/koti\\\/arinako-maaraa-keskustassa\\\/\",\"name\":\"Arinako m\u00e4\u00e4r\u00e4\u00e4 keskustassa? - Jenni Pitko - Vihreiden varapuheenjohtaja, ymp\u00e4rist\u00f6valiokunnan puheenjohtaja, kansanedustaja ja arkkitehti Oulusta\",\"isPartOf\":{\"@id\":\"https:\\\/\\\/jennipitko.fi\\\/koti\\\/#website\"},\"datePublished\":\"2013-10-22T10:30:55+00:00\",\"dateModified\":\"2014-12-30T15:17:30+00:00\",\"breadcrumb\":{\"@id\":\"https:\\\/\\\/jennipitko.fi\\\/koti\\\/arinako-maaraa-keskustassa\\\/#breadcrumb\"},\"inLanguage\":\"fi\",\"potentialAction\":[{\"@type\":\"ReadAction\",\"target\":[\"https:\\\/\\\/jennipitko.fi\\\/koti\\\/arinako-maaraa-keskustassa\\\/\"]}]},{\"@type\":\"BreadcrumbList\",\"@id\":\"https:\\\/\\\/jennipitko.fi\\\/koti\\\/arinako-maaraa-keskustassa\\\/#breadcrumb\",\"itemListElement\":[{\"@type\":\"ListItem\",\"position\":1,\"name\":\"Home\",\"item\":\"https:\\\/\\\/jennipitko.fi\\\/koti\\\/\"},{\"@type\":\"ListItem\",\"position\":2,\"name\":\"Arinako m\u00e4\u00e4r\u00e4\u00e4 keskustassa?\"}]},{\"@type\":\"WebSite\",\"@id\":\"https:\\\/\\\/jennipitko.fi\\\/koti\\\/#website\",\"url\":\"https:\\\/\\\/jennipitko.fi\\\/koti\\\/\",\"name\":\"Jenni Pitko - Vihreiden varapuheenjohtaja, ymp\u00e4rist\u00f6valiokunnan puheenjohtaja, kansanedustaja ja arkkitehti Oulusta\",\"description\":\"Jenni Pitko - Vihreiden varapuheenjohtaja, ymp\u00e4rist\u00f6valiokunnan puheenjohtaja, kansanedustaja ja arkkitehti Oulusta\",\"publisher\":{\"@id\":\"https:\\\/\\\/jennipitko.fi\\\/koti\\\/#organization\"},\"potentialAction\":[{\"@type\":\"SearchAction\",\"target\":{\"@type\":\"EntryPoint\",\"urlTemplate\":\"https:\\\/\\\/jennipitko.fi\\\/koti\\\/?s={search_term_string}\"},\"query-input\":{\"@type\":\"PropertyValueSpecification\",\"valueRequired\":true,\"valueName\":\"search_term_string\"}}],\"inLanguage\":\"fi\"},{\"@type\":\"Organization\",\"@id\":\"https:\\\/\\\/jennipitko.fi\\\/koti\\\/#organization\",\"name\":\"Jenni Pitko - Vihreiden varapuheenjohtaja, ymp\u00e4rist\u00f6valiokunnan puheenjohtaja, kansanedustaja ja arkkitehti Oulusta\",\"url\":\"https:\\\/\\\/jennipitko.fi\\\/koti\\\/\",\"logo\":{\"@type\":\"ImageObject\",\"inLanguage\":\"fi\",\"@id\":\"https:\\\/\\\/jennipitko.fi\\\/koti\\\/#\\\/schema\\\/logo\\\/image\\\/\",\"url\":\"https:\\\/\\\/jennipitko.fi\\\/koti\\\/wp-content\\\/uploads\\\/2025\\\/09\\\/Nimeton-malli-38.png\",\"contentUrl\":\"https:\\\/\\\/jennipitko.fi\\\/koti\\\/wp-content\\\/uploads\\\/2025\\\/09\\\/Nimeton-malli-38.png\",\"width\":1280,\"height\":847,\"caption\":\"Jenni Pitko - Vihreiden varapuheenjohtaja, ymp\u00e4rist\u00f6valiokunnan puheenjohtaja, kansanedustaja ja arkkitehti Oulusta\"},\"image\":{\"@id\":\"https:\\\/\\\/jennipitko.fi\\\/koti\\\/#\\\/schema\\\/logo\\\/image\\\/\"}},{\"@type\":\"Person\",\"@id\":\"https:\\\/\\\/jennipitko.fi\\\/koti\\\/#\\\/schema\\\/person\\\/3f242bfe958144234373266ea416e4d6\",\"name\":\"Jenni\",\"image\":{\"@type\":\"ImageObject\",\"inLanguage\":\"fi\",\"@id\":\"https:\\\/\\\/secure.gravatar.com\\\/avatar\\\/469343e1290c3e818159b4a4348708c09929f07a2f460e664497d6fb92f80743?s=96&d=blank&r=g\",\"url\":\"https:\\\/\\\/secure.gravatar.com\\\/avatar\\\/469343e1290c3e818159b4a4348708c09929f07a2f460e664497d6fb92f80743?s=96&d=blank&r=g\",\"contentUrl\":\"https:\\\/\\\/secure.gravatar.com\\\/avatar\\\/469343e1290c3e818159b4a4348708c09929f07a2f460e664497d6fb92f80743?s=96&d=blank&r=g\",\"caption\":\"Jenni\"},\"url\":\"https:\\\/\\\/jennipitko.fi\\\/koti\\\/author\\\/jenni-pitko\\\/\"}]}<\/script>\n<!-- \/ Yoast SEO plugin. -->","yoast_head_json":{"title":"Arinako m\u00e4\u00e4r\u00e4\u00e4 keskustassa? - Jenni Pitko - Vihreiden varapuheenjohtaja, ymp\u00e4rist\u00f6valiokunnan puheenjohtaja, kansanedustaja ja arkkitehti Oulusta","robots":{"index":"index","follow":"follow","max-snippet":"max-snippet:-1","max-image-preview":"max-image-preview:large","max-video-preview":"max-video-preview:-1"},"canonical":"https:\/\/jennipitko.fi\/koti\/arinako-maaraa-keskustassa\/","og_locale":"fi_FI","og_type":"article","og_title":"Arinako m\u00e4\u00e4r\u00e4\u00e4 keskustassa? - Jenni Pitko - Vihreiden varapuheenjohtaja, ymp\u00e4rist\u00f6valiokunnan puheenjohtaja, kansanedustaja ja arkkitehti Oulusta","og_description":"(Kirjoitus julkaistu Sanomalehti Kalevan mielipidepalstalla 22.10.2013) Kaleva esitteli Arinan rakennuslupahakemuksen havainnekuvan tulevan Galleria-korttelin kauppakeskukseksi (Kaleva 17.10). Rakennuslupa n\u00e4ytt\u00e4\u00e4, kuinka meille\u00a0 [&hellip;]","og_url":"https:\/\/jennipitko.fi\/koti\/arinako-maaraa-keskustassa\/","og_site_name":"Jenni Pitko - Vihreiden varapuheenjohtaja, ymp\u00e4rist\u00f6valiokunnan puheenjohtaja, kansanedustaja ja arkkitehti Oulusta","article_published_time":"2013-10-22T10:30:55+00:00","article_modified_time":"2014-12-30T15:17:30+00:00","author":"Jenni","twitter_card":"summary_large_image","twitter_misc":{"Kirjoittanut":"Jenni","Arvioitu lukuaika":"2 minuuttia"},"schema":{"@context":"https:\/\/schema.org","@graph":[{"@type":"Article","@id":"https:\/\/jennipitko.fi\/koti\/arinako-maaraa-keskustassa\/#article","isPartOf":{"@id":"https:\/\/jennipitko.fi\/koti\/arinako-maaraa-keskustassa\/"},"author":{"name":"Jenni","@id":"https:\/\/jennipitko.fi\/koti\/#\/schema\/person\/3f242bfe958144234373266ea416e4d6"},"headline":"Arinako m\u00e4\u00e4r\u00e4\u00e4 keskustassa?","datePublished":"2013-10-22T10:30:55+00:00","dateModified":"2014-12-30T15:17:30+00:00","mainEntityOfPage":{"@id":"https:\/\/jennipitko.fi\/koti\/arinako-maaraa-keskustassa\/"},"wordCount":315,"commentCount":1,"publisher":{"@id":"https:\/\/jennipitko.fi\/koti\/#organization"},"keywords":["arina","kaupunkikehitt\u00e4minen","keskustan kehitt\u00e4minen","Oulun keskusta","valokate","ydinkeskusta"],"articleSection":["Blogi"],"inLanguage":"fi","potentialAction":[{"@type":"CommentAction","name":"Comment","target":["https:\/\/jennipitko.fi\/koti\/arinako-maaraa-keskustassa\/#respond"]}]},{"@type":"WebPage","@id":"https:\/\/jennipitko.fi\/koti\/arinako-maaraa-keskustassa\/","url":"https:\/\/jennipitko.fi\/koti\/arinako-maaraa-keskustassa\/","name":"Arinako m\u00e4\u00e4r\u00e4\u00e4 keskustassa? - Jenni Pitko - Vihreiden varapuheenjohtaja, ymp\u00e4rist\u00f6valiokunnan puheenjohtaja, kansanedustaja ja arkkitehti Oulusta","isPartOf":{"@id":"https:\/\/jennipitko.fi\/koti\/#website"},"datePublished":"2013-10-22T10:30:55+00:00","dateModified":"2014-12-30T15:17:30+00:00","breadcrumb":{"@id":"https:\/\/jennipitko.fi\/koti\/arinako-maaraa-keskustassa\/#breadcrumb"},"inLanguage":"fi","potentialAction":[{"@type":"ReadAction","target":["https:\/\/jennipitko.fi\/koti\/arinako-maaraa-keskustassa\/"]}]},{"@type":"BreadcrumbList","@id":"https:\/\/jennipitko.fi\/koti\/arinako-maaraa-keskustassa\/#breadcrumb","itemListElement":[{"@type":"ListItem","position":1,"name":"Home","item":"https:\/\/jennipitko.fi\/koti\/"},{"@type":"ListItem","position":2,"name":"Arinako m\u00e4\u00e4r\u00e4\u00e4 keskustassa?"}]},{"@type":"WebSite","@id":"https:\/\/jennipitko.fi\/koti\/#website","url":"https:\/\/jennipitko.fi\/koti\/","name":"Jenni Pitko - Vihreiden varapuheenjohtaja, ymp\u00e4rist\u00f6valiokunnan puheenjohtaja, kansanedustaja ja arkkitehti Oulusta","description":"Jenni Pitko - Vihreiden varapuheenjohtaja, ymp\u00e4rist\u00f6valiokunnan puheenjohtaja, kansanedustaja ja arkkitehti Oulusta","publisher":{"@id":"https:\/\/jennipitko.fi\/koti\/#organization"},"potentialAction":[{"@type":"SearchAction","target":{"@type":"EntryPoint","urlTemplate":"https:\/\/jennipitko.fi\/koti\/?s={search_term_string}"},"query-input":{"@type":"PropertyValueSpecification","valueRequired":true,"valueName":"search_term_string"}}],"inLanguage":"fi"},{"@type":"Organization","@id":"https:\/\/jennipitko.fi\/koti\/#organization","name":"Jenni Pitko - Vihreiden varapuheenjohtaja, ymp\u00e4rist\u00f6valiokunnan puheenjohtaja, kansanedustaja ja arkkitehti Oulusta","url":"https:\/\/jennipitko.fi\/koti\/","logo":{"@type":"ImageObject","inLanguage":"fi","@id":"https:\/\/jennipitko.fi\/koti\/#\/schema\/logo\/image\/","url":"https:\/\/jennipitko.fi\/koti\/wp-content\/uploads\/2025\/09\/Nimeton-malli-38.png","contentUrl":"https:\/\/jennipitko.fi\/koti\/wp-content\/uploads\/2025\/09\/Nimeton-malli-38.png","width":1280,"height":847,"caption":"Jenni Pitko - Vihreiden varapuheenjohtaja, ymp\u00e4rist\u00f6valiokunnan puheenjohtaja, kansanedustaja ja arkkitehti Oulusta"},"image":{"@id":"https:\/\/jennipitko.fi\/koti\/#\/schema\/logo\/image\/"}},{"@type":"Person","@id":"https:\/\/jennipitko.fi\/koti\/#\/schema\/person\/3f242bfe958144234373266ea416e4d6","name":"Jenni","image":{"@type":"ImageObject","inLanguage":"fi","@id":"https:\/\/secure.gravatar.com\/avatar\/469343e1290c3e818159b4a4348708c09929f07a2f460e664497d6fb92f80743?s=96&d=blank&r=g","url":"https:\/\/secure.gravatar.com\/avatar\/469343e1290c3e818159b4a4348708c09929f07a2f460e664497d6fb92f80743?s=96&d=blank&r=g","contentUrl":"https:\/\/secure.gravatar.com\/avatar\/469343e1290c3e818159b4a4348708c09929f07a2f460e664497d6fb92f80743?s=96&d=blank&r=g","caption":"Jenni"},"url":"https:\/\/jennipitko.fi\/koti\/author\/jenni-pitko\/"}]}},"_links":{"self":[{"href":"https:\/\/jennipitko.fi\/koti\/wp-json\/wp\/v2\/posts\/678","targetHints":{"allow":["GET"]}}],"collection":[{"href":"https:\/\/jennipitko.fi\/koti\/wp-json\/wp\/v2\/posts"}],"about":[{"href":"https:\/\/jennipitko.fi\/koti\/wp-json\/wp\/v2\/types\/post"}],"author":[{"embeddable":true,"href":"https:\/\/jennipitko.fi\/koti\/wp-json\/wp\/v2\/users\/2"}],"replies":[{"embeddable":true,"href":"https:\/\/jennipitko.fi\/koti\/wp-json\/wp\/v2\/comments?post=678"}],"version-history":[{"count":1,"href":"https:\/\/jennipitko.fi\/koti\/wp-json\/wp\/v2\/posts\/678\/revisions"}],"predecessor-version":[{"id":798,"href":"https:\/\/jennipitko.fi\/koti\/wp-json\/wp\/v2\/posts\/678\/revisions\/798"}],"wp:attachment":[{"href":"https:\/\/jennipitko.fi\/koti\/wp-json\/wp\/v2\/media?parent=678"}],"wp:term":[{"taxonomy":"category","embeddable":true,"href":"https:\/\/jennipitko.fi\/koti\/wp-json\/wp\/v2\/categories?post=678"},{"taxonomy":"post_tag","embeddable":true,"href":"https:\/\/jennipitko.fi\/koti\/wp-json\/wp\/v2\/tags?post=678"}],"curies":[{"name":"wp","href":"https:\/\/api.w.org\/{rel}","templated":true}]}}