{"id":680,"date":"2013-11-25T20:03:08","date_gmt":"2013-11-25T18:03:08","guid":{"rendered":"http:\/\/henkilot.vihreat.fi\/jenni.pitko\/?p=680"},"modified":"2014-12-30T15:18:19","modified_gmt":"2014-12-30T15:18:19","slug":"joukkoliikenteen-taso-parannuttava","status":"publish","type":"post","link":"https:\/\/jennipitko.fi\/koti\/joukkoliikenteen-taso-parannuttava\/","title":{"rendered":"Joukkoliikenteen tason parannuttava!"},"content":{"rendered":"<p>Puheenvuoroni budjettivaltuustossa 25.11.2013<\/p>\n<p>Joukkoliikenne ei ole vain kulu tai menoer\u00e4, se on peruspalvelu. Oulun kaupungissa 40% on alle 30-vuotiaita, 40% talouksista on yksinasuvien talouksia! ik\u00e4ihmisten osuus kasvaa kokoajan. Nykyajan nuoret eiv\u00e4t halua hankkia ajokorttia vaan suosia kest\u00e4vi\u00e4 liikkumismuotoja.<\/p>\n<p>Joukkoliikenne on n\u00e4ille ryhmille t\u00e4rke\u00e4 kulkumuoto saavuttaa palvelut, ty\u00f6t ja harrastukset. Kunnallisten palvelujen saatavuuden kannalta olisi t\u00e4rke\u00e4\u00e4 taata palvelujen fyysinen saavutettavuus esimerkiksi uusien hyvinvointikeskusten osalta, jotka et\u00e4isyyden puolesta voivat et\u00e4\u00e4nty\u00e4 kuntalaisista.<\/p>\n<p>Joukkoliikenne ei ole vain saavutettavuusasia, se on my\u00f6s ymp\u00e4rist\u00f6asia. Ymp\u00e4rist\u00f6 ei odota &#8211; toimia p\u00e4\u00e4st\u00f6jen alentamiseen on teht\u00e4v\u00e4 kokoajan, ei vain silloin kuin muulta liikenee rahaa. P\u00e4\u00e4st\u00f6ist\u00e4 viidesosa aiheutuu liikenteest\u00e4 ja siihen kaupungin omilla toimilla on suora vaikutus.<\/p>\n<p>Keskustan elinvoima, kaupungin houkuttelevuus on riippuvainen joukkoliikenteest\u00e4. Minun on vaikea kuvitella houkuttelevaa kaupunkia, siis oikeaa kaupunkia ilman toimivaa joukkoliikennett\u00e4. T\u00e4m\u00e4 n\u00e4kyy jo nyt nuorten ja opiskelijoiden tyytyv\u00e4isyydest\u00e4 Oulun kaupunkiin. Korkeakouluun tulevien listalla ainakin pari vuorta sitten Oulu oli kaupunkina yliopistokaupungeista toiseksi viimeinen. My\u00f6s muiden kaupunkilaisten joukossa joukkoliikenne saa hyvin huionot pisteet.<\/p>\n<p>Talouteen joukkoliikenne vaikuttaa positiivisesti v\u00e4henevien tiekunnosspitomaksujen kautta. Uusien teiden ja kaistojen rakennuspaine v\u00e4henee ja korjausvelan kasvu hidastuu. Koska bussipys\u00e4kille yleens\u00e4 k\u00e4vell\u00e4\u00e4n, on joukkoliikenteell\u00e4 my\u00f6s ihmisi\u00e4<br \/>\naktivoiva ja sote-kustannuksia alentava vaikutus. Lis\u00e4ksi tutkimukset osoittavat ett\u00e4 sek\u00e4 valtiolle ett\u00e4 kunnalle joukkoliikenne kulkumuotona tulee halvemmaksi kuin autoilu. Minua kiinnostaa n\u00e4hd\u00e4, kuinka pitk\u00e4\u00e4n Oulun p\u00e4\u00e4tt\u00e4j\u00e4t ovat valmiita roikkumaan t\u00e4ss\u00e4 huonossa palvelutasossa ja panostamaan vain yksityisautoiluun. Luulin ett\u00e4 ajatusmaailma oli kev\u00e4\u00e4ll\u00e4 muuttunut kun yksimielisesti linjasimme strategiaan joukkoliikenteen osuuden kasvun viidest\u00e4 prosentista seitsem\u00e4\u00e4n prosenttiin. Mill\u00e4 valtuutetut luulevat t\u00e4m\u00e4n toteutuvat jos joukkoliikenteen m\u00e4\u00e4r\u00e4rahoja ei olla valmiita korottamaan?<\/p>\n<p>Esit\u00e4n, ett\u00e4 muutetaan joukkoliikennetaulukon m\u00e4\u00e4r\u00e4rahat kaupunginjohtajan alkuper\u00e4isen esityksen muotoon.<\/p>\n","protected":false},"excerpt":{"rendered":"<p>Puheenvuoroni budjettivaltuustossa 25.11.2013 Joukkoliikenne ei ole vain kulu tai menoer\u00e4, se on peruspalvelu. Oulun kaupungissa 40% on alle 30-vuotiaita, 40% [&hellip;]<\/p>\n","protected":false},"author":2,"featured_media":0,"comment_status":"open","ping_status":"open","sticky":false,"template":"","format":"standard","meta":{"_monsterinsights_skip_tracking":false,"_monsterinsights_sitenote_active":false,"_monsterinsights_sitenote_note":"","_monsterinsights_sitenote_category":0,"site-sidebar-layout":"default","site-content-layout":"","ast-site-content-layout":"default","site-content-style":"default","site-sidebar-style":"default","ast-global-header-display":"","ast-banner-title-visibility":"","ast-main-header-display":"","ast-hfb-above-header-display":"","ast-hfb-below-header-display":"","ast-hfb-mobile-header-display":"","site-post-title":"","ast-breadcrumbs-content":"","ast-featured-img":"","footer-sml-layout":"","ast-disable-related-posts":"","theme-transparent-header-meta":"","adv-header-id-meta":"","stick-header-meta":"","header-above-stick-meta":"","header-main-stick-meta":"","header-below-stick-meta":"","astra-migrate-meta-layouts":"default","ast-page-background-enabled":"default","ast-page-background-meta":{"desktop":{"background-color":"var(--ast-global-color-5)","background-image":"","background-repeat":"repeat","background-position":"center center","background-size":"auto","background-attachment":"scroll","background-type":"","background-media":"","overlay-type":"","overlay-color":"","overlay-opacity":"","overlay-gradient":""},"tablet":{"background-color":"","background-image":"","background-repeat":"repeat","background-position":"center center","background-size":"auto","background-attachment":"scroll","background-type":"","background-media":"","overlay-type":"","overlay-color":"","overlay-opacity":"","overlay-gradient":""},"mobile":{"background-color":"","background-image":"","background-repeat":"repeat","background-position":"center center","background-size":"auto","background-attachment":"scroll","background-type":"","background-media":"","overlay-type":"","overlay-color":"","overlay-opacity":"","overlay-gradient":""}},"ast-content-background-meta":{"desktop":{"background-color":"var(--ast-global-color-4)","background-image":"","background-repeat":"repeat","background-position":"center center","background-size":"auto","background-attachment":"scroll","background-type":"","background-media":"","overlay-type":"","overlay-color":"","overlay-opacity":"","overlay-gradient":""},"tablet":{"background-color":"var(--ast-global-color-4)","background-image":"","background-repeat":"repeat","background-position":"center center","background-size":"auto","background-attachment":"scroll","background-type":"","background-media":"","overlay-type":"","overlay-color":"","overlay-opacity":"","overlay-gradient":""},"mobile":{"background-color":"var(--ast-global-color-4)","background-image":"","background-repeat":"repeat","background-position":"center center","background-size":"auto","background-attachment":"scroll","background-type":"","background-media":"","overlay-type":"","overlay-color":"","overlay-opacity":"","overlay-gradient":""}},"footnotes":""},"categories":[126],"tags":[84,7],"class_list":["post-680","post","type-post","status-publish","format-standard","hentry","category-puheeni-valtuustossa","tag-budjetti","tag-joukkoliikenne"],"yoast_head":"<!-- This site is optimized with the Yoast SEO plugin v27.5 - https:\/\/yoast.com\/product\/yoast-seo-wordpress\/ -->\n<title>Joukkoliikenteen tason parannuttava! - Jenni Pitko - Vihreiden varapuheenjohtaja, ymp\u00e4rist\u00f6valiokunnan puheenjohtaja, kansanedustaja ja arkkitehti Oulusta<\/title>\n<meta name=\"robots\" content=\"index, follow, max-snippet:-1, max-image-preview:large, max-video-preview:-1\" \/>\n<link rel=\"canonical\" href=\"https:\/\/jennipitko.fi\/koti\/joukkoliikenteen-taso-parannuttava\/\" \/>\n<meta property=\"og:locale\" content=\"fi_FI\" \/>\n<meta property=\"og:type\" content=\"article\" \/>\n<meta property=\"og:title\" content=\"Joukkoliikenteen tason parannuttava! - Jenni Pitko - Vihreiden varapuheenjohtaja, ymp\u00e4rist\u00f6valiokunnan puheenjohtaja, kansanedustaja ja arkkitehti Oulusta\" \/>\n<meta property=\"og:description\" content=\"Puheenvuoroni budjettivaltuustossa 25.11.2013 Joukkoliikenne ei ole vain kulu tai menoer\u00e4, se on peruspalvelu. Oulun kaupungissa 40% on alle 30-vuotiaita, 40% [&hellip;]\" \/>\n<meta property=\"og:url\" content=\"https:\/\/jennipitko.fi\/koti\/joukkoliikenteen-taso-parannuttava\/\" \/>\n<meta property=\"og:site_name\" content=\"Jenni Pitko - Vihreiden varapuheenjohtaja, ymp\u00e4rist\u00f6valiokunnan puheenjohtaja, kansanedustaja ja arkkitehti Oulusta\" \/>\n<meta property=\"article:published_time\" content=\"2013-11-25T18:03:08+00:00\" \/>\n<meta property=\"article:modified_time\" content=\"2014-12-30T15:18:19+00:00\" \/>\n<meta name=\"author\" content=\"Jenni\" \/>\n<meta name=\"twitter:card\" content=\"summary_large_image\" \/>\n<meta name=\"twitter:label1\" content=\"Kirjoittanut\" \/>\n\t<meta name=\"twitter:data1\" content=\"Jenni\" \/>\n\t<meta name=\"twitter:label2\" content=\"Arvioitu lukuaika\" \/>\n\t<meta name=\"twitter:data2\" content=\"1 minuutti\" \/>\n<script type=\"application\/ld+json\" class=\"yoast-schema-graph\">{\"@context\":\"https:\\\/\\\/schema.org\",\"@graph\":[{\"@type\":\"Article\",\"@id\":\"https:\\\/\\\/jennipitko.fi\\\/koti\\\/joukkoliikenteen-taso-parannuttava\\\/#article\",\"isPartOf\":{\"@id\":\"https:\\\/\\\/jennipitko.fi\\\/koti\\\/joukkoliikenteen-taso-parannuttava\\\/\"},\"author\":{\"name\":\"Jenni\",\"@id\":\"https:\\\/\\\/jennipitko.fi\\\/koti\\\/#\\\/schema\\\/person\\\/3f242bfe958144234373266ea416e4d6\"},\"headline\":\"Joukkoliikenteen tason parannuttava!\",\"datePublished\":\"2013-11-25T18:03:08+00:00\",\"dateModified\":\"2014-12-30T15:18:19+00:00\",\"mainEntityOfPage\":{\"@id\":\"https:\\\/\\\/jennipitko.fi\\\/koti\\\/joukkoliikenteen-taso-parannuttava\\\/\"},\"wordCount\":302,\"commentCount\":0,\"publisher\":{\"@id\":\"https:\\\/\\\/jennipitko.fi\\\/koti\\\/#organization\"},\"keywords\":[\"budjetti\",\"joukkoliikenne\"],\"articleSection\":[\"Puheeni valtuustossa\"],\"inLanguage\":\"fi\",\"potentialAction\":[{\"@type\":\"CommentAction\",\"name\":\"Comment\",\"target\":[\"https:\\\/\\\/jennipitko.fi\\\/koti\\\/joukkoliikenteen-taso-parannuttava\\\/#respond\"]}]},{\"@type\":\"WebPage\",\"@id\":\"https:\\\/\\\/jennipitko.fi\\\/koti\\\/joukkoliikenteen-taso-parannuttava\\\/\",\"url\":\"https:\\\/\\\/jennipitko.fi\\\/koti\\\/joukkoliikenteen-taso-parannuttava\\\/\",\"name\":\"Joukkoliikenteen tason parannuttava! - Jenni Pitko - Vihreiden varapuheenjohtaja, ymp\u00e4rist\u00f6valiokunnan puheenjohtaja, kansanedustaja ja arkkitehti Oulusta\",\"isPartOf\":{\"@id\":\"https:\\\/\\\/jennipitko.fi\\\/koti\\\/#website\"},\"datePublished\":\"2013-11-25T18:03:08+00:00\",\"dateModified\":\"2014-12-30T15:18:19+00:00\",\"breadcrumb\":{\"@id\":\"https:\\\/\\\/jennipitko.fi\\\/koti\\\/joukkoliikenteen-taso-parannuttava\\\/#breadcrumb\"},\"inLanguage\":\"fi\",\"potentialAction\":[{\"@type\":\"ReadAction\",\"target\":[\"https:\\\/\\\/jennipitko.fi\\\/koti\\\/joukkoliikenteen-taso-parannuttava\\\/\"]}]},{\"@type\":\"BreadcrumbList\",\"@id\":\"https:\\\/\\\/jennipitko.fi\\\/koti\\\/joukkoliikenteen-taso-parannuttava\\\/#breadcrumb\",\"itemListElement\":[{\"@type\":\"ListItem\",\"position\":1,\"name\":\"Home\",\"item\":\"https:\\\/\\\/jennipitko.fi\\\/koti\\\/\"},{\"@type\":\"ListItem\",\"position\":2,\"name\":\"Joukkoliikenteen tason parannuttava!\"}]},{\"@type\":\"WebSite\",\"@id\":\"https:\\\/\\\/jennipitko.fi\\\/koti\\\/#website\",\"url\":\"https:\\\/\\\/jennipitko.fi\\\/koti\\\/\",\"name\":\"Jenni Pitko - Vihreiden varapuheenjohtaja, ymp\u00e4rist\u00f6valiokunnan puheenjohtaja, kansanedustaja ja arkkitehti Oulusta\",\"description\":\"Jenni Pitko - Vihreiden varapuheenjohtaja, ymp\u00e4rist\u00f6valiokunnan puheenjohtaja, kansanedustaja ja arkkitehti Oulusta\",\"publisher\":{\"@id\":\"https:\\\/\\\/jennipitko.fi\\\/koti\\\/#organization\"},\"potentialAction\":[{\"@type\":\"SearchAction\",\"target\":{\"@type\":\"EntryPoint\",\"urlTemplate\":\"https:\\\/\\\/jennipitko.fi\\\/koti\\\/?s={search_term_string}\"},\"query-input\":{\"@type\":\"PropertyValueSpecification\",\"valueRequired\":true,\"valueName\":\"search_term_string\"}}],\"inLanguage\":\"fi\"},{\"@type\":\"Organization\",\"@id\":\"https:\\\/\\\/jennipitko.fi\\\/koti\\\/#organization\",\"name\":\"Jenni Pitko - Vihreiden varapuheenjohtaja, ymp\u00e4rist\u00f6valiokunnan puheenjohtaja, kansanedustaja ja arkkitehti Oulusta\",\"url\":\"https:\\\/\\\/jennipitko.fi\\\/koti\\\/\",\"logo\":{\"@type\":\"ImageObject\",\"inLanguage\":\"fi\",\"@id\":\"https:\\\/\\\/jennipitko.fi\\\/koti\\\/#\\\/schema\\\/logo\\\/image\\\/\",\"url\":\"https:\\\/\\\/jennipitko.fi\\\/koti\\\/wp-content\\\/uploads\\\/2025\\\/09\\\/Nimeton-malli-38.png\",\"contentUrl\":\"https:\\\/\\\/jennipitko.fi\\\/koti\\\/wp-content\\\/uploads\\\/2025\\\/09\\\/Nimeton-malli-38.png\",\"width\":1280,\"height\":847,\"caption\":\"Jenni Pitko - Vihreiden varapuheenjohtaja, ymp\u00e4rist\u00f6valiokunnan puheenjohtaja, kansanedustaja ja arkkitehti Oulusta\"},\"image\":{\"@id\":\"https:\\\/\\\/jennipitko.fi\\\/koti\\\/#\\\/schema\\\/logo\\\/image\\\/\"}},{\"@type\":\"Person\",\"@id\":\"https:\\\/\\\/jennipitko.fi\\\/koti\\\/#\\\/schema\\\/person\\\/3f242bfe958144234373266ea416e4d6\",\"name\":\"Jenni\",\"image\":{\"@type\":\"ImageObject\",\"inLanguage\":\"fi\",\"@id\":\"https:\\\/\\\/secure.gravatar.com\\\/avatar\\\/469343e1290c3e818159b4a4348708c09929f07a2f460e664497d6fb92f80743?s=96&d=blank&r=g\",\"url\":\"https:\\\/\\\/secure.gravatar.com\\\/avatar\\\/469343e1290c3e818159b4a4348708c09929f07a2f460e664497d6fb92f80743?s=96&d=blank&r=g\",\"contentUrl\":\"https:\\\/\\\/secure.gravatar.com\\\/avatar\\\/469343e1290c3e818159b4a4348708c09929f07a2f460e664497d6fb92f80743?s=96&d=blank&r=g\",\"caption\":\"Jenni\"},\"url\":\"https:\\\/\\\/jennipitko.fi\\\/koti\\\/author\\\/jenni-pitko\\\/\"}]}<\/script>\n<!-- \/ Yoast SEO plugin. -->","yoast_head_json":{"title":"Joukkoliikenteen tason parannuttava! - Jenni Pitko - Vihreiden varapuheenjohtaja, ymp\u00e4rist\u00f6valiokunnan puheenjohtaja, kansanedustaja ja arkkitehti Oulusta","robots":{"index":"index","follow":"follow","max-snippet":"max-snippet:-1","max-image-preview":"max-image-preview:large","max-video-preview":"max-video-preview:-1"},"canonical":"https:\/\/jennipitko.fi\/koti\/joukkoliikenteen-taso-parannuttava\/","og_locale":"fi_FI","og_type":"article","og_title":"Joukkoliikenteen tason parannuttava! - Jenni Pitko - Vihreiden varapuheenjohtaja, ymp\u00e4rist\u00f6valiokunnan puheenjohtaja, kansanedustaja ja arkkitehti Oulusta","og_description":"Puheenvuoroni budjettivaltuustossa 25.11.2013 Joukkoliikenne ei ole vain kulu tai menoer\u00e4, se on peruspalvelu. Oulun kaupungissa 40% on alle 30-vuotiaita, 40% [&hellip;]","og_url":"https:\/\/jennipitko.fi\/koti\/joukkoliikenteen-taso-parannuttava\/","og_site_name":"Jenni Pitko - Vihreiden varapuheenjohtaja, ymp\u00e4rist\u00f6valiokunnan puheenjohtaja, kansanedustaja ja arkkitehti Oulusta","article_published_time":"2013-11-25T18:03:08+00:00","article_modified_time":"2014-12-30T15:18:19+00:00","author":"Jenni","twitter_card":"summary_large_image","twitter_misc":{"Kirjoittanut":"Jenni","Arvioitu lukuaika":"1 minuutti"},"schema":{"@context":"https:\/\/schema.org","@graph":[{"@type":"Article","@id":"https:\/\/jennipitko.fi\/koti\/joukkoliikenteen-taso-parannuttava\/#article","isPartOf":{"@id":"https:\/\/jennipitko.fi\/koti\/joukkoliikenteen-taso-parannuttava\/"},"author":{"name":"Jenni","@id":"https:\/\/jennipitko.fi\/koti\/#\/schema\/person\/3f242bfe958144234373266ea416e4d6"},"headline":"Joukkoliikenteen tason parannuttava!","datePublished":"2013-11-25T18:03:08+00:00","dateModified":"2014-12-30T15:18:19+00:00","mainEntityOfPage":{"@id":"https:\/\/jennipitko.fi\/koti\/joukkoliikenteen-taso-parannuttava\/"},"wordCount":302,"commentCount":0,"publisher":{"@id":"https:\/\/jennipitko.fi\/koti\/#organization"},"keywords":["budjetti","joukkoliikenne"],"articleSection":["Puheeni valtuustossa"],"inLanguage":"fi","potentialAction":[{"@type":"CommentAction","name":"Comment","target":["https:\/\/jennipitko.fi\/koti\/joukkoliikenteen-taso-parannuttava\/#respond"]}]},{"@type":"WebPage","@id":"https:\/\/jennipitko.fi\/koti\/joukkoliikenteen-taso-parannuttava\/","url":"https:\/\/jennipitko.fi\/koti\/joukkoliikenteen-taso-parannuttava\/","name":"Joukkoliikenteen tason parannuttava! - Jenni Pitko - Vihreiden varapuheenjohtaja, ymp\u00e4rist\u00f6valiokunnan puheenjohtaja, kansanedustaja ja arkkitehti Oulusta","isPartOf":{"@id":"https:\/\/jennipitko.fi\/koti\/#website"},"datePublished":"2013-11-25T18:03:08+00:00","dateModified":"2014-12-30T15:18:19+00:00","breadcrumb":{"@id":"https:\/\/jennipitko.fi\/koti\/joukkoliikenteen-taso-parannuttava\/#breadcrumb"},"inLanguage":"fi","potentialAction":[{"@type":"ReadAction","target":["https:\/\/jennipitko.fi\/koti\/joukkoliikenteen-taso-parannuttava\/"]}]},{"@type":"BreadcrumbList","@id":"https:\/\/jennipitko.fi\/koti\/joukkoliikenteen-taso-parannuttava\/#breadcrumb","itemListElement":[{"@type":"ListItem","position":1,"name":"Home","item":"https:\/\/jennipitko.fi\/koti\/"},{"@type":"ListItem","position":2,"name":"Joukkoliikenteen tason parannuttava!"}]},{"@type":"WebSite","@id":"https:\/\/jennipitko.fi\/koti\/#website","url":"https:\/\/jennipitko.fi\/koti\/","name":"Jenni Pitko - Vihreiden varapuheenjohtaja, ymp\u00e4rist\u00f6valiokunnan puheenjohtaja, kansanedustaja ja arkkitehti Oulusta","description":"Jenni Pitko - Vihreiden varapuheenjohtaja, ymp\u00e4rist\u00f6valiokunnan puheenjohtaja, kansanedustaja ja arkkitehti Oulusta","publisher":{"@id":"https:\/\/jennipitko.fi\/koti\/#organization"},"potentialAction":[{"@type":"SearchAction","target":{"@type":"EntryPoint","urlTemplate":"https:\/\/jennipitko.fi\/koti\/?s={search_term_string}"},"query-input":{"@type":"PropertyValueSpecification","valueRequired":true,"valueName":"search_term_string"}}],"inLanguage":"fi"},{"@type":"Organization","@id":"https:\/\/jennipitko.fi\/koti\/#organization","name":"Jenni Pitko - Vihreiden varapuheenjohtaja, ymp\u00e4rist\u00f6valiokunnan puheenjohtaja, kansanedustaja ja arkkitehti Oulusta","url":"https:\/\/jennipitko.fi\/koti\/","logo":{"@type":"ImageObject","inLanguage":"fi","@id":"https:\/\/jennipitko.fi\/koti\/#\/schema\/logo\/image\/","url":"https:\/\/jennipitko.fi\/koti\/wp-content\/uploads\/2025\/09\/Nimeton-malli-38.png","contentUrl":"https:\/\/jennipitko.fi\/koti\/wp-content\/uploads\/2025\/09\/Nimeton-malli-38.png","width":1280,"height":847,"caption":"Jenni Pitko - Vihreiden varapuheenjohtaja, ymp\u00e4rist\u00f6valiokunnan puheenjohtaja, kansanedustaja ja arkkitehti Oulusta"},"image":{"@id":"https:\/\/jennipitko.fi\/koti\/#\/schema\/logo\/image\/"}},{"@type":"Person","@id":"https:\/\/jennipitko.fi\/koti\/#\/schema\/person\/3f242bfe958144234373266ea416e4d6","name":"Jenni","image":{"@type":"ImageObject","inLanguage":"fi","@id":"https:\/\/secure.gravatar.com\/avatar\/469343e1290c3e818159b4a4348708c09929f07a2f460e664497d6fb92f80743?s=96&d=blank&r=g","url":"https:\/\/secure.gravatar.com\/avatar\/469343e1290c3e818159b4a4348708c09929f07a2f460e664497d6fb92f80743?s=96&d=blank&r=g","contentUrl":"https:\/\/secure.gravatar.com\/avatar\/469343e1290c3e818159b4a4348708c09929f07a2f460e664497d6fb92f80743?s=96&d=blank&r=g","caption":"Jenni"},"url":"https:\/\/jennipitko.fi\/koti\/author\/jenni-pitko\/"}]}},"_links":{"self":[{"href":"https:\/\/jennipitko.fi\/koti\/wp-json\/wp\/v2\/posts\/680","targetHints":{"allow":["GET"]}}],"collection":[{"href":"https:\/\/jennipitko.fi\/koti\/wp-json\/wp\/v2\/posts"}],"about":[{"href":"https:\/\/jennipitko.fi\/koti\/wp-json\/wp\/v2\/types\/post"}],"author":[{"embeddable":true,"href":"https:\/\/jennipitko.fi\/koti\/wp-json\/wp\/v2\/users\/2"}],"replies":[{"embeddable":true,"href":"https:\/\/jennipitko.fi\/koti\/wp-json\/wp\/v2\/comments?post=680"}],"version-history":[{"count":1,"href":"https:\/\/jennipitko.fi\/koti\/wp-json\/wp\/v2\/posts\/680\/revisions"}],"predecessor-version":[{"id":799,"href":"https:\/\/jennipitko.fi\/koti\/wp-json\/wp\/v2\/posts\/680\/revisions\/799"}],"wp:attachment":[{"href":"https:\/\/jennipitko.fi\/koti\/wp-json\/wp\/v2\/media?parent=680"}],"wp:term":[{"taxonomy":"category","embeddable":true,"href":"https:\/\/jennipitko.fi\/koti\/wp-json\/wp\/v2\/categories?post=680"},{"taxonomy":"post_tag","embeddable":true,"href":"https:\/\/jennipitko.fi\/koti\/wp-json\/wp\/v2\/tags?post=680"}],"curies":[{"name":"wp","href":"https:\/\/api.w.org\/{rel}","templated":true}]}}