{"id":685,"date":"2013-12-16T18:42:28","date_gmt":"2013-12-16T16:42:28","guid":{"rendered":"http:\/\/henkilot.vihreat.fi\/jenni.pitko\/?p=685"},"modified":"2014-12-30T15:19:48","modified_gmt":"2014-12-30T15:19:48","slug":"yhteisollisyytta-yleiskaavalla","status":"publish","type":"post","link":"https:\/\/jennipitko.fi\/koti\/yhteisollisyytta-yleiskaavalla\/","title":{"rendered":"Yhteis\u00f6llisyytt\u00e4 yleiskaavalla"},"content":{"rendered":"<p>Oulussa tehd\u00e4\u00e4n paraikaa koko uuden Oulun k\u00e4sitt\u00e4v\u00e4\u00e4 yleiskaavaa. Yleiskaava m\u00e4\u00e4ritt\u00e4\u00e4 pitk\u00e4ll\u00e4 t\u00e4ht\u00e4imell\u00e4 koko kaupungin yhdyskuntarakenteen kehityksen. Yleiskaava n\u00e4ytt\u00e4\u00e4 tulevaisuuden asumisen suuntaviivat ja sen ratkaisut vaikuttaa oleellisesti muun muassa liikkumistarpeeseen eli siihen, p\u00e4\u00e4seek\u00f6 kotoa t\u00f6ihin ja palveluiden \u00e4\u00e4reen bussilla tai py\u00f6r\u00e4ll\u00e4 vai joutuuko turvautumaan henkil\u00f6autoon. Yleiskaava ottaa kantaa kyl\u00e4alueiden ja kaupunkialueen kehitykseen ja niiden v\u00e4liseen suhteeseen.<!--more--><\/p>\n<p>Muistin Oulun yleiskaavan olevan valmistelussa kun n\u00e4in Helsingin kaupungin yleiskaavan mainoksen Hesarin nettiversiossa ja taannoin Helsingiss\u00e4 metron sein\u00e4ss\u00e4. Oulun yleiskaavaa on valmisteltu hiljaisuudessa, piilossa julkisuudelta. Maank\u00e4ytt\u00f6- ja rakennuslaki vaatii kaavan valmistelussa vuorovaikutusta. Pelkk\u00e4 n\u00e4ht\u00e4vill\u00e4 olo ilmoitustauluilla tai yksisuuntaiset tiedotustilanteet ei tavoita suurinta osaa kaupunkilaisista. Kommenttien pyyt\u00e4minen s\u00e4hk\u00f6isesti tai kirjallisesti muun informaatiotulvan keskell\u00e4 menee helposti ohi ja harva yleiskaavakarttaa pystyy lukemaankaan ilman opastusta.<\/p>\n<p>Oulun kaupungin tulisi hy\u00f6dynt\u00e4\u00e4 t\u00e4t\u00e4 uuden Oulun yleiskaavan mahdollisuutta luoda yhteis\u00f6llisyytt\u00e4 uuteen kaupunkiin. Oulun tulisikin ottaa aktiivisempi rooli yleiskaavan viestinn\u00e4ss\u00e4 ja osallistamisessa. Aktiivinen kuntaviestij\u00e4 k\u00e4ytt\u00e4\u00e4 viestint\u00e4kanavina sosiaalista mediaa, perinteist\u00e4 mediaa ja vie nettisivut ja s\u00e4hk\u00f6iset julkaisut uudelle tasolle. Aktiivinen osallistaminen ker\u00e4\u00e4 ihmisjoukkoja kiinnostavilla osallistamiskonsepteilla keskustelemaan kesken\u00e4\u00e4n tulavaisuuden moni-ilmeisest\u00e4 Oulusta. Osallistamiskonseptit voivat olla vaikka asuinalueille ja niiden tapahtumiin jalkautuvia havainnollisilla materiaaleilla varustettuja keskusteluklubeja ja posterin\u00e4yttelyit\u00e4 l\u00e4hikaupoissa tai vaikka kyl\u00e4alueilla kiert\u00e4v\u00e4ss\u00e4 bussissa pidett\u00e4v\u00e4 keskustelutilaisuus. Yleiskaavan taustaselvityksien aineistoa voisi julkaista ajatuksia her\u00e4tt\u00e4vill\u00e4 formaateilla, kuten blogien ja erilaisten interaktiivisten visualisointien ja muokattavissa karttojen muodossa.<\/p>\n<p>Aktiivinen, osallistava yleiskaavaprosessi voi koota koko kaupunkia yhteen ja voi saada parhaimmillaan aikaan yhten\u00e4isyytt\u00e4 ja yhteis\u00f6llisyytt\u00e4, mit\u00e4 juuri kuntaliitoksen kokenut uusi kaupunki tarvitseekin. Oulussa osallistava yleiskaavaprosessi auttaisi p\u00e4\u00e4tt\u00e4ji\u00e4 ja suunnittelijoita sek\u00e4 kaupunkilaisia ymm\u00e4rt\u00e4m\u00e4\u00e4n eri alueiden erityispiirteit\u00e4, kylien ja kaupunkialueen ominaisuuksia. Aktiivinen osallistaminen my\u00f6s v\u00e4hent\u00e4\u00e4 ep\u00e4tyytyv\u00e4isyytt\u00e4 ja voi v\u00e4hent\u00e4\u00e4 valituksia.<\/p>\n","protected":false},"excerpt":{"rendered":"<p>Oulussa tehd\u00e4\u00e4n paraikaa koko uuden Oulun k\u00e4sitt\u00e4v\u00e4\u00e4 yleiskaavaa. Yleiskaava m\u00e4\u00e4ritt\u00e4\u00e4 pitk\u00e4ll\u00e4 t\u00e4ht\u00e4imell\u00e4 koko kaupungin yhdyskuntarakenteen kehityksen. Yleiskaava n\u00e4ytt\u00e4\u00e4 tulevaisuuden asumisen [&hellip;]<\/p>\n","protected":false},"author":2,"featured_media":684,"comment_status":"open","ping_status":"open","sticky":false,"template":"","format":"standard","meta":{"_monsterinsights_skip_tracking":false,"_monsterinsights_sitenote_active":false,"_monsterinsights_sitenote_note":"","_monsterinsights_sitenote_category":0,"site-sidebar-layout":"default","site-content-layout":"","ast-site-content-layout":"default","site-content-style":"default","site-sidebar-style":"default","ast-global-header-display":"","ast-banner-title-visibility":"","ast-main-header-display":"","ast-hfb-above-header-display":"","ast-hfb-below-header-display":"","ast-hfb-mobile-header-display":"","site-post-title":"","ast-breadcrumbs-content":"","ast-featured-img":"","footer-sml-layout":"","ast-disable-related-posts":"","theme-transparent-header-meta":"","adv-header-id-meta":"","stick-header-meta":"","header-above-stick-meta":"","header-main-stick-meta":"","header-below-stick-meta":"","astra-migrate-meta-layouts":"default","ast-page-background-enabled":"default","ast-page-background-meta":{"desktop":{"background-color":"var(--ast-global-color-5)","background-image":"","background-repeat":"repeat","background-position":"center center","background-size":"auto","background-attachment":"scroll","background-type":"","background-media":"","overlay-type":"","overlay-color":"","overlay-opacity":"","overlay-gradient":""},"tablet":{"background-color":"","background-image":"","background-repeat":"repeat","background-position":"center center","background-size":"auto","background-attachment":"scroll","background-type":"","background-media":"","overlay-type":"","overlay-color":"","overlay-opacity":"","overlay-gradient":""},"mobile":{"background-color":"","background-image":"","background-repeat":"repeat","background-position":"center center","background-size":"auto","background-attachment":"scroll","background-type":"","background-media":"","overlay-type":"","overlay-color":"","overlay-opacity":"","overlay-gradient":""}},"ast-content-background-meta":{"desktop":{"background-color":"var(--ast-global-color-4)","background-image":"","background-repeat":"repeat","background-position":"center center","background-size":"auto","background-attachment":"scroll","background-type":"","background-media":"","overlay-type":"","overlay-color":"","overlay-opacity":"","overlay-gradient":""},"tablet":{"background-color":"var(--ast-global-color-4)","background-image":"","background-repeat":"repeat","background-position":"center center","background-size":"auto","background-attachment":"scroll","background-type":"","background-media":"","overlay-type":"","overlay-color":"","overlay-opacity":"","overlay-gradient":""},"mobile":{"background-color":"var(--ast-global-color-4)","background-image":"","background-repeat":"repeat","background-position":"center center","background-size":"auto","background-attachment":"scroll","background-type":"","background-media":"","overlay-type":"","overlay-color":"","overlay-opacity":"","overlay-gradient":""}},"footnotes":""},"categories":[2],"tags":[85,86,87,88],"class_list":["post-685","post","type-post","status-publish","format-standard","has-post-thumbnail","hentry","category-blogi","tag-kaupunkikehitys","tag-osallistuminen","tag-yhteisollisyys","tag-yleiskaava"],"yoast_head":"<!-- This site is optimized with the Yoast SEO plugin v27.5 - https:\/\/yoast.com\/product\/yoast-seo-wordpress\/ -->\n<title>Yhteis\u00f6llisyytt\u00e4 yleiskaavalla - Jenni Pitko - Vihreiden varapuheenjohtaja, ymp\u00e4rist\u00f6valiokunnan puheenjohtaja, kansanedustaja ja arkkitehti Oulusta<\/title>\n<meta name=\"robots\" content=\"index, follow, max-snippet:-1, max-image-preview:large, max-video-preview:-1\" \/>\n<link rel=\"canonical\" href=\"https:\/\/jennipitko.fi\/koti\/yhteisollisyytta-yleiskaavalla\/\" \/>\n<meta property=\"og:locale\" content=\"fi_FI\" \/>\n<meta property=\"og:type\" content=\"article\" \/>\n<meta property=\"og:title\" content=\"Yhteis\u00f6llisyytt\u00e4 yleiskaavalla - Jenni Pitko - Vihreiden varapuheenjohtaja, ymp\u00e4rist\u00f6valiokunnan puheenjohtaja, kansanedustaja ja arkkitehti Oulusta\" \/>\n<meta property=\"og:description\" content=\"Oulussa tehd\u00e4\u00e4n paraikaa koko uuden Oulun k\u00e4sitt\u00e4v\u00e4\u00e4 yleiskaavaa. Yleiskaava m\u00e4\u00e4ritt\u00e4\u00e4 pitk\u00e4ll\u00e4 t\u00e4ht\u00e4imell\u00e4 koko kaupungin yhdyskuntarakenteen kehityksen. Yleiskaava n\u00e4ytt\u00e4\u00e4 tulevaisuuden asumisen [&hellip;]\" \/>\n<meta property=\"og:url\" content=\"https:\/\/jennipitko.fi\/koti\/yhteisollisyytta-yleiskaavalla\/\" \/>\n<meta property=\"og:site_name\" content=\"Jenni Pitko - Vihreiden varapuheenjohtaja, ymp\u00e4rist\u00f6valiokunnan puheenjohtaja, kansanedustaja ja arkkitehti Oulusta\" \/>\n<meta property=\"article:published_time\" content=\"2013-12-16T16:42:28+00:00\" \/>\n<meta property=\"article:modified_time\" content=\"2014-12-30T15:19:48+00:00\" \/>\n<meta name=\"author\" content=\"Jenni\" \/>\n<meta name=\"twitter:card\" content=\"summary_large_image\" \/>\n<meta name=\"twitter:label1\" content=\"Kirjoittanut\" \/>\n\t<meta name=\"twitter:data1\" content=\"Jenni\" \/>\n\t<meta name=\"twitter:label2\" content=\"Arvioitu lukuaika\" \/>\n\t<meta name=\"twitter:data2\" content=\"2 minuuttia\" \/>\n<script type=\"application\/ld+json\" class=\"yoast-schema-graph\">{\"@context\":\"https:\\\/\\\/schema.org\",\"@graph\":[{\"@type\":\"Article\",\"@id\":\"https:\\\/\\\/jennipitko.fi\\\/koti\\\/yhteisollisyytta-yleiskaavalla\\\/#article\",\"isPartOf\":{\"@id\":\"https:\\\/\\\/jennipitko.fi\\\/koti\\\/yhteisollisyytta-yleiskaavalla\\\/\"},\"author\":{\"name\":\"Jenni\",\"@id\":\"https:\\\/\\\/jennipitko.fi\\\/koti\\\/#\\\/schema\\\/person\\\/3f242bfe958144234373266ea416e4d6\"},\"headline\":\"Yhteis\u00f6llisyytt\u00e4 yleiskaavalla\",\"datePublished\":\"2013-12-16T16:42:28+00:00\",\"dateModified\":\"2014-12-30T15:19:48+00:00\",\"mainEntityOfPage\":{\"@id\":\"https:\\\/\\\/jennipitko.fi\\\/koti\\\/yhteisollisyytta-yleiskaavalla\\\/\"},\"wordCount\":312,\"commentCount\":1,\"publisher\":{\"@id\":\"https:\\\/\\\/jennipitko.fi\\\/koti\\\/#organization\"},\"image\":{\"@id\":\"https:\\\/\\\/jennipitko.fi\\\/koti\\\/yhteisollisyytta-yleiskaavalla\\\/#primaryimage\"},\"thumbnailUrl\":\"\",\"keywords\":[\"kaupunkikehitys\",\"osallistuminen\",\"yhteis\u00f6llisyys\",\"yleiskaava\"],\"articleSection\":[\"Blogi\"],\"inLanguage\":\"fi\",\"potentialAction\":[{\"@type\":\"CommentAction\",\"name\":\"Comment\",\"target\":[\"https:\\\/\\\/jennipitko.fi\\\/koti\\\/yhteisollisyytta-yleiskaavalla\\\/#respond\"]}]},{\"@type\":\"WebPage\",\"@id\":\"https:\\\/\\\/jennipitko.fi\\\/koti\\\/yhteisollisyytta-yleiskaavalla\\\/\",\"url\":\"https:\\\/\\\/jennipitko.fi\\\/koti\\\/yhteisollisyytta-yleiskaavalla\\\/\",\"name\":\"Yhteis\u00f6llisyytt\u00e4 yleiskaavalla - Jenni Pitko - Vihreiden varapuheenjohtaja, ymp\u00e4rist\u00f6valiokunnan puheenjohtaja, kansanedustaja ja arkkitehti Oulusta\",\"isPartOf\":{\"@id\":\"https:\\\/\\\/jennipitko.fi\\\/koti\\\/#website\"},\"primaryImageOfPage\":{\"@id\":\"https:\\\/\\\/jennipitko.fi\\\/koti\\\/yhteisollisyytta-yleiskaavalla\\\/#primaryimage\"},\"image\":{\"@id\":\"https:\\\/\\\/jennipitko.fi\\\/koti\\\/yhteisollisyytta-yleiskaavalla\\\/#primaryimage\"},\"thumbnailUrl\":\"\",\"datePublished\":\"2013-12-16T16:42:28+00:00\",\"dateModified\":\"2014-12-30T15:19:48+00:00\",\"breadcrumb\":{\"@id\":\"https:\\\/\\\/jennipitko.fi\\\/koti\\\/yhteisollisyytta-yleiskaavalla\\\/#breadcrumb\"},\"inLanguage\":\"fi\",\"potentialAction\":[{\"@type\":\"ReadAction\",\"target\":[\"https:\\\/\\\/jennipitko.fi\\\/koti\\\/yhteisollisyytta-yleiskaavalla\\\/\"]}]},{\"@type\":\"ImageObject\",\"inLanguage\":\"fi\",\"@id\":\"https:\\\/\\\/jennipitko.fi\\\/koti\\\/yhteisollisyytta-yleiskaavalla\\\/#primaryimage\",\"url\":\"\",\"contentUrl\":\"\"},{\"@type\":\"BreadcrumbList\",\"@id\":\"https:\\\/\\\/jennipitko.fi\\\/koti\\\/yhteisollisyytta-yleiskaavalla\\\/#breadcrumb\",\"itemListElement\":[{\"@type\":\"ListItem\",\"position\":1,\"name\":\"Home\",\"item\":\"https:\\\/\\\/jennipitko.fi\\\/koti\\\/\"},{\"@type\":\"ListItem\",\"position\":2,\"name\":\"Yhteis\u00f6llisyytt\u00e4 yleiskaavalla\"}]},{\"@type\":\"WebSite\",\"@id\":\"https:\\\/\\\/jennipitko.fi\\\/koti\\\/#website\",\"url\":\"https:\\\/\\\/jennipitko.fi\\\/koti\\\/\",\"name\":\"Jenni Pitko - Vihreiden varapuheenjohtaja, ymp\u00e4rist\u00f6valiokunnan puheenjohtaja, kansanedustaja ja arkkitehti Oulusta\",\"description\":\"Jenni Pitko - Vihreiden varapuheenjohtaja, ymp\u00e4rist\u00f6valiokunnan puheenjohtaja, kansanedustaja ja arkkitehti Oulusta\",\"publisher\":{\"@id\":\"https:\\\/\\\/jennipitko.fi\\\/koti\\\/#organization\"},\"potentialAction\":[{\"@type\":\"SearchAction\",\"target\":{\"@type\":\"EntryPoint\",\"urlTemplate\":\"https:\\\/\\\/jennipitko.fi\\\/koti\\\/?s={search_term_string}\"},\"query-input\":{\"@type\":\"PropertyValueSpecification\",\"valueRequired\":true,\"valueName\":\"search_term_string\"}}],\"inLanguage\":\"fi\"},{\"@type\":\"Organization\",\"@id\":\"https:\\\/\\\/jennipitko.fi\\\/koti\\\/#organization\",\"name\":\"Jenni Pitko - Vihreiden varapuheenjohtaja, ymp\u00e4rist\u00f6valiokunnan puheenjohtaja, kansanedustaja ja arkkitehti Oulusta\",\"url\":\"https:\\\/\\\/jennipitko.fi\\\/koti\\\/\",\"logo\":{\"@type\":\"ImageObject\",\"inLanguage\":\"fi\",\"@id\":\"https:\\\/\\\/jennipitko.fi\\\/koti\\\/#\\\/schema\\\/logo\\\/image\\\/\",\"url\":\"https:\\\/\\\/jennipitko.fi\\\/koti\\\/wp-content\\\/uploads\\\/2025\\\/09\\\/Nimeton-malli-38.png\",\"contentUrl\":\"https:\\\/\\\/jennipitko.fi\\\/koti\\\/wp-content\\\/uploads\\\/2025\\\/09\\\/Nimeton-malli-38.png\",\"width\":1280,\"height\":847,\"caption\":\"Jenni Pitko - Vihreiden varapuheenjohtaja, ymp\u00e4rist\u00f6valiokunnan puheenjohtaja, kansanedustaja ja arkkitehti Oulusta\"},\"image\":{\"@id\":\"https:\\\/\\\/jennipitko.fi\\\/koti\\\/#\\\/schema\\\/logo\\\/image\\\/\"}},{\"@type\":\"Person\",\"@id\":\"https:\\\/\\\/jennipitko.fi\\\/koti\\\/#\\\/schema\\\/person\\\/3f242bfe958144234373266ea416e4d6\",\"name\":\"Jenni\",\"image\":{\"@type\":\"ImageObject\",\"inLanguage\":\"fi\",\"@id\":\"https:\\\/\\\/secure.gravatar.com\\\/avatar\\\/469343e1290c3e818159b4a4348708c09929f07a2f460e664497d6fb92f80743?s=96&d=blank&r=g\",\"url\":\"https:\\\/\\\/secure.gravatar.com\\\/avatar\\\/469343e1290c3e818159b4a4348708c09929f07a2f460e664497d6fb92f80743?s=96&d=blank&r=g\",\"contentUrl\":\"https:\\\/\\\/secure.gravatar.com\\\/avatar\\\/469343e1290c3e818159b4a4348708c09929f07a2f460e664497d6fb92f80743?s=96&d=blank&r=g\",\"caption\":\"Jenni\"},\"url\":\"https:\\\/\\\/jennipitko.fi\\\/koti\\\/author\\\/jenni-pitko\\\/\"}]}<\/script>\n<!-- \/ Yoast SEO plugin. -->","yoast_head_json":{"title":"Yhteis\u00f6llisyytt\u00e4 yleiskaavalla - Jenni Pitko - Vihreiden varapuheenjohtaja, ymp\u00e4rist\u00f6valiokunnan puheenjohtaja, kansanedustaja ja arkkitehti Oulusta","robots":{"index":"index","follow":"follow","max-snippet":"max-snippet:-1","max-image-preview":"max-image-preview:large","max-video-preview":"max-video-preview:-1"},"canonical":"https:\/\/jennipitko.fi\/koti\/yhteisollisyytta-yleiskaavalla\/","og_locale":"fi_FI","og_type":"article","og_title":"Yhteis\u00f6llisyytt\u00e4 yleiskaavalla - Jenni Pitko - Vihreiden varapuheenjohtaja, ymp\u00e4rist\u00f6valiokunnan puheenjohtaja, kansanedustaja ja arkkitehti Oulusta","og_description":"Oulussa tehd\u00e4\u00e4n paraikaa koko uuden Oulun k\u00e4sitt\u00e4v\u00e4\u00e4 yleiskaavaa. Yleiskaava m\u00e4\u00e4ritt\u00e4\u00e4 pitk\u00e4ll\u00e4 t\u00e4ht\u00e4imell\u00e4 koko kaupungin yhdyskuntarakenteen kehityksen. Yleiskaava n\u00e4ytt\u00e4\u00e4 tulevaisuuden asumisen [&hellip;]","og_url":"https:\/\/jennipitko.fi\/koti\/yhteisollisyytta-yleiskaavalla\/","og_site_name":"Jenni Pitko - Vihreiden varapuheenjohtaja, ymp\u00e4rist\u00f6valiokunnan puheenjohtaja, kansanedustaja ja arkkitehti Oulusta","article_published_time":"2013-12-16T16:42:28+00:00","article_modified_time":"2014-12-30T15:19:48+00:00","author":"Jenni","twitter_card":"summary_large_image","twitter_misc":{"Kirjoittanut":"Jenni","Arvioitu lukuaika":"2 minuuttia"},"schema":{"@context":"https:\/\/schema.org","@graph":[{"@type":"Article","@id":"https:\/\/jennipitko.fi\/koti\/yhteisollisyytta-yleiskaavalla\/#article","isPartOf":{"@id":"https:\/\/jennipitko.fi\/koti\/yhteisollisyytta-yleiskaavalla\/"},"author":{"name":"Jenni","@id":"https:\/\/jennipitko.fi\/koti\/#\/schema\/person\/3f242bfe958144234373266ea416e4d6"},"headline":"Yhteis\u00f6llisyytt\u00e4 yleiskaavalla","datePublished":"2013-12-16T16:42:28+00:00","dateModified":"2014-12-30T15:19:48+00:00","mainEntityOfPage":{"@id":"https:\/\/jennipitko.fi\/koti\/yhteisollisyytta-yleiskaavalla\/"},"wordCount":312,"commentCount":1,"publisher":{"@id":"https:\/\/jennipitko.fi\/koti\/#organization"},"image":{"@id":"https:\/\/jennipitko.fi\/koti\/yhteisollisyytta-yleiskaavalla\/#primaryimage"},"thumbnailUrl":"","keywords":["kaupunkikehitys","osallistuminen","yhteis\u00f6llisyys","yleiskaava"],"articleSection":["Blogi"],"inLanguage":"fi","potentialAction":[{"@type":"CommentAction","name":"Comment","target":["https:\/\/jennipitko.fi\/koti\/yhteisollisyytta-yleiskaavalla\/#respond"]}]},{"@type":"WebPage","@id":"https:\/\/jennipitko.fi\/koti\/yhteisollisyytta-yleiskaavalla\/","url":"https:\/\/jennipitko.fi\/koti\/yhteisollisyytta-yleiskaavalla\/","name":"Yhteis\u00f6llisyytt\u00e4 yleiskaavalla - Jenni Pitko - Vihreiden varapuheenjohtaja, ymp\u00e4rist\u00f6valiokunnan puheenjohtaja, kansanedustaja ja arkkitehti Oulusta","isPartOf":{"@id":"https:\/\/jennipitko.fi\/koti\/#website"},"primaryImageOfPage":{"@id":"https:\/\/jennipitko.fi\/koti\/yhteisollisyytta-yleiskaavalla\/#primaryimage"},"image":{"@id":"https:\/\/jennipitko.fi\/koti\/yhteisollisyytta-yleiskaavalla\/#primaryimage"},"thumbnailUrl":"","datePublished":"2013-12-16T16:42:28+00:00","dateModified":"2014-12-30T15:19:48+00:00","breadcrumb":{"@id":"https:\/\/jennipitko.fi\/koti\/yhteisollisyytta-yleiskaavalla\/#breadcrumb"},"inLanguage":"fi","potentialAction":[{"@type":"ReadAction","target":["https:\/\/jennipitko.fi\/koti\/yhteisollisyytta-yleiskaavalla\/"]}]},{"@type":"ImageObject","inLanguage":"fi","@id":"https:\/\/jennipitko.fi\/koti\/yhteisollisyytta-yleiskaavalla\/#primaryimage","url":"","contentUrl":""},{"@type":"BreadcrumbList","@id":"https:\/\/jennipitko.fi\/koti\/yhteisollisyytta-yleiskaavalla\/#breadcrumb","itemListElement":[{"@type":"ListItem","position":1,"name":"Home","item":"https:\/\/jennipitko.fi\/koti\/"},{"@type":"ListItem","position":2,"name":"Yhteis\u00f6llisyytt\u00e4 yleiskaavalla"}]},{"@type":"WebSite","@id":"https:\/\/jennipitko.fi\/koti\/#website","url":"https:\/\/jennipitko.fi\/koti\/","name":"Jenni Pitko - Vihreiden varapuheenjohtaja, ymp\u00e4rist\u00f6valiokunnan puheenjohtaja, kansanedustaja ja arkkitehti Oulusta","description":"Jenni Pitko - Vihreiden varapuheenjohtaja, ymp\u00e4rist\u00f6valiokunnan puheenjohtaja, kansanedustaja ja arkkitehti Oulusta","publisher":{"@id":"https:\/\/jennipitko.fi\/koti\/#organization"},"potentialAction":[{"@type":"SearchAction","target":{"@type":"EntryPoint","urlTemplate":"https:\/\/jennipitko.fi\/koti\/?s={search_term_string}"},"query-input":{"@type":"PropertyValueSpecification","valueRequired":true,"valueName":"search_term_string"}}],"inLanguage":"fi"},{"@type":"Organization","@id":"https:\/\/jennipitko.fi\/koti\/#organization","name":"Jenni Pitko - Vihreiden varapuheenjohtaja, ymp\u00e4rist\u00f6valiokunnan puheenjohtaja, kansanedustaja ja arkkitehti Oulusta","url":"https:\/\/jennipitko.fi\/koti\/","logo":{"@type":"ImageObject","inLanguage":"fi","@id":"https:\/\/jennipitko.fi\/koti\/#\/schema\/logo\/image\/","url":"https:\/\/jennipitko.fi\/koti\/wp-content\/uploads\/2025\/09\/Nimeton-malli-38.png","contentUrl":"https:\/\/jennipitko.fi\/koti\/wp-content\/uploads\/2025\/09\/Nimeton-malli-38.png","width":1280,"height":847,"caption":"Jenni Pitko - Vihreiden varapuheenjohtaja, ymp\u00e4rist\u00f6valiokunnan puheenjohtaja, kansanedustaja ja arkkitehti Oulusta"},"image":{"@id":"https:\/\/jennipitko.fi\/koti\/#\/schema\/logo\/image\/"}},{"@type":"Person","@id":"https:\/\/jennipitko.fi\/koti\/#\/schema\/person\/3f242bfe958144234373266ea416e4d6","name":"Jenni","image":{"@type":"ImageObject","inLanguage":"fi","@id":"https:\/\/secure.gravatar.com\/avatar\/469343e1290c3e818159b4a4348708c09929f07a2f460e664497d6fb92f80743?s=96&d=blank&r=g","url":"https:\/\/secure.gravatar.com\/avatar\/469343e1290c3e818159b4a4348708c09929f07a2f460e664497d6fb92f80743?s=96&d=blank&r=g","contentUrl":"https:\/\/secure.gravatar.com\/avatar\/469343e1290c3e818159b4a4348708c09929f07a2f460e664497d6fb92f80743?s=96&d=blank&r=g","caption":"Jenni"},"url":"https:\/\/jennipitko.fi\/koti\/author\/jenni-pitko\/"}]}},"_links":{"self":[{"href":"https:\/\/jennipitko.fi\/koti\/wp-json\/wp\/v2\/posts\/685","targetHints":{"allow":["GET"]}}],"collection":[{"href":"https:\/\/jennipitko.fi\/koti\/wp-json\/wp\/v2\/posts"}],"about":[{"href":"https:\/\/jennipitko.fi\/koti\/wp-json\/wp\/v2\/types\/post"}],"author":[{"embeddable":true,"href":"https:\/\/jennipitko.fi\/koti\/wp-json\/wp\/v2\/users\/2"}],"replies":[{"embeddable":true,"href":"https:\/\/jennipitko.fi\/koti\/wp-json\/wp\/v2\/comments?post=685"}],"version-history":[{"count":1,"href":"https:\/\/jennipitko.fi\/koti\/wp-json\/wp\/v2\/posts\/685\/revisions"}],"predecessor-version":[{"id":801,"href":"https:\/\/jennipitko.fi\/koti\/wp-json\/wp\/v2\/posts\/685\/revisions\/801"}],"wp:featuredmedia":[{"embeddable":true,"href":"https:\/\/jennipitko.fi\/koti\/wp-json\/"}],"wp:attachment":[{"href":"https:\/\/jennipitko.fi\/koti\/wp-json\/wp\/v2\/media?parent=685"}],"wp:term":[{"taxonomy":"category","embeddable":true,"href":"https:\/\/jennipitko.fi\/koti\/wp-json\/wp\/v2\/categories?post=685"},{"taxonomy":"post_tag","embeddable":true,"href":"https:\/\/jennipitko.fi\/koti\/wp-json\/wp\/v2\/tags?post=685"}],"curies":[{"name":"wp","href":"https:\/\/api.w.org\/{rel}","templated":true}]}}