{"id":689,"date":"2014-02-05T17:46:29","date_gmt":"2014-02-05T15:46:29","guid":{"rendered":"http:\/\/henkilot.vihreat.fi\/jenni.pitko\/?p=689"},"modified":"2014-12-30T15:20:34","modified_gmt":"2014-12-30T15:20:34","slug":"eun-paatokset-vaikuttavat-minunkin-arkeeni","status":"publish","type":"post","link":"https:\/\/jennipitko.fi\/koti\/eun-paatokset-vaikuttavat-minunkin-arkeeni\/","title":{"rendered":"EU:n p\u00e4\u00e4t\u00f6kset vaikuttavat minunkin arkeeni"},"content":{"rendered":"<p><em>T\u00e4m\u00e4 blogi julkaistiin Oulun vaalipiirin vihreiden Viikon vieras -blogissa 3.2.2014<\/em><\/p>\n<p>T\u00e4m\u00e4 kev\u00e4t on eurovaalikev\u00e4t. T\u00e4ss\u00e4 blogitekstiss\u00e4 kerron, mitk\u00e4 EU:n asiat koskettavat minua eniten, jotta voisin koskettaa kenties my\u00f6s sinua.<\/p>\n<p>Alkuun EU tiivistetysti. Euroopan komissiossa on 736 j\u00e4sent\u00e4, joista suomalaisia t\u00e4ll\u00e4 vaalikaudella on ollut 13. Unionissa on 28 j\u00e4senmaata ja se kattaa suuren osan Euroopan mantereesta. Unionin asiat voivat tuntua kaukaisilta, vaikka p\u00e4\u00e4tett\u00e4v\u00e4t asiat koskettavat arkeamme aivan yht\u00e4 paljon kuin esimerkiksi kuntatasolla tehdyt p\u00e4\u00e4t\u00f6kset, jotkut jopa enemm\u00e4nkin.<\/p>\n<p>T\u00e4ss\u00e4 muutama esimerkki.<!--more--><\/p>\n<p>Kehitysapu. EU on maailman suurin kehitysavun rahoittaja. Yli puolet k\u00f6yhille maille annettavan avun rahoituksesta on per\u00e4isin EU:sta ja sen j\u00e4senmaista. KEPAn mukaan EU-maiden kehitysyhteisty\u00f6n m\u00e4\u00e4r\u00e4 laski 500 miljoonalla eurolla vuonna 2011. Kansainv\u00e4linen 0,7-sitoumus (eli ett\u00e4 jokainen maa k\u00e4ytt\u00e4isi 0,7 prosenttia bruttokansantulostaan kehitysapuun) on m\u00e4\u00e4r\u00e4 t\u00e4ytt\u00e4\u00e4 vuoden 2015 loppuun menness\u00e4. Tavoitteesta on pidett\u00e4v\u00e4 kiinni!<\/p>\n<p>Ruoka. Maataloustukien lis\u00e4ksi EU:ssa p\u00e4\u00e4tet\u00e4\u00e4n siit\u00e4, mit\u00e4 lis\u00e4aineita ruokaan saa panna ja mit\u00e4 myrkkyj\u00e4 pelloille levitt\u00e4\u00e4. Siell\u00e4 p\u00e4\u00e4tet\u00e4\u00e4n saako kuluttajille myyd\u00e4 kloonattua el\u00e4inten lihaa ja kuinka kuluttajalle pit\u00e4\u00e4 kirjoittaa pakkaukseen geenimuuntelusta ja miten elintarvikkeita saa markkinoida terveellisin\u00e4. Meppi Satu Hassi kertoo blogissaan, ett\u00e4 t\u00e4ll\u00e4 EU-vaalikaudella vihre\u00e4t ajoivat direktiivi\u00e4, joka poistaa k\u00e4yt\u00f6st\u00e4 sellaiset tuholaisten torjunta-aineet jotka aiheuttavat sy\u00f6p\u00e4\u00e4, perim\u00e4n muutoksia ja hedelm\u00e4tt\u00f6myytt\u00e4. Alan teollisuus pelotteli ett\u00e4 ruoka loppuu, mutta lopulta direktiivi hyv\u00e4ksyttiin ja voimme t\u00e4n\u00e4 p\u00e4iv\u00e4n\u00e4 Suomessakin nakertaa porkkanaa v\u00e4h\u00e4n turvallisemmin.<\/p>\n<p>El\u00e4imet. El\u00e4intenoikeuksien kannalta EU on vahva vaikuttaja. EU:lla on direktiivit muun muassa koe-el\u00e4imist\u00e4 sek\u00e4 viime vuonna uusitusta kosmetiikkadirektiivist\u00e4, johon on sis\u00e4llytetty kosmetiikan el\u00e4inkoekielto, joka astui asteittain voimaan vuonna 2013. EU:n REACH-asetus sallii el\u00e4inkokeiden k\u00e4yt\u00f6n erilaisten kemikaalien, kuten kodinpuhdistusaineiden, maalien, liimojen, kasvinsuojeluaineiden testaamiseen. El\u00e4imill\u00e4 testataan kemikaalien myrkyllisyytt\u00e4 ja koe-el\u00e4imelle aiheutettavat myrkytysoireet voivat olla eritt\u00e4in voimakkaita ja tuskallisia. My\u00f6s el\u00e4inten kohtelu ja olot maatiloilla voidaan parhaiten s\u00e4\u00e4t\u00e4\u00e4n EU:n tasolla sill\u00e4 silloin kustannuksia nostavat toimenpiteet kuten kanah\u00e4kkien liikkumatilan kasvattaminen, koskee kaikkia EU-maita eik\u00e4 laske yksitt\u00e4isen maan kanatilojen tuotantokustannuksia ja t\u00e4ten kilpailukyky\u00e4 vienniss\u00e4.<\/p>\n<p>Nuoret. Kaikkiaan 7,5 miljoonaa 15\u201324-vuotiasta eurooppalaista ei ole ty\u00f6ss\u00e4 eik\u00e4 koulutuksessa. Viime vuosina EU on ottanut osaa nuorisoty\u00f6tt\u00f6myyden kitkemiseen. Eu pyrkii ohjaamaan j\u00e4senmaitaan antamillaan toimenpide-ehdotuksilla, joita ovat esimerkiksi nuorisotakuu, ty\u00f6voimapalvelujen ja koulutuksen kehitt\u00e4minen, liikkuvuuden edist\u00e4minen ja EU-rahoituksen parempi hy\u00f6dynt\u00e4minen.<\/p>\n<p>P\u00e4\u00e4st\u00f6t. EU:lla on sormensa peliss\u00e4 my\u00f6s ilmastoasioissa \u2013 ja hyv\u00e4 niin. Ilmastonsuojelu vaatii maiden v\u00e4list\u00e4 yhteisty\u00f6t\u00e4 sill\u00e4 ilmasto on meid\u00e4n kaikkien yhteinen eik\u00e4 katso maan rajoja. EU:n p\u00e4\u00e4st\u00f6kaupassa haitallisia p\u00e4\u00e4st\u00f6j\u00e4\u00a0tuottavat laitokset ovat velvollisia omistamaan kutakin tuottamaansa p\u00e4\u00e4st\u00f6m\u00e4\u00e4r\u00e4n yksikk\u00f6\u00e4 kohti tietyn m\u00e4\u00e4r\u00e4n p\u00e4\u00e4st\u00f6oikeuksia. P\u00e4\u00e4st\u00f6oikeuksia voidaan myyd\u00e4 ja ostaa. P\u00e4\u00e4st\u00f6kaupalla pyrit\u00e4\u00e4n kustannustehokkaalla tavalla rajoittamaan haitallisia p\u00e4\u00e4st\u00f6j\u00e4 ja tavoite on hyv\u00e4, mutta siin\u00e4 on paljon valuvikoja. Suomi kiert\u00e4\u00e4 p\u00e4\u00e4st\u00f6kaupan asettamia taloudellisia paineita omalla turpeen bonustariffij\u00e4rjestelm\u00e4ll\u00e4 ja monissa maissa p\u00e4\u00e4st\u00f6kaupan johdosta hiilen tuotannon kannattavuus on kasvanut. Ainakin Osmo Soininvaara on arvioinut, ett\u00e4 p\u00e4\u00e4st\u00f6oikeuksia laskettiin alunperin markkinoille liian paljon.<\/p>\n<p>N\u00e4ist\u00e4 asioista p\u00e4\u00e4tt\u00e4m\u00e4\u00e4n me saamme EU:n kansalaisina \u00e4\u00e4nest\u00e4\u00e4 omat edustajamme toukokuussa. Jos sin\u00e4 et k\u00e4yt\u00e4 \u00e4\u00e4nivaltaasi, saa esimerkiksi EU-kriittisten \u00e4\u00e4nest\u00e4jien \u00e4\u00e4ni enemm\u00e4n valtaa. Euroopan unioni tarvitsee yhdist\u00e4vi\u00e4, ei tuhoavia voimia.<\/p>\n<p>Itse olen \u00e4\u00e4nest\u00e4misen lis\u00e4ksi p\u00e4\u00e4tt\u00e4nyt olla yhden ehdokkaan mukana tekem\u00e4ss\u00e4 kampanjaa. Toimin n\u00e4iss\u00e4 vaaleissa istuvan kansanedustajan Satu Haapasen vaalitiimiss\u00e4 vaalip\u00e4\u00e4llikk\u00f6n\u00e4, tule sin\u00e4kin mukaan meid\u00e4n tiimiin! Satun teemoja vaaleissa ovat muun muassa arktiset asiat (v\u00e4hemmist\u00f6kansat ja luonnonsuojelu) sek\u00e4 koulutus ja nuoret. N\u00e4ist\u00e4 teemoista voit lukea pian lis\u00e4\u00e4 Satun nettisivuilta www.satuhaapanen.fi.<\/p>\n<p>Annan mielell\u00e4ni pienen osan ajastani, jotta Euroopasta tulisi v\u00e4h\u00e4n tasa-arvoisempi ja oikeudenmukaisempi paikka. L\u00f6ytyisik\u00f6 sinultakin muutama p\u00e4iv\u00e4 kev\u00e4\u00e4st\u00e4 olla jonkun ehdokkaan tukiryhm\u00e4ss\u00e4? My\u00f6s vaalipiiri tarvitsee yleiseen eurovaality\u00f6h\u00f6n vapaaehtoisia, teht\u00e4vi\u00e4kin l\u00f6ytyy monenlaisia niin ett\u00e4 jokaiselle l\u00f6ytyy mielekk\u00e4it\u00e4 haasteita, joissa p\u00e4\u00e4see kehitt\u00e4m\u00e4\u00e4n omia taitoja tai n\u00e4ytt\u00e4m\u00e4\u00e4n kykyns\u00e4!<\/p>\n<p>T\u00e4st\u00e4 linkist\u00e4 p\u00e4\u00e4see ilmoittautumaan kenen tahansa vihre\u00e4n eurovaaliehdokkaan tiimiin:<\/p>\n<p><a href=\"https:\/\/docs.google.com\/forms\/d\/1yO0l7e6NTvCc278RCiwgQMHofwh7XCA-kVIF9W_rRd8\/viewform\">https:\/\/docs.google.com\/forms\/d\/1yO0l7e6NTvCc278RCiwgQMHofwh7XCA-kVIF9W_rRd8\/viewform<\/a><\/p>\n<p>Iloista eurovaalikeskustelua ja \u2013kev\u00e4tt\u00e4 kaikkien arkeen toivottaen,<\/p>\n<p>Jenni<\/p>\n","protected":false},"excerpt":{"rendered":"<p>T\u00e4m\u00e4 blogi julkaistiin Oulun vaalipiirin vihreiden Viikon vieras -blogissa 3.2.2014 T\u00e4m\u00e4 kev\u00e4t on eurovaalikev\u00e4t. T\u00e4ss\u00e4 blogitekstiss\u00e4 kerron, mitk\u00e4 EU:n asiat [&hellip;]<\/p>\n","protected":false},"author":2,"featured_media":0,"comment_status":"open","ping_status":"open","sticky":false,"template":"","format":"standard","meta":{"_monsterinsights_skip_tracking":false,"_monsterinsights_sitenote_active":false,"_monsterinsights_sitenote_note":"","_monsterinsights_sitenote_category":0,"site-sidebar-layout":"default","site-content-layout":"","ast-site-content-layout":"default","site-content-style":"default","site-sidebar-style":"default","ast-global-header-display":"","ast-banner-title-visibility":"","ast-main-header-display":"","ast-hfb-above-header-display":"","ast-hfb-below-header-display":"","ast-hfb-mobile-header-display":"","site-post-title":"","ast-breadcrumbs-content":"","ast-featured-img":"","footer-sml-layout":"","ast-disable-related-posts":"","theme-transparent-header-meta":"","adv-header-id-meta":"","stick-header-meta":"","header-above-stick-meta":"","header-main-stick-meta":"","header-below-stick-meta":"","astra-migrate-meta-layouts":"default","ast-page-background-enabled":"default","ast-page-background-meta":{"desktop":{"background-color":"var(--ast-global-color-5)","background-image":"","background-repeat":"repeat","background-position":"center center","background-size":"auto","background-attachment":"scroll","background-type":"","background-media":"","overlay-type":"","overlay-color":"","overlay-opacity":"","overlay-gradient":""},"tablet":{"background-color":"","background-image":"","background-repeat":"repeat","background-position":"center center","background-size":"auto","background-attachment":"scroll","background-type":"","background-media":"","overlay-type":"","overlay-color":"","overlay-opacity":"","overlay-gradient":""},"mobile":{"background-color":"","background-image":"","background-repeat":"repeat","background-position":"center center","background-size":"auto","background-attachment":"scroll","background-type":"","background-media":"","overlay-type":"","overlay-color":"","overlay-opacity":"","overlay-gradient":""}},"ast-content-background-meta":{"desktop":{"background-color":"var(--ast-global-color-4)","background-image":"","background-repeat":"repeat","background-position":"center center","background-size":"auto","background-attachment":"scroll","background-type":"","background-media":"","overlay-type":"","overlay-color":"","overlay-opacity":"","overlay-gradient":""},"tablet":{"background-color":"var(--ast-global-color-4)","background-image":"","background-repeat":"repeat","background-position":"center center","background-size":"auto","background-attachment":"scroll","background-type":"","background-media":"","overlay-type":"","overlay-color":"","overlay-opacity":"","overlay-gradient":""},"mobile":{"background-color":"var(--ast-global-color-4)","background-image":"","background-repeat":"repeat","background-position":"center center","background-size":"auto","background-attachment":"scroll","background-type":"","background-media":"","overlay-type":"","overlay-color":"","overlay-opacity":"","overlay-gradient":""}},"footnotes":""},"categories":[2],"tags":[89,90,91,92,93,94,95,96,97,98,99,100,101],"class_list":["post-689","post","type-post","status-publish","format-standard","hentry","category-blogi","tag-elainkokeet","tag-elainten-oikeudet","tag-eu","tag-euroopan-unioni","tag-ilmasto","tag-kehitysapu","tag-lisaaineet","tag-nuoret","tag-nuorisotakuu","tag-paastokauppa","tag-paastot","tag-ruoka","tag-ruokapolitiikka"],"yoast_head":"<!-- This site is optimized with the Yoast SEO plugin v27.5 - https:\/\/yoast.com\/product\/yoast-seo-wordpress\/ -->\n<title>EU:n p\u00e4\u00e4t\u00f6kset vaikuttavat minunkin arkeeni - Jenni Pitko - Vihreiden varapuheenjohtaja, ymp\u00e4rist\u00f6valiokunnan puheenjohtaja, kansanedustaja ja arkkitehti Oulusta<\/title>\n<meta name=\"robots\" content=\"index, follow, max-snippet:-1, max-image-preview:large, max-video-preview:-1\" \/>\n<link rel=\"canonical\" href=\"https:\/\/jennipitko.fi\/koti\/eun-paatokset-vaikuttavat-minunkin-arkeeni\/\" \/>\n<meta property=\"og:locale\" content=\"fi_FI\" \/>\n<meta property=\"og:type\" content=\"article\" \/>\n<meta property=\"og:title\" content=\"EU:n p\u00e4\u00e4t\u00f6kset vaikuttavat minunkin arkeeni - Jenni Pitko - Vihreiden varapuheenjohtaja, ymp\u00e4rist\u00f6valiokunnan puheenjohtaja, kansanedustaja ja arkkitehti Oulusta\" \/>\n<meta property=\"og:description\" content=\"T\u00e4m\u00e4 blogi julkaistiin Oulun vaalipiirin vihreiden Viikon vieras -blogissa 3.2.2014 T\u00e4m\u00e4 kev\u00e4t on eurovaalikev\u00e4t. T\u00e4ss\u00e4 blogitekstiss\u00e4 kerron, mitk\u00e4 EU:n asiat [&hellip;]\" \/>\n<meta property=\"og:url\" content=\"https:\/\/jennipitko.fi\/koti\/eun-paatokset-vaikuttavat-minunkin-arkeeni\/\" \/>\n<meta property=\"og:site_name\" content=\"Jenni Pitko - Vihreiden varapuheenjohtaja, ymp\u00e4rist\u00f6valiokunnan puheenjohtaja, kansanedustaja ja arkkitehti Oulusta\" \/>\n<meta property=\"article:published_time\" content=\"2014-02-05T15:46:29+00:00\" \/>\n<meta property=\"article:modified_time\" content=\"2014-12-30T15:20:34+00:00\" \/>\n<meta name=\"author\" content=\"Jenni\" \/>\n<meta name=\"twitter:card\" content=\"summary_large_image\" \/>\n<meta name=\"twitter:label1\" content=\"Kirjoittanut\" \/>\n\t<meta name=\"twitter:data1\" content=\"Jenni\" \/>\n\t<meta name=\"twitter:label2\" content=\"Arvioitu lukuaika\" \/>\n\t<meta name=\"twitter:data2\" content=\"4 minuuttia\" \/>\n<script type=\"application\/ld+json\" class=\"yoast-schema-graph\">{\"@context\":\"https:\\\/\\\/schema.org\",\"@graph\":[{\"@type\":\"Article\",\"@id\":\"https:\\\/\\\/jennipitko.fi\\\/koti\\\/eun-paatokset-vaikuttavat-minunkin-arkeeni\\\/#article\",\"isPartOf\":{\"@id\":\"https:\\\/\\\/jennipitko.fi\\\/koti\\\/eun-paatokset-vaikuttavat-minunkin-arkeeni\\\/\"},\"author\":{\"name\":\"Jenni\",\"@id\":\"https:\\\/\\\/jennipitko.fi\\\/koti\\\/#\\\/schema\\\/person\\\/3f242bfe958144234373266ea416e4d6\"},\"headline\":\"EU:n p\u00e4\u00e4t\u00f6kset vaikuttavat minunkin arkeeni\",\"datePublished\":\"2014-02-05T15:46:29+00:00\",\"dateModified\":\"2014-12-30T15:20:34+00:00\",\"mainEntityOfPage\":{\"@id\":\"https:\\\/\\\/jennipitko.fi\\\/koti\\\/eun-paatokset-vaikuttavat-minunkin-arkeeni\\\/\"},\"wordCount\":753,\"commentCount\":0,\"publisher\":{\"@id\":\"https:\\\/\\\/jennipitko.fi\\\/koti\\\/#organization\"},\"keywords\":[\"el\u00e4inkokeet\",\"el\u00e4inten oikeudet\",\"EU\",\"Euroopan unioni\",\"ilmasto\",\"kehitysapu\",\"lis\u00e4aineet\",\"nuoret\",\"nuorisotakuu\",\"p\u00e4\u00e4st\u00f6kauppa\",\"p\u00e4\u00e4st\u00f6t\",\"ruoka\",\"ruokapolitiikka\"],\"articleSection\":[\"Blogi\"],\"inLanguage\":\"fi\",\"potentialAction\":[{\"@type\":\"CommentAction\",\"name\":\"Comment\",\"target\":[\"https:\\\/\\\/jennipitko.fi\\\/koti\\\/eun-paatokset-vaikuttavat-minunkin-arkeeni\\\/#respond\"]}]},{\"@type\":\"WebPage\",\"@id\":\"https:\\\/\\\/jennipitko.fi\\\/koti\\\/eun-paatokset-vaikuttavat-minunkin-arkeeni\\\/\",\"url\":\"https:\\\/\\\/jennipitko.fi\\\/koti\\\/eun-paatokset-vaikuttavat-minunkin-arkeeni\\\/\",\"name\":\"EU:n p\u00e4\u00e4t\u00f6kset vaikuttavat minunkin arkeeni - Jenni Pitko - Vihreiden varapuheenjohtaja, ymp\u00e4rist\u00f6valiokunnan puheenjohtaja, kansanedustaja ja arkkitehti Oulusta\",\"isPartOf\":{\"@id\":\"https:\\\/\\\/jennipitko.fi\\\/koti\\\/#website\"},\"datePublished\":\"2014-02-05T15:46:29+00:00\",\"dateModified\":\"2014-12-30T15:20:34+00:00\",\"breadcrumb\":{\"@id\":\"https:\\\/\\\/jennipitko.fi\\\/koti\\\/eun-paatokset-vaikuttavat-minunkin-arkeeni\\\/#breadcrumb\"},\"inLanguage\":\"fi\",\"potentialAction\":[{\"@type\":\"ReadAction\",\"target\":[\"https:\\\/\\\/jennipitko.fi\\\/koti\\\/eun-paatokset-vaikuttavat-minunkin-arkeeni\\\/\"]}]},{\"@type\":\"BreadcrumbList\",\"@id\":\"https:\\\/\\\/jennipitko.fi\\\/koti\\\/eun-paatokset-vaikuttavat-minunkin-arkeeni\\\/#breadcrumb\",\"itemListElement\":[{\"@type\":\"ListItem\",\"position\":1,\"name\":\"Home\",\"item\":\"https:\\\/\\\/jennipitko.fi\\\/koti\\\/\"},{\"@type\":\"ListItem\",\"position\":2,\"name\":\"EU:n p\u00e4\u00e4t\u00f6kset vaikuttavat minunkin arkeeni\"}]},{\"@type\":\"WebSite\",\"@id\":\"https:\\\/\\\/jennipitko.fi\\\/koti\\\/#website\",\"url\":\"https:\\\/\\\/jennipitko.fi\\\/koti\\\/\",\"name\":\"Jenni Pitko - Vihreiden varapuheenjohtaja, ymp\u00e4rist\u00f6valiokunnan puheenjohtaja, kansanedustaja ja arkkitehti Oulusta\",\"description\":\"Jenni Pitko - Vihreiden varapuheenjohtaja, ymp\u00e4rist\u00f6valiokunnan puheenjohtaja, kansanedustaja ja arkkitehti Oulusta\",\"publisher\":{\"@id\":\"https:\\\/\\\/jennipitko.fi\\\/koti\\\/#organization\"},\"potentialAction\":[{\"@type\":\"SearchAction\",\"target\":{\"@type\":\"EntryPoint\",\"urlTemplate\":\"https:\\\/\\\/jennipitko.fi\\\/koti\\\/?s={search_term_string}\"},\"query-input\":{\"@type\":\"PropertyValueSpecification\",\"valueRequired\":true,\"valueName\":\"search_term_string\"}}],\"inLanguage\":\"fi\"},{\"@type\":\"Organization\",\"@id\":\"https:\\\/\\\/jennipitko.fi\\\/koti\\\/#organization\",\"name\":\"Jenni Pitko - Vihreiden varapuheenjohtaja, ymp\u00e4rist\u00f6valiokunnan puheenjohtaja, kansanedustaja ja arkkitehti Oulusta\",\"url\":\"https:\\\/\\\/jennipitko.fi\\\/koti\\\/\",\"logo\":{\"@type\":\"ImageObject\",\"inLanguage\":\"fi\",\"@id\":\"https:\\\/\\\/jennipitko.fi\\\/koti\\\/#\\\/schema\\\/logo\\\/image\\\/\",\"url\":\"https:\\\/\\\/jennipitko.fi\\\/koti\\\/wp-content\\\/uploads\\\/2025\\\/09\\\/Nimeton-malli-38.png\",\"contentUrl\":\"https:\\\/\\\/jennipitko.fi\\\/koti\\\/wp-content\\\/uploads\\\/2025\\\/09\\\/Nimeton-malli-38.png\",\"width\":1280,\"height\":847,\"caption\":\"Jenni Pitko - Vihreiden varapuheenjohtaja, ymp\u00e4rist\u00f6valiokunnan puheenjohtaja, kansanedustaja ja arkkitehti Oulusta\"},\"image\":{\"@id\":\"https:\\\/\\\/jennipitko.fi\\\/koti\\\/#\\\/schema\\\/logo\\\/image\\\/\"}},{\"@type\":\"Person\",\"@id\":\"https:\\\/\\\/jennipitko.fi\\\/koti\\\/#\\\/schema\\\/person\\\/3f242bfe958144234373266ea416e4d6\",\"name\":\"Jenni\",\"image\":{\"@type\":\"ImageObject\",\"inLanguage\":\"fi\",\"@id\":\"https:\\\/\\\/secure.gravatar.com\\\/avatar\\\/469343e1290c3e818159b4a4348708c09929f07a2f460e664497d6fb92f80743?s=96&d=blank&r=g\",\"url\":\"https:\\\/\\\/secure.gravatar.com\\\/avatar\\\/469343e1290c3e818159b4a4348708c09929f07a2f460e664497d6fb92f80743?s=96&d=blank&r=g\",\"contentUrl\":\"https:\\\/\\\/secure.gravatar.com\\\/avatar\\\/469343e1290c3e818159b4a4348708c09929f07a2f460e664497d6fb92f80743?s=96&d=blank&r=g\",\"caption\":\"Jenni\"},\"url\":\"https:\\\/\\\/jennipitko.fi\\\/koti\\\/author\\\/jenni-pitko\\\/\"}]}<\/script>\n<!-- \/ Yoast SEO plugin. -->","yoast_head_json":{"title":"EU:n p\u00e4\u00e4t\u00f6kset vaikuttavat minunkin arkeeni - Jenni Pitko - Vihreiden varapuheenjohtaja, ymp\u00e4rist\u00f6valiokunnan puheenjohtaja, kansanedustaja ja arkkitehti Oulusta","robots":{"index":"index","follow":"follow","max-snippet":"max-snippet:-1","max-image-preview":"max-image-preview:large","max-video-preview":"max-video-preview:-1"},"canonical":"https:\/\/jennipitko.fi\/koti\/eun-paatokset-vaikuttavat-minunkin-arkeeni\/","og_locale":"fi_FI","og_type":"article","og_title":"EU:n p\u00e4\u00e4t\u00f6kset vaikuttavat minunkin arkeeni - Jenni Pitko - Vihreiden varapuheenjohtaja, ymp\u00e4rist\u00f6valiokunnan puheenjohtaja, kansanedustaja ja arkkitehti Oulusta","og_description":"T\u00e4m\u00e4 blogi julkaistiin Oulun vaalipiirin vihreiden Viikon vieras -blogissa 3.2.2014 T\u00e4m\u00e4 kev\u00e4t on eurovaalikev\u00e4t. T\u00e4ss\u00e4 blogitekstiss\u00e4 kerron, mitk\u00e4 EU:n asiat [&hellip;]","og_url":"https:\/\/jennipitko.fi\/koti\/eun-paatokset-vaikuttavat-minunkin-arkeeni\/","og_site_name":"Jenni Pitko - Vihreiden varapuheenjohtaja, ymp\u00e4rist\u00f6valiokunnan puheenjohtaja, kansanedustaja ja arkkitehti Oulusta","article_published_time":"2014-02-05T15:46:29+00:00","article_modified_time":"2014-12-30T15:20:34+00:00","author":"Jenni","twitter_card":"summary_large_image","twitter_misc":{"Kirjoittanut":"Jenni","Arvioitu lukuaika":"4 minuuttia"},"schema":{"@context":"https:\/\/schema.org","@graph":[{"@type":"Article","@id":"https:\/\/jennipitko.fi\/koti\/eun-paatokset-vaikuttavat-minunkin-arkeeni\/#article","isPartOf":{"@id":"https:\/\/jennipitko.fi\/koti\/eun-paatokset-vaikuttavat-minunkin-arkeeni\/"},"author":{"name":"Jenni","@id":"https:\/\/jennipitko.fi\/koti\/#\/schema\/person\/3f242bfe958144234373266ea416e4d6"},"headline":"EU:n p\u00e4\u00e4t\u00f6kset vaikuttavat minunkin arkeeni","datePublished":"2014-02-05T15:46:29+00:00","dateModified":"2014-12-30T15:20:34+00:00","mainEntityOfPage":{"@id":"https:\/\/jennipitko.fi\/koti\/eun-paatokset-vaikuttavat-minunkin-arkeeni\/"},"wordCount":753,"commentCount":0,"publisher":{"@id":"https:\/\/jennipitko.fi\/koti\/#organization"},"keywords":["el\u00e4inkokeet","el\u00e4inten oikeudet","EU","Euroopan unioni","ilmasto","kehitysapu","lis\u00e4aineet","nuoret","nuorisotakuu","p\u00e4\u00e4st\u00f6kauppa","p\u00e4\u00e4st\u00f6t","ruoka","ruokapolitiikka"],"articleSection":["Blogi"],"inLanguage":"fi","potentialAction":[{"@type":"CommentAction","name":"Comment","target":["https:\/\/jennipitko.fi\/koti\/eun-paatokset-vaikuttavat-minunkin-arkeeni\/#respond"]}]},{"@type":"WebPage","@id":"https:\/\/jennipitko.fi\/koti\/eun-paatokset-vaikuttavat-minunkin-arkeeni\/","url":"https:\/\/jennipitko.fi\/koti\/eun-paatokset-vaikuttavat-minunkin-arkeeni\/","name":"EU:n p\u00e4\u00e4t\u00f6kset vaikuttavat minunkin arkeeni - Jenni Pitko - Vihreiden varapuheenjohtaja, ymp\u00e4rist\u00f6valiokunnan puheenjohtaja, kansanedustaja ja arkkitehti Oulusta","isPartOf":{"@id":"https:\/\/jennipitko.fi\/koti\/#website"},"datePublished":"2014-02-05T15:46:29+00:00","dateModified":"2014-12-30T15:20:34+00:00","breadcrumb":{"@id":"https:\/\/jennipitko.fi\/koti\/eun-paatokset-vaikuttavat-minunkin-arkeeni\/#breadcrumb"},"inLanguage":"fi","potentialAction":[{"@type":"ReadAction","target":["https:\/\/jennipitko.fi\/koti\/eun-paatokset-vaikuttavat-minunkin-arkeeni\/"]}]},{"@type":"BreadcrumbList","@id":"https:\/\/jennipitko.fi\/koti\/eun-paatokset-vaikuttavat-minunkin-arkeeni\/#breadcrumb","itemListElement":[{"@type":"ListItem","position":1,"name":"Home","item":"https:\/\/jennipitko.fi\/koti\/"},{"@type":"ListItem","position":2,"name":"EU:n p\u00e4\u00e4t\u00f6kset vaikuttavat minunkin arkeeni"}]},{"@type":"WebSite","@id":"https:\/\/jennipitko.fi\/koti\/#website","url":"https:\/\/jennipitko.fi\/koti\/","name":"Jenni Pitko - Vihreiden varapuheenjohtaja, ymp\u00e4rist\u00f6valiokunnan puheenjohtaja, kansanedustaja ja arkkitehti Oulusta","description":"Jenni Pitko - Vihreiden varapuheenjohtaja, ymp\u00e4rist\u00f6valiokunnan puheenjohtaja, kansanedustaja ja arkkitehti Oulusta","publisher":{"@id":"https:\/\/jennipitko.fi\/koti\/#organization"},"potentialAction":[{"@type":"SearchAction","target":{"@type":"EntryPoint","urlTemplate":"https:\/\/jennipitko.fi\/koti\/?s={search_term_string}"},"query-input":{"@type":"PropertyValueSpecification","valueRequired":true,"valueName":"search_term_string"}}],"inLanguage":"fi"},{"@type":"Organization","@id":"https:\/\/jennipitko.fi\/koti\/#organization","name":"Jenni Pitko - Vihreiden varapuheenjohtaja, ymp\u00e4rist\u00f6valiokunnan puheenjohtaja, kansanedustaja ja arkkitehti Oulusta","url":"https:\/\/jennipitko.fi\/koti\/","logo":{"@type":"ImageObject","inLanguage":"fi","@id":"https:\/\/jennipitko.fi\/koti\/#\/schema\/logo\/image\/","url":"https:\/\/jennipitko.fi\/koti\/wp-content\/uploads\/2025\/09\/Nimeton-malli-38.png","contentUrl":"https:\/\/jennipitko.fi\/koti\/wp-content\/uploads\/2025\/09\/Nimeton-malli-38.png","width":1280,"height":847,"caption":"Jenni Pitko - Vihreiden varapuheenjohtaja, ymp\u00e4rist\u00f6valiokunnan puheenjohtaja, kansanedustaja ja arkkitehti Oulusta"},"image":{"@id":"https:\/\/jennipitko.fi\/koti\/#\/schema\/logo\/image\/"}},{"@type":"Person","@id":"https:\/\/jennipitko.fi\/koti\/#\/schema\/person\/3f242bfe958144234373266ea416e4d6","name":"Jenni","image":{"@type":"ImageObject","inLanguage":"fi","@id":"https:\/\/secure.gravatar.com\/avatar\/469343e1290c3e818159b4a4348708c09929f07a2f460e664497d6fb92f80743?s=96&d=blank&r=g","url":"https:\/\/secure.gravatar.com\/avatar\/469343e1290c3e818159b4a4348708c09929f07a2f460e664497d6fb92f80743?s=96&d=blank&r=g","contentUrl":"https:\/\/secure.gravatar.com\/avatar\/469343e1290c3e818159b4a4348708c09929f07a2f460e664497d6fb92f80743?s=96&d=blank&r=g","caption":"Jenni"},"url":"https:\/\/jennipitko.fi\/koti\/author\/jenni-pitko\/"}]}},"_links":{"self":[{"href":"https:\/\/jennipitko.fi\/koti\/wp-json\/wp\/v2\/posts\/689","targetHints":{"allow":["GET"]}}],"collection":[{"href":"https:\/\/jennipitko.fi\/koti\/wp-json\/wp\/v2\/posts"}],"about":[{"href":"https:\/\/jennipitko.fi\/koti\/wp-json\/wp\/v2\/types\/post"}],"author":[{"embeddable":true,"href":"https:\/\/jennipitko.fi\/koti\/wp-json\/wp\/v2\/users\/2"}],"replies":[{"embeddable":true,"href":"https:\/\/jennipitko.fi\/koti\/wp-json\/wp\/v2\/comments?post=689"}],"version-history":[{"count":1,"href":"https:\/\/jennipitko.fi\/koti\/wp-json\/wp\/v2\/posts\/689\/revisions"}],"predecessor-version":[{"id":802,"href":"https:\/\/jennipitko.fi\/koti\/wp-json\/wp\/v2\/posts\/689\/revisions\/802"}],"wp:attachment":[{"href":"https:\/\/jennipitko.fi\/koti\/wp-json\/wp\/v2\/media?parent=689"}],"wp:term":[{"taxonomy":"category","embeddable":true,"href":"https:\/\/jennipitko.fi\/koti\/wp-json\/wp\/v2\/categories?post=689"},{"taxonomy":"post_tag","embeddable":true,"href":"https:\/\/jennipitko.fi\/koti\/wp-json\/wp\/v2\/tags?post=689"}],"curies":[{"name":"wp","href":"https:\/\/api.w.org\/{rel}","templated":true}]}}