{"id":700,"date":"2014-05-18T13:29:35","date_gmt":"2014-05-18T11:29:35","guid":{"rendered":"http:\/\/henkilot.vihreat.fi\/jenni.pitko\/?p=700"},"modified":"2014-12-30T15:15:37","modified_gmt":"2014-12-30T15:15:37","slug":"valintani-eu-vaaleissa-on-satu-haapanen","status":"publish","type":"post","link":"https:\/\/jennipitko.fi\/koti\/valintani-eu-vaaleissa-on-satu-haapanen\/","title":{"rendered":"Valintani eu-vaaleissa on Satu Haapanen 158"},"content":{"rendered":"<p>Tiesin, ett\u00e4 Satu olisi minun valintani europarlamenttivaaleissa kun viime vuoden joulukuussa kuulin h\u00e4nen ehdokkuudestaan. Tukiryhm\u00e4\u00e4n liityin jotta saisin olla viem\u00e4ss\u00e4 maailmalle Satu-sanomaa. Ajattelin, ett\u00e4 jos ihmiset tuntisivat t\u00e4m\u00e4n luottamuksenarvoisen, ihanan, lempe\u00e4n tyypin, yleinen \u00e4\u00e4nestysprosenttikin varmaan kasvaisi!<\/p>\n<p>Satulla on mit\u00e4 mepiksi tarvitaan. Vahvaa n\u00e4kemyst\u00e4 poliittisesta vaikuttamisesta ja kokemusta kansainv\u00e4lisist\u00e4 teht\u00e4vist\u00e4. Piste iin p\u00e4\u00e4lle on Satun kattava kielitaito. Laajasta kieliosaamisesta on hy\u00f6ty\u00e4 kun tarvitsee \u00e4\u00e4ni\u00e4 ajamansa asian taakse tai kun luo yhteyksi\u00e4 ja luottamuksellisia suhteita muiden maiden edustajiin.<!--more--><\/p>\n<p>Opin tuntemaan Satun kunnallispolitiikassa. Pitk\u00e4ll\u00e4 kunnalliskokemuksella Satu on tehnyt minuun vaikutuksen monella tavalla. Satu ottaa asiat osana kokonaisuutta, valiten harkitusti taistelunsa. Yksityiskohtiin takertuminen ei v\u00e4ltt\u00e4m\u00e4tt\u00e4 edist\u00e4 isojen tavoitteiden toteuttamista. Satu on valtuutettuna sosiaalinen ja yhteisty\u00f6kykyinen. Asioiden edist\u00e4misess\u00e4 t\u00e4rke\u00e4\u00e4 on, ett\u00e4 tulee toimeen muiden valtuutettujen kanssa, puoluekirjaan katsomatta. Eniten Satun valtuustoty\u00f6skentelyss\u00e4 arvostan sit\u00e4, ett\u00e4 h\u00e4n katsoo rohkeasti tulevaisuuteen ja kuuntelee herk\u00e4sti hiljaisiakin signaaleja.<\/p>\n<p>Kansanedustajana Satu on n\u00e4kyv\u00e4sti pit\u00e4nyt esill\u00e4 Pohjoisen erityispiirteit\u00e4 valtakunnan p\u00e4\u00e4t\u00f6ksenteossa. Satu on puolustanut luontoa, puhunut puhtaiden energioiden puolesta ja ajanut tasa-arvoa koulutukseen Pohjoismaiden neuvostossa \u2013 onnistuneesti. Satu ei silti ole unohtanut pient\u00e4 ihmist\u00e4, vaan huolta on riitt\u00e4nyt niin vanhuksista, k\u00f6yhist\u00e4 kuin nuoristakin, politiikassa sek\u00e4 omassa arjessa vapaaehtoisty\u00f6n kautta.<\/p>\n<p>Pohdimme tukiryhm\u00e4mme kanssa kerran, mik\u00e4 tekee Satusta hyv\u00e4n poliitikon. Er\u00e4s ryhm\u00e4l\u00e4inen summasi ajatuksemme hyvin. Satu laittaa asiat itsens\u00e4 edelle. Kun Satu on \u00e4\u00e4ness\u00e4, h\u00e4n tekee sen edist\u00e4\u00e4kseen itselleen t\u00e4rke\u00e4\u00e4 asiaa, ei vain ollakseen \u00e4\u00e4ness\u00e4!<\/p>\n<p>Satun eurovaaliteemat kolahtavat minuun. Nuoret, luonto, oikeudenmukaisuus ja puhdas ruoka. Niill\u00e4 on vaikutusta meid\u00e4n kaikkien arkeen ja koko Euroopan tulevaisuuteen. Minulle t\u00e4rke\u00e4\u00e4 ehdokkaan valinnassa on my\u00f6s se, ett\u00e4 meppiehdokas ei pyri unioniin ajamaan mink\u00e4\u00e4n yksitt\u00e4isen alueen tai intressiryhm\u00e4n etua, vaan pyrkii rakentamaan oikeudenmukaista ja tasa-arvoista Eurooppaa &#8211; meille kaikille!<\/p>\n<p>Satusta lis\u00e4tietoa l\u00f6ytyy www.satuhaapanen.fi<\/p>\n<p><iframe src=\"\/\/www.youtube.com\/embed\/HAuXnh4YlnM\" width=\"560\" height=\"315\" frameborder=\"0\" allowfullscreen=\"allowfullscreen\"><\/iframe><br \/>\n<a href=\"http:\/\/henkilot.vihreat.fi\/jenni.pitko\/files\/2014\/05\/jenni-ja-satu1.jpg\"><img fetchpriority=\"high\" decoding=\"async\" class=\"aligncenter wp-image-704 size-full\" src=\"http:\/\/henkilot.vihreat.fi\/jenni.pitko\/files\/2014\/05\/jenni-ja-satu1.jpg\" alt=\"Jenni Ja Satu1\" width=\"600\" height=\"434\" title=\"Valintani eu-vaaleissa on Satu Haapanen 158\"><\/a><\/p>\n<p>Satun ja Silja Ker\u00e4sen kanssa viime lauantaina ravintolap\u00e4iv\u00e4n\u00e4 Satumaisessa kahvilassa.<\/p>\n","protected":false},"excerpt":{"rendered":"<p>Tiesin, ett\u00e4 Satu olisi minun valintani europarlamenttivaaleissa kun viime vuoden joulukuussa kuulin h\u00e4nen ehdokkuudestaan. Tukiryhm\u00e4\u00e4n liityin jotta saisin olla viem\u00e4ss\u00e4 [&hellip;]<\/p>\n","protected":false},"author":2,"featured_media":0,"comment_status":"open","ping_status":"open","sticky":false,"template":"","format":"standard","meta":{"_monsterinsights_skip_tracking":false,"_monsterinsights_sitenote_active":false,"_monsterinsights_sitenote_note":"","_monsterinsights_sitenote_category":0,"site-sidebar-layout":"default","site-content-layout":"","ast-site-content-layout":"default","site-content-style":"default","site-sidebar-style":"default","ast-global-header-display":"","ast-banner-title-visibility":"","ast-main-header-display":"","ast-hfb-above-header-display":"","ast-hfb-below-header-display":"","ast-hfb-mobile-header-display":"","site-post-title":"","ast-breadcrumbs-content":"","ast-featured-img":"","footer-sml-layout":"","ast-disable-related-posts":"","theme-transparent-header-meta":"","adv-header-id-meta":"","stick-header-meta":"","header-above-stick-meta":"","header-main-stick-meta":"","header-below-stick-meta":"","astra-migrate-meta-layouts":"default","ast-page-background-enabled":"default","ast-page-background-meta":{"desktop":{"background-color":"var(--ast-global-color-5)","background-image":"","background-repeat":"repeat","background-position":"center center","background-size":"auto","background-attachment":"scroll","background-type":"","background-media":"","overlay-type":"","overlay-color":"","overlay-opacity":"","overlay-gradient":""},"tablet":{"background-color":"","background-image":"","background-repeat":"repeat","background-position":"center center","background-size":"auto","background-attachment":"scroll","background-type":"","background-media":"","overlay-type":"","overlay-color":"","overlay-opacity":"","overlay-gradient":""},"mobile":{"background-color":"","background-image":"","background-repeat":"repeat","background-position":"center center","background-size":"auto","background-attachment":"scroll","background-type":"","background-media":"","overlay-type":"","overlay-color":"","overlay-opacity":"","overlay-gradient":""}},"ast-content-background-meta":{"desktop":{"background-color":"var(--ast-global-color-4)","background-image":"","background-repeat":"repeat","background-position":"center center","background-size":"auto","background-attachment":"scroll","background-type":"","background-media":"","overlay-type":"","overlay-color":"","overlay-opacity":"","overlay-gradient":""},"tablet":{"background-color":"var(--ast-global-color-4)","background-image":"","background-repeat":"repeat","background-position":"center center","background-size":"auto","background-attachment":"scroll","background-type":"","background-media":"","overlay-type":"","overlay-color":"","overlay-opacity":"","overlay-gradient":""},"mobile":{"background-color":"var(--ast-global-color-4)","background-image":"","background-repeat":"repeat","background-position":"center center","background-size":"auto","background-attachment":"scroll","background-type":"","background-media":"","overlay-type":"","overlay-color":"","overlay-opacity":"","overlay-gradient":""}},"footnotes":""},"categories":[2],"tags":[102,103,104,105,106],"class_list":["post-700","post","type-post","status-publish","format-standard","hentry","category-blogi","tag-aanestaminen","tag-eu-vaalit","tag-euroopan-parlamentti","tag-satu-haapanen","tag-vihreat"],"yoast_head":"<!-- This site is optimized with the Yoast SEO plugin v27.5 - https:\/\/yoast.com\/product\/yoast-seo-wordpress\/ -->\n<title>Valintani eu-vaaleissa on Satu Haapanen 158 - Jenni Pitko - Vihreiden varapuheenjohtaja, ymp\u00e4rist\u00f6valiokunnan puheenjohtaja, kansanedustaja ja arkkitehti Oulusta<\/title>\n<meta name=\"robots\" content=\"index, follow, max-snippet:-1, max-image-preview:large, max-video-preview:-1\" \/>\n<link rel=\"canonical\" href=\"https:\/\/jennipitko.fi\/koti\/valintani-eu-vaaleissa-on-satu-haapanen\/\" \/>\n<meta property=\"og:locale\" content=\"fi_FI\" \/>\n<meta property=\"og:type\" content=\"article\" \/>\n<meta property=\"og:title\" content=\"Valintani eu-vaaleissa on Satu Haapanen 158 - Jenni Pitko - Vihreiden varapuheenjohtaja, ymp\u00e4rist\u00f6valiokunnan puheenjohtaja, kansanedustaja ja arkkitehti Oulusta\" \/>\n<meta property=\"og:description\" content=\"Tiesin, ett\u00e4 Satu olisi minun valintani europarlamenttivaaleissa kun viime vuoden joulukuussa kuulin h\u00e4nen ehdokkuudestaan. Tukiryhm\u00e4\u00e4n liityin jotta saisin olla viem\u00e4ss\u00e4 [&hellip;]\" \/>\n<meta property=\"og:url\" content=\"https:\/\/jennipitko.fi\/koti\/valintani-eu-vaaleissa-on-satu-haapanen\/\" \/>\n<meta property=\"og:site_name\" content=\"Jenni Pitko - Vihreiden varapuheenjohtaja, ymp\u00e4rist\u00f6valiokunnan puheenjohtaja, kansanedustaja ja arkkitehti Oulusta\" \/>\n<meta property=\"article:published_time\" content=\"2014-05-18T11:29:35+00:00\" \/>\n<meta property=\"article:modified_time\" content=\"2014-12-30T15:15:37+00:00\" \/>\n<meta name=\"author\" content=\"Jenni\" \/>\n<meta name=\"twitter:card\" content=\"summary_large_image\" \/>\n<meta name=\"twitter:label1\" content=\"Kirjoittanut\" \/>\n\t<meta name=\"twitter:data1\" content=\"Jenni\" \/>\n\t<meta name=\"twitter:label2\" content=\"Arvioitu lukuaika\" \/>\n\t<meta name=\"twitter:data2\" content=\"2 minuuttia\" \/>\n<script type=\"application\/ld+json\" class=\"yoast-schema-graph\">{\"@context\":\"https:\\\/\\\/schema.org\",\"@graph\":[{\"@type\":\"Article\",\"@id\":\"https:\\\/\\\/jennipitko.fi\\\/koti\\\/valintani-eu-vaaleissa-on-satu-haapanen\\\/#article\",\"isPartOf\":{\"@id\":\"https:\\\/\\\/jennipitko.fi\\\/koti\\\/valintani-eu-vaaleissa-on-satu-haapanen\\\/\"},\"author\":{\"name\":\"Jenni\",\"@id\":\"https:\\\/\\\/jennipitko.fi\\\/koti\\\/#\\\/schema\\\/person\\\/3f242bfe958144234373266ea416e4d6\"},\"headline\":\"Valintani eu-vaaleissa on Satu Haapanen 158\",\"datePublished\":\"2014-05-18T11:29:35+00:00\",\"dateModified\":\"2014-12-30T15:15:37+00:00\",\"mainEntityOfPage\":{\"@id\":\"https:\\\/\\\/jennipitko.fi\\\/koti\\\/valintani-eu-vaaleissa-on-satu-haapanen\\\/\"},\"wordCount\":337,\"commentCount\":0,\"publisher\":{\"@id\":\"https:\\\/\\\/jennipitko.fi\\\/koti\\\/#organization\"},\"image\":{\"@id\":\"https:\\\/\\\/jennipitko.fi\\\/koti\\\/valintani-eu-vaaleissa-on-satu-haapanen\\\/#primaryimage\"},\"thumbnailUrl\":\"http:\\\/\\\/henkilot.vihreat.fi\\\/jenni.pitko\\\/files\\\/2014\\\/05\\\/jenni-ja-satu1.jpg\",\"keywords\":[\"\u00e4\u00e4nest\u00e4minen\",\"eu-vaalit\",\"Euroopan parlamentti\",\"Satu Haapanen\",\"vihre\u00e4t\"],\"articleSection\":[\"Blogi\"],\"inLanguage\":\"fi\",\"potentialAction\":[{\"@type\":\"CommentAction\",\"name\":\"Comment\",\"target\":[\"https:\\\/\\\/jennipitko.fi\\\/koti\\\/valintani-eu-vaaleissa-on-satu-haapanen\\\/#respond\"]}]},{\"@type\":\"WebPage\",\"@id\":\"https:\\\/\\\/jennipitko.fi\\\/koti\\\/valintani-eu-vaaleissa-on-satu-haapanen\\\/\",\"url\":\"https:\\\/\\\/jennipitko.fi\\\/koti\\\/valintani-eu-vaaleissa-on-satu-haapanen\\\/\",\"name\":\"Valintani eu-vaaleissa on Satu Haapanen 158 - Jenni Pitko - Vihreiden varapuheenjohtaja, ymp\u00e4rist\u00f6valiokunnan puheenjohtaja, kansanedustaja ja arkkitehti Oulusta\",\"isPartOf\":{\"@id\":\"https:\\\/\\\/jennipitko.fi\\\/koti\\\/#website\"},\"primaryImageOfPage\":{\"@id\":\"https:\\\/\\\/jennipitko.fi\\\/koti\\\/valintani-eu-vaaleissa-on-satu-haapanen\\\/#primaryimage\"},\"image\":{\"@id\":\"https:\\\/\\\/jennipitko.fi\\\/koti\\\/valintani-eu-vaaleissa-on-satu-haapanen\\\/#primaryimage\"},\"thumbnailUrl\":\"http:\\\/\\\/henkilot.vihreat.fi\\\/jenni.pitko\\\/files\\\/2014\\\/05\\\/jenni-ja-satu1.jpg\",\"datePublished\":\"2014-05-18T11:29:35+00:00\",\"dateModified\":\"2014-12-30T15:15:37+00:00\",\"breadcrumb\":{\"@id\":\"https:\\\/\\\/jennipitko.fi\\\/koti\\\/valintani-eu-vaaleissa-on-satu-haapanen\\\/#breadcrumb\"},\"inLanguage\":\"fi\",\"potentialAction\":[{\"@type\":\"ReadAction\",\"target\":[\"https:\\\/\\\/jennipitko.fi\\\/koti\\\/valintani-eu-vaaleissa-on-satu-haapanen\\\/\"]}]},{\"@type\":\"ImageObject\",\"inLanguage\":\"fi\",\"@id\":\"https:\\\/\\\/jennipitko.fi\\\/koti\\\/valintani-eu-vaaleissa-on-satu-haapanen\\\/#primaryimage\",\"url\":\"http:\\\/\\\/henkilot.vihreat.fi\\\/jenni.pitko\\\/files\\\/2014\\\/05\\\/jenni-ja-satu1.jpg\",\"contentUrl\":\"http:\\\/\\\/henkilot.vihreat.fi\\\/jenni.pitko\\\/files\\\/2014\\\/05\\\/jenni-ja-satu1.jpg\"},{\"@type\":\"BreadcrumbList\",\"@id\":\"https:\\\/\\\/jennipitko.fi\\\/koti\\\/valintani-eu-vaaleissa-on-satu-haapanen\\\/#breadcrumb\",\"itemListElement\":[{\"@type\":\"ListItem\",\"position\":1,\"name\":\"Home\",\"item\":\"https:\\\/\\\/jennipitko.fi\\\/koti\\\/\"},{\"@type\":\"ListItem\",\"position\":2,\"name\":\"Valintani eu-vaaleissa on Satu Haapanen 158\"}]},{\"@type\":\"WebSite\",\"@id\":\"https:\\\/\\\/jennipitko.fi\\\/koti\\\/#website\",\"url\":\"https:\\\/\\\/jennipitko.fi\\\/koti\\\/\",\"name\":\"Jenni Pitko - Vihreiden varapuheenjohtaja, ymp\u00e4rist\u00f6valiokunnan puheenjohtaja, kansanedustaja ja arkkitehti Oulusta\",\"description\":\"Jenni Pitko - Vihreiden varapuheenjohtaja, ymp\u00e4rist\u00f6valiokunnan puheenjohtaja, kansanedustaja ja arkkitehti Oulusta\",\"publisher\":{\"@id\":\"https:\\\/\\\/jennipitko.fi\\\/koti\\\/#organization\"},\"potentialAction\":[{\"@type\":\"SearchAction\",\"target\":{\"@type\":\"EntryPoint\",\"urlTemplate\":\"https:\\\/\\\/jennipitko.fi\\\/koti\\\/?s={search_term_string}\"},\"query-input\":{\"@type\":\"PropertyValueSpecification\",\"valueRequired\":true,\"valueName\":\"search_term_string\"}}],\"inLanguage\":\"fi\"},{\"@type\":\"Organization\",\"@id\":\"https:\\\/\\\/jennipitko.fi\\\/koti\\\/#organization\",\"name\":\"Jenni Pitko - Vihreiden varapuheenjohtaja, ymp\u00e4rist\u00f6valiokunnan puheenjohtaja, kansanedustaja ja arkkitehti Oulusta\",\"url\":\"https:\\\/\\\/jennipitko.fi\\\/koti\\\/\",\"logo\":{\"@type\":\"ImageObject\",\"inLanguage\":\"fi\",\"@id\":\"https:\\\/\\\/jennipitko.fi\\\/koti\\\/#\\\/schema\\\/logo\\\/image\\\/\",\"url\":\"https:\\\/\\\/jennipitko.fi\\\/koti\\\/wp-content\\\/uploads\\\/2025\\\/09\\\/Nimeton-malli-38.png\",\"contentUrl\":\"https:\\\/\\\/jennipitko.fi\\\/koti\\\/wp-content\\\/uploads\\\/2025\\\/09\\\/Nimeton-malli-38.png\",\"width\":1280,\"height\":847,\"caption\":\"Jenni Pitko - Vihreiden varapuheenjohtaja, ymp\u00e4rist\u00f6valiokunnan puheenjohtaja, kansanedustaja ja arkkitehti Oulusta\"},\"image\":{\"@id\":\"https:\\\/\\\/jennipitko.fi\\\/koti\\\/#\\\/schema\\\/logo\\\/image\\\/\"}},{\"@type\":\"Person\",\"@id\":\"https:\\\/\\\/jennipitko.fi\\\/koti\\\/#\\\/schema\\\/person\\\/3f242bfe958144234373266ea416e4d6\",\"name\":\"Jenni\",\"image\":{\"@type\":\"ImageObject\",\"inLanguage\":\"fi\",\"@id\":\"https:\\\/\\\/secure.gravatar.com\\\/avatar\\\/469343e1290c3e818159b4a4348708c09929f07a2f460e664497d6fb92f80743?s=96&d=blank&r=g\",\"url\":\"https:\\\/\\\/secure.gravatar.com\\\/avatar\\\/469343e1290c3e818159b4a4348708c09929f07a2f460e664497d6fb92f80743?s=96&d=blank&r=g\",\"contentUrl\":\"https:\\\/\\\/secure.gravatar.com\\\/avatar\\\/469343e1290c3e818159b4a4348708c09929f07a2f460e664497d6fb92f80743?s=96&d=blank&r=g\",\"caption\":\"Jenni\"},\"url\":\"https:\\\/\\\/jennipitko.fi\\\/koti\\\/author\\\/jenni-pitko\\\/\"}]}<\/script>\n<!-- \/ Yoast SEO plugin. -->","yoast_head_json":{"title":"Valintani eu-vaaleissa on Satu Haapanen 158 - Jenni Pitko - Vihreiden varapuheenjohtaja, ymp\u00e4rist\u00f6valiokunnan puheenjohtaja, kansanedustaja ja arkkitehti Oulusta","robots":{"index":"index","follow":"follow","max-snippet":"max-snippet:-1","max-image-preview":"max-image-preview:large","max-video-preview":"max-video-preview:-1"},"canonical":"https:\/\/jennipitko.fi\/koti\/valintani-eu-vaaleissa-on-satu-haapanen\/","og_locale":"fi_FI","og_type":"article","og_title":"Valintani eu-vaaleissa on Satu Haapanen 158 - Jenni Pitko - Vihreiden varapuheenjohtaja, ymp\u00e4rist\u00f6valiokunnan puheenjohtaja, kansanedustaja ja arkkitehti Oulusta","og_description":"Tiesin, ett\u00e4 Satu olisi minun valintani europarlamenttivaaleissa kun viime vuoden joulukuussa kuulin h\u00e4nen ehdokkuudestaan. Tukiryhm\u00e4\u00e4n liityin jotta saisin olla viem\u00e4ss\u00e4 [&hellip;]","og_url":"https:\/\/jennipitko.fi\/koti\/valintani-eu-vaaleissa-on-satu-haapanen\/","og_site_name":"Jenni Pitko - Vihreiden varapuheenjohtaja, ymp\u00e4rist\u00f6valiokunnan puheenjohtaja, kansanedustaja ja arkkitehti Oulusta","article_published_time":"2014-05-18T11:29:35+00:00","article_modified_time":"2014-12-30T15:15:37+00:00","author":"Jenni","twitter_card":"summary_large_image","twitter_misc":{"Kirjoittanut":"Jenni","Arvioitu lukuaika":"2 minuuttia"},"schema":{"@context":"https:\/\/schema.org","@graph":[{"@type":"Article","@id":"https:\/\/jennipitko.fi\/koti\/valintani-eu-vaaleissa-on-satu-haapanen\/#article","isPartOf":{"@id":"https:\/\/jennipitko.fi\/koti\/valintani-eu-vaaleissa-on-satu-haapanen\/"},"author":{"name":"Jenni","@id":"https:\/\/jennipitko.fi\/koti\/#\/schema\/person\/3f242bfe958144234373266ea416e4d6"},"headline":"Valintani eu-vaaleissa on Satu Haapanen 158","datePublished":"2014-05-18T11:29:35+00:00","dateModified":"2014-12-30T15:15:37+00:00","mainEntityOfPage":{"@id":"https:\/\/jennipitko.fi\/koti\/valintani-eu-vaaleissa-on-satu-haapanen\/"},"wordCount":337,"commentCount":0,"publisher":{"@id":"https:\/\/jennipitko.fi\/koti\/#organization"},"image":{"@id":"https:\/\/jennipitko.fi\/koti\/valintani-eu-vaaleissa-on-satu-haapanen\/#primaryimage"},"thumbnailUrl":"http:\/\/henkilot.vihreat.fi\/jenni.pitko\/files\/2014\/05\/jenni-ja-satu1.jpg","keywords":["\u00e4\u00e4nest\u00e4minen","eu-vaalit","Euroopan parlamentti","Satu Haapanen","vihre\u00e4t"],"articleSection":["Blogi"],"inLanguage":"fi","potentialAction":[{"@type":"CommentAction","name":"Comment","target":["https:\/\/jennipitko.fi\/koti\/valintani-eu-vaaleissa-on-satu-haapanen\/#respond"]}]},{"@type":"WebPage","@id":"https:\/\/jennipitko.fi\/koti\/valintani-eu-vaaleissa-on-satu-haapanen\/","url":"https:\/\/jennipitko.fi\/koti\/valintani-eu-vaaleissa-on-satu-haapanen\/","name":"Valintani eu-vaaleissa on Satu Haapanen 158 - Jenni Pitko - Vihreiden varapuheenjohtaja, ymp\u00e4rist\u00f6valiokunnan puheenjohtaja, kansanedustaja ja arkkitehti Oulusta","isPartOf":{"@id":"https:\/\/jennipitko.fi\/koti\/#website"},"primaryImageOfPage":{"@id":"https:\/\/jennipitko.fi\/koti\/valintani-eu-vaaleissa-on-satu-haapanen\/#primaryimage"},"image":{"@id":"https:\/\/jennipitko.fi\/koti\/valintani-eu-vaaleissa-on-satu-haapanen\/#primaryimage"},"thumbnailUrl":"http:\/\/henkilot.vihreat.fi\/jenni.pitko\/files\/2014\/05\/jenni-ja-satu1.jpg","datePublished":"2014-05-18T11:29:35+00:00","dateModified":"2014-12-30T15:15:37+00:00","breadcrumb":{"@id":"https:\/\/jennipitko.fi\/koti\/valintani-eu-vaaleissa-on-satu-haapanen\/#breadcrumb"},"inLanguage":"fi","potentialAction":[{"@type":"ReadAction","target":["https:\/\/jennipitko.fi\/koti\/valintani-eu-vaaleissa-on-satu-haapanen\/"]}]},{"@type":"ImageObject","inLanguage":"fi","@id":"https:\/\/jennipitko.fi\/koti\/valintani-eu-vaaleissa-on-satu-haapanen\/#primaryimage","url":"http:\/\/henkilot.vihreat.fi\/jenni.pitko\/files\/2014\/05\/jenni-ja-satu1.jpg","contentUrl":"http:\/\/henkilot.vihreat.fi\/jenni.pitko\/files\/2014\/05\/jenni-ja-satu1.jpg"},{"@type":"BreadcrumbList","@id":"https:\/\/jennipitko.fi\/koti\/valintani-eu-vaaleissa-on-satu-haapanen\/#breadcrumb","itemListElement":[{"@type":"ListItem","position":1,"name":"Home","item":"https:\/\/jennipitko.fi\/koti\/"},{"@type":"ListItem","position":2,"name":"Valintani eu-vaaleissa on Satu Haapanen 158"}]},{"@type":"WebSite","@id":"https:\/\/jennipitko.fi\/koti\/#website","url":"https:\/\/jennipitko.fi\/koti\/","name":"Jenni Pitko - Vihreiden varapuheenjohtaja, ymp\u00e4rist\u00f6valiokunnan puheenjohtaja, kansanedustaja ja arkkitehti Oulusta","description":"Jenni Pitko - Vihreiden varapuheenjohtaja, ymp\u00e4rist\u00f6valiokunnan puheenjohtaja, kansanedustaja ja arkkitehti Oulusta","publisher":{"@id":"https:\/\/jennipitko.fi\/koti\/#organization"},"potentialAction":[{"@type":"SearchAction","target":{"@type":"EntryPoint","urlTemplate":"https:\/\/jennipitko.fi\/koti\/?s={search_term_string}"},"query-input":{"@type":"PropertyValueSpecification","valueRequired":true,"valueName":"search_term_string"}}],"inLanguage":"fi"},{"@type":"Organization","@id":"https:\/\/jennipitko.fi\/koti\/#organization","name":"Jenni Pitko - Vihreiden varapuheenjohtaja, ymp\u00e4rist\u00f6valiokunnan puheenjohtaja, kansanedustaja ja arkkitehti Oulusta","url":"https:\/\/jennipitko.fi\/koti\/","logo":{"@type":"ImageObject","inLanguage":"fi","@id":"https:\/\/jennipitko.fi\/koti\/#\/schema\/logo\/image\/","url":"https:\/\/jennipitko.fi\/koti\/wp-content\/uploads\/2025\/09\/Nimeton-malli-38.png","contentUrl":"https:\/\/jennipitko.fi\/koti\/wp-content\/uploads\/2025\/09\/Nimeton-malli-38.png","width":1280,"height":847,"caption":"Jenni Pitko - Vihreiden varapuheenjohtaja, ymp\u00e4rist\u00f6valiokunnan puheenjohtaja, kansanedustaja ja arkkitehti Oulusta"},"image":{"@id":"https:\/\/jennipitko.fi\/koti\/#\/schema\/logo\/image\/"}},{"@type":"Person","@id":"https:\/\/jennipitko.fi\/koti\/#\/schema\/person\/3f242bfe958144234373266ea416e4d6","name":"Jenni","image":{"@type":"ImageObject","inLanguage":"fi","@id":"https:\/\/secure.gravatar.com\/avatar\/469343e1290c3e818159b4a4348708c09929f07a2f460e664497d6fb92f80743?s=96&d=blank&r=g","url":"https:\/\/secure.gravatar.com\/avatar\/469343e1290c3e818159b4a4348708c09929f07a2f460e664497d6fb92f80743?s=96&d=blank&r=g","contentUrl":"https:\/\/secure.gravatar.com\/avatar\/469343e1290c3e818159b4a4348708c09929f07a2f460e664497d6fb92f80743?s=96&d=blank&r=g","caption":"Jenni"},"url":"https:\/\/jennipitko.fi\/koti\/author\/jenni-pitko\/"}]}},"_links":{"self":[{"href":"https:\/\/jennipitko.fi\/koti\/wp-json\/wp\/v2\/posts\/700","targetHints":{"allow":["GET"]}}],"collection":[{"href":"https:\/\/jennipitko.fi\/koti\/wp-json\/wp\/v2\/posts"}],"about":[{"href":"https:\/\/jennipitko.fi\/koti\/wp-json\/wp\/v2\/types\/post"}],"author":[{"embeddable":true,"href":"https:\/\/jennipitko.fi\/koti\/wp-json\/wp\/v2\/users\/2"}],"replies":[{"embeddable":true,"href":"https:\/\/jennipitko.fi\/koti\/wp-json\/wp\/v2\/comments?post=700"}],"version-history":[{"count":1,"href":"https:\/\/jennipitko.fi\/koti\/wp-json\/wp\/v2\/posts\/700\/revisions"}],"predecessor-version":[{"id":796,"href":"https:\/\/jennipitko.fi\/koti\/wp-json\/wp\/v2\/posts\/700\/revisions\/796"}],"wp:attachment":[{"href":"https:\/\/jennipitko.fi\/koti\/wp-json\/wp\/v2\/media?parent=700"}],"wp:term":[{"taxonomy":"category","embeddable":true,"href":"https:\/\/jennipitko.fi\/koti\/wp-json\/wp\/v2\/categories?post=700"},{"taxonomy":"post_tag","embeddable":true,"href":"https:\/\/jennipitko.fi\/koti\/wp-json\/wp\/v2\/tags?post=700"}],"curies":[{"name":"wp","href":"https:\/\/api.w.org\/{rel}","templated":true}]}}