{"id":707,"date":"2014-06-07T18:24:57","date_gmt":"2014-06-07T16:24:57","guid":{"rendered":"http:\/\/henkilot.vihreat.fi\/jenni.pitko\/?p=707"},"modified":"2014-12-30T15:15:09","modified_gmt":"2014-12-30T15:15:09","slug":"arktiselta-alueelta-elinvoimaa-pohjois-suomeen-ymparistoa-ja-ihmisia-kunnioittaen","status":"publish","type":"post","link":"https:\/\/jennipitko.fi\/koti\/arktiselta-alueelta-elinvoimaa-pohjois-suomeen-ymparistoa-ja-ihmisia-kunnioittaen\/","title":{"rendered":"Arktiselta alueelta elinvoimaa Pohjois-Suomeen ymp\u00e4rist\u00f6\u00e4 ja ihmisi\u00e4 kunnioittaen"},"content":{"rendered":"<p><em>Puheenvuoroni Vihreiden puoluekokouksen poliittisen keskustelun osiossa J\u00e4ms\u00e4ss\u00e4 7.6.2013<\/em><\/p>\n<p>Arktisella alueella tapahtuu suuria muutoksia. J\u00e4\u00e4meren j\u00e4\u00e4tikk\u00f6 sulaa ja sinne avautuu kauppareittej\u00e4, jotka muuttavat maapallon geopoliittista painopistett\u00e4 ja luonnonvaroiltaan rikkaan Suomen asemaa siin\u00e4.<\/p>\n<p>Arktisen alueen maat ja yritykset n\u00e4kev\u00e4t muutokset p\u00e4\u00e4asiassa mahdollisuutena, my\u00f6s Euroopan unioni haluaa ottaa vahvan aseman t\u00e4ss\u00e4 kehityksess\u00e4. Muutos n\u00e4hd\u00e4\u00e4n mahdollisuutena uuteen tutkimukseen ja ty\u00f6h\u00f6n, jota Suomeen tarvitsemme. N\u00e4ist\u00e4 mahdollisuuksista toivovat saada osansa erityisesti ahdingossa olevat, pohjoisen harvaan asutut alueet, joita t\u00e4ll\u00e4 hetkell\u00e4 vaivaa hyvien liikenneyhteyksien puute sek\u00e4 v\u00e4est\u00f6n voimakas ik\u00e4\u00e4ntyminen ja nuorten poismuutto.<\/p>\n<p>Meid\u00e4n vihreiden n\u00e4k\u00f6kulmasta n\u00e4ihin muutoksiin liittyy my\u00f6s riskej\u00e4. Mit\u00e4 k\u00e4y herk\u00e4lle arktiselle luonnolle ja miten alkuper\u00e4isasukkaiden oikeudet huomioidaan. N\u00e4m\u00e4 asiat eiv\u00e4t todenn\u00e4k\u00f6isesti ole mink\u00e4\u00e4n muun puolueen, kuin vihreiden, agendalla.<!--more--><\/p>\n<p>Arktisen alueen kehityksen mukana tuomat uudet liiketoiminta- ja matkailumahdollisuudet voisivat helpottaa sek\u00e4 Oulussa ett\u00e4 koko Pohjois-Suomessa vallitsevaa ep\u00e4toivoa liittyen elinvoimaan, jota t\u00e4ll\u00e4 hetkell\u00e4 puretaan ep\u00e4toivoisiin ydinvoimainvestointeihin tai kaivoshankkeisiin, joiden lyhytn\u00e4k\u00f6iset tuotto-odotukset ja ymp\u00e4rist\u00f6n turmeleminen ollaan valitettavasti valmiita hyv\u00e4ksym\u00e4\u00e4n.<\/p>\n<p>Pohjoinen tarvitsee muun muassa infra-investointeja, joista my\u00f6s Pekka Haavisto omassa puheenvuorossaan puhui. Meid\u00e4n vihreiden tuleekin olla vahvasti mukana arktisen alueen kehityksess\u00e4, hy\u00f6dynt\u00e4m\u00e4ss\u00e4 sen mahdollisuudet ja tekem\u00e4ss\u00e4 siit\u00e4 samalla kest\u00e4v\u00e4mp\u00e4\u00e4 turvaten herk\u00e4n luonnon ja alueen ihmisten oikeudet. Tarvitsemme Pohjoisten alueiden kehitt\u00e4misen poliittiselle agendallemme ja eduskuntavaaliohjelmaan, jotta osaamme vastata eduskuntavaalien aikaan kysytt\u00e4ess\u00e4 vihreiden kantaa uusien ty\u00f6paikkojen synnytt\u00e4miseen.<\/p>\n","protected":false},"excerpt":{"rendered":"<p>Puheenvuoroni Vihreiden puoluekokouksen poliittisen keskustelun osiossa J\u00e4ms\u00e4ss\u00e4 7.6.2013 Arktisella alueella tapahtuu suuria muutoksia. J\u00e4\u00e4meren j\u00e4\u00e4tikk\u00f6 sulaa ja sinne avautuu kauppareittej\u00e4, [&hellip;]<\/p>\n","protected":false},"author":2,"featured_media":0,"comment_status":"open","ping_status":"open","sticky":false,"template":"","format":"standard","meta":{"_monsterinsights_skip_tracking":false,"_monsterinsights_sitenote_active":false,"_monsterinsights_sitenote_note":"","_monsterinsights_sitenote_category":0,"site-sidebar-layout":"default","site-content-layout":"","ast-site-content-layout":"default","site-content-style":"default","site-sidebar-style":"default","ast-global-header-display":"","ast-banner-title-visibility":"","ast-main-header-display":"","ast-hfb-above-header-display":"","ast-hfb-below-header-display":"","ast-hfb-mobile-header-display":"","site-post-title":"","ast-breadcrumbs-content":"","ast-featured-img":"","footer-sml-layout":"","ast-disable-related-posts":"","theme-transparent-header-meta":"","adv-header-id-meta":"","stick-header-meta":"","header-above-stick-meta":"","header-main-stick-meta":"","header-below-stick-meta":"","astra-migrate-meta-layouts":"default","ast-page-background-enabled":"default","ast-page-background-meta":{"desktop":{"background-color":"var(--ast-global-color-5)","background-image":"","background-repeat":"repeat","background-position":"center center","background-size":"auto","background-attachment":"scroll","background-type":"","background-media":"","overlay-type":"","overlay-color":"","overlay-opacity":"","overlay-gradient":""},"tablet":{"background-color":"","background-image":"","background-repeat":"repeat","background-position":"center center","background-size":"auto","background-attachment":"scroll","background-type":"","background-media":"","overlay-type":"","overlay-color":"","overlay-opacity":"","overlay-gradient":""},"mobile":{"background-color":"","background-image":"","background-repeat":"repeat","background-position":"center center","background-size":"auto","background-attachment":"scroll","background-type":"","background-media":"","overlay-type":"","overlay-color":"","overlay-opacity":"","overlay-gradient":""}},"ast-content-background-meta":{"desktop":{"background-color":"var(--ast-global-color-4)","background-image":"","background-repeat":"repeat","background-position":"center center","background-size":"auto","background-attachment":"scroll","background-type":"","background-media":"","overlay-type":"","overlay-color":"","overlay-opacity":"","overlay-gradient":""},"tablet":{"background-color":"var(--ast-global-color-4)","background-image":"","background-repeat":"repeat","background-position":"center center","background-size":"auto","background-attachment":"scroll","background-type":"","background-media":"","overlay-type":"","overlay-color":"","overlay-opacity":"","overlay-gradient":""},"mobile":{"background-color":"var(--ast-global-color-4)","background-image":"","background-repeat":"repeat","background-position":"center center","background-size":"auto","background-attachment":"scroll","background-type":"","background-media":"","overlay-type":"","overlay-color":"","overlay-opacity":"","overlay-gradient":""}},"footnotes":""},"categories":[2],"tags":[],"class_list":["post-707","post","type-post","status-publish","format-standard","hentry","category-blogi"],"yoast_head":"<!-- This site is optimized with the Yoast SEO plugin v27.5 - https:\/\/yoast.com\/product\/yoast-seo-wordpress\/ -->\n<title>Arktiselta alueelta elinvoimaa Pohjois-Suomeen ymp\u00e4rist\u00f6\u00e4 ja ihmisi\u00e4 kunnioittaen - Jenni Pitko - Vihreiden varapuheenjohtaja, ymp\u00e4rist\u00f6valiokunnan puheenjohtaja, kansanedustaja ja arkkitehti Oulusta<\/title>\n<meta name=\"robots\" content=\"index, follow, max-snippet:-1, max-image-preview:large, max-video-preview:-1\" \/>\n<link rel=\"canonical\" href=\"https:\/\/jennipitko.fi\/koti\/arktiselta-alueelta-elinvoimaa-pohjois-suomeen-ymparistoa-ja-ihmisia-kunnioittaen\/\" \/>\n<meta property=\"og:locale\" content=\"fi_FI\" \/>\n<meta property=\"og:type\" content=\"article\" \/>\n<meta property=\"og:title\" content=\"Arktiselta alueelta elinvoimaa Pohjois-Suomeen ymp\u00e4rist\u00f6\u00e4 ja ihmisi\u00e4 kunnioittaen - Jenni Pitko - Vihreiden varapuheenjohtaja, ymp\u00e4rist\u00f6valiokunnan puheenjohtaja, kansanedustaja ja arkkitehti Oulusta\" \/>\n<meta property=\"og:description\" content=\"Puheenvuoroni Vihreiden puoluekokouksen poliittisen keskustelun osiossa J\u00e4ms\u00e4ss\u00e4 7.6.2013 Arktisella alueella tapahtuu suuria muutoksia. J\u00e4\u00e4meren j\u00e4\u00e4tikk\u00f6 sulaa ja sinne avautuu kauppareittej\u00e4, [&hellip;]\" \/>\n<meta property=\"og:url\" content=\"https:\/\/jennipitko.fi\/koti\/arktiselta-alueelta-elinvoimaa-pohjois-suomeen-ymparistoa-ja-ihmisia-kunnioittaen\/\" \/>\n<meta property=\"og:site_name\" content=\"Jenni Pitko - Vihreiden varapuheenjohtaja, ymp\u00e4rist\u00f6valiokunnan puheenjohtaja, kansanedustaja ja arkkitehti Oulusta\" \/>\n<meta property=\"article:published_time\" content=\"2014-06-07T16:24:57+00:00\" \/>\n<meta property=\"article:modified_time\" content=\"2014-12-30T15:15:09+00:00\" \/>\n<meta name=\"author\" content=\"Jenni\" \/>\n<meta name=\"twitter:card\" content=\"summary_large_image\" \/>\n<meta name=\"twitter:label1\" content=\"Kirjoittanut\" \/>\n\t<meta name=\"twitter:data1\" content=\"Jenni\" \/>\n\t<meta name=\"twitter:label2\" content=\"Arvioitu lukuaika\" \/>\n\t<meta name=\"twitter:data2\" content=\"1 minuutti\" \/>\n<script type=\"application\/ld+json\" class=\"yoast-schema-graph\">{\"@context\":\"https:\\\/\\\/schema.org\",\"@graph\":[{\"@type\":\"Article\",\"@id\":\"https:\\\/\\\/jennipitko.fi\\\/koti\\\/arktiselta-alueelta-elinvoimaa-pohjois-suomeen-ymparistoa-ja-ihmisia-kunnioittaen\\\/#article\",\"isPartOf\":{\"@id\":\"https:\\\/\\\/jennipitko.fi\\\/koti\\\/arktiselta-alueelta-elinvoimaa-pohjois-suomeen-ymparistoa-ja-ihmisia-kunnioittaen\\\/\"},\"author\":{\"name\":\"Jenni\",\"@id\":\"https:\\\/\\\/jennipitko.fi\\\/koti\\\/#\\\/schema\\\/person\\\/3f242bfe958144234373266ea416e4d6\"},\"headline\":\"Arktiselta alueelta elinvoimaa Pohjois-Suomeen ymp\u00e4rist\u00f6\u00e4 ja ihmisi\u00e4 kunnioittaen\",\"datePublished\":\"2014-06-07T16:24:57+00:00\",\"dateModified\":\"2014-12-30T15:15:09+00:00\",\"mainEntityOfPage\":{\"@id\":\"https:\\\/\\\/jennipitko.fi\\\/koti\\\/arktiselta-alueelta-elinvoimaa-pohjois-suomeen-ymparistoa-ja-ihmisia-kunnioittaen\\\/\"},\"wordCount\":268,\"commentCount\":0,\"publisher\":{\"@id\":\"https:\\\/\\\/jennipitko.fi\\\/koti\\\/#organization\"},\"articleSection\":[\"Blogi\"],\"inLanguage\":\"fi\",\"potentialAction\":[{\"@type\":\"CommentAction\",\"name\":\"Comment\",\"target\":[\"https:\\\/\\\/jennipitko.fi\\\/koti\\\/arktiselta-alueelta-elinvoimaa-pohjois-suomeen-ymparistoa-ja-ihmisia-kunnioittaen\\\/#respond\"]}]},{\"@type\":\"WebPage\",\"@id\":\"https:\\\/\\\/jennipitko.fi\\\/koti\\\/arktiselta-alueelta-elinvoimaa-pohjois-suomeen-ymparistoa-ja-ihmisia-kunnioittaen\\\/\",\"url\":\"https:\\\/\\\/jennipitko.fi\\\/koti\\\/arktiselta-alueelta-elinvoimaa-pohjois-suomeen-ymparistoa-ja-ihmisia-kunnioittaen\\\/\",\"name\":\"Arktiselta alueelta elinvoimaa Pohjois-Suomeen ymp\u00e4rist\u00f6\u00e4 ja ihmisi\u00e4 kunnioittaen - Jenni Pitko - Vihreiden varapuheenjohtaja, ymp\u00e4rist\u00f6valiokunnan puheenjohtaja, kansanedustaja ja arkkitehti Oulusta\",\"isPartOf\":{\"@id\":\"https:\\\/\\\/jennipitko.fi\\\/koti\\\/#website\"},\"datePublished\":\"2014-06-07T16:24:57+00:00\",\"dateModified\":\"2014-12-30T15:15:09+00:00\",\"breadcrumb\":{\"@id\":\"https:\\\/\\\/jennipitko.fi\\\/koti\\\/arktiselta-alueelta-elinvoimaa-pohjois-suomeen-ymparistoa-ja-ihmisia-kunnioittaen\\\/#breadcrumb\"},\"inLanguage\":\"fi\",\"potentialAction\":[{\"@type\":\"ReadAction\",\"target\":[\"https:\\\/\\\/jennipitko.fi\\\/koti\\\/arktiselta-alueelta-elinvoimaa-pohjois-suomeen-ymparistoa-ja-ihmisia-kunnioittaen\\\/\"]}]},{\"@type\":\"BreadcrumbList\",\"@id\":\"https:\\\/\\\/jennipitko.fi\\\/koti\\\/arktiselta-alueelta-elinvoimaa-pohjois-suomeen-ymparistoa-ja-ihmisia-kunnioittaen\\\/#breadcrumb\",\"itemListElement\":[{\"@type\":\"ListItem\",\"position\":1,\"name\":\"Home\",\"item\":\"https:\\\/\\\/jennipitko.fi\\\/koti\\\/\"},{\"@type\":\"ListItem\",\"position\":2,\"name\":\"Arktiselta alueelta elinvoimaa Pohjois-Suomeen ymp\u00e4rist\u00f6\u00e4 ja ihmisi\u00e4 kunnioittaen\"}]},{\"@type\":\"WebSite\",\"@id\":\"https:\\\/\\\/jennipitko.fi\\\/koti\\\/#website\",\"url\":\"https:\\\/\\\/jennipitko.fi\\\/koti\\\/\",\"name\":\"Jenni Pitko - Vihreiden varapuheenjohtaja, ymp\u00e4rist\u00f6valiokunnan puheenjohtaja, kansanedustaja ja arkkitehti Oulusta\",\"description\":\"Jenni Pitko - Vihreiden varapuheenjohtaja, ymp\u00e4rist\u00f6valiokunnan puheenjohtaja, kansanedustaja ja arkkitehti Oulusta\",\"publisher\":{\"@id\":\"https:\\\/\\\/jennipitko.fi\\\/koti\\\/#organization\"},\"potentialAction\":[{\"@type\":\"SearchAction\",\"target\":{\"@type\":\"EntryPoint\",\"urlTemplate\":\"https:\\\/\\\/jennipitko.fi\\\/koti\\\/?s={search_term_string}\"},\"query-input\":{\"@type\":\"PropertyValueSpecification\",\"valueRequired\":true,\"valueName\":\"search_term_string\"}}],\"inLanguage\":\"fi\"},{\"@type\":\"Organization\",\"@id\":\"https:\\\/\\\/jennipitko.fi\\\/koti\\\/#organization\",\"name\":\"Jenni Pitko - Vihreiden varapuheenjohtaja, ymp\u00e4rist\u00f6valiokunnan puheenjohtaja, kansanedustaja ja arkkitehti Oulusta\",\"url\":\"https:\\\/\\\/jennipitko.fi\\\/koti\\\/\",\"logo\":{\"@type\":\"ImageObject\",\"inLanguage\":\"fi\",\"@id\":\"https:\\\/\\\/jennipitko.fi\\\/koti\\\/#\\\/schema\\\/logo\\\/image\\\/\",\"url\":\"https:\\\/\\\/jennipitko.fi\\\/koti\\\/wp-content\\\/uploads\\\/2025\\\/09\\\/Nimeton-malli-38.png\",\"contentUrl\":\"https:\\\/\\\/jennipitko.fi\\\/koti\\\/wp-content\\\/uploads\\\/2025\\\/09\\\/Nimeton-malli-38.png\",\"width\":1280,\"height\":847,\"caption\":\"Jenni Pitko - Vihreiden varapuheenjohtaja, ymp\u00e4rist\u00f6valiokunnan puheenjohtaja, kansanedustaja ja arkkitehti Oulusta\"},\"image\":{\"@id\":\"https:\\\/\\\/jennipitko.fi\\\/koti\\\/#\\\/schema\\\/logo\\\/image\\\/\"}},{\"@type\":\"Person\",\"@id\":\"https:\\\/\\\/jennipitko.fi\\\/koti\\\/#\\\/schema\\\/person\\\/3f242bfe958144234373266ea416e4d6\",\"name\":\"Jenni\",\"image\":{\"@type\":\"ImageObject\",\"inLanguage\":\"fi\",\"@id\":\"https:\\\/\\\/secure.gravatar.com\\\/avatar\\\/469343e1290c3e818159b4a4348708c09929f07a2f460e664497d6fb92f80743?s=96&d=blank&r=g\",\"url\":\"https:\\\/\\\/secure.gravatar.com\\\/avatar\\\/469343e1290c3e818159b4a4348708c09929f07a2f460e664497d6fb92f80743?s=96&d=blank&r=g\",\"contentUrl\":\"https:\\\/\\\/secure.gravatar.com\\\/avatar\\\/469343e1290c3e818159b4a4348708c09929f07a2f460e664497d6fb92f80743?s=96&d=blank&r=g\",\"caption\":\"Jenni\"},\"url\":\"https:\\\/\\\/jennipitko.fi\\\/koti\\\/author\\\/jenni-pitko\\\/\"}]}<\/script>\n<!-- \/ Yoast SEO plugin. -->","yoast_head_json":{"title":"Arktiselta alueelta elinvoimaa Pohjois-Suomeen ymp\u00e4rist\u00f6\u00e4 ja ihmisi\u00e4 kunnioittaen - Jenni Pitko - Vihreiden varapuheenjohtaja, ymp\u00e4rist\u00f6valiokunnan puheenjohtaja, kansanedustaja ja arkkitehti Oulusta","robots":{"index":"index","follow":"follow","max-snippet":"max-snippet:-1","max-image-preview":"max-image-preview:large","max-video-preview":"max-video-preview:-1"},"canonical":"https:\/\/jennipitko.fi\/koti\/arktiselta-alueelta-elinvoimaa-pohjois-suomeen-ymparistoa-ja-ihmisia-kunnioittaen\/","og_locale":"fi_FI","og_type":"article","og_title":"Arktiselta alueelta elinvoimaa Pohjois-Suomeen ymp\u00e4rist\u00f6\u00e4 ja ihmisi\u00e4 kunnioittaen - Jenni Pitko - Vihreiden varapuheenjohtaja, ymp\u00e4rist\u00f6valiokunnan puheenjohtaja, kansanedustaja ja arkkitehti Oulusta","og_description":"Puheenvuoroni Vihreiden puoluekokouksen poliittisen keskustelun osiossa J\u00e4ms\u00e4ss\u00e4 7.6.2013 Arktisella alueella tapahtuu suuria muutoksia. J\u00e4\u00e4meren j\u00e4\u00e4tikk\u00f6 sulaa ja sinne avautuu kauppareittej\u00e4, [&hellip;]","og_url":"https:\/\/jennipitko.fi\/koti\/arktiselta-alueelta-elinvoimaa-pohjois-suomeen-ymparistoa-ja-ihmisia-kunnioittaen\/","og_site_name":"Jenni Pitko - Vihreiden varapuheenjohtaja, ymp\u00e4rist\u00f6valiokunnan puheenjohtaja, kansanedustaja ja arkkitehti Oulusta","article_published_time":"2014-06-07T16:24:57+00:00","article_modified_time":"2014-12-30T15:15:09+00:00","author":"Jenni","twitter_card":"summary_large_image","twitter_misc":{"Kirjoittanut":"Jenni","Arvioitu lukuaika":"1 minuutti"},"schema":{"@context":"https:\/\/schema.org","@graph":[{"@type":"Article","@id":"https:\/\/jennipitko.fi\/koti\/arktiselta-alueelta-elinvoimaa-pohjois-suomeen-ymparistoa-ja-ihmisia-kunnioittaen\/#article","isPartOf":{"@id":"https:\/\/jennipitko.fi\/koti\/arktiselta-alueelta-elinvoimaa-pohjois-suomeen-ymparistoa-ja-ihmisia-kunnioittaen\/"},"author":{"name":"Jenni","@id":"https:\/\/jennipitko.fi\/koti\/#\/schema\/person\/3f242bfe958144234373266ea416e4d6"},"headline":"Arktiselta alueelta elinvoimaa Pohjois-Suomeen ymp\u00e4rist\u00f6\u00e4 ja ihmisi\u00e4 kunnioittaen","datePublished":"2014-06-07T16:24:57+00:00","dateModified":"2014-12-30T15:15:09+00:00","mainEntityOfPage":{"@id":"https:\/\/jennipitko.fi\/koti\/arktiselta-alueelta-elinvoimaa-pohjois-suomeen-ymparistoa-ja-ihmisia-kunnioittaen\/"},"wordCount":268,"commentCount":0,"publisher":{"@id":"https:\/\/jennipitko.fi\/koti\/#organization"},"articleSection":["Blogi"],"inLanguage":"fi","potentialAction":[{"@type":"CommentAction","name":"Comment","target":["https:\/\/jennipitko.fi\/koti\/arktiselta-alueelta-elinvoimaa-pohjois-suomeen-ymparistoa-ja-ihmisia-kunnioittaen\/#respond"]}]},{"@type":"WebPage","@id":"https:\/\/jennipitko.fi\/koti\/arktiselta-alueelta-elinvoimaa-pohjois-suomeen-ymparistoa-ja-ihmisia-kunnioittaen\/","url":"https:\/\/jennipitko.fi\/koti\/arktiselta-alueelta-elinvoimaa-pohjois-suomeen-ymparistoa-ja-ihmisia-kunnioittaen\/","name":"Arktiselta alueelta elinvoimaa Pohjois-Suomeen ymp\u00e4rist\u00f6\u00e4 ja ihmisi\u00e4 kunnioittaen - Jenni Pitko - Vihreiden varapuheenjohtaja, ymp\u00e4rist\u00f6valiokunnan puheenjohtaja, kansanedustaja ja arkkitehti Oulusta","isPartOf":{"@id":"https:\/\/jennipitko.fi\/koti\/#website"},"datePublished":"2014-06-07T16:24:57+00:00","dateModified":"2014-12-30T15:15:09+00:00","breadcrumb":{"@id":"https:\/\/jennipitko.fi\/koti\/arktiselta-alueelta-elinvoimaa-pohjois-suomeen-ymparistoa-ja-ihmisia-kunnioittaen\/#breadcrumb"},"inLanguage":"fi","potentialAction":[{"@type":"ReadAction","target":["https:\/\/jennipitko.fi\/koti\/arktiselta-alueelta-elinvoimaa-pohjois-suomeen-ymparistoa-ja-ihmisia-kunnioittaen\/"]}]},{"@type":"BreadcrumbList","@id":"https:\/\/jennipitko.fi\/koti\/arktiselta-alueelta-elinvoimaa-pohjois-suomeen-ymparistoa-ja-ihmisia-kunnioittaen\/#breadcrumb","itemListElement":[{"@type":"ListItem","position":1,"name":"Home","item":"https:\/\/jennipitko.fi\/koti\/"},{"@type":"ListItem","position":2,"name":"Arktiselta alueelta elinvoimaa Pohjois-Suomeen ymp\u00e4rist\u00f6\u00e4 ja ihmisi\u00e4 kunnioittaen"}]},{"@type":"WebSite","@id":"https:\/\/jennipitko.fi\/koti\/#website","url":"https:\/\/jennipitko.fi\/koti\/","name":"Jenni Pitko - Vihreiden varapuheenjohtaja, ymp\u00e4rist\u00f6valiokunnan puheenjohtaja, kansanedustaja ja arkkitehti Oulusta","description":"Jenni Pitko - Vihreiden varapuheenjohtaja, ymp\u00e4rist\u00f6valiokunnan puheenjohtaja, kansanedustaja ja arkkitehti Oulusta","publisher":{"@id":"https:\/\/jennipitko.fi\/koti\/#organization"},"potentialAction":[{"@type":"SearchAction","target":{"@type":"EntryPoint","urlTemplate":"https:\/\/jennipitko.fi\/koti\/?s={search_term_string}"},"query-input":{"@type":"PropertyValueSpecification","valueRequired":true,"valueName":"search_term_string"}}],"inLanguage":"fi"},{"@type":"Organization","@id":"https:\/\/jennipitko.fi\/koti\/#organization","name":"Jenni Pitko - Vihreiden varapuheenjohtaja, ymp\u00e4rist\u00f6valiokunnan puheenjohtaja, kansanedustaja ja arkkitehti Oulusta","url":"https:\/\/jennipitko.fi\/koti\/","logo":{"@type":"ImageObject","inLanguage":"fi","@id":"https:\/\/jennipitko.fi\/koti\/#\/schema\/logo\/image\/","url":"https:\/\/jennipitko.fi\/koti\/wp-content\/uploads\/2025\/09\/Nimeton-malli-38.png","contentUrl":"https:\/\/jennipitko.fi\/koti\/wp-content\/uploads\/2025\/09\/Nimeton-malli-38.png","width":1280,"height":847,"caption":"Jenni Pitko - Vihreiden varapuheenjohtaja, ymp\u00e4rist\u00f6valiokunnan puheenjohtaja, kansanedustaja ja arkkitehti Oulusta"},"image":{"@id":"https:\/\/jennipitko.fi\/koti\/#\/schema\/logo\/image\/"}},{"@type":"Person","@id":"https:\/\/jennipitko.fi\/koti\/#\/schema\/person\/3f242bfe958144234373266ea416e4d6","name":"Jenni","image":{"@type":"ImageObject","inLanguage":"fi","@id":"https:\/\/secure.gravatar.com\/avatar\/469343e1290c3e818159b4a4348708c09929f07a2f460e664497d6fb92f80743?s=96&d=blank&r=g","url":"https:\/\/secure.gravatar.com\/avatar\/469343e1290c3e818159b4a4348708c09929f07a2f460e664497d6fb92f80743?s=96&d=blank&r=g","contentUrl":"https:\/\/secure.gravatar.com\/avatar\/469343e1290c3e818159b4a4348708c09929f07a2f460e664497d6fb92f80743?s=96&d=blank&r=g","caption":"Jenni"},"url":"https:\/\/jennipitko.fi\/koti\/author\/jenni-pitko\/"}]}},"_links":{"self":[{"href":"https:\/\/jennipitko.fi\/koti\/wp-json\/wp\/v2\/posts\/707","targetHints":{"allow":["GET"]}}],"collection":[{"href":"https:\/\/jennipitko.fi\/koti\/wp-json\/wp\/v2\/posts"}],"about":[{"href":"https:\/\/jennipitko.fi\/koti\/wp-json\/wp\/v2\/types\/post"}],"author":[{"embeddable":true,"href":"https:\/\/jennipitko.fi\/koti\/wp-json\/wp\/v2\/users\/2"}],"replies":[{"embeddable":true,"href":"https:\/\/jennipitko.fi\/koti\/wp-json\/wp\/v2\/comments?post=707"}],"version-history":[{"count":1,"href":"https:\/\/jennipitko.fi\/koti\/wp-json\/wp\/v2\/posts\/707\/revisions"}],"predecessor-version":[{"id":795,"href":"https:\/\/jennipitko.fi\/koti\/wp-json\/wp\/v2\/posts\/707\/revisions\/795"}],"wp:attachment":[{"href":"https:\/\/jennipitko.fi\/koti\/wp-json\/wp\/v2\/media?parent=707"}],"wp:term":[{"taxonomy":"category","embeddable":true,"href":"https:\/\/jennipitko.fi\/koti\/wp-json\/wp\/v2\/categories?post=707"},{"taxonomy":"post_tag","embeddable":true,"href":"https:\/\/jennipitko.fi\/koti\/wp-json\/wp\/v2\/tags?post=707"}],"curies":[{"name":"wp","href":"https:\/\/api.w.org\/{rel}","templated":true}]}}