{"id":709,"date":"2014-06-13T11:20:53","date_gmt":"2014-06-13T09:20:53","guid":{"rendered":"http:\/\/henkilot.vihreat.fi\/jenni.pitko\/?p=709"},"modified":"2014-12-30T15:23:55","modified_gmt":"2014-12-30T15:23:55","slug":"maa-hyotymis-vai-hyvinvointivalineena","status":"publish","type":"post","link":"https:\/\/jennipitko.fi\/koti\/maa-hyotymis-vai-hyvinvointivalineena\/","title":{"rendered":"Maa hy\u00f6tymis- vai hyvinvointiv\u00e4lineen\u00e4?"},"content":{"rendered":"<p><em>teksti julkaistu Sanomalehti Kalevan mielipidepalstalla 13.6.2014<\/em><\/p>\n<p>Maank\u00e4yt\u00f6n yleis- ja yksityiskohtainen suunnittelu on kunnan itsehallinnon alaista, jota ohjataan valtuuston toimesta maapolitiikalla. Maapoliittisissa linjauksissa, jotka kaupunginvaltuusto hyv\u00e4ksyy, m\u00e4\u00e4ritell\u00e4\u00e4n, miten maata kunnan alueella k\u00e4ytet\u00e4\u00e4n ja kaavoitetaan.<\/p>\n<p>Maank\u00e4ytt\u00f6- ja rakennuslain mukaan maata pit\u00e4\u00e4 kaavoittaa niin, ett\u00e4 se luo turvallista, terveellist\u00e4 ja viihtyis\u00e4\u00e4 ymp\u00e4rist\u00f6\u00e4. Maank\u00e4yt\u00f6ll\u00e4 on merkitt\u00e4v\u00e4 rooli esimerkiksi liiketoimintaedellytysten ja hyv\u00e4n joukkoliikennedellytysten ja taloudellisen rakenteen luomisessa. Tavoitteena terve ja toimiva, koko kuntaa hy\u00f6dytt\u00e4v\u00e4 yhdyskuntarakenne!<\/p>\n<p>Poiketen n\u00e4ist\u00e4 tavoitteista, Oulun kaupungin luottamushenkil\u00f6ilt\u00e4 nousee aina n\u00e4it\u00e4 asioita k\u00e4sitelt\u00e4ess\u00e4 muutosesityksi\u00e4, joilla ajetaankin jotain uutta, esitt\u00e4jien mielest\u00e4 t\u00e4rke\u00e4mp\u00e4\u00e4 tavoitetta.<!--more--><\/p>\n<p>N\u00e4iss\u00e4 esityksiss\u00e4, jotka valitettavan usein menev\u00e4t niukan enemmist\u00f6n johdosta l\u00e4pi, kaava-alueita halutaan osoittaakin yhdyskuntarakennetta hajauttavasti ja rakentamista sallia asemakaava-alueiden ulkopuolelle, joilla sijaitsee p\u00e4\u00e4asiassa yksityisi\u00e4 maita. Esityksill\u00e4 pyrit\u00e4\u00e4n v\u00e4hent\u00e4m\u00e4\u00e4n rakentamisen ja yhdyskuntarakenteen ohjaamista.<\/p>\n<p>Yhdyskuntarakenteen hajautuminen ei edist\u00e4 yhteist\u00e4 etua. N\u00e4iden esitysten tekij\u00e4t n\u00e4kev\u00e4t maan hyvinvoinnin v\u00e4lineen sijaan hy\u00f6tymisv\u00e4lineen\u00e4. T\u00e4m\u00e4 on t\u00e4ysin kest\u00e4m\u00e4t\u00f6nt\u00e4 kuntatalouden ja muiden aluksi esitt\u00e4mieni yleisten tavoitteiden kannalta.<\/p>\n<p>Oulun kaupungissa laaditaan paraikaa yleiskaavaa ja luodaan maapoliittista linjauksia tuleville vuosille. Toivon, ett\u00e4 n\u00e4it\u00e4 esityksi\u00e4 hyv\u00e4ksytt\u00e4ess\u00e4 muistetaan maapolitiikan moninaiset vaikutukset hyvinvointiin, eik\u00e4 laiteta yksityist\u00e4 etua yleisen edun edelle.<\/p>\n<p>Jenni Pitko<br \/>\nKaupunginvaltuutettu,<br \/>\nKaupunginhallituksen j\u00e4sen (vihr.)<\/p>\n","protected":false},"excerpt":{"rendered":"<p>teksti julkaistu Sanomalehti Kalevan mielipidepalstalla 13.6.2014 Maank\u00e4yt\u00f6n yleis- ja yksityiskohtainen suunnittelu on kunnan itsehallinnon alaista, jota ohjataan valtuuston toimesta maapolitiikalla. [&hellip;]<\/p>\n","protected":false},"author":2,"featured_media":0,"comment_status":"open","ping_status":"open","sticky":false,"template":"","format":"standard","meta":{"_monsterinsights_skip_tracking":false,"_monsterinsights_sitenote_active":false,"_monsterinsights_sitenote_note":"","_monsterinsights_sitenote_category":0,"site-sidebar-layout":"default","site-content-layout":"","ast-site-content-layout":"default","site-content-style":"default","site-sidebar-style":"default","ast-global-header-display":"","ast-banner-title-visibility":"","ast-main-header-display":"","ast-hfb-above-header-display":"","ast-hfb-below-header-display":"","ast-hfb-mobile-header-display":"","site-post-title":"","ast-breadcrumbs-content":"","ast-featured-img":"","footer-sml-layout":"","ast-disable-related-posts":"","theme-transparent-header-meta":"","adv-header-id-meta":"","stick-header-meta":"","header-above-stick-meta":"","header-main-stick-meta":"","header-below-stick-meta":"","astra-migrate-meta-layouts":"default","ast-page-background-enabled":"default","ast-page-background-meta":{"desktop":{"background-color":"var(--ast-global-color-5)","background-image":"","background-repeat":"repeat","background-position":"center center","background-size":"auto","background-attachment":"scroll","background-type":"","background-media":"","overlay-type":"","overlay-color":"","overlay-opacity":"","overlay-gradient":""},"tablet":{"background-color":"","background-image":"","background-repeat":"repeat","background-position":"center center","background-size":"auto","background-attachment":"scroll","background-type":"","background-media":"","overlay-type":"","overlay-color":"","overlay-opacity":"","overlay-gradient":""},"mobile":{"background-color":"","background-image":"","background-repeat":"repeat","background-position":"center center","background-size":"auto","background-attachment":"scroll","background-type":"","background-media":"","overlay-type":"","overlay-color":"","overlay-opacity":"","overlay-gradient":""}},"ast-content-background-meta":{"desktop":{"background-color":"var(--ast-global-color-4)","background-image":"","background-repeat":"repeat","background-position":"center center","background-size":"auto","background-attachment":"scroll","background-type":"","background-media":"","overlay-type":"","overlay-color":"","overlay-opacity":"","overlay-gradient":""},"tablet":{"background-color":"var(--ast-global-color-4)","background-image":"","background-repeat":"repeat","background-position":"center center","background-size":"auto","background-attachment":"scroll","background-type":"","background-media":"","overlay-type":"","overlay-color":"","overlay-opacity":"","overlay-gradient":""},"mobile":{"background-color":"var(--ast-global-color-4)","background-image":"","background-repeat":"repeat","background-position":"center center","background-size":"auto","background-attachment":"scroll","background-type":"","background-media":"","overlay-type":"","overlay-color":"","overlay-opacity":"","overlay-gradient":""}},"footnotes":""},"categories":[2],"tags":[],"class_list":["post-709","post","type-post","status-publish","format-standard","hentry","category-blogi"],"yoast_head":"<!-- This site is optimized with the Yoast SEO plugin v27.5 - https:\/\/yoast.com\/product\/yoast-seo-wordpress\/ -->\n<title>Maa hy\u00f6tymis- vai hyvinvointiv\u00e4lineen\u00e4? - Jenni Pitko - Vihreiden varapuheenjohtaja, ymp\u00e4rist\u00f6valiokunnan puheenjohtaja, kansanedustaja ja arkkitehti Oulusta<\/title>\n<meta name=\"robots\" content=\"index, follow, max-snippet:-1, max-image-preview:large, max-video-preview:-1\" \/>\n<link rel=\"canonical\" href=\"https:\/\/jennipitko.fi\/koti\/maa-hyotymis-vai-hyvinvointivalineena\/\" \/>\n<meta property=\"og:locale\" content=\"fi_FI\" \/>\n<meta property=\"og:type\" content=\"article\" \/>\n<meta property=\"og:title\" content=\"Maa hy\u00f6tymis- vai hyvinvointiv\u00e4lineen\u00e4? - Jenni Pitko - Vihreiden varapuheenjohtaja, ymp\u00e4rist\u00f6valiokunnan puheenjohtaja, kansanedustaja ja arkkitehti Oulusta\" \/>\n<meta property=\"og:description\" content=\"teksti julkaistu Sanomalehti Kalevan mielipidepalstalla 13.6.2014 Maank\u00e4yt\u00f6n yleis- ja yksityiskohtainen suunnittelu on kunnan itsehallinnon alaista, jota ohjataan valtuuston toimesta maapolitiikalla. [&hellip;]\" \/>\n<meta property=\"og:url\" content=\"https:\/\/jennipitko.fi\/koti\/maa-hyotymis-vai-hyvinvointivalineena\/\" \/>\n<meta property=\"og:site_name\" content=\"Jenni Pitko - Vihreiden varapuheenjohtaja, ymp\u00e4rist\u00f6valiokunnan puheenjohtaja, kansanedustaja ja arkkitehti Oulusta\" \/>\n<meta property=\"article:published_time\" content=\"2014-06-13T09:20:53+00:00\" \/>\n<meta property=\"article:modified_time\" content=\"2014-12-30T15:23:55+00:00\" \/>\n<meta name=\"author\" content=\"Jenni\" \/>\n<meta name=\"twitter:card\" content=\"summary_large_image\" \/>\n<meta name=\"twitter:label1\" content=\"Kirjoittanut\" \/>\n\t<meta name=\"twitter:data1\" content=\"Jenni\" \/>\n\t<meta name=\"twitter:label2\" content=\"Arvioitu lukuaika\" \/>\n\t<meta name=\"twitter:data2\" content=\"1 minuutti\" \/>\n<script type=\"application\/ld+json\" class=\"yoast-schema-graph\">{\"@context\":\"https:\\\/\\\/schema.org\",\"@graph\":[{\"@type\":\"Article\",\"@id\":\"https:\\\/\\\/jennipitko.fi\\\/koti\\\/maa-hyotymis-vai-hyvinvointivalineena\\\/#article\",\"isPartOf\":{\"@id\":\"https:\\\/\\\/jennipitko.fi\\\/koti\\\/maa-hyotymis-vai-hyvinvointivalineena\\\/\"},\"author\":{\"name\":\"Jenni\",\"@id\":\"https:\\\/\\\/jennipitko.fi\\\/koti\\\/#\\\/schema\\\/person\\\/3f242bfe958144234373266ea416e4d6\"},\"headline\":\"Maa hy\u00f6tymis- vai hyvinvointiv\u00e4lineen\u00e4?\",\"datePublished\":\"2014-06-13T09:20:53+00:00\",\"dateModified\":\"2014-12-30T15:23:55+00:00\",\"mainEntityOfPage\":{\"@id\":\"https:\\\/\\\/jennipitko.fi\\\/koti\\\/maa-hyotymis-vai-hyvinvointivalineena\\\/\"},\"wordCount\":238,\"commentCount\":0,\"publisher\":{\"@id\":\"https:\\\/\\\/jennipitko.fi\\\/koti\\\/#organization\"},\"articleSection\":[\"Blogi\"],\"inLanguage\":\"fi\",\"potentialAction\":[{\"@type\":\"CommentAction\",\"name\":\"Comment\",\"target\":[\"https:\\\/\\\/jennipitko.fi\\\/koti\\\/maa-hyotymis-vai-hyvinvointivalineena\\\/#respond\"]}]},{\"@type\":\"WebPage\",\"@id\":\"https:\\\/\\\/jennipitko.fi\\\/koti\\\/maa-hyotymis-vai-hyvinvointivalineena\\\/\",\"url\":\"https:\\\/\\\/jennipitko.fi\\\/koti\\\/maa-hyotymis-vai-hyvinvointivalineena\\\/\",\"name\":\"Maa hy\u00f6tymis- vai hyvinvointiv\u00e4lineen\u00e4? - Jenni Pitko - Vihreiden varapuheenjohtaja, ymp\u00e4rist\u00f6valiokunnan puheenjohtaja, kansanedustaja ja arkkitehti Oulusta\",\"isPartOf\":{\"@id\":\"https:\\\/\\\/jennipitko.fi\\\/koti\\\/#website\"},\"datePublished\":\"2014-06-13T09:20:53+00:00\",\"dateModified\":\"2014-12-30T15:23:55+00:00\",\"breadcrumb\":{\"@id\":\"https:\\\/\\\/jennipitko.fi\\\/koti\\\/maa-hyotymis-vai-hyvinvointivalineena\\\/#breadcrumb\"},\"inLanguage\":\"fi\",\"potentialAction\":[{\"@type\":\"ReadAction\",\"target\":[\"https:\\\/\\\/jennipitko.fi\\\/koti\\\/maa-hyotymis-vai-hyvinvointivalineena\\\/\"]}]},{\"@type\":\"BreadcrumbList\",\"@id\":\"https:\\\/\\\/jennipitko.fi\\\/koti\\\/maa-hyotymis-vai-hyvinvointivalineena\\\/#breadcrumb\",\"itemListElement\":[{\"@type\":\"ListItem\",\"position\":1,\"name\":\"Home\",\"item\":\"https:\\\/\\\/jennipitko.fi\\\/koti\\\/\"},{\"@type\":\"ListItem\",\"position\":2,\"name\":\"Maa hy\u00f6tymis- vai hyvinvointiv\u00e4lineen\u00e4?\"}]},{\"@type\":\"WebSite\",\"@id\":\"https:\\\/\\\/jennipitko.fi\\\/koti\\\/#website\",\"url\":\"https:\\\/\\\/jennipitko.fi\\\/koti\\\/\",\"name\":\"Jenni Pitko - Vihreiden varapuheenjohtaja, ymp\u00e4rist\u00f6valiokunnan puheenjohtaja, kansanedustaja ja arkkitehti Oulusta\",\"description\":\"Jenni Pitko - Vihreiden varapuheenjohtaja, ymp\u00e4rist\u00f6valiokunnan puheenjohtaja, kansanedustaja ja arkkitehti Oulusta\",\"publisher\":{\"@id\":\"https:\\\/\\\/jennipitko.fi\\\/koti\\\/#organization\"},\"potentialAction\":[{\"@type\":\"SearchAction\",\"target\":{\"@type\":\"EntryPoint\",\"urlTemplate\":\"https:\\\/\\\/jennipitko.fi\\\/koti\\\/?s={search_term_string}\"},\"query-input\":{\"@type\":\"PropertyValueSpecification\",\"valueRequired\":true,\"valueName\":\"search_term_string\"}}],\"inLanguage\":\"fi\"},{\"@type\":\"Organization\",\"@id\":\"https:\\\/\\\/jennipitko.fi\\\/koti\\\/#organization\",\"name\":\"Jenni Pitko - Vihreiden varapuheenjohtaja, ymp\u00e4rist\u00f6valiokunnan puheenjohtaja, kansanedustaja ja arkkitehti Oulusta\",\"url\":\"https:\\\/\\\/jennipitko.fi\\\/koti\\\/\",\"logo\":{\"@type\":\"ImageObject\",\"inLanguage\":\"fi\",\"@id\":\"https:\\\/\\\/jennipitko.fi\\\/koti\\\/#\\\/schema\\\/logo\\\/image\\\/\",\"url\":\"https:\\\/\\\/jennipitko.fi\\\/koti\\\/wp-content\\\/uploads\\\/2025\\\/09\\\/Nimeton-malli-38.png\",\"contentUrl\":\"https:\\\/\\\/jennipitko.fi\\\/koti\\\/wp-content\\\/uploads\\\/2025\\\/09\\\/Nimeton-malli-38.png\",\"width\":1280,\"height\":847,\"caption\":\"Jenni Pitko - Vihreiden varapuheenjohtaja, ymp\u00e4rist\u00f6valiokunnan puheenjohtaja, kansanedustaja ja arkkitehti Oulusta\"},\"image\":{\"@id\":\"https:\\\/\\\/jennipitko.fi\\\/koti\\\/#\\\/schema\\\/logo\\\/image\\\/\"}},{\"@type\":\"Person\",\"@id\":\"https:\\\/\\\/jennipitko.fi\\\/koti\\\/#\\\/schema\\\/person\\\/3f242bfe958144234373266ea416e4d6\",\"name\":\"Jenni\",\"image\":{\"@type\":\"ImageObject\",\"inLanguage\":\"fi\",\"@id\":\"https:\\\/\\\/secure.gravatar.com\\\/avatar\\\/469343e1290c3e818159b4a4348708c09929f07a2f460e664497d6fb92f80743?s=96&d=blank&r=g\",\"url\":\"https:\\\/\\\/secure.gravatar.com\\\/avatar\\\/469343e1290c3e818159b4a4348708c09929f07a2f460e664497d6fb92f80743?s=96&d=blank&r=g\",\"contentUrl\":\"https:\\\/\\\/secure.gravatar.com\\\/avatar\\\/469343e1290c3e818159b4a4348708c09929f07a2f460e664497d6fb92f80743?s=96&d=blank&r=g\",\"caption\":\"Jenni\"},\"url\":\"https:\\\/\\\/jennipitko.fi\\\/koti\\\/author\\\/jenni-pitko\\\/\"}]}<\/script>\n<!-- \/ Yoast SEO plugin. -->","yoast_head_json":{"title":"Maa hy\u00f6tymis- vai hyvinvointiv\u00e4lineen\u00e4? - Jenni Pitko - Vihreiden varapuheenjohtaja, ymp\u00e4rist\u00f6valiokunnan puheenjohtaja, kansanedustaja ja arkkitehti Oulusta","robots":{"index":"index","follow":"follow","max-snippet":"max-snippet:-1","max-image-preview":"max-image-preview:large","max-video-preview":"max-video-preview:-1"},"canonical":"https:\/\/jennipitko.fi\/koti\/maa-hyotymis-vai-hyvinvointivalineena\/","og_locale":"fi_FI","og_type":"article","og_title":"Maa hy\u00f6tymis- vai hyvinvointiv\u00e4lineen\u00e4? - Jenni Pitko - Vihreiden varapuheenjohtaja, ymp\u00e4rist\u00f6valiokunnan puheenjohtaja, kansanedustaja ja arkkitehti Oulusta","og_description":"teksti julkaistu Sanomalehti Kalevan mielipidepalstalla 13.6.2014 Maank\u00e4yt\u00f6n yleis- ja yksityiskohtainen suunnittelu on kunnan itsehallinnon alaista, jota ohjataan valtuuston toimesta maapolitiikalla. [&hellip;]","og_url":"https:\/\/jennipitko.fi\/koti\/maa-hyotymis-vai-hyvinvointivalineena\/","og_site_name":"Jenni Pitko - Vihreiden varapuheenjohtaja, ymp\u00e4rist\u00f6valiokunnan puheenjohtaja, kansanedustaja ja arkkitehti Oulusta","article_published_time":"2014-06-13T09:20:53+00:00","article_modified_time":"2014-12-30T15:23:55+00:00","author":"Jenni","twitter_card":"summary_large_image","twitter_misc":{"Kirjoittanut":"Jenni","Arvioitu lukuaika":"1 minuutti"},"schema":{"@context":"https:\/\/schema.org","@graph":[{"@type":"Article","@id":"https:\/\/jennipitko.fi\/koti\/maa-hyotymis-vai-hyvinvointivalineena\/#article","isPartOf":{"@id":"https:\/\/jennipitko.fi\/koti\/maa-hyotymis-vai-hyvinvointivalineena\/"},"author":{"name":"Jenni","@id":"https:\/\/jennipitko.fi\/koti\/#\/schema\/person\/3f242bfe958144234373266ea416e4d6"},"headline":"Maa hy\u00f6tymis- vai hyvinvointiv\u00e4lineen\u00e4?","datePublished":"2014-06-13T09:20:53+00:00","dateModified":"2014-12-30T15:23:55+00:00","mainEntityOfPage":{"@id":"https:\/\/jennipitko.fi\/koti\/maa-hyotymis-vai-hyvinvointivalineena\/"},"wordCount":238,"commentCount":0,"publisher":{"@id":"https:\/\/jennipitko.fi\/koti\/#organization"},"articleSection":["Blogi"],"inLanguage":"fi","potentialAction":[{"@type":"CommentAction","name":"Comment","target":["https:\/\/jennipitko.fi\/koti\/maa-hyotymis-vai-hyvinvointivalineena\/#respond"]}]},{"@type":"WebPage","@id":"https:\/\/jennipitko.fi\/koti\/maa-hyotymis-vai-hyvinvointivalineena\/","url":"https:\/\/jennipitko.fi\/koti\/maa-hyotymis-vai-hyvinvointivalineena\/","name":"Maa hy\u00f6tymis- vai hyvinvointiv\u00e4lineen\u00e4? - Jenni Pitko - Vihreiden varapuheenjohtaja, ymp\u00e4rist\u00f6valiokunnan puheenjohtaja, kansanedustaja ja arkkitehti Oulusta","isPartOf":{"@id":"https:\/\/jennipitko.fi\/koti\/#website"},"datePublished":"2014-06-13T09:20:53+00:00","dateModified":"2014-12-30T15:23:55+00:00","breadcrumb":{"@id":"https:\/\/jennipitko.fi\/koti\/maa-hyotymis-vai-hyvinvointivalineena\/#breadcrumb"},"inLanguage":"fi","potentialAction":[{"@type":"ReadAction","target":["https:\/\/jennipitko.fi\/koti\/maa-hyotymis-vai-hyvinvointivalineena\/"]}]},{"@type":"BreadcrumbList","@id":"https:\/\/jennipitko.fi\/koti\/maa-hyotymis-vai-hyvinvointivalineena\/#breadcrumb","itemListElement":[{"@type":"ListItem","position":1,"name":"Home","item":"https:\/\/jennipitko.fi\/koti\/"},{"@type":"ListItem","position":2,"name":"Maa hy\u00f6tymis- vai hyvinvointiv\u00e4lineen\u00e4?"}]},{"@type":"WebSite","@id":"https:\/\/jennipitko.fi\/koti\/#website","url":"https:\/\/jennipitko.fi\/koti\/","name":"Jenni Pitko - Vihreiden varapuheenjohtaja, ymp\u00e4rist\u00f6valiokunnan puheenjohtaja, kansanedustaja ja arkkitehti Oulusta","description":"Jenni Pitko - Vihreiden varapuheenjohtaja, ymp\u00e4rist\u00f6valiokunnan puheenjohtaja, kansanedustaja ja arkkitehti Oulusta","publisher":{"@id":"https:\/\/jennipitko.fi\/koti\/#organization"},"potentialAction":[{"@type":"SearchAction","target":{"@type":"EntryPoint","urlTemplate":"https:\/\/jennipitko.fi\/koti\/?s={search_term_string}"},"query-input":{"@type":"PropertyValueSpecification","valueRequired":true,"valueName":"search_term_string"}}],"inLanguage":"fi"},{"@type":"Organization","@id":"https:\/\/jennipitko.fi\/koti\/#organization","name":"Jenni Pitko - Vihreiden varapuheenjohtaja, ymp\u00e4rist\u00f6valiokunnan puheenjohtaja, kansanedustaja ja arkkitehti Oulusta","url":"https:\/\/jennipitko.fi\/koti\/","logo":{"@type":"ImageObject","inLanguage":"fi","@id":"https:\/\/jennipitko.fi\/koti\/#\/schema\/logo\/image\/","url":"https:\/\/jennipitko.fi\/koti\/wp-content\/uploads\/2025\/09\/Nimeton-malli-38.png","contentUrl":"https:\/\/jennipitko.fi\/koti\/wp-content\/uploads\/2025\/09\/Nimeton-malli-38.png","width":1280,"height":847,"caption":"Jenni Pitko - Vihreiden varapuheenjohtaja, ymp\u00e4rist\u00f6valiokunnan puheenjohtaja, kansanedustaja ja arkkitehti Oulusta"},"image":{"@id":"https:\/\/jennipitko.fi\/koti\/#\/schema\/logo\/image\/"}},{"@type":"Person","@id":"https:\/\/jennipitko.fi\/koti\/#\/schema\/person\/3f242bfe958144234373266ea416e4d6","name":"Jenni","image":{"@type":"ImageObject","inLanguage":"fi","@id":"https:\/\/secure.gravatar.com\/avatar\/469343e1290c3e818159b4a4348708c09929f07a2f460e664497d6fb92f80743?s=96&d=blank&r=g","url":"https:\/\/secure.gravatar.com\/avatar\/469343e1290c3e818159b4a4348708c09929f07a2f460e664497d6fb92f80743?s=96&d=blank&r=g","contentUrl":"https:\/\/secure.gravatar.com\/avatar\/469343e1290c3e818159b4a4348708c09929f07a2f460e664497d6fb92f80743?s=96&d=blank&r=g","caption":"Jenni"},"url":"https:\/\/jennipitko.fi\/koti\/author\/jenni-pitko\/"}]}},"_links":{"self":[{"href":"https:\/\/jennipitko.fi\/koti\/wp-json\/wp\/v2\/posts\/709","targetHints":{"allow":["GET"]}}],"collection":[{"href":"https:\/\/jennipitko.fi\/koti\/wp-json\/wp\/v2\/posts"}],"about":[{"href":"https:\/\/jennipitko.fi\/koti\/wp-json\/wp\/v2\/types\/post"}],"author":[{"embeddable":true,"href":"https:\/\/jennipitko.fi\/koti\/wp-json\/wp\/v2\/users\/2"}],"replies":[{"embeddable":true,"href":"https:\/\/jennipitko.fi\/koti\/wp-json\/wp\/v2\/comments?post=709"}],"version-history":[{"count":1,"href":"https:\/\/jennipitko.fi\/koti\/wp-json\/wp\/v2\/posts\/709\/revisions"}],"predecessor-version":[{"id":803,"href":"https:\/\/jennipitko.fi\/koti\/wp-json\/wp\/v2\/posts\/709\/revisions\/803"}],"wp:attachment":[{"href":"https:\/\/jennipitko.fi\/koti\/wp-json\/wp\/v2\/media?parent=709"}],"wp:term":[{"taxonomy":"category","embeddable":true,"href":"https:\/\/jennipitko.fi\/koti\/wp-json\/wp\/v2\/categories?post=709"},{"taxonomy":"post_tag","embeddable":true,"href":"https:\/\/jennipitko.fi\/koti\/wp-json\/wp\/v2\/tags?post=709"}],"curies":[{"name":"wp","href":"https:\/\/api.w.org\/{rel}","templated":true}]}}