{"id":711,"date":"2014-06-14T21:37:27","date_gmt":"2014-06-14T19:37:27","guid":{"rendered":"http:\/\/henkilot.vihreat.fi\/jenni.pitko\/?p=711"},"modified":"2014-12-30T15:19:14","modified_gmt":"2014-12-30T15:19:14","slug":"suojelu-on-tuottava-sijoitus-tuleville-sukupolville","status":"publish","type":"post","link":"https:\/\/jennipitko.fi\/koti\/suojelu-on-tuottava-sijoitus-tuleville-sukupolville\/","title":{"rendered":"Suojelu on tuottava sijoitus tuleville sukupolville"},"content":{"rendered":"<p>Sanginjoen ulkomets\u00e4n suojelusta on jaapattu kymmenisen vuotta. Ratkaisevin k\u00e4\u00e4nne oli muutama vuosi sitten kun valtuusto p\u00e4\u00e4tti esitt\u00e4\u00e4 Sanginjoen ulkomets\u00e4\u00e4 kansallispuistoksi. Puisto ei kuitenkaan p\u00e4\u00e4ssyt Ymp\u00e4rist\u00f6ministeri\u00f6n kansallispuisto-listalle, syin\u00e4 p\u00e4\u00e4asiassa ministeri\u00f6n pienet resurssit sek\u00e4 se, ett\u00e4 esitetyn alueen maat olivat suurelta osin yksityisess\u00e4 omistuksessa.<\/p>\n<p>Ymp\u00e4rist\u00f6ministeri\u00f6 antoi kaupungille suosituksen kehitt\u00e4\u00e4 aluetta Metso-ohjelman mukaisesti. Siihen liittyy alueiden suojeleminen kaupungin omalla p\u00e4\u00e4t\u00f6ksell\u00e4 ja niin Oulu p\u00e4\u00e4ttikin alkaa aluetta kehitt\u00e4m\u00e4\u00e4n. Kuitenkin pienemm\u00e4ss\u00e4 mittakaavassa kuin mit\u00e4 luonnonsuojelijat olivat esitt\u00e4neet ja miten kansallispuistoa oli kaavailtu.<\/p>\n<p>Suojeluesitys l\u00e4p\u00e4isi t\u00e4n\u00e4 vuonna p\u00e4\u00e4t\u00f6ksentekoon tultuaan p\u00e4\u00e4osiltaan yhdyskuntalautakunnan yksimielisesti. Kaupunginhallituksessa kuitenkin muutamilla edustajilla her\u00e4si yll\u00e4tt\u00e4en toisenlaisia aatoksia. Heid\u00e4n mieleens\u00e4 oli juuri ennen kokousta juolahtanut, tulisiko sittenkin halvemmaksi olla suojelematta mets\u00e4\u00e4 ja miten k\u00e4y yksityisautoilijoille, ent\u00e4 heid\u00e4n oikeutensa luonnonsuojelualueella?<\/p>\n<p>Maanantaina asia on p\u00e4\u00e4tett\u00e4v\u00e4n\u00e4 (ainakin toistaiseksi lopullisesti) kaupunginvaltuustolla. T\u00e4ss\u00e4 muutama ajatukseni asiasta.<!--more--><\/p>\n<p><em>Miksi Sanginjoen ulkomets\u00e4 kannattaa suojella?<\/em><br \/>\nLuonnonsuojelulla pyrit\u00e4\u00e4n s\u00e4ilytt\u00e4m\u00e4\u00e4n luonnon monimuotoisuutta. Sanginjoen ulkomets\u00e4 on tarpeeksi laaja alue, laajuudessaan ainoa Oulun seudulla, jolle on mahdollista perustaa merkitt\u00e4v\u00e4 suojelualue. Sanginjoella on paljon harvinaisia, joitakin uhanalaisiakin, kasvi- ja lintulajeja, se on muun muassa ainoa paikka Oulussa, jossa silloin t\u00e4ll\u00f6in tavataan Kuukkeleita. Kaikilta osin alue ei ole t\u00e4ll\u00e4 hetkell\u00e4 soveltuva virkistysk\u00e4ytt\u00f6\u00f6n, siell\u00e4 on muun muassa ojitettuja soita ja joitakin ep\u00e4siistej\u00e4 &#8220;ryteikk\u00f6j\u00e4&#8221;, mutta luonnonsuojelualueena ennallistaminen toimenpitein ja luonnolisen kehittymisen my\u00f6t\u00e4 mets\u00e4 saisi kehitty\u00e4 kaikilta osin upeaksi.<\/p>\n<p>Luonto tuo hyvinvointia. Sanginjoen ulkomets\u00e4ss\u00e4 on potentiaalia kehitt\u00e4\u00e4 keskeisell\u00e4 paikalla sijaitseva kaupunkilaisten olohuone, jonne voi menn\u00e4 poistamaan stressi\u00e4 iltak\u00e4velylle tai koko perheen voimin luontovaellukselle. Luonnon hyvinvointivaikutuksista on paljon n\u00e4ytt\u00f6\u00e4, t\u00e4m\u00e4 on edullista ennaltaehk\u00e4isy\u00e4!<\/p>\n<p>Sanginjoen luonnonsuojelualue lis\u00e4isi Oulun houkuttelevuutta ja todenn\u00e4k\u00f6isesti matkailijoiden m\u00e4\u00e4r\u00e4\u00e4. Kansallispuistomaisesti kehitettyn\u00e4 mets\u00e4ss\u00e4 otetaan huomioon ihmisen tarpeet ja sit\u00e4 voidaan kehitt\u00e4\u00e4 virkistykseen. Kaupunki ja luonto vierivieress\u00e4, sit\u00e4 kehtaisi markkinoida!<\/p>\n<p><em>Ent\u00e4 ne autot ja mets\u00e4st\u00e4j\u00e4t?<\/em><br \/>\nVaikka n\u00e4iden intressiryhmien edut, kuten ei yleens\u00e4k\u00e4\u00e4n yksitt\u00e4isten omia etujaan ajavien ryhmien edut, ole minulle merkitt\u00e4vi\u00e4 p\u00e4\u00e4t\u00f6ksentekokriteereit\u00e4, voin silti kertoa, ett\u00e4 autoilijoille tai mets\u00e4st\u00e4jille ei koituisi haittaa my\u00f6nteisest\u00e4 suojelup\u00e4\u00e4t\u00f6ksest\u00e4. Autoilla on edelleen <span style=\"text-decoration: underline;\">sama<\/span> oikeus ajaa merkityill\u00e4 teill\u00e4, kuten nytkin, my\u00f6s moottorikelkoilla samat oikeudet s\u00e4ilyy. Mets\u00e4styskin on erikseen sovittavissa. Esityksess\u00e4 on sallittu hirven ajattaminen alueelta pois. T\u00e4h\u00e4n esitykseen voinee sopeutua ne nelj\u00e4 mets\u00e4st\u00e4j\u00e4\u00e4, joilla t\u00e4ll\u00e4 hetkell\u00e4 on yksinoikeus mets\u00e4st\u00e4\u00e4 t\u00e4ll\u00e4 alueella.<\/p>\n<p><em>Ent\u00e4 talous, joutuuko Oulu vararikkoon?<\/em><br \/>\nEi. P\u00e4invastoin! Jos hakkuita jatkettaisi nykyisell\u00e4\u00e4n, mets\u00e4st\u00e4 saataisiin tuloja vain noin 25 000 &#8211; 50 000 euroa vuodessa. Suojelun my\u00f6t\u00e4 n\u00e4m\u00e4 tulot j\u00e4isi saamatta, se on siis suojelun vuosittainen kustannus! Kehitt\u00e4m\u00e4ll\u00e4 luonto- ja virkistysarvoiltaan rikasta Sanginjoen ulkomets\u00e4\u00e4 suojelualueeksi, on sill\u00e4 eritt\u00e4in paljon potentiaalia matkailubisneksen kasvuun, josta tulee kuntalaisten hyvinvoinnin lis\u00e4ksi my\u00f6s niit\u00e4 euroja.<\/p>\n<p>Joten, eik\u00f6h\u00e4n suojella Sanginjoki ja n\u00e4ytet\u00e4\u00e4n kaupungin kyky katsoa pitk\u00e4lle tulevaisuuteen, kyky tehd\u00e4 p\u00e4\u00e4t\u00f6ksi\u00e4, mist\u00e4 my\u00f6s tulevat sukupolvet voivat olla kiitollisia!<\/p>\n<p>T\u00e4\u00e4ll\u00e4 voi esimerkiksi selailla valokuvia Sanginjoelta:<br \/>\nhttp:\/\/www.villesuorsa.fi\/2012\/01\/kansallispuisto-sanginjoelle\/<\/p>\n","protected":false},"excerpt":{"rendered":"<p>Sanginjoen ulkomets\u00e4n suojelusta on jaapattu kymmenisen vuotta. Ratkaisevin k\u00e4\u00e4nne oli muutama vuosi sitten kun valtuusto p\u00e4\u00e4tti esitt\u00e4\u00e4 Sanginjoen ulkomets\u00e4\u00e4 kansallispuistoksi. [&hellip;]<\/p>\n","protected":false},"author":2,"featured_media":0,"comment_status":"open","ping_status":"open","sticky":false,"template":"","format":"standard","meta":{"_monsterinsights_skip_tracking":false,"_monsterinsights_sitenote_active":false,"_monsterinsights_sitenote_note":"","_monsterinsights_sitenote_category":0,"site-sidebar-layout":"default","site-content-layout":"","ast-site-content-layout":"default","site-content-style":"default","site-sidebar-style":"default","ast-global-header-display":"","ast-banner-title-visibility":"","ast-main-header-display":"","ast-hfb-above-header-display":"","ast-hfb-below-header-display":"","ast-hfb-mobile-header-display":"","site-post-title":"","ast-breadcrumbs-content":"","ast-featured-img":"","footer-sml-layout":"","ast-disable-related-posts":"","theme-transparent-header-meta":"","adv-header-id-meta":"","stick-header-meta":"","header-above-stick-meta":"","header-main-stick-meta":"","header-below-stick-meta":"","astra-migrate-meta-layouts":"default","ast-page-background-enabled":"default","ast-page-background-meta":{"desktop":{"background-color":"var(--ast-global-color-5)","background-image":"","background-repeat":"repeat","background-position":"center center","background-size":"auto","background-attachment":"scroll","background-type":"","background-media":"","overlay-type":"","overlay-color":"","overlay-opacity":"","overlay-gradient":""},"tablet":{"background-color":"","background-image":"","background-repeat":"repeat","background-position":"center center","background-size":"auto","background-attachment":"scroll","background-type":"","background-media":"","overlay-type":"","overlay-color":"","overlay-opacity":"","overlay-gradient":""},"mobile":{"background-color":"","background-image":"","background-repeat":"repeat","background-position":"center center","background-size":"auto","background-attachment":"scroll","background-type":"","background-media":"","overlay-type":"","overlay-color":"","overlay-opacity":"","overlay-gradient":""}},"ast-content-background-meta":{"desktop":{"background-color":"var(--ast-global-color-4)","background-image":"","background-repeat":"repeat","background-position":"center center","background-size":"auto","background-attachment":"scroll","background-type":"","background-media":"","overlay-type":"","overlay-color":"","overlay-opacity":"","overlay-gradient":""},"tablet":{"background-color":"var(--ast-global-color-4)","background-image":"","background-repeat":"repeat","background-position":"center center","background-size":"auto","background-attachment":"scroll","background-type":"","background-media":"","overlay-type":"","overlay-color":"","overlay-opacity":"","overlay-gradient":""},"mobile":{"background-color":"var(--ast-global-color-4)","background-image":"","background-repeat":"repeat","background-position":"center center","background-size":"auto","background-attachment":"scroll","background-type":"","background-media":"","overlay-type":"","overlay-color":"","overlay-opacity":"","overlay-gradient":""}},"footnotes":""},"categories":[2],"tags":[],"class_list":["post-711","post","type-post","status-publish","format-standard","hentry","category-blogi"],"yoast_head":"<!-- This site is optimized with the Yoast SEO plugin v27.5 - https:\/\/yoast.com\/product\/yoast-seo-wordpress\/ -->\n<title>Suojelu on tuottava sijoitus tuleville sukupolville - Jenni Pitko - Vihreiden varapuheenjohtaja, ymp\u00e4rist\u00f6valiokunnan puheenjohtaja, kansanedustaja ja arkkitehti Oulusta<\/title>\n<meta name=\"robots\" content=\"index, follow, max-snippet:-1, max-image-preview:large, max-video-preview:-1\" \/>\n<link rel=\"canonical\" href=\"https:\/\/jennipitko.fi\/koti\/suojelu-on-tuottava-sijoitus-tuleville-sukupolville\/\" \/>\n<meta property=\"og:locale\" content=\"fi_FI\" \/>\n<meta property=\"og:type\" content=\"article\" \/>\n<meta property=\"og:title\" content=\"Suojelu on tuottava sijoitus tuleville sukupolville - Jenni Pitko - Vihreiden varapuheenjohtaja, ymp\u00e4rist\u00f6valiokunnan puheenjohtaja, kansanedustaja ja arkkitehti Oulusta\" \/>\n<meta property=\"og:description\" content=\"Sanginjoen ulkomets\u00e4n suojelusta on jaapattu kymmenisen vuotta. Ratkaisevin k\u00e4\u00e4nne oli muutama vuosi sitten kun valtuusto p\u00e4\u00e4tti esitt\u00e4\u00e4 Sanginjoen ulkomets\u00e4\u00e4 kansallispuistoksi. [&hellip;]\" \/>\n<meta property=\"og:url\" content=\"https:\/\/jennipitko.fi\/koti\/suojelu-on-tuottava-sijoitus-tuleville-sukupolville\/\" \/>\n<meta property=\"og:site_name\" content=\"Jenni Pitko - Vihreiden varapuheenjohtaja, ymp\u00e4rist\u00f6valiokunnan puheenjohtaja, kansanedustaja ja arkkitehti Oulusta\" \/>\n<meta property=\"article:published_time\" content=\"2014-06-14T19:37:27+00:00\" \/>\n<meta property=\"article:modified_time\" content=\"2014-12-30T15:19:14+00:00\" \/>\n<meta name=\"author\" content=\"Jenni\" \/>\n<meta name=\"twitter:card\" content=\"summary_large_image\" \/>\n<meta name=\"twitter:label1\" content=\"Kirjoittanut\" \/>\n\t<meta name=\"twitter:data1\" content=\"Jenni\" \/>\n\t<meta name=\"twitter:label2\" content=\"Arvioitu lukuaika\" \/>\n\t<meta name=\"twitter:data2\" content=\"3 minuuttia\" \/>\n<script type=\"application\/ld+json\" class=\"yoast-schema-graph\">{\"@context\":\"https:\\\/\\\/schema.org\",\"@graph\":[{\"@type\":\"Article\",\"@id\":\"https:\\\/\\\/jennipitko.fi\\\/koti\\\/suojelu-on-tuottava-sijoitus-tuleville-sukupolville\\\/#article\",\"isPartOf\":{\"@id\":\"https:\\\/\\\/jennipitko.fi\\\/koti\\\/suojelu-on-tuottava-sijoitus-tuleville-sukupolville\\\/\"},\"author\":{\"name\":\"Jenni\",\"@id\":\"https:\\\/\\\/jennipitko.fi\\\/koti\\\/#\\\/schema\\\/person\\\/3f242bfe958144234373266ea416e4d6\"},\"headline\":\"Suojelu on tuottava sijoitus tuleville sukupolville\",\"datePublished\":\"2014-06-14T19:37:27+00:00\",\"dateModified\":\"2014-12-30T15:19:14+00:00\",\"mainEntityOfPage\":{\"@id\":\"https:\\\/\\\/jennipitko.fi\\\/koti\\\/suojelu-on-tuottava-sijoitus-tuleville-sukupolville\\\/\"},\"wordCount\":537,\"commentCount\":0,\"publisher\":{\"@id\":\"https:\\\/\\\/jennipitko.fi\\\/koti\\\/#organization\"},\"articleSection\":[\"Blogi\"],\"inLanguage\":\"fi\",\"potentialAction\":[{\"@type\":\"CommentAction\",\"name\":\"Comment\",\"target\":[\"https:\\\/\\\/jennipitko.fi\\\/koti\\\/suojelu-on-tuottava-sijoitus-tuleville-sukupolville\\\/#respond\"]}]},{\"@type\":\"WebPage\",\"@id\":\"https:\\\/\\\/jennipitko.fi\\\/koti\\\/suojelu-on-tuottava-sijoitus-tuleville-sukupolville\\\/\",\"url\":\"https:\\\/\\\/jennipitko.fi\\\/koti\\\/suojelu-on-tuottava-sijoitus-tuleville-sukupolville\\\/\",\"name\":\"Suojelu on tuottava sijoitus tuleville sukupolville - Jenni Pitko - Vihreiden varapuheenjohtaja, ymp\u00e4rist\u00f6valiokunnan puheenjohtaja, kansanedustaja ja arkkitehti Oulusta\",\"isPartOf\":{\"@id\":\"https:\\\/\\\/jennipitko.fi\\\/koti\\\/#website\"},\"datePublished\":\"2014-06-14T19:37:27+00:00\",\"dateModified\":\"2014-12-30T15:19:14+00:00\",\"breadcrumb\":{\"@id\":\"https:\\\/\\\/jennipitko.fi\\\/koti\\\/suojelu-on-tuottava-sijoitus-tuleville-sukupolville\\\/#breadcrumb\"},\"inLanguage\":\"fi\",\"potentialAction\":[{\"@type\":\"ReadAction\",\"target\":[\"https:\\\/\\\/jennipitko.fi\\\/koti\\\/suojelu-on-tuottava-sijoitus-tuleville-sukupolville\\\/\"]}]},{\"@type\":\"BreadcrumbList\",\"@id\":\"https:\\\/\\\/jennipitko.fi\\\/koti\\\/suojelu-on-tuottava-sijoitus-tuleville-sukupolville\\\/#breadcrumb\",\"itemListElement\":[{\"@type\":\"ListItem\",\"position\":1,\"name\":\"Home\",\"item\":\"https:\\\/\\\/jennipitko.fi\\\/koti\\\/\"},{\"@type\":\"ListItem\",\"position\":2,\"name\":\"Suojelu on tuottava sijoitus tuleville sukupolville\"}]},{\"@type\":\"WebSite\",\"@id\":\"https:\\\/\\\/jennipitko.fi\\\/koti\\\/#website\",\"url\":\"https:\\\/\\\/jennipitko.fi\\\/koti\\\/\",\"name\":\"Jenni Pitko - Vihreiden varapuheenjohtaja, ymp\u00e4rist\u00f6valiokunnan puheenjohtaja, kansanedustaja ja arkkitehti Oulusta\",\"description\":\"Jenni Pitko - Vihreiden varapuheenjohtaja, ymp\u00e4rist\u00f6valiokunnan puheenjohtaja, kansanedustaja ja arkkitehti Oulusta\",\"publisher\":{\"@id\":\"https:\\\/\\\/jennipitko.fi\\\/koti\\\/#organization\"},\"potentialAction\":[{\"@type\":\"SearchAction\",\"target\":{\"@type\":\"EntryPoint\",\"urlTemplate\":\"https:\\\/\\\/jennipitko.fi\\\/koti\\\/?s={search_term_string}\"},\"query-input\":{\"@type\":\"PropertyValueSpecification\",\"valueRequired\":true,\"valueName\":\"search_term_string\"}}],\"inLanguage\":\"fi\"},{\"@type\":\"Organization\",\"@id\":\"https:\\\/\\\/jennipitko.fi\\\/koti\\\/#organization\",\"name\":\"Jenni Pitko - Vihreiden varapuheenjohtaja, ymp\u00e4rist\u00f6valiokunnan puheenjohtaja, kansanedustaja ja arkkitehti Oulusta\",\"url\":\"https:\\\/\\\/jennipitko.fi\\\/koti\\\/\",\"logo\":{\"@type\":\"ImageObject\",\"inLanguage\":\"fi\",\"@id\":\"https:\\\/\\\/jennipitko.fi\\\/koti\\\/#\\\/schema\\\/logo\\\/image\\\/\",\"url\":\"https:\\\/\\\/jennipitko.fi\\\/koti\\\/wp-content\\\/uploads\\\/2025\\\/09\\\/Nimeton-malli-38.png\",\"contentUrl\":\"https:\\\/\\\/jennipitko.fi\\\/koti\\\/wp-content\\\/uploads\\\/2025\\\/09\\\/Nimeton-malli-38.png\",\"width\":1280,\"height\":847,\"caption\":\"Jenni Pitko - Vihreiden varapuheenjohtaja, ymp\u00e4rist\u00f6valiokunnan puheenjohtaja, kansanedustaja ja arkkitehti Oulusta\"},\"image\":{\"@id\":\"https:\\\/\\\/jennipitko.fi\\\/koti\\\/#\\\/schema\\\/logo\\\/image\\\/\"}},{\"@type\":\"Person\",\"@id\":\"https:\\\/\\\/jennipitko.fi\\\/koti\\\/#\\\/schema\\\/person\\\/3f242bfe958144234373266ea416e4d6\",\"name\":\"Jenni\",\"image\":{\"@type\":\"ImageObject\",\"inLanguage\":\"fi\",\"@id\":\"https:\\\/\\\/secure.gravatar.com\\\/avatar\\\/469343e1290c3e818159b4a4348708c09929f07a2f460e664497d6fb92f80743?s=96&d=blank&r=g\",\"url\":\"https:\\\/\\\/secure.gravatar.com\\\/avatar\\\/469343e1290c3e818159b4a4348708c09929f07a2f460e664497d6fb92f80743?s=96&d=blank&r=g\",\"contentUrl\":\"https:\\\/\\\/secure.gravatar.com\\\/avatar\\\/469343e1290c3e818159b4a4348708c09929f07a2f460e664497d6fb92f80743?s=96&d=blank&r=g\",\"caption\":\"Jenni\"},\"url\":\"https:\\\/\\\/jennipitko.fi\\\/koti\\\/author\\\/jenni-pitko\\\/\"}]}<\/script>\n<!-- \/ Yoast SEO plugin. -->","yoast_head_json":{"title":"Suojelu on tuottava sijoitus tuleville sukupolville - Jenni Pitko - Vihreiden varapuheenjohtaja, ymp\u00e4rist\u00f6valiokunnan puheenjohtaja, kansanedustaja ja arkkitehti Oulusta","robots":{"index":"index","follow":"follow","max-snippet":"max-snippet:-1","max-image-preview":"max-image-preview:large","max-video-preview":"max-video-preview:-1"},"canonical":"https:\/\/jennipitko.fi\/koti\/suojelu-on-tuottava-sijoitus-tuleville-sukupolville\/","og_locale":"fi_FI","og_type":"article","og_title":"Suojelu on tuottava sijoitus tuleville sukupolville - Jenni Pitko - Vihreiden varapuheenjohtaja, ymp\u00e4rist\u00f6valiokunnan puheenjohtaja, kansanedustaja ja arkkitehti Oulusta","og_description":"Sanginjoen ulkomets\u00e4n suojelusta on jaapattu kymmenisen vuotta. Ratkaisevin k\u00e4\u00e4nne oli muutama vuosi sitten kun valtuusto p\u00e4\u00e4tti esitt\u00e4\u00e4 Sanginjoen ulkomets\u00e4\u00e4 kansallispuistoksi. [&hellip;]","og_url":"https:\/\/jennipitko.fi\/koti\/suojelu-on-tuottava-sijoitus-tuleville-sukupolville\/","og_site_name":"Jenni Pitko - Vihreiden varapuheenjohtaja, ymp\u00e4rist\u00f6valiokunnan puheenjohtaja, kansanedustaja ja arkkitehti Oulusta","article_published_time":"2014-06-14T19:37:27+00:00","article_modified_time":"2014-12-30T15:19:14+00:00","author":"Jenni","twitter_card":"summary_large_image","twitter_misc":{"Kirjoittanut":"Jenni","Arvioitu lukuaika":"3 minuuttia"},"schema":{"@context":"https:\/\/schema.org","@graph":[{"@type":"Article","@id":"https:\/\/jennipitko.fi\/koti\/suojelu-on-tuottava-sijoitus-tuleville-sukupolville\/#article","isPartOf":{"@id":"https:\/\/jennipitko.fi\/koti\/suojelu-on-tuottava-sijoitus-tuleville-sukupolville\/"},"author":{"name":"Jenni","@id":"https:\/\/jennipitko.fi\/koti\/#\/schema\/person\/3f242bfe958144234373266ea416e4d6"},"headline":"Suojelu on tuottava sijoitus tuleville sukupolville","datePublished":"2014-06-14T19:37:27+00:00","dateModified":"2014-12-30T15:19:14+00:00","mainEntityOfPage":{"@id":"https:\/\/jennipitko.fi\/koti\/suojelu-on-tuottava-sijoitus-tuleville-sukupolville\/"},"wordCount":537,"commentCount":0,"publisher":{"@id":"https:\/\/jennipitko.fi\/koti\/#organization"},"articleSection":["Blogi"],"inLanguage":"fi","potentialAction":[{"@type":"CommentAction","name":"Comment","target":["https:\/\/jennipitko.fi\/koti\/suojelu-on-tuottava-sijoitus-tuleville-sukupolville\/#respond"]}]},{"@type":"WebPage","@id":"https:\/\/jennipitko.fi\/koti\/suojelu-on-tuottava-sijoitus-tuleville-sukupolville\/","url":"https:\/\/jennipitko.fi\/koti\/suojelu-on-tuottava-sijoitus-tuleville-sukupolville\/","name":"Suojelu on tuottava sijoitus tuleville sukupolville - Jenni Pitko - Vihreiden varapuheenjohtaja, ymp\u00e4rist\u00f6valiokunnan puheenjohtaja, kansanedustaja ja arkkitehti Oulusta","isPartOf":{"@id":"https:\/\/jennipitko.fi\/koti\/#website"},"datePublished":"2014-06-14T19:37:27+00:00","dateModified":"2014-12-30T15:19:14+00:00","breadcrumb":{"@id":"https:\/\/jennipitko.fi\/koti\/suojelu-on-tuottava-sijoitus-tuleville-sukupolville\/#breadcrumb"},"inLanguage":"fi","potentialAction":[{"@type":"ReadAction","target":["https:\/\/jennipitko.fi\/koti\/suojelu-on-tuottava-sijoitus-tuleville-sukupolville\/"]}]},{"@type":"BreadcrumbList","@id":"https:\/\/jennipitko.fi\/koti\/suojelu-on-tuottava-sijoitus-tuleville-sukupolville\/#breadcrumb","itemListElement":[{"@type":"ListItem","position":1,"name":"Home","item":"https:\/\/jennipitko.fi\/koti\/"},{"@type":"ListItem","position":2,"name":"Suojelu on tuottava sijoitus tuleville sukupolville"}]},{"@type":"WebSite","@id":"https:\/\/jennipitko.fi\/koti\/#website","url":"https:\/\/jennipitko.fi\/koti\/","name":"Jenni Pitko - Vihreiden varapuheenjohtaja, ymp\u00e4rist\u00f6valiokunnan puheenjohtaja, kansanedustaja ja arkkitehti Oulusta","description":"Jenni Pitko - Vihreiden varapuheenjohtaja, ymp\u00e4rist\u00f6valiokunnan puheenjohtaja, kansanedustaja ja arkkitehti Oulusta","publisher":{"@id":"https:\/\/jennipitko.fi\/koti\/#organization"},"potentialAction":[{"@type":"SearchAction","target":{"@type":"EntryPoint","urlTemplate":"https:\/\/jennipitko.fi\/koti\/?s={search_term_string}"},"query-input":{"@type":"PropertyValueSpecification","valueRequired":true,"valueName":"search_term_string"}}],"inLanguage":"fi"},{"@type":"Organization","@id":"https:\/\/jennipitko.fi\/koti\/#organization","name":"Jenni Pitko - Vihreiden varapuheenjohtaja, ymp\u00e4rist\u00f6valiokunnan puheenjohtaja, kansanedustaja ja arkkitehti Oulusta","url":"https:\/\/jennipitko.fi\/koti\/","logo":{"@type":"ImageObject","inLanguage":"fi","@id":"https:\/\/jennipitko.fi\/koti\/#\/schema\/logo\/image\/","url":"https:\/\/jennipitko.fi\/koti\/wp-content\/uploads\/2025\/09\/Nimeton-malli-38.png","contentUrl":"https:\/\/jennipitko.fi\/koti\/wp-content\/uploads\/2025\/09\/Nimeton-malli-38.png","width":1280,"height":847,"caption":"Jenni Pitko - Vihreiden varapuheenjohtaja, ymp\u00e4rist\u00f6valiokunnan puheenjohtaja, kansanedustaja ja arkkitehti Oulusta"},"image":{"@id":"https:\/\/jennipitko.fi\/koti\/#\/schema\/logo\/image\/"}},{"@type":"Person","@id":"https:\/\/jennipitko.fi\/koti\/#\/schema\/person\/3f242bfe958144234373266ea416e4d6","name":"Jenni","image":{"@type":"ImageObject","inLanguage":"fi","@id":"https:\/\/secure.gravatar.com\/avatar\/469343e1290c3e818159b4a4348708c09929f07a2f460e664497d6fb92f80743?s=96&d=blank&r=g","url":"https:\/\/secure.gravatar.com\/avatar\/469343e1290c3e818159b4a4348708c09929f07a2f460e664497d6fb92f80743?s=96&d=blank&r=g","contentUrl":"https:\/\/secure.gravatar.com\/avatar\/469343e1290c3e818159b4a4348708c09929f07a2f460e664497d6fb92f80743?s=96&d=blank&r=g","caption":"Jenni"},"url":"https:\/\/jennipitko.fi\/koti\/author\/jenni-pitko\/"}]}},"_links":{"self":[{"href":"https:\/\/jennipitko.fi\/koti\/wp-json\/wp\/v2\/posts\/711","targetHints":{"allow":["GET"]}}],"collection":[{"href":"https:\/\/jennipitko.fi\/koti\/wp-json\/wp\/v2\/posts"}],"about":[{"href":"https:\/\/jennipitko.fi\/koti\/wp-json\/wp\/v2\/types\/post"}],"author":[{"embeddable":true,"href":"https:\/\/jennipitko.fi\/koti\/wp-json\/wp\/v2\/users\/2"}],"replies":[{"embeddable":true,"href":"https:\/\/jennipitko.fi\/koti\/wp-json\/wp\/v2\/comments?post=711"}],"version-history":[{"count":1,"href":"https:\/\/jennipitko.fi\/koti\/wp-json\/wp\/v2\/posts\/711\/revisions"}],"predecessor-version":[{"id":800,"href":"https:\/\/jennipitko.fi\/koti\/wp-json\/wp\/v2\/posts\/711\/revisions\/800"}],"wp:attachment":[{"href":"https:\/\/jennipitko.fi\/koti\/wp-json\/wp\/v2\/media?parent=711"}],"wp:term":[{"taxonomy":"category","embeddable":true,"href":"https:\/\/jennipitko.fi\/koti\/wp-json\/wp\/v2\/categories?post=711"},{"taxonomy":"post_tag","embeddable":true,"href":"https:\/\/jennipitko.fi\/koti\/wp-json\/wp\/v2\/tags?post=711"}],"curies":[{"name":"wp","href":"https:\/\/api.w.org\/{rel}","templated":true}]}}