{"id":714,"date":"2014-06-15T17:09:42","date_gmt":"2014-06-15T15:09:42","guid":{"rendered":"http:\/\/henkilot.vihreat.fi\/jenni.pitko\/?p=714"},"modified":"2014-12-30T15:24:34","modified_gmt":"2014-12-30T15:24:34","slug":"kannattaako-oulun-sijoittaa-pyhajoen-ydinvoimaan","status":"publish","type":"post","link":"https:\/\/jennipitko.fi\/koti\/kannattaako-oulun-sijoittaa-pyhajoen-ydinvoimaan\/","title":{"rendered":"Kannattaako Oulun sijoittaa Pyh\u00e4joen ydinvoimaan?"},"content":{"rendered":"<p>Olen aina suhtautunut ydinvoimaan enemm\u00e4n neutraalisti kuin kovin kiihke\u00e4n kielteisesti. Koskaan en ole p\u00e4\u00e4ssyt yli eettisest\u00e4 ydinj\u00e4tteen sijoitusongelmasta, mutta en ole my\u00f6sk\u00e4\u00e4n n\u00e4hnyt nykyaikaista, kehittynytt\u00e4 ydinvoimaa erityisen\u00e4 ymp\u00e4rist\u00f6rikoksena.<\/p>\n<p>Aion kuitenkin maanantaina osallistua ydinvoima-vastaiseen mielenosoitukseen kaupungintalon edustalla ennen valtuuston kokousta ja vastustaa kaupungin ydinvoimasijoittamista. Osallistun siihen siksi, ett\u00e4 mielest\u00e4ni veronmaksajien rahojen sijoittaminen Pyh\u00e4joen ydinvoimahankkeeseen on t\u00e4ysin j\u00e4rjet\u00f6nt\u00e4. T\u00e4ss\u00e4 perusteluni:<!--more--><\/p>\n<p>1) Kunnan rooli. Kunnan teht\u00e4v\u00e4n\u00e4 ei mielest\u00e4ni ole osallistua kannattamattoman liiketoiminnan pelastustalkoisiin. T\u00e4m\u00e4 on periaate, josta tulee pit\u00e4\u00e4 kiinni. Jos hanke on kannattava, miksi teollisuusyritykset olisivat jo aiemmin per\u00e4\u00e4ntyneet, mutta kunnan edelleen tulisi sijoittaa? Oulun energian johtokunnan lausunto todisti, ett\u00e4 sijoitukselle ei ole odotettavissa v\u00e4ltt\u00e4m\u00e4tt\u00e4 tuottoa tai ainakin se on vaikea osoittaa.<\/p>\n<p>2) Talous. Oululla ei ole taloudellisesti varaa olla mukana t\u00e4m\u00e4n kaltaisessa riskibisneksess\u00e4. Sijoitus Pyh\u00e4joen ydinvoimaan ei todenn\u00e4k\u00f6isesti tule tuottamaan voittoa Oulun kaupungille. Mankala-periaatteella toimiva s\u00e4hk\u00f6bisnes voi jopa tulla kalliiksi kaupungille, kun piikki on ja pysyy auki.<\/p>\n<p>Raha Fennovoimalle kuljetettaisiin Oulun energian kautta. Oulun energian rahat on my\u00f6s veronmaksajien rahoja vaikka ne ei peruskunnan budjetista menoina menisik\u00e4\u00e4n. Peruskunnan budjetissa se varmasti joka tapauksessa n\u00e4kyisi Oulun energian v\u00e4hentyvin\u00e4 tuloutuksina, joka pit\u00e4isi paikata kunnan palveluja karsimalla tai tuloja lis\u00e4\u00e4m\u00e4ll\u00e4, esimerkiksi nostamalla palvelumaksuja tai veroja.<\/p>\n<p>3) Oikeudenmukaisuus. Oulun sivistys- ja kulttuurilautakunta on laitettu etsim\u00e4\u00e4n 20 miljoonan s\u00e4\u00e4st\u00f6j\u00e4, joka tarkoittaa todenn\u00e4k\u00f6isesti yksik\u00f6iden lakkauttamisia ja ryhm\u00e4kokojen kasvattamista. Sijoitettaisiinko ydinvoimaan menev\u00e4t 16-17 miljoonaa sittenkin koulutukseen ja hyvinvointiin!? Vuosittain ydinvoimaan uppoaisi noin 700 000 \u20ac joka vastaa noin yhden pienen koulun vuosikustannuksia.<\/p>\n<p>4) Imago ja luottamus. Edell\u00e4 mainituista syist\u00e4 pelk\u00e4\u00e4n pahoin, ett\u00e4 Oulun imago tulee pahoin k\u00e4rsim\u00e4\u00e4n, jos p\u00e4\u00e4t\u00e4mme sijoittaa v\u00e4hi\u00e4 roposiamme kansalaisten yleisesti vastustamaan ydinvoimaan. S\u00e4\u00e4st\u00f6ist\u00e4, lomautuksista ja joukkoliikenteen tason heikennyksist\u00e4 johtuen kuntalaisten luottamus p\u00e4\u00e4tt\u00e4jiin horjuu jo nyt, t\u00e4m\u00e4 ei ainakaan auttaisi palauttamaan luottamusta. Ydinvoimafarssiksi muuttunut lupailtu ydinvoimarenesanssi on menett\u00e4nyt luottamuksensa ainakin minun silmiss\u00e4ni. Olkiluoto 3 on kauempana valmistumistaan nyt kuin koskaan aiemmin!<\/p>\n<p>5) Eettisyys. Minun mielest\u00e4ni veronmaksajien rahoja tulee k\u00e4ytt\u00e4\u00e4 vastuullisesti ja eettisesti hyv\u00e4ksytt\u00e4v\u00e4sti. Niin kauan kuin ydinj\u00e4tteen loppusijoituspaikkaaongelmaa ei ratkaista, on eettisesti todella arveluttavaa j\u00e4tt\u00e4\u00e4 ydinj\u00e4tehauta tuleville sukupolville. Lis\u00e4ksi eettisesti arveluttavan hankkeesta tekee kytk\u00f6s Ven\u00e4j\u00e4n hallintoon Rosatomin kautta.<\/p>\n<p>Tervetuloa osoittamaan rauhallisesti mielt\u00e4 klo 16 kaupungintalon edustalle, jotta Oulu ei sijoittaisi Pyh\u00e4joen ydinvoimalaan!<\/p>\n","protected":false},"excerpt":{"rendered":"<p>Olen aina suhtautunut ydinvoimaan enemm\u00e4n neutraalisti kuin kovin kiihke\u00e4n kielteisesti. Koskaan en ole p\u00e4\u00e4ssyt yli eettisest\u00e4 ydinj\u00e4tteen sijoitusongelmasta, mutta en [&hellip;]<\/p>\n","protected":false},"author":2,"featured_media":0,"comment_status":"open","ping_status":"open","sticky":false,"template":"","format":"standard","meta":{"_monsterinsights_skip_tracking":false,"_monsterinsights_sitenote_active":false,"_monsterinsights_sitenote_note":"","_monsterinsights_sitenote_category":0,"site-sidebar-layout":"default","site-content-layout":"","ast-site-content-layout":"default","site-content-style":"default","site-sidebar-style":"default","ast-global-header-display":"","ast-banner-title-visibility":"","ast-main-header-display":"","ast-hfb-above-header-display":"","ast-hfb-below-header-display":"","ast-hfb-mobile-header-display":"","site-post-title":"","ast-breadcrumbs-content":"","ast-featured-img":"","footer-sml-layout":"","ast-disable-related-posts":"","theme-transparent-header-meta":"","adv-header-id-meta":"","stick-header-meta":"","header-above-stick-meta":"","header-main-stick-meta":"","header-below-stick-meta":"","astra-migrate-meta-layouts":"default","ast-page-background-enabled":"default","ast-page-background-meta":{"desktop":{"background-color":"var(--ast-global-color-5)","background-image":"","background-repeat":"repeat","background-position":"center center","background-size":"auto","background-attachment":"scroll","background-type":"","background-media":"","overlay-type":"","overlay-color":"","overlay-opacity":"","overlay-gradient":""},"tablet":{"background-color":"","background-image":"","background-repeat":"repeat","background-position":"center center","background-size":"auto","background-attachment":"scroll","background-type":"","background-media":"","overlay-type":"","overlay-color":"","overlay-opacity":"","overlay-gradient":""},"mobile":{"background-color":"","background-image":"","background-repeat":"repeat","background-position":"center center","background-size":"auto","background-attachment":"scroll","background-type":"","background-media":"","overlay-type":"","overlay-color":"","overlay-opacity":"","overlay-gradient":""}},"ast-content-background-meta":{"desktop":{"background-color":"var(--ast-global-color-4)","background-image":"","background-repeat":"repeat","background-position":"center center","background-size":"auto","background-attachment":"scroll","background-type":"","background-media":"","overlay-type":"","overlay-color":"","overlay-opacity":"","overlay-gradient":""},"tablet":{"background-color":"var(--ast-global-color-4)","background-image":"","background-repeat":"repeat","background-position":"center center","background-size":"auto","background-attachment":"scroll","background-type":"","background-media":"","overlay-type":"","overlay-color":"","overlay-opacity":"","overlay-gradient":""},"mobile":{"background-color":"var(--ast-global-color-4)","background-image":"","background-repeat":"repeat","background-position":"center center","background-size":"auto","background-attachment":"scroll","background-type":"","background-media":"","overlay-type":"","overlay-color":"","overlay-opacity":"","overlay-gradient":""}},"footnotes":""},"categories":[2],"tags":[],"class_list":["post-714","post","type-post","status-publish","format-standard","hentry","category-blogi"],"yoast_head":"<!-- This site is optimized with the Yoast SEO plugin v27.5 - https:\/\/yoast.com\/product\/yoast-seo-wordpress\/ -->\n<title>Kannattaako Oulun sijoittaa Pyh\u00e4joen ydinvoimaan? - Jenni Pitko - Vihreiden varapuheenjohtaja, ymp\u00e4rist\u00f6valiokunnan puheenjohtaja, kansanedustaja ja arkkitehti Oulusta<\/title>\n<meta name=\"robots\" content=\"index, follow, max-snippet:-1, max-image-preview:large, max-video-preview:-1\" \/>\n<link rel=\"canonical\" href=\"https:\/\/jennipitko.fi\/koti\/kannattaako-oulun-sijoittaa-pyhajoen-ydinvoimaan\/\" \/>\n<meta property=\"og:locale\" content=\"fi_FI\" \/>\n<meta property=\"og:type\" content=\"article\" \/>\n<meta property=\"og:title\" content=\"Kannattaako Oulun sijoittaa Pyh\u00e4joen ydinvoimaan? - Jenni Pitko - Vihreiden varapuheenjohtaja, ymp\u00e4rist\u00f6valiokunnan puheenjohtaja, kansanedustaja ja arkkitehti Oulusta\" \/>\n<meta property=\"og:description\" content=\"Olen aina suhtautunut ydinvoimaan enemm\u00e4n neutraalisti kuin kovin kiihke\u00e4n kielteisesti. Koskaan en ole p\u00e4\u00e4ssyt yli eettisest\u00e4 ydinj\u00e4tteen sijoitusongelmasta, mutta en [&hellip;]\" \/>\n<meta property=\"og:url\" content=\"https:\/\/jennipitko.fi\/koti\/kannattaako-oulun-sijoittaa-pyhajoen-ydinvoimaan\/\" \/>\n<meta property=\"og:site_name\" content=\"Jenni Pitko - Vihreiden varapuheenjohtaja, ymp\u00e4rist\u00f6valiokunnan puheenjohtaja, kansanedustaja ja arkkitehti Oulusta\" \/>\n<meta property=\"article:published_time\" content=\"2014-06-15T15:09:42+00:00\" \/>\n<meta property=\"article:modified_time\" content=\"2014-12-30T15:24:34+00:00\" \/>\n<meta name=\"author\" content=\"Jenni\" \/>\n<meta name=\"twitter:card\" content=\"summary_large_image\" \/>\n<meta name=\"twitter:label1\" content=\"Kirjoittanut\" \/>\n\t<meta name=\"twitter:data1\" content=\"Jenni\" \/>\n\t<meta name=\"twitter:label2\" content=\"Arvioitu lukuaika\" \/>\n\t<meta name=\"twitter:data2\" content=\"2 minuuttia\" \/>\n<script type=\"application\/ld+json\" class=\"yoast-schema-graph\">{\"@context\":\"https:\\\/\\\/schema.org\",\"@graph\":[{\"@type\":\"Article\",\"@id\":\"https:\\\/\\\/jennipitko.fi\\\/koti\\\/kannattaako-oulun-sijoittaa-pyhajoen-ydinvoimaan\\\/#article\",\"isPartOf\":{\"@id\":\"https:\\\/\\\/jennipitko.fi\\\/koti\\\/kannattaako-oulun-sijoittaa-pyhajoen-ydinvoimaan\\\/\"},\"author\":{\"name\":\"Jenni\",\"@id\":\"https:\\\/\\\/jennipitko.fi\\\/koti\\\/#\\\/schema\\\/person\\\/3f242bfe958144234373266ea416e4d6\"},\"headline\":\"Kannattaako Oulun sijoittaa Pyh\u00e4joen ydinvoimaan?\",\"datePublished\":\"2014-06-15T15:09:42+00:00\",\"dateModified\":\"2014-12-30T15:24:34+00:00\",\"mainEntityOfPage\":{\"@id\":\"https:\\\/\\\/jennipitko.fi\\\/koti\\\/kannattaako-oulun-sijoittaa-pyhajoen-ydinvoimaan\\\/\"},\"wordCount\":413,\"commentCount\":2,\"publisher\":{\"@id\":\"https:\\\/\\\/jennipitko.fi\\\/koti\\\/#organization\"},\"articleSection\":[\"Blogi\"],\"inLanguage\":\"fi\",\"potentialAction\":[{\"@type\":\"CommentAction\",\"name\":\"Comment\",\"target\":[\"https:\\\/\\\/jennipitko.fi\\\/koti\\\/kannattaako-oulun-sijoittaa-pyhajoen-ydinvoimaan\\\/#respond\"]}]},{\"@type\":\"WebPage\",\"@id\":\"https:\\\/\\\/jennipitko.fi\\\/koti\\\/kannattaako-oulun-sijoittaa-pyhajoen-ydinvoimaan\\\/\",\"url\":\"https:\\\/\\\/jennipitko.fi\\\/koti\\\/kannattaako-oulun-sijoittaa-pyhajoen-ydinvoimaan\\\/\",\"name\":\"Kannattaako Oulun sijoittaa Pyh\u00e4joen ydinvoimaan? - Jenni Pitko - Vihreiden varapuheenjohtaja, ymp\u00e4rist\u00f6valiokunnan puheenjohtaja, kansanedustaja ja arkkitehti Oulusta\",\"isPartOf\":{\"@id\":\"https:\\\/\\\/jennipitko.fi\\\/koti\\\/#website\"},\"datePublished\":\"2014-06-15T15:09:42+00:00\",\"dateModified\":\"2014-12-30T15:24:34+00:00\",\"breadcrumb\":{\"@id\":\"https:\\\/\\\/jennipitko.fi\\\/koti\\\/kannattaako-oulun-sijoittaa-pyhajoen-ydinvoimaan\\\/#breadcrumb\"},\"inLanguage\":\"fi\",\"potentialAction\":[{\"@type\":\"ReadAction\",\"target\":[\"https:\\\/\\\/jennipitko.fi\\\/koti\\\/kannattaako-oulun-sijoittaa-pyhajoen-ydinvoimaan\\\/\"]}]},{\"@type\":\"BreadcrumbList\",\"@id\":\"https:\\\/\\\/jennipitko.fi\\\/koti\\\/kannattaako-oulun-sijoittaa-pyhajoen-ydinvoimaan\\\/#breadcrumb\",\"itemListElement\":[{\"@type\":\"ListItem\",\"position\":1,\"name\":\"Home\",\"item\":\"https:\\\/\\\/jennipitko.fi\\\/koti\\\/\"},{\"@type\":\"ListItem\",\"position\":2,\"name\":\"Kannattaako Oulun sijoittaa Pyh\u00e4joen ydinvoimaan?\"}]},{\"@type\":\"WebSite\",\"@id\":\"https:\\\/\\\/jennipitko.fi\\\/koti\\\/#website\",\"url\":\"https:\\\/\\\/jennipitko.fi\\\/koti\\\/\",\"name\":\"Jenni Pitko - Vihreiden varapuheenjohtaja, ymp\u00e4rist\u00f6valiokunnan puheenjohtaja, kansanedustaja ja arkkitehti Oulusta\",\"description\":\"Jenni Pitko - Vihreiden varapuheenjohtaja, ymp\u00e4rist\u00f6valiokunnan puheenjohtaja, kansanedustaja ja arkkitehti Oulusta\",\"publisher\":{\"@id\":\"https:\\\/\\\/jennipitko.fi\\\/koti\\\/#organization\"},\"potentialAction\":[{\"@type\":\"SearchAction\",\"target\":{\"@type\":\"EntryPoint\",\"urlTemplate\":\"https:\\\/\\\/jennipitko.fi\\\/koti\\\/?s={search_term_string}\"},\"query-input\":{\"@type\":\"PropertyValueSpecification\",\"valueRequired\":true,\"valueName\":\"search_term_string\"}}],\"inLanguage\":\"fi\"},{\"@type\":\"Organization\",\"@id\":\"https:\\\/\\\/jennipitko.fi\\\/koti\\\/#organization\",\"name\":\"Jenni Pitko - Vihreiden varapuheenjohtaja, ymp\u00e4rist\u00f6valiokunnan puheenjohtaja, kansanedustaja ja arkkitehti Oulusta\",\"url\":\"https:\\\/\\\/jennipitko.fi\\\/koti\\\/\",\"logo\":{\"@type\":\"ImageObject\",\"inLanguage\":\"fi\",\"@id\":\"https:\\\/\\\/jennipitko.fi\\\/koti\\\/#\\\/schema\\\/logo\\\/image\\\/\",\"url\":\"https:\\\/\\\/jennipitko.fi\\\/koti\\\/wp-content\\\/uploads\\\/2025\\\/09\\\/Nimeton-malli-38.png\",\"contentUrl\":\"https:\\\/\\\/jennipitko.fi\\\/koti\\\/wp-content\\\/uploads\\\/2025\\\/09\\\/Nimeton-malli-38.png\",\"width\":1280,\"height\":847,\"caption\":\"Jenni Pitko - Vihreiden varapuheenjohtaja, ymp\u00e4rist\u00f6valiokunnan puheenjohtaja, kansanedustaja ja arkkitehti Oulusta\"},\"image\":{\"@id\":\"https:\\\/\\\/jennipitko.fi\\\/koti\\\/#\\\/schema\\\/logo\\\/image\\\/\"}},{\"@type\":\"Person\",\"@id\":\"https:\\\/\\\/jennipitko.fi\\\/koti\\\/#\\\/schema\\\/person\\\/3f242bfe958144234373266ea416e4d6\",\"name\":\"Jenni\",\"image\":{\"@type\":\"ImageObject\",\"inLanguage\":\"fi\",\"@id\":\"https:\\\/\\\/secure.gravatar.com\\\/avatar\\\/469343e1290c3e818159b4a4348708c09929f07a2f460e664497d6fb92f80743?s=96&d=blank&r=g\",\"url\":\"https:\\\/\\\/secure.gravatar.com\\\/avatar\\\/469343e1290c3e818159b4a4348708c09929f07a2f460e664497d6fb92f80743?s=96&d=blank&r=g\",\"contentUrl\":\"https:\\\/\\\/secure.gravatar.com\\\/avatar\\\/469343e1290c3e818159b4a4348708c09929f07a2f460e664497d6fb92f80743?s=96&d=blank&r=g\",\"caption\":\"Jenni\"},\"url\":\"https:\\\/\\\/jennipitko.fi\\\/koti\\\/author\\\/jenni-pitko\\\/\"}]}<\/script>\n<!-- \/ Yoast SEO plugin. -->","yoast_head_json":{"title":"Kannattaako Oulun sijoittaa Pyh\u00e4joen ydinvoimaan? - Jenni Pitko - Vihreiden varapuheenjohtaja, ymp\u00e4rist\u00f6valiokunnan puheenjohtaja, kansanedustaja ja arkkitehti Oulusta","robots":{"index":"index","follow":"follow","max-snippet":"max-snippet:-1","max-image-preview":"max-image-preview:large","max-video-preview":"max-video-preview:-1"},"canonical":"https:\/\/jennipitko.fi\/koti\/kannattaako-oulun-sijoittaa-pyhajoen-ydinvoimaan\/","og_locale":"fi_FI","og_type":"article","og_title":"Kannattaako Oulun sijoittaa Pyh\u00e4joen ydinvoimaan? - Jenni Pitko - Vihreiden varapuheenjohtaja, ymp\u00e4rist\u00f6valiokunnan puheenjohtaja, kansanedustaja ja arkkitehti Oulusta","og_description":"Olen aina suhtautunut ydinvoimaan enemm\u00e4n neutraalisti kuin kovin kiihke\u00e4n kielteisesti. Koskaan en ole p\u00e4\u00e4ssyt yli eettisest\u00e4 ydinj\u00e4tteen sijoitusongelmasta, mutta en [&hellip;]","og_url":"https:\/\/jennipitko.fi\/koti\/kannattaako-oulun-sijoittaa-pyhajoen-ydinvoimaan\/","og_site_name":"Jenni Pitko - Vihreiden varapuheenjohtaja, ymp\u00e4rist\u00f6valiokunnan puheenjohtaja, kansanedustaja ja arkkitehti Oulusta","article_published_time":"2014-06-15T15:09:42+00:00","article_modified_time":"2014-12-30T15:24:34+00:00","author":"Jenni","twitter_card":"summary_large_image","twitter_misc":{"Kirjoittanut":"Jenni","Arvioitu lukuaika":"2 minuuttia"},"schema":{"@context":"https:\/\/schema.org","@graph":[{"@type":"Article","@id":"https:\/\/jennipitko.fi\/koti\/kannattaako-oulun-sijoittaa-pyhajoen-ydinvoimaan\/#article","isPartOf":{"@id":"https:\/\/jennipitko.fi\/koti\/kannattaako-oulun-sijoittaa-pyhajoen-ydinvoimaan\/"},"author":{"name":"Jenni","@id":"https:\/\/jennipitko.fi\/koti\/#\/schema\/person\/3f242bfe958144234373266ea416e4d6"},"headline":"Kannattaako Oulun sijoittaa Pyh\u00e4joen ydinvoimaan?","datePublished":"2014-06-15T15:09:42+00:00","dateModified":"2014-12-30T15:24:34+00:00","mainEntityOfPage":{"@id":"https:\/\/jennipitko.fi\/koti\/kannattaako-oulun-sijoittaa-pyhajoen-ydinvoimaan\/"},"wordCount":413,"commentCount":2,"publisher":{"@id":"https:\/\/jennipitko.fi\/koti\/#organization"},"articleSection":["Blogi"],"inLanguage":"fi","potentialAction":[{"@type":"CommentAction","name":"Comment","target":["https:\/\/jennipitko.fi\/koti\/kannattaako-oulun-sijoittaa-pyhajoen-ydinvoimaan\/#respond"]}]},{"@type":"WebPage","@id":"https:\/\/jennipitko.fi\/koti\/kannattaako-oulun-sijoittaa-pyhajoen-ydinvoimaan\/","url":"https:\/\/jennipitko.fi\/koti\/kannattaako-oulun-sijoittaa-pyhajoen-ydinvoimaan\/","name":"Kannattaako Oulun sijoittaa Pyh\u00e4joen ydinvoimaan? - Jenni Pitko - Vihreiden varapuheenjohtaja, ymp\u00e4rist\u00f6valiokunnan puheenjohtaja, kansanedustaja ja arkkitehti Oulusta","isPartOf":{"@id":"https:\/\/jennipitko.fi\/koti\/#website"},"datePublished":"2014-06-15T15:09:42+00:00","dateModified":"2014-12-30T15:24:34+00:00","breadcrumb":{"@id":"https:\/\/jennipitko.fi\/koti\/kannattaako-oulun-sijoittaa-pyhajoen-ydinvoimaan\/#breadcrumb"},"inLanguage":"fi","potentialAction":[{"@type":"ReadAction","target":["https:\/\/jennipitko.fi\/koti\/kannattaako-oulun-sijoittaa-pyhajoen-ydinvoimaan\/"]}]},{"@type":"BreadcrumbList","@id":"https:\/\/jennipitko.fi\/koti\/kannattaako-oulun-sijoittaa-pyhajoen-ydinvoimaan\/#breadcrumb","itemListElement":[{"@type":"ListItem","position":1,"name":"Home","item":"https:\/\/jennipitko.fi\/koti\/"},{"@type":"ListItem","position":2,"name":"Kannattaako Oulun sijoittaa Pyh\u00e4joen ydinvoimaan?"}]},{"@type":"WebSite","@id":"https:\/\/jennipitko.fi\/koti\/#website","url":"https:\/\/jennipitko.fi\/koti\/","name":"Jenni Pitko - Vihreiden varapuheenjohtaja, ymp\u00e4rist\u00f6valiokunnan puheenjohtaja, kansanedustaja ja arkkitehti Oulusta","description":"Jenni Pitko - Vihreiden varapuheenjohtaja, ymp\u00e4rist\u00f6valiokunnan puheenjohtaja, kansanedustaja ja arkkitehti Oulusta","publisher":{"@id":"https:\/\/jennipitko.fi\/koti\/#organization"},"potentialAction":[{"@type":"SearchAction","target":{"@type":"EntryPoint","urlTemplate":"https:\/\/jennipitko.fi\/koti\/?s={search_term_string}"},"query-input":{"@type":"PropertyValueSpecification","valueRequired":true,"valueName":"search_term_string"}}],"inLanguage":"fi"},{"@type":"Organization","@id":"https:\/\/jennipitko.fi\/koti\/#organization","name":"Jenni Pitko - Vihreiden varapuheenjohtaja, ymp\u00e4rist\u00f6valiokunnan puheenjohtaja, kansanedustaja ja arkkitehti Oulusta","url":"https:\/\/jennipitko.fi\/koti\/","logo":{"@type":"ImageObject","inLanguage":"fi","@id":"https:\/\/jennipitko.fi\/koti\/#\/schema\/logo\/image\/","url":"https:\/\/jennipitko.fi\/koti\/wp-content\/uploads\/2025\/09\/Nimeton-malli-38.png","contentUrl":"https:\/\/jennipitko.fi\/koti\/wp-content\/uploads\/2025\/09\/Nimeton-malli-38.png","width":1280,"height":847,"caption":"Jenni Pitko - Vihreiden varapuheenjohtaja, ymp\u00e4rist\u00f6valiokunnan puheenjohtaja, kansanedustaja ja arkkitehti Oulusta"},"image":{"@id":"https:\/\/jennipitko.fi\/koti\/#\/schema\/logo\/image\/"}},{"@type":"Person","@id":"https:\/\/jennipitko.fi\/koti\/#\/schema\/person\/3f242bfe958144234373266ea416e4d6","name":"Jenni","image":{"@type":"ImageObject","inLanguage":"fi","@id":"https:\/\/secure.gravatar.com\/avatar\/469343e1290c3e818159b4a4348708c09929f07a2f460e664497d6fb92f80743?s=96&d=blank&r=g","url":"https:\/\/secure.gravatar.com\/avatar\/469343e1290c3e818159b4a4348708c09929f07a2f460e664497d6fb92f80743?s=96&d=blank&r=g","contentUrl":"https:\/\/secure.gravatar.com\/avatar\/469343e1290c3e818159b4a4348708c09929f07a2f460e664497d6fb92f80743?s=96&d=blank&r=g","caption":"Jenni"},"url":"https:\/\/jennipitko.fi\/koti\/author\/jenni-pitko\/"}]}},"_links":{"self":[{"href":"https:\/\/jennipitko.fi\/koti\/wp-json\/wp\/v2\/posts\/714","targetHints":{"allow":["GET"]}}],"collection":[{"href":"https:\/\/jennipitko.fi\/koti\/wp-json\/wp\/v2\/posts"}],"about":[{"href":"https:\/\/jennipitko.fi\/koti\/wp-json\/wp\/v2\/types\/post"}],"author":[{"embeddable":true,"href":"https:\/\/jennipitko.fi\/koti\/wp-json\/wp\/v2\/users\/2"}],"replies":[{"embeddable":true,"href":"https:\/\/jennipitko.fi\/koti\/wp-json\/wp\/v2\/comments?post=714"}],"version-history":[{"count":1,"href":"https:\/\/jennipitko.fi\/koti\/wp-json\/wp\/v2\/posts\/714\/revisions"}],"predecessor-version":[{"id":804,"href":"https:\/\/jennipitko.fi\/koti\/wp-json\/wp\/v2\/posts\/714\/revisions\/804"}],"wp:attachment":[{"href":"https:\/\/jennipitko.fi\/koti\/wp-json\/wp\/v2\/media?parent=714"}],"wp:term":[{"taxonomy":"category","embeddable":true,"href":"https:\/\/jennipitko.fi\/koti\/wp-json\/wp\/v2\/categories?post=714"},{"taxonomy":"post_tag","embeddable":true,"href":"https:\/\/jennipitko.fi\/koti\/wp-json\/wp\/v2\/tags?post=714"}],"curies":[{"name":"wp","href":"https:\/\/api.w.org\/{rel}","templated":true}]}}