{"id":741,"date":"2014-07-16T13:12:13","date_gmt":"2014-07-16T11:12:13","guid":{"rendered":"http:\/\/henkilot.vihreat.fi\/jenni.pitko\/?p=741"},"modified":"2014-12-30T15:01:59","modified_gmt":"2014-12-30T15:01:59","slug":"sambiassa-naisen-aani-on-heikko","status":"publish","type":"post","link":"https:\/\/jennipitko.fi\/koti\/sambiassa-naisen-aani-on-heikko\/","title":{"rendered":"Sambiassa naisen \u00e4\u00e4ni kuuluu heikosti"},"content":{"rendered":"<p><em>Vietin kes\u00e4n 2014 Sambiassa tekem\u00e4ss\u00e4 itsen\u00e4ist\u00e4 vapaaehtoist\u00f6it\u00e4 yhteisty\u00f6ss\u00f6 suomalaisen DEMO-j\u00e4rjest\u00f6n kanssa. DEMO tekee Sambiassa yhteisty\u00f6t\u00e4 Zambian National Womens Lobby -j\u00e4rjest\u00f6n kanssa, jonka missio on lis\u00e4t\u00e4 naisten ja tytt\u00f6jen osallisuutta\u00a0p\u00e4\u00e4t\u00f6ksenteossa. T\u00e4ss\u00e4 blogitekstiss\u00e4 kirjoittamani tieto perustuu p\u00e4\u00e4osin keskusteluihini ZNWL-j\u00e4rjest\u00f6n ty\u00f6ntekij\u00f6iden ja paikallisten politiikassa mukana olevien naisten kanssa sek\u00e4 j\u00e4rjest\u00f6n esitteisiin ja tutkimuksiin.\u00a0<\/em><\/p>\n<p>Naiset ovat n\u00e4kyvin osa Sambian katukuvaa. V\u00e4rikk\u00e4isiin <em>chiteng-<\/em>hameisiin\u00a0pukeutuneet naiset siivoavat, myyv\u00e4t katujen varrella vihanneksia ja p\u00e4hkin\u00f6it\u00e4 tai grillaavat maissint\u00e4hki\u00e4 myyt\u00e4v\u00e4ksi. Sinisiin tai viininpunaisiin koulupukuihin pukeutuneet teinityt\u00f6t kikattavat kova\u00e4\u00e4nisesti k\u00e4velless\u00e4\u00e4n k\u00e4sik\u00e4dess\u00e4 koulusta kotiin. Farkkuihin ja t-paitoihin pukeutuneet nuoret naiset kantavat pieni\u00e4 lapsia sel\u00e4ss\u00e4\u00e4n suuriin huopiin k\u00e4\u00e4rittyin\u00e4 teit\u00e4 reunustavia pientareita pitkin.<!--more--><\/p>\n<p>Sambiassa naisilla on ollut tasa-arvoiset poliittiset oikeudet vuodesta 1952 jolloin maa ratifioi YK:n julistuksen naisten poliittisista oikeuksista. Vuonna\u00a02000 Sambian &#8220;National gender policy&#8221; \u2013ohjelmassa luvattiin tasa-arvoinen edustus naisille ja miehille p\u00e4\u00e4t\u00f6ksenteossa. Kansalliseksi tavoitteeksi asetettiin, ett\u00e4 kaikista p\u00e4\u00e4t\u00f6ksentekij\u00f6ist\u00e4 naisia tulisi olla 30%. Tavoitteeseen ei ole p\u00e4\u00e4sty vaan\u00a0viimeisen kymmenen vuoden aikana luvut ovat vain laskeneet. T\u00e4ll\u00e4 hetkell\u00e4, vuoden 2011 vaalien j\u00e4lkeen kaikista p\u00e4\u00e4t\u00f6ksentekij\u00f6ist\u00e4 naisia on noin viisi prosenttia. Parlamentissa naisia on 11% ja 20:sta ministerist\u00e4 naisia on 4. Viimeisen kymmenen vuoden aikana luvut ovat laskeneet. Siit\u00e4 huolimatta, ett\u00e4 Sambia on demokraattinen valtio, jossa on k\u00e4yt\u00f6ss\u00e4 monipuoluej\u00e4rjestelm\u00e4, on se Afrikankin mittapuulla huomattavan j\u00e4ljess\u00e4 sukupuolten v\u00e4lisess\u00e4 tasa-arvossa.<\/p>\n<p><a href=\"http:\/\/henkilot.vihreat.fi\/jenni.pitko\/files\/2014\/07\/tomaatti.jpg\"><img fetchpriority=\"high\" decoding=\"async\" class=\"aligncenter wp-image-745\" src=\"http:\/\/henkilot.vihreat.fi\/jenni.pitko\/files\/2014\/07\/tomaatti.jpg\" alt=\"Sambia\" width=\"600\" height=\"400\" title=\"Sambiassa naisen \u00e4\u00e4ni kuuluu heikosti\"><\/a><\/p>\n<p><em>Kuva: Lusakaan johtavan tien varrella naisia myym\u00e4ss\u00e4 vihanneksia.\u00a0<\/em><\/p>\n<p>Suurin haaste naisten poliittisen osallistumisen kasvattamiselle on kulttuuri ja asenteet. Perinteisess\u00e4 sambialaisessa perheess\u00e4 naisen rooli on keitti\u00f6ss\u00e4, taustalla. Naiset ja tyt\u00f6t tarjoilevat valmistamansa ruuan miehille niiaten tai polvistuen heid\u00e4n eteens\u00e4 ja sy\u00f6v\u00e4t itse ruuan kattilasta \u2013 sen mit\u00e4 on j\u00e4ljell\u00e4. Jos perheess\u00e4 on paljon lapsia, mit\u00e4 yleisesti on, sill\u00e4 perhesuunnittelu ei ole Sambiassa kovin hyv\u00e4ksytt\u00e4v\u00e4\u00e4, p\u00e4\u00e4sev\u00e4t tyt\u00f6t harvemmin kouluun ja saattavat j\u00e4\u00e4d\u00e4 jopa lukutaidottomaksi ja p\u00e4\u00e4ty\u00e4 naimisiin hyvin nuorina. Sambia kantaakin surullista ykk\u00f6ssijaa lapsiavioliittojen yleisyydess\u00e4. Koska naiset on kasvatettu t\u00e4h\u00e4n rooliin, he eiv\u00e4t yleens\u00e4 n\u00e4e itse\u00e4\u00e4n johtajina. Miehetk\u00e4\u00e4n eiv\u00e4t usein halua naisia osallistumaan poliittiseen toimintaan, he voivat kokea naisen ehdolle asettumisen\u00a0jopa miehen, perheen p\u00e4\u00e4n, uhmaamisena.<\/p>\n<p>Naisilta my\u00f6s puuttuu paljon politiikkaan tai ehdokkuuten tarvittavaa kapasiteettia. Heilt\u00e4 voi puuttua esimerkiksi lukutaito, julkisen puhumisen vaatima itsevarmuus sek\u00e4 raha, jota perheess\u00e4 hallinnoi mies. Viime parlamenttivaaleissa aktiivisimpia \u00e4\u00e4nest\u00e4ji\u00e4 oli naiset, mutta ehdokkaina heit\u00e4 oli vain alle 15%.<\/p>\n<p>Politiikkaan liittyy Sambiassa inhottavia asioita, jotka karsivat ehdolle haluavien naisten lukum\u00e4\u00e4r\u00e4\u00e4. Oman aseman p\u00f6nkitt\u00e4miseksi kilpailijoista levitet\u00e4\u00e4n huhuja ja valheita. <em>Trashing<\/em> on yleist\u00e4 sek\u00e4 miesten, ett\u00e4 toisten naisten toimesta. Pari vuotta sitten\u00a0lehdess\u00e4 oli julkisesti uhattu joukkoraiskata\u00a0sambialaisen FDD-puolueen naispuheenjohtaja! Uhkailun kohteena ollut Edith Nawakwi j\u00e4tt\u00e4ytyi pois politiikasta tapahtuneen j\u00e4lkeen kertoen medialle, ett\u00e4 ei halua el\u00e4\u00e4 jatkuvassa pelossa.<\/p>\n<p>Yksi merkitt\u00e4v\u00e4 este ehdolle asettuvien naisten l\u00e4pip\u00e4\u00e4semiselle voi olla Sambiassa k\u00e4yt\u00f6ss\u00e4 oleva vaalij\u00e4rjestelm\u00e4 <em>EPTP \u201dFirst past the post\u201d,<\/em> joka on k\u00e4yt\u00f6ss\u00e4 sek\u00e4 parlamentti- ett\u00e4 paikallistason vaaleissa. Vaaleissa alueet\u00a0on jaettu pieniksi \u00e4\u00e4nestysalueiksi <em>ward<\/em>eiksi ja jokaiselta <em>ward<\/em>ilta\u00a0valitaan yksi edustaja. Vain eniten \u00e4\u00e4ni\u00e4 saanut p\u00e4\u00e4see l\u00e4pi. Luonnollisesti t\u00e4m\u00e4 suosii ehdokkaita, jotka ovat olleet esill\u00e4 paljon eli vanhoja\u00a0poliitikkoja\u00a0sek\u00e4 niit\u00e4, joilla on rahaa eli usein juuri miehi\u00e4. Sama vaalij\u00e4rjestelm\u00e4 on k\u00e4yt\u00f6ss\u00e4 naapurimaassa Malawissa, jossa naisten edustus p\u00e4\u00e4t\u00f6ksentekoelimiss\u00e4 on my\u00f6s eritt\u00e4in v\u00e4h\u00e4ist\u00e4.<\/p>\n<p><img decoding=\"async\" class=\"alignleft size-full wp-image-746\" src=\"http:\/\/henkilot.vihreat.fi\/jenni.pitko\/files\/2014\/07\/SDIM2042-e1405585428831.jpg\" alt=\"Sambia2\" width=\"600\" height=\"400\" title=\"Sambiassa naisen \u00e4\u00e4ni kuuluu heikosti\"><\/p>\n<p><em>Kuva: Choman kaupugin naiset pohtimassa, mik\u00e4 naisten rooli voisi olla puolueissa.\u00a0<\/em><\/p>\n<p>Toivoa kuitenkin on. Viime vaaleissa kansalaiset \u00e4\u00e4nestiv\u00e4t pitk\u00e4aikaisen valtapuolueen sijaan maan johtoon puolueen, joka lupasi uutta perustuslakia. Vaikka valtaa pit\u00e4v\u00e4 <em>Patriotic Front<\/em> ei ei pit\u00e4nytk\u00e4\u00e4n lupausta\u00a0uudesta perustuslaista, jossa huomioitaisiin\u00a0paremmin huomioon naiset, on kansanvalta silti n\u00e4ytt\u00e4nyt mahtinsa, \u00e4\u00e4nest\u00e4m\u00e4ll\u00e4 voi vaikuttaa! Internetin yleistyess\u00e4 \u00e4\u00e4nest\u00e4j\u00e4t voivat saada tietoa puolueiden toimista ja luoda painetta avoimemmalle kansalaiskeskustelulle.<\/p>\n<p>Suurimmilla sambialaisilla puolueilla on puolueen toimimnnassa mukana naisosasto. Naisosastojen\u00a0kautta politiikasta kiinnostuneiden naisten politiikkaan tarvittavaa kapasiteettia voidaan kasvattaa ja luoda naisten sis\u00e4isi\u00e4 tukiverkostoja. Vaikka viel\u00e4 t\u00e4ll\u00e4 hetkell\u00e4 puolueen naisten rooli on yleens\u00e4 valmistaa tarjoilut puolueen tlaisuuksiin ja tanssia lentokent\u00e4ll\u00e4 vastaanottaessa merkitt\u00e4vi\u00e4 vieraita, voi naisosastojen rooli parhaimmillaan\u00a0kehitty\u00e4 merkitt\u00e4v\u00e4ksi\u00a0puolueen sis\u00e4iseen keskusteluun ja kulttuuriin vaikuttavaksi ryhm\u00e4ksi. T\u00e4t\u00e4 kehityst\u00e4 tukee muun muassa Womens Lobbyn paikallisille naisille suunnatut workshopit, joita j\u00e4rjestet\u00e4\u00e4n eri puolilla maata.<\/p>\n<p><em>Womens Lobby<\/em> teki t\u00e4n\u00e4 vuonna <em>gender audit <\/em>-tutkimuksen, jossa ker\u00e4ttiin tietoa yksityiselt\u00e4 ja julkiselta sektorilta naisten m\u00e4\u00e4r\u00e4st\u00e4 johtoteht\u00e4viss\u00e4. Vaikka yleisesti raportti kertoo melko pienest\u00e4 naisten edustuksesta, l\u00f6ytyy raportista my\u00f6s positiivisiakin lukuja. Esimerkiksi korkeimman oikeuden tuomareista jopa 45% on naisia. Oikeuslaitoksen kaksi korkeinta johtajaakin on naisia. Pankkisektorilla naisia on toimitusjohtajina reilu 8% mutta vanhempina asiantuntijoina heit\u00e4 on yli 30%. Naisten n\u00e4kyminen johtoteht\u00e4viss\u00e4 antaa nuorille tyt\u00f6ille ja naisille uskoa omiin johtajakykyihins\u00e4.<\/p>\n<p>Kansalaisj\u00e4rjest\u00f6jen ty\u00f6 asenneilmapiirin muuttamiseksi on t\u00e4rke\u00e4\u00e4. Womens Lobby j\u00e4rjest\u00e4\u00e4 tytt\u00f6jen johtajuuskoulutuksia, joissa keski\u00f6ss\u00e4 on tytt\u00f6jen vaikuttamisessa tarvittavan kapasiteetin kasvattaminen. Ollessani mukana yhdess\u00e4 n\u00e4ist\u00e4 workshopeissa, sain kuulla nuorten tytt\u00f6jen tarinoita, kuinka kyseinen koulutus oli heihin vaikuttanut. Sen lis\u00e4ksi, ett\u00e4 he olivat saaneet itsevarmuutta esiintymiseen ja keskusteluihin, olivat he oppineet, ett\u00e4 heid\u00e4n tulevaisuus voi olla muutakin kuin pelkk\u00e4 koti\u00e4itiys. Unelma-ammatteja lueteltaessa mainittiin ainakin l\u00e4\u00e4k\u00e4ri, opettaja ja presidentti!\u00a0Sambian kannalta\u00a0olisi mit\u00e4 t\u00e4rkeint\u00e4, ett\u00e4 n\u00e4iden reippaiden ja vastuunkantamista haluavien tytt\u00f6jen ja nuorten naisten panos hy\u00f6dynnett\u00e4isi yhteisen yhteiskunnan rakentamiseen!<\/p>\n<p><em>Viestini, jonka haluaisin sanoa jokaiselle sambialaiselle tyt\u00f6lle, jonka l\u00f6ysin lehdest\u00e4:\u00a0<\/em><em>\u201dIf you think you are too small to have an impact, try going to a bed with a mosquito.\u201d<\/em><\/p>\n<p>&nbsp;<\/p>\n","protected":false},"excerpt":{"rendered":"<p>Vietin kes\u00e4n 2014 Sambiassa tekem\u00e4ss\u00e4 itsen\u00e4ist\u00e4 vapaaehtoist\u00f6it\u00e4 yhteisty\u00f6ss\u00f6 suomalaisen DEMO-j\u00e4rjest\u00f6n kanssa. DEMO tekee Sambiassa yhteisty\u00f6t\u00e4 Zambian National Womens Lobby -j\u00e4rjest\u00f6n [&hellip;]<\/p>\n","protected":false},"author":2,"featured_media":0,"comment_status":"open","ping_status":"open","sticky":false,"template":"","format":"standard","meta":{"_monsterinsights_skip_tracking":false,"_monsterinsights_sitenote_active":false,"_monsterinsights_sitenote_note":"","_monsterinsights_sitenote_category":0,"site-sidebar-layout":"default","site-content-layout":"","ast-site-content-layout":"default","site-content-style":"default","site-sidebar-style":"default","ast-global-header-display":"","ast-banner-title-visibility":"","ast-main-header-display":"","ast-hfb-above-header-display":"","ast-hfb-below-header-display":"","ast-hfb-mobile-header-display":"","site-post-title":"","ast-breadcrumbs-content":"","ast-featured-img":"","footer-sml-layout":"","ast-disable-related-posts":"","theme-transparent-header-meta":"","adv-header-id-meta":"","stick-header-meta":"","header-above-stick-meta":"","header-main-stick-meta":"","header-below-stick-meta":"","astra-migrate-meta-layouts":"default","ast-page-background-enabled":"default","ast-page-background-meta":{"desktop":{"background-color":"var(--ast-global-color-5)","background-image":"","background-repeat":"repeat","background-position":"center center","background-size":"auto","background-attachment":"scroll","background-type":"","background-media":"","overlay-type":"","overlay-color":"","overlay-opacity":"","overlay-gradient":""},"tablet":{"background-color":"","background-image":"","background-repeat":"repeat","background-position":"center center","background-size":"auto","background-attachment":"scroll","background-type":"","background-media":"","overlay-type":"","overlay-color":"","overlay-opacity":"","overlay-gradient":""},"mobile":{"background-color":"","background-image":"","background-repeat":"repeat","background-position":"center center","background-size":"auto","background-attachment":"scroll","background-type":"","background-media":"","overlay-type":"","overlay-color":"","overlay-opacity":"","overlay-gradient":""}},"ast-content-background-meta":{"desktop":{"background-color":"var(--ast-global-color-4)","background-image":"","background-repeat":"repeat","background-position":"center center","background-size":"auto","background-attachment":"scroll","background-type":"","background-media":"","overlay-type":"","overlay-color":"","overlay-opacity":"","overlay-gradient":""},"tablet":{"background-color":"var(--ast-global-color-4)","background-image":"","background-repeat":"repeat","background-position":"center center","background-size":"auto","background-attachment":"scroll","background-type":"","background-media":"","overlay-type":"","overlay-color":"","overlay-opacity":"","overlay-gradient":""},"mobile":{"background-color":"var(--ast-global-color-4)","background-image":"","background-repeat":"repeat","background-position":"center center","background-size":"auto","background-attachment":"scroll","background-type":"","background-media":"","overlay-type":"","overlay-color":"","overlay-opacity":"","overlay-gradient":""}},"footnotes":""},"categories":[2],"tags":[107,108,109,110,111,112,113],"class_list":["post-741","post","type-post","status-publish","format-standard","hentry","category-blogi","tag-demo","tag-malawi","tag-naisten-oikeudet","tag-sambia","tag-tasa-arvo","tag-vapaaehtoistyo","tag-womens-lobby"],"yoast_head":"<!-- This site is optimized with the Yoast SEO plugin v27.5 - https:\/\/yoast.com\/product\/yoast-seo-wordpress\/ -->\n<title>Sambiassa naisen \u00e4\u00e4ni kuuluu heikosti - Jenni Pitko - Vihreiden varapuheenjohtaja, ymp\u00e4rist\u00f6valiokunnan puheenjohtaja, kansanedustaja ja arkkitehti Oulusta<\/title>\n<meta name=\"robots\" content=\"index, follow, max-snippet:-1, max-image-preview:large, max-video-preview:-1\" \/>\n<link rel=\"canonical\" href=\"https:\/\/jennipitko.fi\/koti\/sambiassa-naisen-aani-on-heikko\/\" \/>\n<meta property=\"og:locale\" content=\"fi_FI\" \/>\n<meta property=\"og:type\" content=\"article\" \/>\n<meta property=\"og:title\" content=\"Sambiassa naisen \u00e4\u00e4ni kuuluu heikosti - Jenni Pitko - Vihreiden varapuheenjohtaja, ymp\u00e4rist\u00f6valiokunnan puheenjohtaja, kansanedustaja ja arkkitehti Oulusta\" \/>\n<meta property=\"og:description\" content=\"Vietin kes\u00e4n 2014 Sambiassa tekem\u00e4ss\u00e4 itsen\u00e4ist\u00e4 vapaaehtoist\u00f6it\u00e4 yhteisty\u00f6ss\u00f6 suomalaisen DEMO-j\u00e4rjest\u00f6n kanssa. DEMO tekee Sambiassa yhteisty\u00f6t\u00e4 Zambian National Womens Lobby -j\u00e4rjest\u00f6n [&hellip;]\" \/>\n<meta property=\"og:url\" content=\"https:\/\/jennipitko.fi\/koti\/sambiassa-naisen-aani-on-heikko\/\" \/>\n<meta property=\"og:site_name\" content=\"Jenni Pitko - Vihreiden varapuheenjohtaja, ymp\u00e4rist\u00f6valiokunnan puheenjohtaja, kansanedustaja ja arkkitehti Oulusta\" \/>\n<meta property=\"article:published_time\" content=\"2014-07-16T11:12:13+00:00\" \/>\n<meta property=\"article:modified_time\" content=\"2014-12-30T15:01:59+00:00\" \/>\n<meta name=\"author\" content=\"Jenni\" \/>\n<meta name=\"twitter:card\" content=\"summary_large_image\" \/>\n<meta name=\"twitter:label1\" content=\"Kirjoittanut\" \/>\n\t<meta name=\"twitter:data1\" content=\"Jenni\" \/>\n\t<meta name=\"twitter:label2\" content=\"Arvioitu lukuaika\" \/>\n\t<meta name=\"twitter:data2\" content=\"5 minuuttia\" \/>\n<script type=\"application\/ld+json\" class=\"yoast-schema-graph\">{\"@context\":\"https:\\\/\\\/schema.org\",\"@graph\":[{\"@type\":\"Article\",\"@id\":\"https:\\\/\\\/jennipitko.fi\\\/koti\\\/sambiassa-naisen-aani-on-heikko\\\/#article\",\"isPartOf\":{\"@id\":\"https:\\\/\\\/jennipitko.fi\\\/koti\\\/sambiassa-naisen-aani-on-heikko\\\/\"},\"author\":{\"name\":\"Jenni\",\"@id\":\"https:\\\/\\\/jennipitko.fi\\\/koti\\\/#\\\/schema\\\/person\\\/3f242bfe958144234373266ea416e4d6\"},\"headline\":\"Sambiassa naisen \u00e4\u00e4ni kuuluu heikosti\",\"datePublished\":\"2014-07-16T11:12:13+00:00\",\"dateModified\":\"2014-12-30T15:01:59+00:00\",\"mainEntityOfPage\":{\"@id\":\"https:\\\/\\\/jennipitko.fi\\\/koti\\\/sambiassa-naisen-aani-on-heikko\\\/\"},\"wordCount\":968,\"commentCount\":0,\"publisher\":{\"@id\":\"https:\\\/\\\/jennipitko.fi\\\/koti\\\/#organization\"},\"image\":{\"@id\":\"https:\\\/\\\/jennipitko.fi\\\/koti\\\/sambiassa-naisen-aani-on-heikko\\\/#primaryimage\"},\"thumbnailUrl\":\"http:\\\/\\\/henkilot.vihreat.fi\\\/jenni.pitko\\\/files\\\/2014\\\/07\\\/tomaatti.jpg\",\"keywords\":[\"DEMO\",\"Malawi\",\"naisten oikeudet\",\"sambia\",\"tasa-arvo\",\"vapaaehtoisty\u00f6\",\"Womens Lobby\"],\"articleSection\":[\"Blogi\"],\"inLanguage\":\"fi\",\"potentialAction\":[{\"@type\":\"CommentAction\",\"name\":\"Comment\",\"target\":[\"https:\\\/\\\/jennipitko.fi\\\/koti\\\/sambiassa-naisen-aani-on-heikko\\\/#respond\"]}]},{\"@type\":\"WebPage\",\"@id\":\"https:\\\/\\\/jennipitko.fi\\\/koti\\\/sambiassa-naisen-aani-on-heikko\\\/\",\"url\":\"https:\\\/\\\/jennipitko.fi\\\/koti\\\/sambiassa-naisen-aani-on-heikko\\\/\",\"name\":\"Sambiassa naisen \u00e4\u00e4ni kuuluu heikosti - Jenni Pitko - Vihreiden varapuheenjohtaja, ymp\u00e4rist\u00f6valiokunnan puheenjohtaja, kansanedustaja ja arkkitehti Oulusta\",\"isPartOf\":{\"@id\":\"https:\\\/\\\/jennipitko.fi\\\/koti\\\/#website\"},\"primaryImageOfPage\":{\"@id\":\"https:\\\/\\\/jennipitko.fi\\\/koti\\\/sambiassa-naisen-aani-on-heikko\\\/#primaryimage\"},\"image\":{\"@id\":\"https:\\\/\\\/jennipitko.fi\\\/koti\\\/sambiassa-naisen-aani-on-heikko\\\/#primaryimage\"},\"thumbnailUrl\":\"http:\\\/\\\/henkilot.vihreat.fi\\\/jenni.pitko\\\/files\\\/2014\\\/07\\\/tomaatti.jpg\",\"datePublished\":\"2014-07-16T11:12:13+00:00\",\"dateModified\":\"2014-12-30T15:01:59+00:00\",\"breadcrumb\":{\"@id\":\"https:\\\/\\\/jennipitko.fi\\\/koti\\\/sambiassa-naisen-aani-on-heikko\\\/#breadcrumb\"},\"inLanguage\":\"fi\",\"potentialAction\":[{\"@type\":\"ReadAction\",\"target\":[\"https:\\\/\\\/jennipitko.fi\\\/koti\\\/sambiassa-naisen-aani-on-heikko\\\/\"]}]},{\"@type\":\"ImageObject\",\"inLanguage\":\"fi\",\"@id\":\"https:\\\/\\\/jennipitko.fi\\\/koti\\\/sambiassa-naisen-aani-on-heikko\\\/#primaryimage\",\"url\":\"http:\\\/\\\/henkilot.vihreat.fi\\\/jenni.pitko\\\/files\\\/2014\\\/07\\\/tomaatti.jpg\",\"contentUrl\":\"http:\\\/\\\/henkilot.vihreat.fi\\\/jenni.pitko\\\/files\\\/2014\\\/07\\\/tomaatti.jpg\"},{\"@type\":\"BreadcrumbList\",\"@id\":\"https:\\\/\\\/jennipitko.fi\\\/koti\\\/sambiassa-naisen-aani-on-heikko\\\/#breadcrumb\",\"itemListElement\":[{\"@type\":\"ListItem\",\"position\":1,\"name\":\"Home\",\"item\":\"https:\\\/\\\/jennipitko.fi\\\/koti\\\/\"},{\"@type\":\"ListItem\",\"position\":2,\"name\":\"Sambiassa naisen \u00e4\u00e4ni kuuluu heikosti\"}]},{\"@type\":\"WebSite\",\"@id\":\"https:\\\/\\\/jennipitko.fi\\\/koti\\\/#website\",\"url\":\"https:\\\/\\\/jennipitko.fi\\\/koti\\\/\",\"name\":\"Jenni Pitko - Vihreiden varapuheenjohtaja, ymp\u00e4rist\u00f6valiokunnan puheenjohtaja, kansanedustaja ja arkkitehti Oulusta\",\"description\":\"Jenni Pitko - Vihreiden varapuheenjohtaja, ymp\u00e4rist\u00f6valiokunnan puheenjohtaja, kansanedustaja ja arkkitehti Oulusta\",\"publisher\":{\"@id\":\"https:\\\/\\\/jennipitko.fi\\\/koti\\\/#organization\"},\"potentialAction\":[{\"@type\":\"SearchAction\",\"target\":{\"@type\":\"EntryPoint\",\"urlTemplate\":\"https:\\\/\\\/jennipitko.fi\\\/koti\\\/?s={search_term_string}\"},\"query-input\":{\"@type\":\"PropertyValueSpecification\",\"valueRequired\":true,\"valueName\":\"search_term_string\"}}],\"inLanguage\":\"fi\"},{\"@type\":\"Organization\",\"@id\":\"https:\\\/\\\/jennipitko.fi\\\/koti\\\/#organization\",\"name\":\"Jenni Pitko - Vihreiden varapuheenjohtaja, ymp\u00e4rist\u00f6valiokunnan puheenjohtaja, kansanedustaja ja arkkitehti Oulusta\",\"url\":\"https:\\\/\\\/jennipitko.fi\\\/koti\\\/\",\"logo\":{\"@type\":\"ImageObject\",\"inLanguage\":\"fi\",\"@id\":\"https:\\\/\\\/jennipitko.fi\\\/koti\\\/#\\\/schema\\\/logo\\\/image\\\/\",\"url\":\"https:\\\/\\\/jennipitko.fi\\\/koti\\\/wp-content\\\/uploads\\\/2025\\\/09\\\/Nimeton-malli-38.png\",\"contentUrl\":\"https:\\\/\\\/jennipitko.fi\\\/koti\\\/wp-content\\\/uploads\\\/2025\\\/09\\\/Nimeton-malli-38.png\",\"width\":1280,\"height\":847,\"caption\":\"Jenni Pitko - Vihreiden varapuheenjohtaja, ymp\u00e4rist\u00f6valiokunnan puheenjohtaja, kansanedustaja ja arkkitehti Oulusta\"},\"image\":{\"@id\":\"https:\\\/\\\/jennipitko.fi\\\/koti\\\/#\\\/schema\\\/logo\\\/image\\\/\"}},{\"@type\":\"Person\",\"@id\":\"https:\\\/\\\/jennipitko.fi\\\/koti\\\/#\\\/schema\\\/person\\\/3f242bfe958144234373266ea416e4d6\",\"name\":\"Jenni\",\"image\":{\"@type\":\"ImageObject\",\"inLanguage\":\"fi\",\"@id\":\"https:\\\/\\\/secure.gravatar.com\\\/avatar\\\/469343e1290c3e818159b4a4348708c09929f07a2f460e664497d6fb92f80743?s=96&d=blank&r=g\",\"url\":\"https:\\\/\\\/secure.gravatar.com\\\/avatar\\\/469343e1290c3e818159b4a4348708c09929f07a2f460e664497d6fb92f80743?s=96&d=blank&r=g\",\"contentUrl\":\"https:\\\/\\\/secure.gravatar.com\\\/avatar\\\/469343e1290c3e818159b4a4348708c09929f07a2f460e664497d6fb92f80743?s=96&d=blank&r=g\",\"caption\":\"Jenni\"},\"url\":\"https:\\\/\\\/jennipitko.fi\\\/koti\\\/author\\\/jenni-pitko\\\/\"}]}<\/script>\n<!-- \/ Yoast SEO plugin. -->","yoast_head_json":{"title":"Sambiassa naisen \u00e4\u00e4ni kuuluu heikosti - Jenni Pitko - Vihreiden varapuheenjohtaja, ymp\u00e4rist\u00f6valiokunnan puheenjohtaja, kansanedustaja ja arkkitehti Oulusta","robots":{"index":"index","follow":"follow","max-snippet":"max-snippet:-1","max-image-preview":"max-image-preview:large","max-video-preview":"max-video-preview:-1"},"canonical":"https:\/\/jennipitko.fi\/koti\/sambiassa-naisen-aani-on-heikko\/","og_locale":"fi_FI","og_type":"article","og_title":"Sambiassa naisen \u00e4\u00e4ni kuuluu heikosti - Jenni Pitko - Vihreiden varapuheenjohtaja, ymp\u00e4rist\u00f6valiokunnan puheenjohtaja, kansanedustaja ja arkkitehti Oulusta","og_description":"Vietin kes\u00e4n 2014 Sambiassa tekem\u00e4ss\u00e4 itsen\u00e4ist\u00e4 vapaaehtoist\u00f6it\u00e4 yhteisty\u00f6ss\u00f6 suomalaisen DEMO-j\u00e4rjest\u00f6n kanssa. DEMO tekee Sambiassa yhteisty\u00f6t\u00e4 Zambian National Womens Lobby -j\u00e4rjest\u00f6n [&hellip;]","og_url":"https:\/\/jennipitko.fi\/koti\/sambiassa-naisen-aani-on-heikko\/","og_site_name":"Jenni Pitko - Vihreiden varapuheenjohtaja, ymp\u00e4rist\u00f6valiokunnan puheenjohtaja, kansanedustaja ja arkkitehti Oulusta","article_published_time":"2014-07-16T11:12:13+00:00","article_modified_time":"2014-12-30T15:01:59+00:00","author":"Jenni","twitter_card":"summary_large_image","twitter_misc":{"Kirjoittanut":"Jenni","Arvioitu lukuaika":"5 minuuttia"},"schema":{"@context":"https:\/\/schema.org","@graph":[{"@type":"Article","@id":"https:\/\/jennipitko.fi\/koti\/sambiassa-naisen-aani-on-heikko\/#article","isPartOf":{"@id":"https:\/\/jennipitko.fi\/koti\/sambiassa-naisen-aani-on-heikko\/"},"author":{"name":"Jenni","@id":"https:\/\/jennipitko.fi\/koti\/#\/schema\/person\/3f242bfe958144234373266ea416e4d6"},"headline":"Sambiassa naisen \u00e4\u00e4ni kuuluu heikosti","datePublished":"2014-07-16T11:12:13+00:00","dateModified":"2014-12-30T15:01:59+00:00","mainEntityOfPage":{"@id":"https:\/\/jennipitko.fi\/koti\/sambiassa-naisen-aani-on-heikko\/"},"wordCount":968,"commentCount":0,"publisher":{"@id":"https:\/\/jennipitko.fi\/koti\/#organization"},"image":{"@id":"https:\/\/jennipitko.fi\/koti\/sambiassa-naisen-aani-on-heikko\/#primaryimage"},"thumbnailUrl":"http:\/\/henkilot.vihreat.fi\/jenni.pitko\/files\/2014\/07\/tomaatti.jpg","keywords":["DEMO","Malawi","naisten oikeudet","sambia","tasa-arvo","vapaaehtoisty\u00f6","Womens Lobby"],"articleSection":["Blogi"],"inLanguage":"fi","potentialAction":[{"@type":"CommentAction","name":"Comment","target":["https:\/\/jennipitko.fi\/koti\/sambiassa-naisen-aani-on-heikko\/#respond"]}]},{"@type":"WebPage","@id":"https:\/\/jennipitko.fi\/koti\/sambiassa-naisen-aani-on-heikko\/","url":"https:\/\/jennipitko.fi\/koti\/sambiassa-naisen-aani-on-heikko\/","name":"Sambiassa naisen \u00e4\u00e4ni kuuluu heikosti - Jenni Pitko - Vihreiden varapuheenjohtaja, ymp\u00e4rist\u00f6valiokunnan puheenjohtaja, kansanedustaja ja arkkitehti Oulusta","isPartOf":{"@id":"https:\/\/jennipitko.fi\/koti\/#website"},"primaryImageOfPage":{"@id":"https:\/\/jennipitko.fi\/koti\/sambiassa-naisen-aani-on-heikko\/#primaryimage"},"image":{"@id":"https:\/\/jennipitko.fi\/koti\/sambiassa-naisen-aani-on-heikko\/#primaryimage"},"thumbnailUrl":"http:\/\/henkilot.vihreat.fi\/jenni.pitko\/files\/2014\/07\/tomaatti.jpg","datePublished":"2014-07-16T11:12:13+00:00","dateModified":"2014-12-30T15:01:59+00:00","breadcrumb":{"@id":"https:\/\/jennipitko.fi\/koti\/sambiassa-naisen-aani-on-heikko\/#breadcrumb"},"inLanguage":"fi","potentialAction":[{"@type":"ReadAction","target":["https:\/\/jennipitko.fi\/koti\/sambiassa-naisen-aani-on-heikko\/"]}]},{"@type":"ImageObject","inLanguage":"fi","@id":"https:\/\/jennipitko.fi\/koti\/sambiassa-naisen-aani-on-heikko\/#primaryimage","url":"http:\/\/henkilot.vihreat.fi\/jenni.pitko\/files\/2014\/07\/tomaatti.jpg","contentUrl":"http:\/\/henkilot.vihreat.fi\/jenni.pitko\/files\/2014\/07\/tomaatti.jpg"},{"@type":"BreadcrumbList","@id":"https:\/\/jennipitko.fi\/koti\/sambiassa-naisen-aani-on-heikko\/#breadcrumb","itemListElement":[{"@type":"ListItem","position":1,"name":"Home","item":"https:\/\/jennipitko.fi\/koti\/"},{"@type":"ListItem","position":2,"name":"Sambiassa naisen \u00e4\u00e4ni kuuluu heikosti"}]},{"@type":"WebSite","@id":"https:\/\/jennipitko.fi\/koti\/#website","url":"https:\/\/jennipitko.fi\/koti\/","name":"Jenni Pitko - Vihreiden varapuheenjohtaja, ymp\u00e4rist\u00f6valiokunnan puheenjohtaja, kansanedustaja ja arkkitehti Oulusta","description":"Jenni Pitko - Vihreiden varapuheenjohtaja, ymp\u00e4rist\u00f6valiokunnan puheenjohtaja, kansanedustaja ja arkkitehti Oulusta","publisher":{"@id":"https:\/\/jennipitko.fi\/koti\/#organization"},"potentialAction":[{"@type":"SearchAction","target":{"@type":"EntryPoint","urlTemplate":"https:\/\/jennipitko.fi\/koti\/?s={search_term_string}"},"query-input":{"@type":"PropertyValueSpecification","valueRequired":true,"valueName":"search_term_string"}}],"inLanguage":"fi"},{"@type":"Organization","@id":"https:\/\/jennipitko.fi\/koti\/#organization","name":"Jenni Pitko - Vihreiden varapuheenjohtaja, ymp\u00e4rist\u00f6valiokunnan puheenjohtaja, kansanedustaja ja arkkitehti Oulusta","url":"https:\/\/jennipitko.fi\/koti\/","logo":{"@type":"ImageObject","inLanguage":"fi","@id":"https:\/\/jennipitko.fi\/koti\/#\/schema\/logo\/image\/","url":"https:\/\/jennipitko.fi\/koti\/wp-content\/uploads\/2025\/09\/Nimeton-malli-38.png","contentUrl":"https:\/\/jennipitko.fi\/koti\/wp-content\/uploads\/2025\/09\/Nimeton-malli-38.png","width":1280,"height":847,"caption":"Jenni Pitko - Vihreiden varapuheenjohtaja, ymp\u00e4rist\u00f6valiokunnan puheenjohtaja, kansanedustaja ja arkkitehti Oulusta"},"image":{"@id":"https:\/\/jennipitko.fi\/koti\/#\/schema\/logo\/image\/"}},{"@type":"Person","@id":"https:\/\/jennipitko.fi\/koti\/#\/schema\/person\/3f242bfe958144234373266ea416e4d6","name":"Jenni","image":{"@type":"ImageObject","inLanguage":"fi","@id":"https:\/\/secure.gravatar.com\/avatar\/469343e1290c3e818159b4a4348708c09929f07a2f460e664497d6fb92f80743?s=96&d=blank&r=g","url":"https:\/\/secure.gravatar.com\/avatar\/469343e1290c3e818159b4a4348708c09929f07a2f460e664497d6fb92f80743?s=96&d=blank&r=g","contentUrl":"https:\/\/secure.gravatar.com\/avatar\/469343e1290c3e818159b4a4348708c09929f07a2f460e664497d6fb92f80743?s=96&d=blank&r=g","caption":"Jenni"},"url":"https:\/\/jennipitko.fi\/koti\/author\/jenni-pitko\/"}]}},"_links":{"self":[{"href":"https:\/\/jennipitko.fi\/koti\/wp-json\/wp\/v2\/posts\/741","targetHints":{"allow":["GET"]}}],"collection":[{"href":"https:\/\/jennipitko.fi\/koti\/wp-json\/wp\/v2\/posts"}],"about":[{"href":"https:\/\/jennipitko.fi\/koti\/wp-json\/wp\/v2\/types\/post"}],"author":[{"embeddable":true,"href":"https:\/\/jennipitko.fi\/koti\/wp-json\/wp\/v2\/users\/2"}],"replies":[{"embeddable":true,"href":"https:\/\/jennipitko.fi\/koti\/wp-json\/wp\/v2\/comments?post=741"}],"version-history":[{"count":1,"href":"https:\/\/jennipitko.fi\/koti\/wp-json\/wp\/v2\/posts\/741\/revisions"}],"predecessor-version":[{"id":781,"href":"https:\/\/jennipitko.fi\/koti\/wp-json\/wp\/v2\/posts\/741\/revisions\/781"}],"wp:attachment":[{"href":"https:\/\/jennipitko.fi\/koti\/wp-json\/wp\/v2\/media?parent=741"}],"wp:term":[{"taxonomy":"category","embeddable":true,"href":"https:\/\/jennipitko.fi\/koti\/wp-json\/wp\/v2\/categories?post=741"},{"taxonomy":"post_tag","embeddable":true,"href":"https:\/\/jennipitko.fi\/koti\/wp-json\/wp\/v2\/tags?post=741"}],"curies":[{"name":"wp","href":"https:\/\/api.w.org\/{rel}","templated":true}]}}