{"id":751,"date":"2014-08-18T10:42:04","date_gmt":"2014-08-18T08:42:04","guid":{"rendered":"http:\/\/henkilot.vihreat.fi\/jenni.pitko\/?p=751"},"modified":"2014-12-30T15:25:52","modified_gmt":"2014-12-30T15:25:52","slug":"urbaanin-asumisen-uusi-tuleminen","status":"publish","type":"post","link":"https:\/\/jennipitko.fi\/koti\/urbaanin-asumisen-uusi-tuleminen\/","title":{"rendered":"Urbaanin asumisen uusi tuleminen"},"content":{"rendered":"<p><em>Sanomalehti Kalevan Mielipide-palstalla 17.8.2014 julkaistu kirjoitukseni<\/em><\/p>\n<p>Euroopan suurkaupungeissa on n\u00e4kyviss\u00e4 urbaanin asumisen aalto. Ty\u00f6ss\u00e4k\u00e4yv\u00e4t ihmiset sek\u00e4 ik\u00e4\u00e4ntyv\u00e4 v\u00e4est\u00f6 eiv\u00e4t halua k\u00e4ytt\u00e4\u00e4 aikaansa pitkien matkojen kulkemiseen vaan ty\u00f6 ja palvelut halutaan sijaitsevan l\u00e4hell\u00e4. My\u00f6s Helsingiss\u00e4 on n\u00e4kyviss\u00e4 sama trendi. Lapsiperheet muuttavat takaisin taajamista kantakaupungin alueelle.<\/p>\n<p>Oulun seudun asukasbarometri vuodelta 2011 enteilee samaa my\u00f6s Oulun seudulle. Nykyisiss\u00e4 asuinalueissaan barometriin vastanneet kokivat suurimmiksi puutteiksi palvelujen et\u00e4isyyden ja joukkoliikenteen tason. Jopa joka kolmas vastaaja kertoi toiveasuinpaikakseen keskustan!<\/p>\n<p>Kuinka voisimme Oulussa varautua t\u00e4h\u00e4n urbaanin asumisen aaltoon ja hy\u00f6dynt\u00e4\u00e4 sen tuomat yhdyskuntarakentamisen s\u00e4\u00e4st\u00f6t?<!--more--><\/p>\n<p>Keskustassa asuminen on t\u00e4ll\u00e4 hetkell\u00e4 mahdollisuus vain harvoille. Ja toisaalta, vastaako nykymuotoinen kerrostaloasuminen \u201dbetonilaatikoissa\u201d uusien urbaaniasujien vaatimuksia turvallisesta asuinymp\u00e4rist\u00f6st\u00e4 sek\u00e4 haaveista esimerkiksi pihoista ja yhteistiloista? En usko, ett\u00e4 vastaa.<\/p>\n<p>Yksi vastaus uuteen urbanismiin voisi olla tiiviist\u00e4\u00e4 keskustan l\u00e4hialueita tehokkailla umpikortteleilla, joiden keskelle j\u00e4isi suojaisa yhteispiha, miss\u00e4 lapset voisivat turvallisesti leikki\u00e4 kesken\u00e4\u00e4n ja pyykit unohtaa y\u00f6ksi kuivumaan. Mallia voi ottaa Keski-Euroopan kytketyist\u00e4 pientaloista tai vaikkapa Puu-Linnanmaalta. Tiivis ja matala korttelirakenne voi p\u00e4\u00e4st\u00e4 samoihin tehokkuuksiin kerrostalorakentamisen kanssa.<\/p>\n<p>Toisaalta keskustan ja l\u00e4hialueiden kerrostaloja tulisi kannustaa viherrytt\u00e4m\u00e4\u00e4n sis\u00e4pihojaan. T\u00e4h\u00e4n auttaisi Oulun keskustan korkeiden autopaikkanormien purkaminen. Moni keskusta-asuja vaihtaisikin autopaikkansa mielell\u00e4\u00e4n vaikka ruudun kokoiseen viljelypalstaan. Keskustaan saadaan lis\u00e4\u00e4 asuntoja lis\u00e4kerroksia rakentamalla ja kortteleita t\u00e4ydent\u00e4m\u00e4ll\u00e4.<\/p>\n<p>Urbaanin asumisen tuleminen on otettava huomioon my\u00f6s palveluita j\u00e4rjest\u00e4ess\u00e4. Keskustan l\u00e4helt\u00e4 tulee l\u00f6yty\u00e4 kapasiteettia vastata lis\u00e4\u00e4ntyv\u00e4\u00e4n p\u00e4iv\u00e4koti- ja koulupaikkakysynt\u00e4\u00e4n. My\u00f6s ik\u00e4ihmisten palvelujen saatavuus on turvattava. Laadukas joukkoliikenne vapauttaa maata pinta-alaa tuhlaavilta pys\u00e4k\u00f6intikentilt\u00e4.<\/p>\n<p>Jenni Pitko, Arkkitehti<br \/>\nKaupunginvaltuutettu (vihr.)<br \/>\nOulu<\/p>\n","protected":false},"excerpt":{"rendered":"<p>Sanomalehti Kalevan Mielipide-palstalla 17.8.2014 julkaistu kirjoitukseni Euroopan suurkaupungeissa on n\u00e4kyviss\u00e4 urbaanin asumisen aalto. Ty\u00f6ss\u00e4k\u00e4yv\u00e4t ihmiset sek\u00e4 ik\u00e4\u00e4ntyv\u00e4 v\u00e4est\u00f6 eiv\u00e4t halua [&hellip;]<\/p>\n","protected":false},"author":2,"featured_media":0,"comment_status":"open","ping_status":"open","sticky":false,"template":"","format":"standard","meta":{"_monsterinsights_skip_tracking":false,"_monsterinsights_sitenote_active":false,"_monsterinsights_sitenote_note":"","_monsterinsights_sitenote_category":0,"site-sidebar-layout":"default","site-content-layout":"","ast-site-content-layout":"default","site-content-style":"default","site-sidebar-style":"default","ast-global-header-display":"","ast-banner-title-visibility":"","ast-main-header-display":"","ast-hfb-above-header-display":"","ast-hfb-below-header-display":"","ast-hfb-mobile-header-display":"","site-post-title":"","ast-breadcrumbs-content":"","ast-featured-img":"","footer-sml-layout":"","ast-disable-related-posts":"","theme-transparent-header-meta":"","adv-header-id-meta":"","stick-header-meta":"","header-above-stick-meta":"","header-main-stick-meta":"","header-below-stick-meta":"","astra-migrate-meta-layouts":"default","ast-page-background-enabled":"default","ast-page-background-meta":{"desktop":{"background-color":"var(--ast-global-color-5)","background-image":"","background-repeat":"repeat","background-position":"center center","background-size":"auto","background-attachment":"scroll","background-type":"","background-media":"","overlay-type":"","overlay-color":"","overlay-opacity":"","overlay-gradient":""},"tablet":{"background-color":"","background-image":"","background-repeat":"repeat","background-position":"center center","background-size":"auto","background-attachment":"scroll","background-type":"","background-media":"","overlay-type":"","overlay-color":"","overlay-opacity":"","overlay-gradient":""},"mobile":{"background-color":"","background-image":"","background-repeat":"repeat","background-position":"center center","background-size":"auto","background-attachment":"scroll","background-type":"","background-media":"","overlay-type":"","overlay-color":"","overlay-opacity":"","overlay-gradient":""}},"ast-content-background-meta":{"desktop":{"background-color":"var(--ast-global-color-4)","background-image":"","background-repeat":"repeat","background-position":"center center","background-size":"auto","background-attachment":"scroll","background-type":"","background-media":"","overlay-type":"","overlay-color":"","overlay-opacity":"","overlay-gradient":""},"tablet":{"background-color":"var(--ast-global-color-4)","background-image":"","background-repeat":"repeat","background-position":"center center","background-size":"auto","background-attachment":"scroll","background-type":"","background-media":"","overlay-type":"","overlay-color":"","overlay-opacity":"","overlay-gradient":""},"mobile":{"background-color":"var(--ast-global-color-4)","background-image":"","background-repeat":"repeat","background-position":"center center","background-size":"auto","background-attachment":"scroll","background-type":"","background-media":"","overlay-type":"","overlay-color":"","overlay-opacity":"","overlay-gradient":""}},"footnotes":""},"categories":[2],"tags":[5,114,7,115,9,45,71],"class_list":["post-751","post","type-post","status-publish","format-standard","hentry","category-blogi","tag-asuminen","tag-autopaikkanormi","tag-joukkoliikenne","tag-kaupunki","tag-oulu","tag-oulun-keskusta","tag-tiivis-ja-matala"],"yoast_head":"<!-- This site is optimized with the Yoast SEO plugin v27.5 - https:\/\/yoast.com\/product\/yoast-seo-wordpress\/ -->\n<title>Urbaanin asumisen uusi tuleminen - Jenni Pitko - Vihreiden varapuheenjohtaja, ymp\u00e4rist\u00f6valiokunnan puheenjohtaja, kansanedustaja ja arkkitehti Oulusta<\/title>\n<meta name=\"robots\" content=\"index, follow, max-snippet:-1, max-image-preview:large, max-video-preview:-1\" \/>\n<link rel=\"canonical\" href=\"https:\/\/jennipitko.fi\/koti\/urbaanin-asumisen-uusi-tuleminen\/\" \/>\n<meta property=\"og:locale\" content=\"fi_FI\" \/>\n<meta property=\"og:type\" content=\"article\" \/>\n<meta property=\"og:title\" content=\"Urbaanin asumisen uusi tuleminen - Jenni Pitko - Vihreiden varapuheenjohtaja, ymp\u00e4rist\u00f6valiokunnan puheenjohtaja, kansanedustaja ja arkkitehti Oulusta\" \/>\n<meta property=\"og:description\" content=\"Sanomalehti Kalevan Mielipide-palstalla 17.8.2014 julkaistu kirjoitukseni Euroopan suurkaupungeissa on n\u00e4kyviss\u00e4 urbaanin asumisen aalto. Ty\u00f6ss\u00e4k\u00e4yv\u00e4t ihmiset sek\u00e4 ik\u00e4\u00e4ntyv\u00e4 v\u00e4est\u00f6 eiv\u00e4t halua [&hellip;]\" \/>\n<meta property=\"og:url\" content=\"https:\/\/jennipitko.fi\/koti\/urbaanin-asumisen-uusi-tuleminen\/\" \/>\n<meta property=\"og:site_name\" content=\"Jenni Pitko - Vihreiden varapuheenjohtaja, ymp\u00e4rist\u00f6valiokunnan puheenjohtaja, kansanedustaja ja arkkitehti Oulusta\" \/>\n<meta property=\"article:published_time\" content=\"2014-08-18T08:42:04+00:00\" \/>\n<meta property=\"article:modified_time\" content=\"2014-12-30T15:25:52+00:00\" \/>\n<meta name=\"author\" content=\"Jenni\" \/>\n<meta name=\"twitter:card\" content=\"summary_large_image\" \/>\n<meta name=\"twitter:label1\" content=\"Kirjoittanut\" \/>\n\t<meta name=\"twitter:data1\" content=\"Jenni\" \/>\n\t<meta name=\"twitter:label2\" content=\"Arvioitu lukuaika\" \/>\n\t<meta name=\"twitter:data2\" content=\"1 minuutti\" \/>\n<script type=\"application\/ld+json\" class=\"yoast-schema-graph\">{\"@context\":\"https:\\\/\\\/schema.org\",\"@graph\":[{\"@type\":\"Article\",\"@id\":\"https:\\\/\\\/jennipitko.fi\\\/koti\\\/urbaanin-asumisen-uusi-tuleminen\\\/#article\",\"isPartOf\":{\"@id\":\"https:\\\/\\\/jennipitko.fi\\\/koti\\\/urbaanin-asumisen-uusi-tuleminen\\\/\"},\"author\":{\"name\":\"Jenni\",\"@id\":\"https:\\\/\\\/jennipitko.fi\\\/koti\\\/#\\\/schema\\\/person\\\/3f242bfe958144234373266ea416e4d6\"},\"headline\":\"Urbaanin asumisen uusi tuleminen\",\"datePublished\":\"2014-08-18T08:42:04+00:00\",\"dateModified\":\"2014-12-30T15:25:52+00:00\",\"mainEntityOfPage\":{\"@id\":\"https:\\\/\\\/jennipitko.fi\\\/koti\\\/urbaanin-asumisen-uusi-tuleminen\\\/\"},\"wordCount\":288,\"commentCount\":0,\"publisher\":{\"@id\":\"https:\\\/\\\/jennipitko.fi\\\/koti\\\/#organization\"},\"keywords\":[\"asuminen\",\"autopaikkanormi\",\"joukkoliikenne\",\"kaupunki\",\"oulu\",\"Oulun keskusta\",\"tiivis ja matala\"],\"articleSection\":[\"Blogi\"],\"inLanguage\":\"fi\",\"potentialAction\":[{\"@type\":\"CommentAction\",\"name\":\"Comment\",\"target\":[\"https:\\\/\\\/jennipitko.fi\\\/koti\\\/urbaanin-asumisen-uusi-tuleminen\\\/#respond\"]}]},{\"@type\":\"WebPage\",\"@id\":\"https:\\\/\\\/jennipitko.fi\\\/koti\\\/urbaanin-asumisen-uusi-tuleminen\\\/\",\"url\":\"https:\\\/\\\/jennipitko.fi\\\/koti\\\/urbaanin-asumisen-uusi-tuleminen\\\/\",\"name\":\"Urbaanin asumisen uusi tuleminen - Jenni Pitko - Vihreiden varapuheenjohtaja, ymp\u00e4rist\u00f6valiokunnan puheenjohtaja, kansanedustaja ja arkkitehti Oulusta\",\"isPartOf\":{\"@id\":\"https:\\\/\\\/jennipitko.fi\\\/koti\\\/#website\"},\"datePublished\":\"2014-08-18T08:42:04+00:00\",\"dateModified\":\"2014-12-30T15:25:52+00:00\",\"breadcrumb\":{\"@id\":\"https:\\\/\\\/jennipitko.fi\\\/koti\\\/urbaanin-asumisen-uusi-tuleminen\\\/#breadcrumb\"},\"inLanguage\":\"fi\",\"potentialAction\":[{\"@type\":\"ReadAction\",\"target\":[\"https:\\\/\\\/jennipitko.fi\\\/koti\\\/urbaanin-asumisen-uusi-tuleminen\\\/\"]}]},{\"@type\":\"BreadcrumbList\",\"@id\":\"https:\\\/\\\/jennipitko.fi\\\/koti\\\/urbaanin-asumisen-uusi-tuleminen\\\/#breadcrumb\",\"itemListElement\":[{\"@type\":\"ListItem\",\"position\":1,\"name\":\"Home\",\"item\":\"https:\\\/\\\/jennipitko.fi\\\/koti\\\/\"},{\"@type\":\"ListItem\",\"position\":2,\"name\":\"Urbaanin asumisen uusi tuleminen\"}]},{\"@type\":\"WebSite\",\"@id\":\"https:\\\/\\\/jennipitko.fi\\\/koti\\\/#website\",\"url\":\"https:\\\/\\\/jennipitko.fi\\\/koti\\\/\",\"name\":\"Jenni Pitko - Vihreiden varapuheenjohtaja, ymp\u00e4rist\u00f6valiokunnan puheenjohtaja, kansanedustaja ja arkkitehti Oulusta\",\"description\":\"Jenni Pitko - Vihreiden varapuheenjohtaja, ymp\u00e4rist\u00f6valiokunnan puheenjohtaja, kansanedustaja ja arkkitehti Oulusta\",\"publisher\":{\"@id\":\"https:\\\/\\\/jennipitko.fi\\\/koti\\\/#organization\"},\"potentialAction\":[{\"@type\":\"SearchAction\",\"target\":{\"@type\":\"EntryPoint\",\"urlTemplate\":\"https:\\\/\\\/jennipitko.fi\\\/koti\\\/?s={search_term_string}\"},\"query-input\":{\"@type\":\"PropertyValueSpecification\",\"valueRequired\":true,\"valueName\":\"search_term_string\"}}],\"inLanguage\":\"fi\"},{\"@type\":\"Organization\",\"@id\":\"https:\\\/\\\/jennipitko.fi\\\/koti\\\/#organization\",\"name\":\"Jenni Pitko - Vihreiden varapuheenjohtaja, ymp\u00e4rist\u00f6valiokunnan puheenjohtaja, kansanedustaja ja arkkitehti Oulusta\",\"url\":\"https:\\\/\\\/jennipitko.fi\\\/koti\\\/\",\"logo\":{\"@type\":\"ImageObject\",\"inLanguage\":\"fi\",\"@id\":\"https:\\\/\\\/jennipitko.fi\\\/koti\\\/#\\\/schema\\\/logo\\\/image\\\/\",\"url\":\"https:\\\/\\\/jennipitko.fi\\\/koti\\\/wp-content\\\/uploads\\\/2025\\\/09\\\/Nimeton-malli-38.png\",\"contentUrl\":\"https:\\\/\\\/jennipitko.fi\\\/koti\\\/wp-content\\\/uploads\\\/2025\\\/09\\\/Nimeton-malli-38.png\",\"width\":1280,\"height\":847,\"caption\":\"Jenni Pitko - Vihreiden varapuheenjohtaja, ymp\u00e4rist\u00f6valiokunnan puheenjohtaja, kansanedustaja ja arkkitehti Oulusta\"},\"image\":{\"@id\":\"https:\\\/\\\/jennipitko.fi\\\/koti\\\/#\\\/schema\\\/logo\\\/image\\\/\"}},{\"@type\":\"Person\",\"@id\":\"https:\\\/\\\/jennipitko.fi\\\/koti\\\/#\\\/schema\\\/person\\\/3f242bfe958144234373266ea416e4d6\",\"name\":\"Jenni\",\"image\":{\"@type\":\"ImageObject\",\"inLanguage\":\"fi\",\"@id\":\"https:\\\/\\\/secure.gravatar.com\\\/avatar\\\/469343e1290c3e818159b4a4348708c09929f07a2f460e664497d6fb92f80743?s=96&d=blank&r=g\",\"url\":\"https:\\\/\\\/secure.gravatar.com\\\/avatar\\\/469343e1290c3e818159b4a4348708c09929f07a2f460e664497d6fb92f80743?s=96&d=blank&r=g\",\"contentUrl\":\"https:\\\/\\\/secure.gravatar.com\\\/avatar\\\/469343e1290c3e818159b4a4348708c09929f07a2f460e664497d6fb92f80743?s=96&d=blank&r=g\",\"caption\":\"Jenni\"},\"url\":\"https:\\\/\\\/jennipitko.fi\\\/koti\\\/author\\\/jenni-pitko\\\/\"}]}<\/script>\n<!-- \/ Yoast SEO plugin. -->","yoast_head_json":{"title":"Urbaanin asumisen uusi tuleminen - Jenni Pitko - Vihreiden varapuheenjohtaja, ymp\u00e4rist\u00f6valiokunnan puheenjohtaja, kansanedustaja ja arkkitehti Oulusta","robots":{"index":"index","follow":"follow","max-snippet":"max-snippet:-1","max-image-preview":"max-image-preview:large","max-video-preview":"max-video-preview:-1"},"canonical":"https:\/\/jennipitko.fi\/koti\/urbaanin-asumisen-uusi-tuleminen\/","og_locale":"fi_FI","og_type":"article","og_title":"Urbaanin asumisen uusi tuleminen - Jenni Pitko - Vihreiden varapuheenjohtaja, ymp\u00e4rist\u00f6valiokunnan puheenjohtaja, kansanedustaja ja arkkitehti Oulusta","og_description":"Sanomalehti Kalevan Mielipide-palstalla 17.8.2014 julkaistu kirjoitukseni Euroopan suurkaupungeissa on n\u00e4kyviss\u00e4 urbaanin asumisen aalto. Ty\u00f6ss\u00e4k\u00e4yv\u00e4t ihmiset sek\u00e4 ik\u00e4\u00e4ntyv\u00e4 v\u00e4est\u00f6 eiv\u00e4t halua [&hellip;]","og_url":"https:\/\/jennipitko.fi\/koti\/urbaanin-asumisen-uusi-tuleminen\/","og_site_name":"Jenni Pitko - Vihreiden varapuheenjohtaja, ymp\u00e4rist\u00f6valiokunnan puheenjohtaja, kansanedustaja ja arkkitehti Oulusta","article_published_time":"2014-08-18T08:42:04+00:00","article_modified_time":"2014-12-30T15:25:52+00:00","author":"Jenni","twitter_card":"summary_large_image","twitter_misc":{"Kirjoittanut":"Jenni","Arvioitu lukuaika":"1 minuutti"},"schema":{"@context":"https:\/\/schema.org","@graph":[{"@type":"Article","@id":"https:\/\/jennipitko.fi\/koti\/urbaanin-asumisen-uusi-tuleminen\/#article","isPartOf":{"@id":"https:\/\/jennipitko.fi\/koti\/urbaanin-asumisen-uusi-tuleminen\/"},"author":{"name":"Jenni","@id":"https:\/\/jennipitko.fi\/koti\/#\/schema\/person\/3f242bfe958144234373266ea416e4d6"},"headline":"Urbaanin asumisen uusi tuleminen","datePublished":"2014-08-18T08:42:04+00:00","dateModified":"2014-12-30T15:25:52+00:00","mainEntityOfPage":{"@id":"https:\/\/jennipitko.fi\/koti\/urbaanin-asumisen-uusi-tuleminen\/"},"wordCount":288,"commentCount":0,"publisher":{"@id":"https:\/\/jennipitko.fi\/koti\/#organization"},"keywords":["asuminen","autopaikkanormi","joukkoliikenne","kaupunki","oulu","Oulun keskusta","tiivis ja matala"],"articleSection":["Blogi"],"inLanguage":"fi","potentialAction":[{"@type":"CommentAction","name":"Comment","target":["https:\/\/jennipitko.fi\/koti\/urbaanin-asumisen-uusi-tuleminen\/#respond"]}]},{"@type":"WebPage","@id":"https:\/\/jennipitko.fi\/koti\/urbaanin-asumisen-uusi-tuleminen\/","url":"https:\/\/jennipitko.fi\/koti\/urbaanin-asumisen-uusi-tuleminen\/","name":"Urbaanin asumisen uusi tuleminen - Jenni Pitko - Vihreiden varapuheenjohtaja, ymp\u00e4rist\u00f6valiokunnan puheenjohtaja, kansanedustaja ja arkkitehti Oulusta","isPartOf":{"@id":"https:\/\/jennipitko.fi\/koti\/#website"},"datePublished":"2014-08-18T08:42:04+00:00","dateModified":"2014-12-30T15:25:52+00:00","breadcrumb":{"@id":"https:\/\/jennipitko.fi\/koti\/urbaanin-asumisen-uusi-tuleminen\/#breadcrumb"},"inLanguage":"fi","potentialAction":[{"@type":"ReadAction","target":["https:\/\/jennipitko.fi\/koti\/urbaanin-asumisen-uusi-tuleminen\/"]}]},{"@type":"BreadcrumbList","@id":"https:\/\/jennipitko.fi\/koti\/urbaanin-asumisen-uusi-tuleminen\/#breadcrumb","itemListElement":[{"@type":"ListItem","position":1,"name":"Home","item":"https:\/\/jennipitko.fi\/koti\/"},{"@type":"ListItem","position":2,"name":"Urbaanin asumisen uusi tuleminen"}]},{"@type":"WebSite","@id":"https:\/\/jennipitko.fi\/koti\/#website","url":"https:\/\/jennipitko.fi\/koti\/","name":"Jenni Pitko - Vihreiden varapuheenjohtaja, ymp\u00e4rist\u00f6valiokunnan puheenjohtaja, kansanedustaja ja arkkitehti Oulusta","description":"Jenni Pitko - Vihreiden varapuheenjohtaja, ymp\u00e4rist\u00f6valiokunnan puheenjohtaja, kansanedustaja ja arkkitehti Oulusta","publisher":{"@id":"https:\/\/jennipitko.fi\/koti\/#organization"},"potentialAction":[{"@type":"SearchAction","target":{"@type":"EntryPoint","urlTemplate":"https:\/\/jennipitko.fi\/koti\/?s={search_term_string}"},"query-input":{"@type":"PropertyValueSpecification","valueRequired":true,"valueName":"search_term_string"}}],"inLanguage":"fi"},{"@type":"Organization","@id":"https:\/\/jennipitko.fi\/koti\/#organization","name":"Jenni Pitko - Vihreiden varapuheenjohtaja, ymp\u00e4rist\u00f6valiokunnan puheenjohtaja, kansanedustaja ja arkkitehti Oulusta","url":"https:\/\/jennipitko.fi\/koti\/","logo":{"@type":"ImageObject","inLanguage":"fi","@id":"https:\/\/jennipitko.fi\/koti\/#\/schema\/logo\/image\/","url":"https:\/\/jennipitko.fi\/koti\/wp-content\/uploads\/2025\/09\/Nimeton-malli-38.png","contentUrl":"https:\/\/jennipitko.fi\/koti\/wp-content\/uploads\/2025\/09\/Nimeton-malli-38.png","width":1280,"height":847,"caption":"Jenni Pitko - Vihreiden varapuheenjohtaja, ymp\u00e4rist\u00f6valiokunnan puheenjohtaja, kansanedustaja ja arkkitehti Oulusta"},"image":{"@id":"https:\/\/jennipitko.fi\/koti\/#\/schema\/logo\/image\/"}},{"@type":"Person","@id":"https:\/\/jennipitko.fi\/koti\/#\/schema\/person\/3f242bfe958144234373266ea416e4d6","name":"Jenni","image":{"@type":"ImageObject","inLanguage":"fi","@id":"https:\/\/secure.gravatar.com\/avatar\/469343e1290c3e818159b4a4348708c09929f07a2f460e664497d6fb92f80743?s=96&d=blank&r=g","url":"https:\/\/secure.gravatar.com\/avatar\/469343e1290c3e818159b4a4348708c09929f07a2f460e664497d6fb92f80743?s=96&d=blank&r=g","contentUrl":"https:\/\/secure.gravatar.com\/avatar\/469343e1290c3e818159b4a4348708c09929f07a2f460e664497d6fb92f80743?s=96&d=blank&r=g","caption":"Jenni"},"url":"https:\/\/jennipitko.fi\/koti\/author\/jenni-pitko\/"}]}},"_links":{"self":[{"href":"https:\/\/jennipitko.fi\/koti\/wp-json\/wp\/v2\/posts\/751","targetHints":{"allow":["GET"]}}],"collection":[{"href":"https:\/\/jennipitko.fi\/koti\/wp-json\/wp\/v2\/posts"}],"about":[{"href":"https:\/\/jennipitko.fi\/koti\/wp-json\/wp\/v2\/types\/post"}],"author":[{"embeddable":true,"href":"https:\/\/jennipitko.fi\/koti\/wp-json\/wp\/v2\/users\/2"}],"replies":[{"embeddable":true,"href":"https:\/\/jennipitko.fi\/koti\/wp-json\/wp\/v2\/comments?post=751"}],"version-history":[{"count":1,"href":"https:\/\/jennipitko.fi\/koti\/wp-json\/wp\/v2\/posts\/751\/revisions"}],"predecessor-version":[{"id":806,"href":"https:\/\/jennipitko.fi\/koti\/wp-json\/wp\/v2\/posts\/751\/revisions\/806"}],"wp:attachment":[{"href":"https:\/\/jennipitko.fi\/koti\/wp-json\/wp\/v2\/media?parent=751"}],"wp:term":[{"taxonomy":"category","embeddable":true,"href":"https:\/\/jennipitko.fi\/koti\/wp-json\/wp\/v2\/categories?post=751"},{"taxonomy":"post_tag","embeddable":true,"href":"https:\/\/jennipitko.fi\/koti\/wp-json\/wp\/v2\/tags?post=751"}],"curies":[{"name":"wp","href":"https:\/\/api.w.org\/{rel}","templated":true}]}}