{"id":753,"date":"2014-08-22T15:04:42","date_gmt":"2014-08-22T13:04:42","guid":{"rendered":"http:\/\/henkilot.vihreat.fi\/jenni.pitko\/?p=753"},"modified":"2014-12-30T15:26:25","modified_gmt":"2014-12-30T15:26:25","slug":"jenni-pitko-tavoittelee-kansanedustajuutta-kevaan-eduskuntavaaleissa","status":"publish","type":"post","link":"https:\/\/jennipitko.fi\/koti\/jenni-pitko-tavoittelee-kansanedustajuutta-kevaan-eduskuntavaaleissa\/","title":{"rendered":"Jenni Pitko tavoittelee kansanedustajuutta kev\u00e4\u00e4n eduskuntavaaleissa"},"content":{"rendered":"<p>Oulun vaalipiirin vihreiden piirihallitus on asettanut Jenni Pitkon ehdolle eduskuntavaaleihin Oulun vaalipiirist\u00e4. Jenni on 28-vuotias oululainen kaupunginvaltuutettu ja kaupunginhallituksen j\u00e4sen. Kuluvana valtuustokautena h\u00e4n toimii vihre\u00e4n valtuustoryhm\u00e4n varapuheenjohtajana. Toimivampaa kaupunkia h\u00e4n on luomassa my\u00f6s nykyisiss\u00e4 luottamustoimissaan Pohjois-Suomen opiskelija-asuntos\u00e4\u00e4ti\u00f6n sek\u00e4 Oulun polkupy\u00f6r\u00e4ilij\u00e4t ry:n hallituksissa.<\/p>\n<p>Jenni on koulutukseltaan arkkitehti. Ennen valmistumistaan viime kes\u00e4kuussa Jenni toimi aktiivisesti opiskelijapolitiikassa. Vuonna 2011 h\u00e4n toimi Oulun yliopiston ylioppilaskunnan hallituksen puheenjohtajana sek\u00e4 vuonna 2013 Oulun yliopiston hallituksessa.<!--more--><\/p>\n<p>Kes\u00e4n 2014 Jenni on ollut tutustumassa Sambiassa tasa-arvo-asioihin sek\u00e4 naisten ja tytt\u00f6jen osallisuuteen. Jenni aikoo nostaa eduskuntavaalikampanjassa esille Suomen vastuun ilmastonmuutoksen hillinn\u00e4ss\u00e4 sek\u00e4 ihmisoikeuksien edist\u00e4misess\u00e4. T\u00e4rkeit\u00e4 teemoja h\u00e4nen kampanjassaan tulevat olemaan asumiseen, tasa-arvoon ja sosiaaliseen oikeudenmukaisuuteen liittyv\u00e4t kysymykset. Tulo- ja terveyserojen kaventaminen l\u00e4htee perusturvan parantamisesta, ty\u00f6nteon tekemisest\u00e4 kannattavaksi ja ty\u00f6n tasaisemmasta jakautumisesta sek\u00e4 laadukkaan peruspalvelutason turvaamisesta.<\/p>\n<p>Lis\u00e4tietoja:<br \/>\nJenni Pitko<br \/>\n0445570263<br \/>\nJenni.pitko@ouka.fi<\/p>\n","protected":false},"excerpt":{"rendered":"<p>Oulun vaalipiirin vihreiden piirihallitus on asettanut Jenni Pitkon ehdolle eduskuntavaaleihin Oulun vaalipiirist\u00e4. Jenni on 28-vuotias oululainen kaupunginvaltuutettu ja kaupunginhallituksen j\u00e4sen. [&hellip;]<\/p>\n","protected":false},"author":2,"featured_media":0,"comment_status":"open","ping_status":"open","sticky":false,"template":"","format":"standard","meta":{"_monsterinsights_skip_tracking":false,"_monsterinsights_sitenote_active":false,"_monsterinsights_sitenote_note":"","_monsterinsights_sitenote_category":0,"site-sidebar-layout":"default","site-content-layout":"","ast-site-content-layout":"default","site-content-style":"default","site-sidebar-style":"default","ast-global-header-display":"","ast-banner-title-visibility":"","ast-main-header-display":"","ast-hfb-above-header-display":"","ast-hfb-below-header-display":"","ast-hfb-mobile-header-display":"","site-post-title":"","ast-breadcrumbs-content":"","ast-featured-img":"","footer-sml-layout":"","ast-disable-related-posts":"","theme-transparent-header-meta":"","adv-header-id-meta":"","stick-header-meta":"","header-above-stick-meta":"","header-main-stick-meta":"","header-below-stick-meta":"","astra-migrate-meta-layouts":"default","ast-page-background-enabled":"default","ast-page-background-meta":{"desktop":{"background-color":"var(--ast-global-color-5)","background-image":"","background-repeat":"repeat","background-position":"center center","background-size":"auto","background-attachment":"scroll","background-type":"","background-media":"","overlay-type":"","overlay-color":"","overlay-opacity":"","overlay-gradient":""},"tablet":{"background-color":"","background-image":"","background-repeat":"repeat","background-position":"center center","background-size":"auto","background-attachment":"scroll","background-type":"","background-media":"","overlay-type":"","overlay-color":"","overlay-opacity":"","overlay-gradient":""},"mobile":{"background-color":"","background-image":"","background-repeat":"repeat","background-position":"center center","background-size":"auto","background-attachment":"scroll","background-type":"","background-media":"","overlay-type":"","overlay-color":"","overlay-opacity":"","overlay-gradient":""}},"ast-content-background-meta":{"desktop":{"background-color":"var(--ast-global-color-4)","background-image":"","background-repeat":"repeat","background-position":"center center","background-size":"auto","background-attachment":"scroll","background-type":"","background-media":"","overlay-type":"","overlay-color":"","overlay-opacity":"","overlay-gradient":""},"tablet":{"background-color":"var(--ast-global-color-4)","background-image":"","background-repeat":"repeat","background-position":"center center","background-size":"auto","background-attachment":"scroll","background-type":"","background-media":"","overlay-type":"","overlay-color":"","overlay-opacity":"","overlay-gradient":""},"mobile":{"background-color":"var(--ast-global-color-4)","background-image":"","background-repeat":"repeat","background-position":"center center","background-size":"auto","background-attachment":"scroll","background-type":"","background-media":"","overlay-type":"","overlay-color":"","overlay-opacity":"","overlay-gradient":""}},"footnotes":""},"categories":[117],"tags":[116],"class_list":["post-753","post","type-post","status-publish","format-standard","hentry","category-tiedotteet","tag-eduskuntavaalit"],"yoast_head":"<!-- This site is optimized with the Yoast SEO plugin v27.5 - https:\/\/yoast.com\/product\/yoast-seo-wordpress\/ -->\n<title>Jenni Pitko tavoittelee kansanedustajuutta kev\u00e4\u00e4n eduskuntavaaleissa - Jenni Pitko - Vihreiden varapuheenjohtaja, ymp\u00e4rist\u00f6valiokunnan puheenjohtaja, kansanedustaja ja arkkitehti Oulusta<\/title>\n<meta name=\"robots\" content=\"index, follow, max-snippet:-1, max-image-preview:large, max-video-preview:-1\" \/>\n<link rel=\"canonical\" href=\"https:\/\/jennipitko.fi\/koti\/jenni-pitko-tavoittelee-kansanedustajuutta-kevaan-eduskuntavaaleissa\/\" \/>\n<meta property=\"og:locale\" content=\"fi_FI\" \/>\n<meta property=\"og:type\" content=\"article\" \/>\n<meta property=\"og:title\" content=\"Jenni Pitko tavoittelee kansanedustajuutta kev\u00e4\u00e4n eduskuntavaaleissa - Jenni Pitko - Vihreiden varapuheenjohtaja, ymp\u00e4rist\u00f6valiokunnan puheenjohtaja, kansanedustaja ja arkkitehti Oulusta\" \/>\n<meta property=\"og:description\" content=\"Oulun vaalipiirin vihreiden piirihallitus on asettanut Jenni Pitkon ehdolle eduskuntavaaleihin Oulun vaalipiirist\u00e4. Jenni on 28-vuotias oululainen kaupunginvaltuutettu ja kaupunginhallituksen j\u00e4sen. [&hellip;]\" \/>\n<meta property=\"og:url\" content=\"https:\/\/jennipitko.fi\/koti\/jenni-pitko-tavoittelee-kansanedustajuutta-kevaan-eduskuntavaaleissa\/\" \/>\n<meta property=\"og:site_name\" content=\"Jenni Pitko - Vihreiden varapuheenjohtaja, ymp\u00e4rist\u00f6valiokunnan puheenjohtaja, kansanedustaja ja arkkitehti Oulusta\" \/>\n<meta property=\"article:published_time\" content=\"2014-08-22T13:04:42+00:00\" \/>\n<meta property=\"article:modified_time\" content=\"2014-12-30T15:26:25+00:00\" \/>\n<meta name=\"author\" content=\"Jenni\" \/>\n<meta name=\"twitter:card\" content=\"summary_large_image\" \/>\n<meta name=\"twitter:label1\" content=\"Kirjoittanut\" \/>\n\t<meta name=\"twitter:data1\" content=\"Jenni\" \/>\n\t<meta name=\"twitter:label2\" content=\"Arvioitu lukuaika\" \/>\n\t<meta name=\"twitter:data2\" content=\"1 minuutti\" \/>\n<script type=\"application\/ld+json\" class=\"yoast-schema-graph\">{\"@context\":\"https:\\\/\\\/schema.org\",\"@graph\":[{\"@type\":\"Article\",\"@id\":\"https:\\\/\\\/jennipitko.fi\\\/koti\\\/jenni-pitko-tavoittelee-kansanedustajuutta-kevaan-eduskuntavaaleissa\\\/#article\",\"isPartOf\":{\"@id\":\"https:\\\/\\\/jennipitko.fi\\\/koti\\\/jenni-pitko-tavoittelee-kansanedustajuutta-kevaan-eduskuntavaaleissa\\\/\"},\"author\":{\"name\":\"Jenni\",\"@id\":\"https:\\\/\\\/jennipitko.fi\\\/koti\\\/#\\\/schema\\\/person\\\/3f242bfe958144234373266ea416e4d6\"},\"headline\":\"Jenni Pitko tavoittelee kansanedustajuutta kev\u00e4\u00e4n eduskuntavaaleissa\",\"datePublished\":\"2014-08-22T13:04:42+00:00\",\"dateModified\":\"2014-12-30T15:26:25+00:00\",\"mainEntityOfPage\":{\"@id\":\"https:\\\/\\\/jennipitko.fi\\\/koti\\\/jenni-pitko-tavoittelee-kansanedustajuutta-kevaan-eduskuntavaaleissa\\\/\"},\"wordCount\":161,\"commentCount\":0,\"publisher\":{\"@id\":\"https:\\\/\\\/jennipitko.fi\\\/koti\\\/#organization\"},\"keywords\":[\"eduskuntavaalit\"],\"articleSection\":[\"Tiedotteet\"],\"inLanguage\":\"fi\",\"potentialAction\":[{\"@type\":\"CommentAction\",\"name\":\"Comment\",\"target\":[\"https:\\\/\\\/jennipitko.fi\\\/koti\\\/jenni-pitko-tavoittelee-kansanedustajuutta-kevaan-eduskuntavaaleissa\\\/#respond\"]}]},{\"@type\":\"WebPage\",\"@id\":\"https:\\\/\\\/jennipitko.fi\\\/koti\\\/jenni-pitko-tavoittelee-kansanedustajuutta-kevaan-eduskuntavaaleissa\\\/\",\"url\":\"https:\\\/\\\/jennipitko.fi\\\/koti\\\/jenni-pitko-tavoittelee-kansanedustajuutta-kevaan-eduskuntavaaleissa\\\/\",\"name\":\"Jenni Pitko tavoittelee kansanedustajuutta kev\u00e4\u00e4n eduskuntavaaleissa - Jenni Pitko - Vihreiden varapuheenjohtaja, ymp\u00e4rist\u00f6valiokunnan puheenjohtaja, kansanedustaja ja arkkitehti Oulusta\",\"isPartOf\":{\"@id\":\"https:\\\/\\\/jennipitko.fi\\\/koti\\\/#website\"},\"datePublished\":\"2014-08-22T13:04:42+00:00\",\"dateModified\":\"2014-12-30T15:26:25+00:00\",\"breadcrumb\":{\"@id\":\"https:\\\/\\\/jennipitko.fi\\\/koti\\\/jenni-pitko-tavoittelee-kansanedustajuutta-kevaan-eduskuntavaaleissa\\\/#breadcrumb\"},\"inLanguage\":\"fi\",\"potentialAction\":[{\"@type\":\"ReadAction\",\"target\":[\"https:\\\/\\\/jennipitko.fi\\\/koti\\\/jenni-pitko-tavoittelee-kansanedustajuutta-kevaan-eduskuntavaaleissa\\\/\"]}]},{\"@type\":\"BreadcrumbList\",\"@id\":\"https:\\\/\\\/jennipitko.fi\\\/koti\\\/jenni-pitko-tavoittelee-kansanedustajuutta-kevaan-eduskuntavaaleissa\\\/#breadcrumb\",\"itemListElement\":[{\"@type\":\"ListItem\",\"position\":1,\"name\":\"Home\",\"item\":\"https:\\\/\\\/jennipitko.fi\\\/koti\\\/\"},{\"@type\":\"ListItem\",\"position\":2,\"name\":\"Jenni Pitko tavoittelee kansanedustajuutta kev\u00e4\u00e4n eduskuntavaaleissa\"}]},{\"@type\":\"WebSite\",\"@id\":\"https:\\\/\\\/jennipitko.fi\\\/koti\\\/#website\",\"url\":\"https:\\\/\\\/jennipitko.fi\\\/koti\\\/\",\"name\":\"Jenni Pitko - Vihreiden varapuheenjohtaja, ymp\u00e4rist\u00f6valiokunnan puheenjohtaja, kansanedustaja ja arkkitehti Oulusta\",\"description\":\"Jenni Pitko - Vihreiden varapuheenjohtaja, ymp\u00e4rist\u00f6valiokunnan puheenjohtaja, kansanedustaja ja arkkitehti Oulusta\",\"publisher\":{\"@id\":\"https:\\\/\\\/jennipitko.fi\\\/koti\\\/#organization\"},\"potentialAction\":[{\"@type\":\"SearchAction\",\"target\":{\"@type\":\"EntryPoint\",\"urlTemplate\":\"https:\\\/\\\/jennipitko.fi\\\/koti\\\/?s={search_term_string}\"},\"query-input\":{\"@type\":\"PropertyValueSpecification\",\"valueRequired\":true,\"valueName\":\"search_term_string\"}}],\"inLanguage\":\"fi\"},{\"@type\":\"Organization\",\"@id\":\"https:\\\/\\\/jennipitko.fi\\\/koti\\\/#organization\",\"name\":\"Jenni Pitko - Vihreiden varapuheenjohtaja, ymp\u00e4rist\u00f6valiokunnan puheenjohtaja, kansanedustaja ja arkkitehti Oulusta\",\"url\":\"https:\\\/\\\/jennipitko.fi\\\/koti\\\/\",\"logo\":{\"@type\":\"ImageObject\",\"inLanguage\":\"fi\",\"@id\":\"https:\\\/\\\/jennipitko.fi\\\/koti\\\/#\\\/schema\\\/logo\\\/image\\\/\",\"url\":\"https:\\\/\\\/jennipitko.fi\\\/koti\\\/wp-content\\\/uploads\\\/2025\\\/09\\\/Nimeton-malli-38.png\",\"contentUrl\":\"https:\\\/\\\/jennipitko.fi\\\/koti\\\/wp-content\\\/uploads\\\/2025\\\/09\\\/Nimeton-malli-38.png\",\"width\":1280,\"height\":847,\"caption\":\"Jenni Pitko - Vihreiden varapuheenjohtaja, ymp\u00e4rist\u00f6valiokunnan puheenjohtaja, kansanedustaja ja arkkitehti Oulusta\"},\"image\":{\"@id\":\"https:\\\/\\\/jennipitko.fi\\\/koti\\\/#\\\/schema\\\/logo\\\/image\\\/\"}},{\"@type\":\"Person\",\"@id\":\"https:\\\/\\\/jennipitko.fi\\\/koti\\\/#\\\/schema\\\/person\\\/3f242bfe958144234373266ea416e4d6\",\"name\":\"Jenni\",\"image\":{\"@type\":\"ImageObject\",\"inLanguage\":\"fi\",\"@id\":\"https:\\\/\\\/secure.gravatar.com\\\/avatar\\\/469343e1290c3e818159b4a4348708c09929f07a2f460e664497d6fb92f80743?s=96&d=blank&r=g\",\"url\":\"https:\\\/\\\/secure.gravatar.com\\\/avatar\\\/469343e1290c3e818159b4a4348708c09929f07a2f460e664497d6fb92f80743?s=96&d=blank&r=g\",\"contentUrl\":\"https:\\\/\\\/secure.gravatar.com\\\/avatar\\\/469343e1290c3e818159b4a4348708c09929f07a2f460e664497d6fb92f80743?s=96&d=blank&r=g\",\"caption\":\"Jenni\"},\"url\":\"https:\\\/\\\/jennipitko.fi\\\/koti\\\/author\\\/jenni-pitko\\\/\"}]}<\/script>\n<!-- \/ Yoast SEO plugin. -->","yoast_head_json":{"title":"Jenni Pitko tavoittelee kansanedustajuutta kev\u00e4\u00e4n eduskuntavaaleissa - Jenni Pitko - Vihreiden varapuheenjohtaja, ymp\u00e4rist\u00f6valiokunnan puheenjohtaja, kansanedustaja ja arkkitehti Oulusta","robots":{"index":"index","follow":"follow","max-snippet":"max-snippet:-1","max-image-preview":"max-image-preview:large","max-video-preview":"max-video-preview:-1"},"canonical":"https:\/\/jennipitko.fi\/koti\/jenni-pitko-tavoittelee-kansanedustajuutta-kevaan-eduskuntavaaleissa\/","og_locale":"fi_FI","og_type":"article","og_title":"Jenni Pitko tavoittelee kansanedustajuutta kev\u00e4\u00e4n eduskuntavaaleissa - Jenni Pitko - Vihreiden varapuheenjohtaja, ymp\u00e4rist\u00f6valiokunnan puheenjohtaja, kansanedustaja ja arkkitehti Oulusta","og_description":"Oulun vaalipiirin vihreiden piirihallitus on asettanut Jenni Pitkon ehdolle eduskuntavaaleihin Oulun vaalipiirist\u00e4. Jenni on 28-vuotias oululainen kaupunginvaltuutettu ja kaupunginhallituksen j\u00e4sen. [&hellip;]","og_url":"https:\/\/jennipitko.fi\/koti\/jenni-pitko-tavoittelee-kansanedustajuutta-kevaan-eduskuntavaaleissa\/","og_site_name":"Jenni Pitko - Vihreiden varapuheenjohtaja, ymp\u00e4rist\u00f6valiokunnan puheenjohtaja, kansanedustaja ja arkkitehti Oulusta","article_published_time":"2014-08-22T13:04:42+00:00","article_modified_time":"2014-12-30T15:26:25+00:00","author":"Jenni","twitter_card":"summary_large_image","twitter_misc":{"Kirjoittanut":"Jenni","Arvioitu lukuaika":"1 minuutti"},"schema":{"@context":"https:\/\/schema.org","@graph":[{"@type":"Article","@id":"https:\/\/jennipitko.fi\/koti\/jenni-pitko-tavoittelee-kansanedustajuutta-kevaan-eduskuntavaaleissa\/#article","isPartOf":{"@id":"https:\/\/jennipitko.fi\/koti\/jenni-pitko-tavoittelee-kansanedustajuutta-kevaan-eduskuntavaaleissa\/"},"author":{"name":"Jenni","@id":"https:\/\/jennipitko.fi\/koti\/#\/schema\/person\/3f242bfe958144234373266ea416e4d6"},"headline":"Jenni Pitko tavoittelee kansanedustajuutta kev\u00e4\u00e4n eduskuntavaaleissa","datePublished":"2014-08-22T13:04:42+00:00","dateModified":"2014-12-30T15:26:25+00:00","mainEntityOfPage":{"@id":"https:\/\/jennipitko.fi\/koti\/jenni-pitko-tavoittelee-kansanedustajuutta-kevaan-eduskuntavaaleissa\/"},"wordCount":161,"commentCount":0,"publisher":{"@id":"https:\/\/jennipitko.fi\/koti\/#organization"},"keywords":["eduskuntavaalit"],"articleSection":["Tiedotteet"],"inLanguage":"fi","potentialAction":[{"@type":"CommentAction","name":"Comment","target":["https:\/\/jennipitko.fi\/koti\/jenni-pitko-tavoittelee-kansanedustajuutta-kevaan-eduskuntavaaleissa\/#respond"]}]},{"@type":"WebPage","@id":"https:\/\/jennipitko.fi\/koti\/jenni-pitko-tavoittelee-kansanedustajuutta-kevaan-eduskuntavaaleissa\/","url":"https:\/\/jennipitko.fi\/koti\/jenni-pitko-tavoittelee-kansanedustajuutta-kevaan-eduskuntavaaleissa\/","name":"Jenni Pitko tavoittelee kansanedustajuutta kev\u00e4\u00e4n eduskuntavaaleissa - Jenni Pitko - Vihreiden varapuheenjohtaja, ymp\u00e4rist\u00f6valiokunnan puheenjohtaja, kansanedustaja ja arkkitehti Oulusta","isPartOf":{"@id":"https:\/\/jennipitko.fi\/koti\/#website"},"datePublished":"2014-08-22T13:04:42+00:00","dateModified":"2014-12-30T15:26:25+00:00","breadcrumb":{"@id":"https:\/\/jennipitko.fi\/koti\/jenni-pitko-tavoittelee-kansanedustajuutta-kevaan-eduskuntavaaleissa\/#breadcrumb"},"inLanguage":"fi","potentialAction":[{"@type":"ReadAction","target":["https:\/\/jennipitko.fi\/koti\/jenni-pitko-tavoittelee-kansanedustajuutta-kevaan-eduskuntavaaleissa\/"]}]},{"@type":"BreadcrumbList","@id":"https:\/\/jennipitko.fi\/koti\/jenni-pitko-tavoittelee-kansanedustajuutta-kevaan-eduskuntavaaleissa\/#breadcrumb","itemListElement":[{"@type":"ListItem","position":1,"name":"Home","item":"https:\/\/jennipitko.fi\/koti\/"},{"@type":"ListItem","position":2,"name":"Jenni Pitko tavoittelee kansanedustajuutta kev\u00e4\u00e4n eduskuntavaaleissa"}]},{"@type":"WebSite","@id":"https:\/\/jennipitko.fi\/koti\/#website","url":"https:\/\/jennipitko.fi\/koti\/","name":"Jenni Pitko - Vihreiden varapuheenjohtaja, ymp\u00e4rist\u00f6valiokunnan puheenjohtaja, kansanedustaja ja arkkitehti Oulusta","description":"Jenni Pitko - Vihreiden varapuheenjohtaja, ymp\u00e4rist\u00f6valiokunnan puheenjohtaja, kansanedustaja ja arkkitehti Oulusta","publisher":{"@id":"https:\/\/jennipitko.fi\/koti\/#organization"},"potentialAction":[{"@type":"SearchAction","target":{"@type":"EntryPoint","urlTemplate":"https:\/\/jennipitko.fi\/koti\/?s={search_term_string}"},"query-input":{"@type":"PropertyValueSpecification","valueRequired":true,"valueName":"search_term_string"}}],"inLanguage":"fi"},{"@type":"Organization","@id":"https:\/\/jennipitko.fi\/koti\/#organization","name":"Jenni Pitko - Vihreiden varapuheenjohtaja, ymp\u00e4rist\u00f6valiokunnan puheenjohtaja, kansanedustaja ja arkkitehti Oulusta","url":"https:\/\/jennipitko.fi\/koti\/","logo":{"@type":"ImageObject","inLanguage":"fi","@id":"https:\/\/jennipitko.fi\/koti\/#\/schema\/logo\/image\/","url":"https:\/\/jennipitko.fi\/koti\/wp-content\/uploads\/2025\/09\/Nimeton-malli-38.png","contentUrl":"https:\/\/jennipitko.fi\/koti\/wp-content\/uploads\/2025\/09\/Nimeton-malli-38.png","width":1280,"height":847,"caption":"Jenni Pitko - Vihreiden varapuheenjohtaja, ymp\u00e4rist\u00f6valiokunnan puheenjohtaja, kansanedustaja ja arkkitehti Oulusta"},"image":{"@id":"https:\/\/jennipitko.fi\/koti\/#\/schema\/logo\/image\/"}},{"@type":"Person","@id":"https:\/\/jennipitko.fi\/koti\/#\/schema\/person\/3f242bfe958144234373266ea416e4d6","name":"Jenni","image":{"@type":"ImageObject","inLanguage":"fi","@id":"https:\/\/secure.gravatar.com\/avatar\/469343e1290c3e818159b4a4348708c09929f07a2f460e664497d6fb92f80743?s=96&d=blank&r=g","url":"https:\/\/secure.gravatar.com\/avatar\/469343e1290c3e818159b4a4348708c09929f07a2f460e664497d6fb92f80743?s=96&d=blank&r=g","contentUrl":"https:\/\/secure.gravatar.com\/avatar\/469343e1290c3e818159b4a4348708c09929f07a2f460e664497d6fb92f80743?s=96&d=blank&r=g","caption":"Jenni"},"url":"https:\/\/jennipitko.fi\/koti\/author\/jenni-pitko\/"}]}},"_links":{"self":[{"href":"https:\/\/jennipitko.fi\/koti\/wp-json\/wp\/v2\/posts\/753","targetHints":{"allow":["GET"]}}],"collection":[{"href":"https:\/\/jennipitko.fi\/koti\/wp-json\/wp\/v2\/posts"}],"about":[{"href":"https:\/\/jennipitko.fi\/koti\/wp-json\/wp\/v2\/types\/post"}],"author":[{"embeddable":true,"href":"https:\/\/jennipitko.fi\/koti\/wp-json\/wp\/v2\/users\/2"}],"replies":[{"embeddable":true,"href":"https:\/\/jennipitko.fi\/koti\/wp-json\/wp\/v2\/comments?post=753"}],"version-history":[{"count":1,"href":"https:\/\/jennipitko.fi\/koti\/wp-json\/wp\/v2\/posts\/753\/revisions"}],"predecessor-version":[{"id":807,"href":"https:\/\/jennipitko.fi\/koti\/wp-json\/wp\/v2\/posts\/753\/revisions\/807"}],"wp:attachment":[{"href":"https:\/\/jennipitko.fi\/koti\/wp-json\/wp\/v2\/media?parent=753"}],"wp:term":[{"taxonomy":"category","embeddable":true,"href":"https:\/\/jennipitko.fi\/koti\/wp-json\/wp\/v2\/categories?post=753"},{"taxonomy":"post_tag","embeddable":true,"href":"https:\/\/jennipitko.fi\/koti\/wp-json\/wp\/v2\/tags?post=753"}],"curies":[{"name":"wp","href":"https:\/\/api.w.org\/{rel}","templated":true}]}}