{"id":772,"date":"2014-11-24T20:22:42","date_gmt":"2014-11-24T18:22:42","guid":{"rendered":"http:\/\/henkilot.vihreat.fi\/jenni.pitko\/?p=772"},"modified":"2014-12-30T15:26:59","modified_gmt":"2014-12-30T15:26:59","slug":"panostuksia-elinvoimaan-rahaa-joukkoliikenteelle","status":"publish","type":"post","link":"https:\/\/jennipitko.fi\/koti\/panostuksia-elinvoimaan-rahaa-joukkoliikenteelle\/","title":{"rendered":"Panostuksia elinvoimaan, rahaa joukkoliikenteelle"},"content":{"rendered":"<p><em>Puheeni kaupunginvaltuuston kokouksessa 24.11.2014 jossa budjettiin j\u00e4tettiin ehdotuksia.<\/em><\/p>\n<p>Heikossa taloustilanteessa ja leikkausten keskell\u00e4 m\u00e4\u00e4r\u00e4rahojen korostusta voidaan harkita ainoastaan silloin, jos se lis\u00e4\u00e4 ty\u00f6paikkoja tai tukee kaupunkistrategiaamme eli luovat pitk\u00e4ll\u00e4 t\u00e4ht\u00e4imell\u00e4 hyvinvointia ja lis\u00e4\u00e4v\u00e4t kaupungin elinvoimaa. T\u00e4mm\u00f6isi\u00e4 kohteita ovat esimerkiksi ennaltaehk\u00e4isev\u00e4t palvelut ja joukkoliikenne. Sit\u00e4 ei todellakaan ole esimerkiksi yksityisteiden auraus, joka ei mitenk\u00e4\u00e4n palvele strategiaamme eik\u00e4 luo yht\u00e4k\u00e4\u00e4n ty\u00f6paikkaa.<\/p>\n<p>On totta, ett\u00e4 Oulussa joukkoliikenteen tehokas j\u00e4rjest\u00e4minen on hankalaa koska yhdyskuntarakenteemme on niin hajautunut. Se ei kuitenkaan est\u00e4 ett\u00e4k\u00f6 meill\u00e4 voisi olla toimiva joukkoliikennej\u00e4rjestelm\u00e4. Muihin suuriin suomalaisiin kaupunkeihin verrattuna Oulun joukkoliikenteeseen panostama raha on hyvin paljon pienempi. On harhaa kuvitella, ett\u00e4 joukkoliikenteen k\u00e4vij\u00e4m\u00e4\u00e4r\u00e4t kasvavat ilman panostuksia, eik\u00e4 hankalien l\u00e4ht\u00f6kohtienkaan taakse voi loputtomiin piiloutua.<!--more--><\/p>\n<p>Kaupunkistrategiassamme olemme linjanneet, ett\u00e4 joukkoliikenteen osuus kulkutavoissa kasvaa. T\u00e4m\u00e4n linjatessamme annoimme lupauksen paremmasta joukkoliikenteest\u00e4. Uusi joukkoliikennej\u00e4rjestelm\u00e4 astui voimaan t\u00e4n\u00e4 vuonna ja Oulun kaupunki j\u00e4rjest\u00e4\u00e4 joukkoliikenteen itse. Linjakilometrej\u00e4 ollaan kohdennettu uudestaan ja joillakin alueilla palvelu on parantunut. Yhteens\u00e4 linjakilometrej\u00e4 on kuitenkin v\u00e4hemm\u00e4n liikenn\u00f6it\u00e4v\u00e4\u00e4n alueeseen suhteutettuna.<\/p>\n<p>Meill\u00e4 on mahdollisuus t\u00e4ss\u00e4 budjetin yhteydess\u00e4 korjata asia. Esit\u00e4n, ett\u00e4 ensi vuodeksi lis\u00e4t\u00e4\u00e4n joukkoliikenteen budjettiin yksi miljoona euroa lis\u00e4\u00e4 m\u00e4\u00e4r\u00e4rahoja.<\/p>\n<p>Lis\u00e4ksi esit\u00e4n, ett\u00e4 lis\u00e4t\u00e4\u00e4n 200 000 \u20ac joukkoliikenteelle m\u00e4\u00e4r\u00e4rahoja, jotka k\u00e4ytet\u00e4\u00e4n hyvinvointikeskusten saavutettavuuden parantamiseen. Remonttiryhm\u00e4 linjasi, ett\u00e4 uusien hyvinvointikeskusten saatavuus joukkoliikenteell\u00e4 varmistetaan. En usko, ett\u00e4 t\u00e4h\u00e4n p\u00e4\u00e4st\u00e4\u00e4n ilman m\u00e4\u00e4r\u00e4rahojen lis\u00e4yst\u00e4. Vuoden 2016 suunnitteluvuodelle rahaa nostetaan 300 000 ja vuodelle 2017 400 000\u20ac.<\/p>\n<p>Olen tehnyt lis\u00e4yksen, ett\u00e4 Yksityisteiden aurauksen suhteen pysyt\u00e4\u00e4n kaupunginhallituksen 2013 tekem\u00e4ss\u00e4\u00e4n linjauksessa, ett\u00e4 kaupunki avustaa aurauksen rahallisesti. Poistetaan kaupunginhallituksen lis\u00e4\u00e4m\u00e4 ajatus kaupungin itse tekem\u00e4st\u00e4 aurauksesta, joka tulee kaupungille kohtuuttoman kalliiksi eik\u00e4 kannusta tiekuntia aktivoitumaan.<\/p>\n<p>Kaupunginhallitus p\u00e4\u00e4tti yksityisteiden aurausavustuksista viime vuonna. Periaatteena oli aktivoida tiekuntia ja avustaa aurausta rahallisesti. T\u00e4m\u00e4 on mielest\u00e4ni eritt\u00e4in kohtuullinen periaate t\u00e4ss\u00e4 taloustilanteessa varsinkin kun olemme pienent\u00e4neet reilusti rahoja omien teiden kunnossapidossakin eik\u00e4 kunnalla ole edes laissa s\u00e4\u00e4detty\u00e4 velvollisuutta tukea yksityisteiden kunnossapitoa.<\/p>\n<p>Yksityisteiden varrella asuvan ihmiset ovat tehneet tietoisen p\u00e4\u00e4t\u00f6ksen muttaa yksityistien varteen. Tietoiseen p\u00e4\u00e4t\u00f6kseen on varmasti sis\u00e4ltynyt se tieto, ett\u00e4 yksityistien huolto on yksityinen vastuu. En n\u00e4e syyt\u00e4 miksi kaupungin tulisi ottaa auraus hoitaakseen. Se ei tue mill\u00e4\u00e4n tavalla stragiaamme tavoitettamme ehe\u00e4st\u00e4 yhdyskuntarakenteesta. Aurauksen kustannukset voivat nousta yli miljoonaan, onko t\u00e4m\u00e4 todella jonkun mielest\u00e4 vastuullista rahojen k\u00e4ytt\u00f6\u00e4 samalla kun leikkaamme l\u00e4hes kaikkialta muualta?<\/p>\n","protected":false},"excerpt":{"rendered":"<p>Puheeni kaupunginvaltuuston kokouksessa 24.11.2014 jossa budjettiin j\u00e4tettiin ehdotuksia. Heikossa taloustilanteessa ja leikkausten keskell\u00e4 m\u00e4\u00e4r\u00e4rahojen korostusta voidaan harkita ainoastaan silloin, jos [&hellip;]<\/p>\n","protected":false},"author":2,"featured_media":0,"comment_status":"open","ping_status":"open","sticky":false,"template":"","format":"standard","meta":{"_monsterinsights_skip_tracking":false,"_monsterinsights_sitenote_active":false,"_monsterinsights_sitenote_note":"","_monsterinsights_sitenote_category":0,"site-sidebar-layout":"default","site-content-layout":"","ast-site-content-layout":"default","site-content-style":"default","site-sidebar-style":"default","ast-global-header-display":"","ast-banner-title-visibility":"","ast-main-header-display":"","ast-hfb-above-header-display":"","ast-hfb-below-header-display":"","ast-hfb-mobile-header-display":"","site-post-title":"","ast-breadcrumbs-content":"","ast-featured-img":"","footer-sml-layout":"","ast-disable-related-posts":"","theme-transparent-header-meta":"","adv-header-id-meta":"","stick-header-meta":"","header-above-stick-meta":"","header-main-stick-meta":"","header-below-stick-meta":"","astra-migrate-meta-layouts":"default","ast-page-background-enabled":"default","ast-page-background-meta":{"desktop":{"background-color":"var(--ast-global-color-5)","background-image":"","background-repeat":"repeat","background-position":"center center","background-size":"auto","background-attachment":"scroll","background-type":"","background-media":"","overlay-type":"","overlay-color":"","overlay-opacity":"","overlay-gradient":""},"tablet":{"background-color":"","background-image":"","background-repeat":"repeat","background-position":"center center","background-size":"auto","background-attachment":"scroll","background-type":"","background-media":"","overlay-type":"","overlay-color":"","overlay-opacity":"","overlay-gradient":""},"mobile":{"background-color":"","background-image":"","background-repeat":"repeat","background-position":"center center","background-size":"auto","background-attachment":"scroll","background-type":"","background-media":"","overlay-type":"","overlay-color":"","overlay-opacity":"","overlay-gradient":""}},"ast-content-background-meta":{"desktop":{"background-color":"var(--ast-global-color-4)","background-image":"","background-repeat":"repeat","background-position":"center center","background-size":"auto","background-attachment":"scroll","background-type":"","background-media":"","overlay-type":"","overlay-color":"","overlay-opacity":"","overlay-gradient":""},"tablet":{"background-color":"var(--ast-global-color-4)","background-image":"","background-repeat":"repeat","background-position":"center center","background-size":"auto","background-attachment":"scroll","background-type":"","background-media":"","overlay-type":"","overlay-color":"","overlay-opacity":"","overlay-gradient":""},"mobile":{"background-color":"var(--ast-global-color-4)","background-image":"","background-repeat":"repeat","background-position":"center center","background-size":"auto","background-attachment":"scroll","background-type":"","background-media":"","overlay-type":"","overlay-color":"","overlay-opacity":"","overlay-gradient":""}},"footnotes":""},"categories":[126],"tags":[84,7,9,118,119],"class_list":["post-772","post","type-post","status-publish","format-standard","hentry","category-puheeni-valtuustossa","tag-budjetti","tag-joukkoliikenne","tag-oulu","tag-teiden-kunnossapito","tag-yksityistiet"],"yoast_head":"<!-- This site is optimized with the Yoast SEO plugin v27.5 - https:\/\/yoast.com\/product\/yoast-seo-wordpress\/ -->\n<title>Panostuksia elinvoimaan, rahaa joukkoliikenteelle - Jenni Pitko - Vihreiden varapuheenjohtaja, ymp\u00e4rist\u00f6valiokunnan puheenjohtaja, kansanedustaja ja arkkitehti Oulusta<\/title>\n<meta name=\"robots\" content=\"index, follow, max-snippet:-1, max-image-preview:large, max-video-preview:-1\" \/>\n<link rel=\"canonical\" href=\"https:\/\/jennipitko.fi\/koti\/panostuksia-elinvoimaan-rahaa-joukkoliikenteelle\/\" \/>\n<meta property=\"og:locale\" content=\"fi_FI\" \/>\n<meta property=\"og:type\" content=\"article\" \/>\n<meta property=\"og:title\" content=\"Panostuksia elinvoimaan, rahaa joukkoliikenteelle - Jenni Pitko - Vihreiden varapuheenjohtaja, ymp\u00e4rist\u00f6valiokunnan puheenjohtaja, kansanedustaja ja arkkitehti Oulusta\" \/>\n<meta property=\"og:description\" content=\"Puheeni kaupunginvaltuuston kokouksessa 24.11.2014 jossa budjettiin j\u00e4tettiin ehdotuksia. Heikossa taloustilanteessa ja leikkausten keskell\u00e4 m\u00e4\u00e4r\u00e4rahojen korostusta voidaan harkita ainoastaan silloin, jos [&hellip;]\" \/>\n<meta property=\"og:url\" content=\"https:\/\/jennipitko.fi\/koti\/panostuksia-elinvoimaan-rahaa-joukkoliikenteelle\/\" \/>\n<meta property=\"og:site_name\" content=\"Jenni Pitko - Vihreiden varapuheenjohtaja, ymp\u00e4rist\u00f6valiokunnan puheenjohtaja, kansanedustaja ja arkkitehti Oulusta\" \/>\n<meta property=\"article:published_time\" content=\"2014-11-24T18:22:42+00:00\" \/>\n<meta property=\"article:modified_time\" content=\"2014-12-30T15:26:59+00:00\" \/>\n<meta name=\"author\" content=\"Jenni\" \/>\n<meta name=\"twitter:card\" content=\"summary_large_image\" \/>\n<meta name=\"twitter:label1\" content=\"Kirjoittanut\" \/>\n\t<meta name=\"twitter:data1\" content=\"Jenni\" \/>\n\t<meta name=\"twitter:label2\" content=\"Arvioitu lukuaika\" \/>\n\t<meta name=\"twitter:data2\" content=\"2 minuuttia\" \/>\n<script type=\"application\/ld+json\" class=\"yoast-schema-graph\">{\"@context\":\"https:\\\/\\\/schema.org\",\"@graph\":[{\"@type\":\"Article\",\"@id\":\"https:\\\/\\\/jennipitko.fi\\\/koti\\\/panostuksia-elinvoimaan-rahaa-joukkoliikenteelle\\\/#article\",\"isPartOf\":{\"@id\":\"https:\\\/\\\/jennipitko.fi\\\/koti\\\/panostuksia-elinvoimaan-rahaa-joukkoliikenteelle\\\/\"},\"author\":{\"name\":\"Jenni\",\"@id\":\"https:\\\/\\\/jennipitko.fi\\\/koti\\\/#\\\/schema\\\/person\\\/3f242bfe958144234373266ea416e4d6\"},\"headline\":\"Panostuksia elinvoimaan, rahaa joukkoliikenteelle\",\"datePublished\":\"2014-11-24T18:22:42+00:00\",\"dateModified\":\"2014-12-30T15:26:59+00:00\",\"mainEntityOfPage\":{\"@id\":\"https:\\\/\\\/jennipitko.fi\\\/koti\\\/panostuksia-elinvoimaan-rahaa-joukkoliikenteelle\\\/\"},\"wordCount\":430,\"commentCount\":0,\"publisher\":{\"@id\":\"https:\\\/\\\/jennipitko.fi\\\/koti\\\/#organization\"},\"keywords\":[\"budjetti\",\"joukkoliikenne\",\"oulu\",\"teiden kunnossapito\",\"yksityistiet\"],\"articleSection\":[\"Puheeni valtuustossa\"],\"inLanguage\":\"fi\",\"potentialAction\":[{\"@type\":\"CommentAction\",\"name\":\"Comment\",\"target\":[\"https:\\\/\\\/jennipitko.fi\\\/koti\\\/panostuksia-elinvoimaan-rahaa-joukkoliikenteelle\\\/#respond\"]}]},{\"@type\":\"WebPage\",\"@id\":\"https:\\\/\\\/jennipitko.fi\\\/koti\\\/panostuksia-elinvoimaan-rahaa-joukkoliikenteelle\\\/\",\"url\":\"https:\\\/\\\/jennipitko.fi\\\/koti\\\/panostuksia-elinvoimaan-rahaa-joukkoliikenteelle\\\/\",\"name\":\"Panostuksia elinvoimaan, rahaa joukkoliikenteelle - Jenni Pitko - Vihreiden varapuheenjohtaja, ymp\u00e4rist\u00f6valiokunnan puheenjohtaja, kansanedustaja ja arkkitehti Oulusta\",\"isPartOf\":{\"@id\":\"https:\\\/\\\/jennipitko.fi\\\/koti\\\/#website\"},\"datePublished\":\"2014-11-24T18:22:42+00:00\",\"dateModified\":\"2014-12-30T15:26:59+00:00\",\"breadcrumb\":{\"@id\":\"https:\\\/\\\/jennipitko.fi\\\/koti\\\/panostuksia-elinvoimaan-rahaa-joukkoliikenteelle\\\/#breadcrumb\"},\"inLanguage\":\"fi\",\"potentialAction\":[{\"@type\":\"ReadAction\",\"target\":[\"https:\\\/\\\/jennipitko.fi\\\/koti\\\/panostuksia-elinvoimaan-rahaa-joukkoliikenteelle\\\/\"]}]},{\"@type\":\"BreadcrumbList\",\"@id\":\"https:\\\/\\\/jennipitko.fi\\\/koti\\\/panostuksia-elinvoimaan-rahaa-joukkoliikenteelle\\\/#breadcrumb\",\"itemListElement\":[{\"@type\":\"ListItem\",\"position\":1,\"name\":\"Home\",\"item\":\"https:\\\/\\\/jennipitko.fi\\\/koti\\\/\"},{\"@type\":\"ListItem\",\"position\":2,\"name\":\"Panostuksia elinvoimaan, rahaa joukkoliikenteelle\"}]},{\"@type\":\"WebSite\",\"@id\":\"https:\\\/\\\/jennipitko.fi\\\/koti\\\/#website\",\"url\":\"https:\\\/\\\/jennipitko.fi\\\/koti\\\/\",\"name\":\"Jenni Pitko - Vihreiden varapuheenjohtaja, ymp\u00e4rist\u00f6valiokunnan puheenjohtaja, kansanedustaja ja arkkitehti Oulusta\",\"description\":\"Jenni Pitko - Vihreiden varapuheenjohtaja, ymp\u00e4rist\u00f6valiokunnan puheenjohtaja, kansanedustaja ja arkkitehti Oulusta\",\"publisher\":{\"@id\":\"https:\\\/\\\/jennipitko.fi\\\/koti\\\/#organization\"},\"potentialAction\":[{\"@type\":\"SearchAction\",\"target\":{\"@type\":\"EntryPoint\",\"urlTemplate\":\"https:\\\/\\\/jennipitko.fi\\\/koti\\\/?s={search_term_string}\"},\"query-input\":{\"@type\":\"PropertyValueSpecification\",\"valueRequired\":true,\"valueName\":\"search_term_string\"}}],\"inLanguage\":\"fi\"},{\"@type\":\"Organization\",\"@id\":\"https:\\\/\\\/jennipitko.fi\\\/koti\\\/#organization\",\"name\":\"Jenni Pitko - Vihreiden varapuheenjohtaja, ymp\u00e4rist\u00f6valiokunnan puheenjohtaja, kansanedustaja ja arkkitehti Oulusta\",\"url\":\"https:\\\/\\\/jennipitko.fi\\\/koti\\\/\",\"logo\":{\"@type\":\"ImageObject\",\"inLanguage\":\"fi\",\"@id\":\"https:\\\/\\\/jennipitko.fi\\\/koti\\\/#\\\/schema\\\/logo\\\/image\\\/\",\"url\":\"https:\\\/\\\/jennipitko.fi\\\/koti\\\/wp-content\\\/uploads\\\/2025\\\/09\\\/Nimeton-malli-38.png\",\"contentUrl\":\"https:\\\/\\\/jennipitko.fi\\\/koti\\\/wp-content\\\/uploads\\\/2025\\\/09\\\/Nimeton-malli-38.png\",\"width\":1280,\"height\":847,\"caption\":\"Jenni Pitko - Vihreiden varapuheenjohtaja, ymp\u00e4rist\u00f6valiokunnan puheenjohtaja, kansanedustaja ja arkkitehti Oulusta\"},\"image\":{\"@id\":\"https:\\\/\\\/jennipitko.fi\\\/koti\\\/#\\\/schema\\\/logo\\\/image\\\/\"}},{\"@type\":\"Person\",\"@id\":\"https:\\\/\\\/jennipitko.fi\\\/koti\\\/#\\\/schema\\\/person\\\/3f242bfe958144234373266ea416e4d6\",\"name\":\"Jenni\",\"image\":{\"@type\":\"ImageObject\",\"inLanguage\":\"fi\",\"@id\":\"https:\\\/\\\/secure.gravatar.com\\\/avatar\\\/469343e1290c3e818159b4a4348708c09929f07a2f460e664497d6fb92f80743?s=96&d=blank&r=g\",\"url\":\"https:\\\/\\\/secure.gravatar.com\\\/avatar\\\/469343e1290c3e818159b4a4348708c09929f07a2f460e664497d6fb92f80743?s=96&d=blank&r=g\",\"contentUrl\":\"https:\\\/\\\/secure.gravatar.com\\\/avatar\\\/469343e1290c3e818159b4a4348708c09929f07a2f460e664497d6fb92f80743?s=96&d=blank&r=g\",\"caption\":\"Jenni\"},\"url\":\"https:\\\/\\\/jennipitko.fi\\\/koti\\\/author\\\/jenni-pitko\\\/\"}]}<\/script>\n<!-- \/ Yoast SEO plugin. -->","yoast_head_json":{"title":"Panostuksia elinvoimaan, rahaa joukkoliikenteelle - Jenni Pitko - Vihreiden varapuheenjohtaja, ymp\u00e4rist\u00f6valiokunnan puheenjohtaja, kansanedustaja ja arkkitehti Oulusta","robots":{"index":"index","follow":"follow","max-snippet":"max-snippet:-1","max-image-preview":"max-image-preview:large","max-video-preview":"max-video-preview:-1"},"canonical":"https:\/\/jennipitko.fi\/koti\/panostuksia-elinvoimaan-rahaa-joukkoliikenteelle\/","og_locale":"fi_FI","og_type":"article","og_title":"Panostuksia elinvoimaan, rahaa joukkoliikenteelle - Jenni Pitko - Vihreiden varapuheenjohtaja, ymp\u00e4rist\u00f6valiokunnan puheenjohtaja, kansanedustaja ja arkkitehti Oulusta","og_description":"Puheeni kaupunginvaltuuston kokouksessa 24.11.2014 jossa budjettiin j\u00e4tettiin ehdotuksia. Heikossa taloustilanteessa ja leikkausten keskell\u00e4 m\u00e4\u00e4r\u00e4rahojen korostusta voidaan harkita ainoastaan silloin, jos [&hellip;]","og_url":"https:\/\/jennipitko.fi\/koti\/panostuksia-elinvoimaan-rahaa-joukkoliikenteelle\/","og_site_name":"Jenni Pitko - Vihreiden varapuheenjohtaja, ymp\u00e4rist\u00f6valiokunnan puheenjohtaja, kansanedustaja ja arkkitehti Oulusta","article_published_time":"2014-11-24T18:22:42+00:00","article_modified_time":"2014-12-30T15:26:59+00:00","author":"Jenni","twitter_card":"summary_large_image","twitter_misc":{"Kirjoittanut":"Jenni","Arvioitu lukuaika":"2 minuuttia"},"schema":{"@context":"https:\/\/schema.org","@graph":[{"@type":"Article","@id":"https:\/\/jennipitko.fi\/koti\/panostuksia-elinvoimaan-rahaa-joukkoliikenteelle\/#article","isPartOf":{"@id":"https:\/\/jennipitko.fi\/koti\/panostuksia-elinvoimaan-rahaa-joukkoliikenteelle\/"},"author":{"name":"Jenni","@id":"https:\/\/jennipitko.fi\/koti\/#\/schema\/person\/3f242bfe958144234373266ea416e4d6"},"headline":"Panostuksia elinvoimaan, rahaa joukkoliikenteelle","datePublished":"2014-11-24T18:22:42+00:00","dateModified":"2014-12-30T15:26:59+00:00","mainEntityOfPage":{"@id":"https:\/\/jennipitko.fi\/koti\/panostuksia-elinvoimaan-rahaa-joukkoliikenteelle\/"},"wordCount":430,"commentCount":0,"publisher":{"@id":"https:\/\/jennipitko.fi\/koti\/#organization"},"keywords":["budjetti","joukkoliikenne","oulu","teiden kunnossapito","yksityistiet"],"articleSection":["Puheeni valtuustossa"],"inLanguage":"fi","potentialAction":[{"@type":"CommentAction","name":"Comment","target":["https:\/\/jennipitko.fi\/koti\/panostuksia-elinvoimaan-rahaa-joukkoliikenteelle\/#respond"]}]},{"@type":"WebPage","@id":"https:\/\/jennipitko.fi\/koti\/panostuksia-elinvoimaan-rahaa-joukkoliikenteelle\/","url":"https:\/\/jennipitko.fi\/koti\/panostuksia-elinvoimaan-rahaa-joukkoliikenteelle\/","name":"Panostuksia elinvoimaan, rahaa joukkoliikenteelle - Jenni Pitko - Vihreiden varapuheenjohtaja, ymp\u00e4rist\u00f6valiokunnan puheenjohtaja, kansanedustaja ja arkkitehti Oulusta","isPartOf":{"@id":"https:\/\/jennipitko.fi\/koti\/#website"},"datePublished":"2014-11-24T18:22:42+00:00","dateModified":"2014-12-30T15:26:59+00:00","breadcrumb":{"@id":"https:\/\/jennipitko.fi\/koti\/panostuksia-elinvoimaan-rahaa-joukkoliikenteelle\/#breadcrumb"},"inLanguage":"fi","potentialAction":[{"@type":"ReadAction","target":["https:\/\/jennipitko.fi\/koti\/panostuksia-elinvoimaan-rahaa-joukkoliikenteelle\/"]}]},{"@type":"BreadcrumbList","@id":"https:\/\/jennipitko.fi\/koti\/panostuksia-elinvoimaan-rahaa-joukkoliikenteelle\/#breadcrumb","itemListElement":[{"@type":"ListItem","position":1,"name":"Home","item":"https:\/\/jennipitko.fi\/koti\/"},{"@type":"ListItem","position":2,"name":"Panostuksia elinvoimaan, rahaa joukkoliikenteelle"}]},{"@type":"WebSite","@id":"https:\/\/jennipitko.fi\/koti\/#website","url":"https:\/\/jennipitko.fi\/koti\/","name":"Jenni Pitko - Vihreiden varapuheenjohtaja, ymp\u00e4rist\u00f6valiokunnan puheenjohtaja, kansanedustaja ja arkkitehti Oulusta","description":"Jenni Pitko - Vihreiden varapuheenjohtaja, ymp\u00e4rist\u00f6valiokunnan puheenjohtaja, kansanedustaja ja arkkitehti Oulusta","publisher":{"@id":"https:\/\/jennipitko.fi\/koti\/#organization"},"potentialAction":[{"@type":"SearchAction","target":{"@type":"EntryPoint","urlTemplate":"https:\/\/jennipitko.fi\/koti\/?s={search_term_string}"},"query-input":{"@type":"PropertyValueSpecification","valueRequired":true,"valueName":"search_term_string"}}],"inLanguage":"fi"},{"@type":"Organization","@id":"https:\/\/jennipitko.fi\/koti\/#organization","name":"Jenni Pitko - Vihreiden varapuheenjohtaja, ymp\u00e4rist\u00f6valiokunnan puheenjohtaja, kansanedustaja ja arkkitehti Oulusta","url":"https:\/\/jennipitko.fi\/koti\/","logo":{"@type":"ImageObject","inLanguage":"fi","@id":"https:\/\/jennipitko.fi\/koti\/#\/schema\/logo\/image\/","url":"https:\/\/jennipitko.fi\/koti\/wp-content\/uploads\/2025\/09\/Nimeton-malli-38.png","contentUrl":"https:\/\/jennipitko.fi\/koti\/wp-content\/uploads\/2025\/09\/Nimeton-malli-38.png","width":1280,"height":847,"caption":"Jenni Pitko - Vihreiden varapuheenjohtaja, ymp\u00e4rist\u00f6valiokunnan puheenjohtaja, kansanedustaja ja arkkitehti Oulusta"},"image":{"@id":"https:\/\/jennipitko.fi\/koti\/#\/schema\/logo\/image\/"}},{"@type":"Person","@id":"https:\/\/jennipitko.fi\/koti\/#\/schema\/person\/3f242bfe958144234373266ea416e4d6","name":"Jenni","image":{"@type":"ImageObject","inLanguage":"fi","@id":"https:\/\/secure.gravatar.com\/avatar\/469343e1290c3e818159b4a4348708c09929f07a2f460e664497d6fb92f80743?s=96&d=blank&r=g","url":"https:\/\/secure.gravatar.com\/avatar\/469343e1290c3e818159b4a4348708c09929f07a2f460e664497d6fb92f80743?s=96&d=blank&r=g","contentUrl":"https:\/\/secure.gravatar.com\/avatar\/469343e1290c3e818159b4a4348708c09929f07a2f460e664497d6fb92f80743?s=96&d=blank&r=g","caption":"Jenni"},"url":"https:\/\/jennipitko.fi\/koti\/author\/jenni-pitko\/"}]}},"_links":{"self":[{"href":"https:\/\/jennipitko.fi\/koti\/wp-json\/wp\/v2\/posts\/772","targetHints":{"allow":["GET"]}}],"collection":[{"href":"https:\/\/jennipitko.fi\/koti\/wp-json\/wp\/v2\/posts"}],"about":[{"href":"https:\/\/jennipitko.fi\/koti\/wp-json\/wp\/v2\/types\/post"}],"author":[{"embeddable":true,"href":"https:\/\/jennipitko.fi\/koti\/wp-json\/wp\/v2\/users\/2"}],"replies":[{"embeddable":true,"href":"https:\/\/jennipitko.fi\/koti\/wp-json\/wp\/v2\/comments?post=772"}],"version-history":[{"count":1,"href":"https:\/\/jennipitko.fi\/koti\/wp-json\/wp\/v2\/posts\/772\/revisions"}],"predecessor-version":[{"id":808,"href":"https:\/\/jennipitko.fi\/koti\/wp-json\/wp\/v2\/posts\/772\/revisions\/808"}],"wp:attachment":[{"href":"https:\/\/jennipitko.fi\/koti\/wp-json\/wp\/v2\/media?parent=772"}],"wp:term":[{"taxonomy":"category","embeddable":true,"href":"https:\/\/jennipitko.fi\/koti\/wp-json\/wp\/v2\/categories?post=772"},{"taxonomy":"post_tag","embeddable":true,"href":"https:\/\/jennipitko.fi\/koti\/wp-json\/wp\/v2\/tags?post=772"}],"curies":[{"name":"wp","href":"https:\/\/api.w.org\/{rel}","templated":true}]}}