{"id":948,"date":"2015-01-26T15:22:21","date_gmt":"2015-01-26T15:22:21","guid":{"rendered":"http:\/\/jennipitko.fi\/koti\/?p=948"},"modified":"2015-01-28T20:04:08","modified_gmt":"2015-01-28T20:04:08","slug":"toimin-valtuustoryhman-puheenjohtajana-2015-2016","status":"publish","type":"post","link":"https:\/\/jennipitko.fi\/koti\/toimin-valtuustoryhman-puheenjohtajana-2015-2016\/","title":{"rendered":"Toimin valtuustoryhm\u00e4n puheenjohtajana 2015-2016"},"content":{"rendered":"<p>Oulun vihre\u00e4 valtuustoryhm\u00e4 valitsi minut vuoden ensimm\u00e4isess\u00e4 kokouksessaan 26.1. ryhm\u00e4n puheenjohtajaksi. Kausi on kest\u00e4\u00e4 valtuustokauden loppuun.<\/p>\n<p>Olen toiminut valtuustokauden alusta asti ryhm\u00e4n varapuheenjohtajana ja kaupunginhallituksen j\u00e4senen\u00e4. Nyt p\u00e4\u00e4sen hy\u00f6dynt\u00e4m\u00e4\u00e4n kahden vuoden l\u00e4hes p\u00e4ivitt\u00e4ist\u00e4 kuntapolitiikkakokemusta ryhm\u00e4n puheenjohtajana. V\u00e4istyv\u00e4 puheenjohtaja Veikko Ervasti jatkaa kaupunginhallituksessa ja vihre\u00e4n valtuustoryhm\u00e4n varapuheenjohtajana.<\/p>\n<p><!--more--><\/p>\n<p>Olen iloinen valtuustoryhm\u00e4n osoittamasta luottamuksesta. Toivon, ett\u00e4 p\u00e4\u00e4sen ryhm\u00e4njohtajana kehitt\u00e4m\u00e4\u00e4n Oulun p\u00e4\u00e4t\u00f6ksentekokulttuuria avoimemmaksi ja l\u00e4pin\u00e4kyv\u00e4mm\u00e4ksi. Vihre\u00e4n ryhm\u00e4n n\u00e4k\u00f6kulmasta kuluvan valtuustokauden suuria haasteita tulevat olemaan ekologisesti kest\u00e4v\u00e4n ratkaisun l\u00f6ytyminen kaupungin varavedenottoon sek\u00e4 Hietasaaren huvipuistokaavan kohtalo. Yleiskaava ja sen viitoittamat pitk\u00e4n t\u00e4ht\u00e4imen liikenneratkaisut tulevat my\u00f6s olemaan eritt\u00e4in merkityksellisi\u00e4. Valtuustoryhm\u00e4ss\u00e4 haluamme tehd\u00e4 Oulusta viihtyis\u00e4n ja vetovoimaisen kaupungin, jossa kest\u00e4v\u00e4n el\u00e4m\u00e4ntavan harjoittaminen on vaivatonta ja jossa jokainen voi hyvin.<\/p>\n","protected":false},"excerpt":{"rendered":"<p>Oulun vihre\u00e4 valtuustoryhm\u00e4 valitsi minut vuoden ensimm\u00e4isess\u00e4 kokouksessaan 26.1. ryhm\u00e4n puheenjohtajaksi. Kausi on kest\u00e4\u00e4 valtuustokauden loppuun. Olen toiminut valtuustokauden alusta [&hellip;]<\/p>\n","protected":false},"author":1,"featured_media":0,"comment_status":"closed","ping_status":"closed","sticky":false,"template":"","format":"standard","meta":{"_monsterinsights_skip_tracking":false,"_monsterinsights_sitenote_active":false,"_monsterinsights_sitenote_note":"","_monsterinsights_sitenote_category":0,"site-sidebar-layout":"default","site-content-layout":"","ast-site-content-layout":"default","site-content-style":"default","site-sidebar-style":"default","ast-global-header-display":"","ast-banner-title-visibility":"","ast-main-header-display":"","ast-hfb-above-header-display":"","ast-hfb-below-header-display":"","ast-hfb-mobile-header-display":"","site-post-title":"","ast-breadcrumbs-content":"","ast-featured-img":"","footer-sml-layout":"","ast-disable-related-posts":"","theme-transparent-header-meta":"","adv-header-id-meta":"","stick-header-meta":"","header-above-stick-meta":"","header-main-stick-meta":"","header-below-stick-meta":"","astra-migrate-meta-layouts":"default","ast-page-background-enabled":"default","ast-page-background-meta":{"desktop":{"background-color":"var(--ast-global-color-5)","background-image":"","background-repeat":"repeat","background-position":"center center","background-size":"auto","background-attachment":"scroll","background-type":"","background-media":"","overlay-type":"","overlay-color":"","overlay-opacity":"","overlay-gradient":""},"tablet":{"background-color":"","background-image":"","background-repeat":"repeat","background-position":"center center","background-size":"auto","background-attachment":"scroll","background-type":"","background-media":"","overlay-type":"","overlay-color":"","overlay-opacity":"","overlay-gradient":""},"mobile":{"background-color":"","background-image":"","background-repeat":"repeat","background-position":"center center","background-size":"auto","background-attachment":"scroll","background-type":"","background-media":"","overlay-type":"","overlay-color":"","overlay-opacity":"","overlay-gradient":""}},"ast-content-background-meta":{"desktop":{"background-color":"var(--ast-global-color-4)","background-image":"","background-repeat":"repeat","background-position":"center center","background-size":"auto","background-attachment":"scroll","background-type":"","background-media":"","overlay-type":"","overlay-color":"","overlay-opacity":"","overlay-gradient":""},"tablet":{"background-color":"var(--ast-global-color-4)","background-image":"","background-repeat":"repeat","background-position":"center center","background-size":"auto","background-attachment":"scroll","background-type":"","background-media":"","overlay-type":"","overlay-color":"","overlay-opacity":"","overlay-gradient":""},"mobile":{"background-color":"var(--ast-global-color-4)","background-image":"","background-repeat":"repeat","background-position":"center center","background-size":"auto","background-attachment":"scroll","background-type":"","background-media":"","overlay-type":"","overlay-color":"","overlay-opacity":"","overlay-gradient":""}},"footnotes":""},"categories":[117],"tags":[],"class_list":["post-948","post","type-post","status-publish","format-standard","hentry","category-tiedotteet"],"yoast_head":"<!-- This site is optimized with the Yoast SEO plugin v27.5 - https:\/\/yoast.com\/product\/yoast-seo-wordpress\/ -->\n<title>Toimin valtuustoryhm\u00e4n puheenjohtajana 2015-2016 - Jenni Pitko - Vihreiden varapuheenjohtaja, ymp\u00e4rist\u00f6valiokunnan puheenjohtaja, kansanedustaja ja arkkitehti Oulusta<\/title>\n<meta name=\"robots\" content=\"index, follow, max-snippet:-1, max-image-preview:large, max-video-preview:-1\" \/>\n<link rel=\"canonical\" href=\"https:\/\/jennipitko.fi\/koti\/toimin-valtuustoryhman-puheenjohtajana-2015-2016\/\" \/>\n<meta property=\"og:locale\" content=\"fi_FI\" \/>\n<meta property=\"og:type\" content=\"article\" \/>\n<meta property=\"og:title\" content=\"Toimin valtuustoryhm\u00e4n puheenjohtajana 2015-2016 - Jenni Pitko - Vihreiden varapuheenjohtaja, ymp\u00e4rist\u00f6valiokunnan puheenjohtaja, kansanedustaja ja arkkitehti Oulusta\" \/>\n<meta property=\"og:description\" content=\"Oulun vihre\u00e4 valtuustoryhm\u00e4 valitsi minut vuoden ensimm\u00e4isess\u00e4 kokouksessaan 26.1. ryhm\u00e4n puheenjohtajaksi. Kausi on kest\u00e4\u00e4 valtuustokauden loppuun. Olen toiminut valtuustokauden alusta [&hellip;]\" \/>\n<meta property=\"og:url\" content=\"https:\/\/jennipitko.fi\/koti\/toimin-valtuustoryhman-puheenjohtajana-2015-2016\/\" \/>\n<meta property=\"og:site_name\" content=\"Jenni Pitko - Vihreiden varapuheenjohtaja, ymp\u00e4rist\u00f6valiokunnan puheenjohtaja, kansanedustaja ja arkkitehti Oulusta\" \/>\n<meta property=\"article:published_time\" content=\"2015-01-26T15:22:21+00:00\" \/>\n<meta property=\"article:modified_time\" content=\"2015-01-28T20:04:08+00:00\" \/>\n<meta name=\"author\" content=\"Jenni\" \/>\n<meta name=\"twitter:card\" content=\"summary_large_image\" \/>\n<meta name=\"twitter:label1\" content=\"Kirjoittanut\" \/>\n\t<meta name=\"twitter:data1\" content=\"Jenni\" \/>\n\t<meta name=\"twitter:label2\" content=\"Arvioitu lukuaika\" \/>\n\t<meta name=\"twitter:data2\" content=\"1 minuutti\" \/>\n<script type=\"application\/ld+json\" class=\"yoast-schema-graph\">{\"@context\":\"https:\\\/\\\/schema.org\",\"@graph\":[{\"@type\":\"Article\",\"@id\":\"https:\\\/\\\/jennipitko.fi\\\/koti\\\/toimin-valtuustoryhman-puheenjohtajana-2015-2016\\\/#article\",\"isPartOf\":{\"@id\":\"https:\\\/\\\/jennipitko.fi\\\/koti\\\/toimin-valtuustoryhman-puheenjohtajana-2015-2016\\\/\"},\"author\":{\"name\":\"Jenni\",\"@id\":\"https:\\\/\\\/jennipitko.fi\\\/koti\\\/#\\\/schema\\\/person\\\/35955c467f851f10124809310e7e7ee8\"},\"headline\":\"Toimin valtuustoryhm\u00e4n puheenjohtajana 2015-2016\",\"datePublished\":\"2015-01-26T15:22:21+00:00\",\"dateModified\":\"2015-01-28T20:04:08+00:00\",\"mainEntityOfPage\":{\"@id\":\"https:\\\/\\\/jennipitko.fi\\\/koti\\\/toimin-valtuustoryhman-puheenjohtajana-2015-2016\\\/\"},\"wordCount\":159,\"publisher\":{\"@id\":\"https:\\\/\\\/jennipitko.fi\\\/koti\\\/#organization\"},\"articleSection\":[\"Tiedotteet\"],\"inLanguage\":\"fi\"},{\"@type\":\"WebPage\",\"@id\":\"https:\\\/\\\/jennipitko.fi\\\/koti\\\/toimin-valtuustoryhman-puheenjohtajana-2015-2016\\\/\",\"url\":\"https:\\\/\\\/jennipitko.fi\\\/koti\\\/toimin-valtuustoryhman-puheenjohtajana-2015-2016\\\/\",\"name\":\"Toimin valtuustoryhm\u00e4n puheenjohtajana 2015-2016 - Jenni Pitko - Vihreiden varapuheenjohtaja, ymp\u00e4rist\u00f6valiokunnan puheenjohtaja, kansanedustaja ja arkkitehti Oulusta\",\"isPartOf\":{\"@id\":\"https:\\\/\\\/jennipitko.fi\\\/koti\\\/#website\"},\"datePublished\":\"2015-01-26T15:22:21+00:00\",\"dateModified\":\"2015-01-28T20:04:08+00:00\",\"breadcrumb\":{\"@id\":\"https:\\\/\\\/jennipitko.fi\\\/koti\\\/toimin-valtuustoryhman-puheenjohtajana-2015-2016\\\/#breadcrumb\"},\"inLanguage\":\"fi\",\"potentialAction\":[{\"@type\":\"ReadAction\",\"target\":[\"https:\\\/\\\/jennipitko.fi\\\/koti\\\/toimin-valtuustoryhman-puheenjohtajana-2015-2016\\\/\"]}]},{\"@type\":\"BreadcrumbList\",\"@id\":\"https:\\\/\\\/jennipitko.fi\\\/koti\\\/toimin-valtuustoryhman-puheenjohtajana-2015-2016\\\/#breadcrumb\",\"itemListElement\":[{\"@type\":\"ListItem\",\"position\":1,\"name\":\"Home\",\"item\":\"https:\\\/\\\/jennipitko.fi\\\/koti\\\/\"},{\"@type\":\"ListItem\",\"position\":2,\"name\":\"Toimin valtuustoryhm\u00e4n puheenjohtajana 2015-2016\"}]},{\"@type\":\"WebSite\",\"@id\":\"https:\\\/\\\/jennipitko.fi\\\/koti\\\/#website\",\"url\":\"https:\\\/\\\/jennipitko.fi\\\/koti\\\/\",\"name\":\"Jenni Pitko - Vihreiden varapuheenjohtaja, ymp\u00e4rist\u00f6valiokunnan puheenjohtaja, kansanedustaja ja arkkitehti Oulusta\",\"description\":\"Jenni Pitko - Vihreiden varapuheenjohtaja, ymp\u00e4rist\u00f6valiokunnan puheenjohtaja, kansanedustaja ja arkkitehti Oulusta\",\"publisher\":{\"@id\":\"https:\\\/\\\/jennipitko.fi\\\/koti\\\/#organization\"},\"potentialAction\":[{\"@type\":\"SearchAction\",\"target\":{\"@type\":\"EntryPoint\",\"urlTemplate\":\"https:\\\/\\\/jennipitko.fi\\\/koti\\\/?s={search_term_string}\"},\"query-input\":{\"@type\":\"PropertyValueSpecification\",\"valueRequired\":true,\"valueName\":\"search_term_string\"}}],\"inLanguage\":\"fi\"},{\"@type\":\"Organization\",\"@id\":\"https:\\\/\\\/jennipitko.fi\\\/koti\\\/#organization\",\"name\":\"Jenni Pitko - Vihreiden varapuheenjohtaja, ymp\u00e4rist\u00f6valiokunnan puheenjohtaja, kansanedustaja ja arkkitehti Oulusta\",\"url\":\"https:\\\/\\\/jennipitko.fi\\\/koti\\\/\",\"logo\":{\"@type\":\"ImageObject\",\"inLanguage\":\"fi\",\"@id\":\"https:\\\/\\\/jennipitko.fi\\\/koti\\\/#\\\/schema\\\/logo\\\/image\\\/\",\"url\":\"https:\\\/\\\/jennipitko.fi\\\/koti\\\/wp-content\\\/uploads\\\/2025\\\/09\\\/Nimeton-malli-38.png\",\"contentUrl\":\"https:\\\/\\\/jennipitko.fi\\\/koti\\\/wp-content\\\/uploads\\\/2025\\\/09\\\/Nimeton-malli-38.png\",\"width\":1280,\"height\":847,\"caption\":\"Jenni Pitko - Vihreiden varapuheenjohtaja, ymp\u00e4rist\u00f6valiokunnan puheenjohtaja, kansanedustaja ja arkkitehti Oulusta\"},\"image\":{\"@id\":\"https:\\\/\\\/jennipitko.fi\\\/koti\\\/#\\\/schema\\\/logo\\\/image\\\/\"}},{\"@type\":\"Person\",\"@id\":\"https:\\\/\\\/jennipitko.fi\\\/koti\\\/#\\\/schema\\\/person\\\/35955c467f851f10124809310e7e7ee8\",\"name\":\"Jenni\",\"image\":{\"@type\":\"ImageObject\",\"inLanguage\":\"fi\",\"@id\":\"https:\\\/\\\/secure.gravatar.com\\\/avatar\\\/625a0e6413b293da7739d42617828d564a4d6028aec3f45d8939a2ba1617199f?s=96&d=blank&r=g\",\"url\":\"https:\\\/\\\/secure.gravatar.com\\\/avatar\\\/625a0e6413b293da7739d42617828d564a4d6028aec3f45d8939a2ba1617199f?s=96&d=blank&r=g\",\"contentUrl\":\"https:\\\/\\\/secure.gravatar.com\\\/avatar\\\/625a0e6413b293da7739d42617828d564a4d6028aec3f45d8939a2ba1617199f?s=96&d=blank&r=g\",\"caption\":\"Jenni\"},\"url\":\"https:\\\/\\\/jennipitko.fi\\\/koti\\\/author\\\/jenni\\\/\"}]}<\/script>\n<!-- \/ Yoast SEO plugin. -->","yoast_head_json":{"title":"Toimin valtuustoryhm\u00e4n puheenjohtajana 2015-2016 - Jenni Pitko - Vihreiden varapuheenjohtaja, ymp\u00e4rist\u00f6valiokunnan puheenjohtaja, kansanedustaja ja arkkitehti Oulusta","robots":{"index":"index","follow":"follow","max-snippet":"max-snippet:-1","max-image-preview":"max-image-preview:large","max-video-preview":"max-video-preview:-1"},"canonical":"https:\/\/jennipitko.fi\/koti\/toimin-valtuustoryhman-puheenjohtajana-2015-2016\/","og_locale":"fi_FI","og_type":"article","og_title":"Toimin valtuustoryhm\u00e4n puheenjohtajana 2015-2016 - Jenni Pitko - Vihreiden varapuheenjohtaja, ymp\u00e4rist\u00f6valiokunnan puheenjohtaja, kansanedustaja ja arkkitehti Oulusta","og_description":"Oulun vihre\u00e4 valtuustoryhm\u00e4 valitsi minut vuoden ensimm\u00e4isess\u00e4 kokouksessaan 26.1. ryhm\u00e4n puheenjohtajaksi. Kausi on kest\u00e4\u00e4 valtuustokauden loppuun. Olen toiminut valtuustokauden alusta [&hellip;]","og_url":"https:\/\/jennipitko.fi\/koti\/toimin-valtuustoryhman-puheenjohtajana-2015-2016\/","og_site_name":"Jenni Pitko - Vihreiden varapuheenjohtaja, ymp\u00e4rist\u00f6valiokunnan puheenjohtaja, kansanedustaja ja arkkitehti Oulusta","article_published_time":"2015-01-26T15:22:21+00:00","article_modified_time":"2015-01-28T20:04:08+00:00","author":"Jenni","twitter_card":"summary_large_image","twitter_misc":{"Kirjoittanut":"Jenni","Arvioitu lukuaika":"1 minuutti"},"schema":{"@context":"https:\/\/schema.org","@graph":[{"@type":"Article","@id":"https:\/\/jennipitko.fi\/koti\/toimin-valtuustoryhman-puheenjohtajana-2015-2016\/#article","isPartOf":{"@id":"https:\/\/jennipitko.fi\/koti\/toimin-valtuustoryhman-puheenjohtajana-2015-2016\/"},"author":{"name":"Jenni","@id":"https:\/\/jennipitko.fi\/koti\/#\/schema\/person\/35955c467f851f10124809310e7e7ee8"},"headline":"Toimin valtuustoryhm\u00e4n puheenjohtajana 2015-2016","datePublished":"2015-01-26T15:22:21+00:00","dateModified":"2015-01-28T20:04:08+00:00","mainEntityOfPage":{"@id":"https:\/\/jennipitko.fi\/koti\/toimin-valtuustoryhman-puheenjohtajana-2015-2016\/"},"wordCount":159,"publisher":{"@id":"https:\/\/jennipitko.fi\/koti\/#organization"},"articleSection":["Tiedotteet"],"inLanguage":"fi"},{"@type":"WebPage","@id":"https:\/\/jennipitko.fi\/koti\/toimin-valtuustoryhman-puheenjohtajana-2015-2016\/","url":"https:\/\/jennipitko.fi\/koti\/toimin-valtuustoryhman-puheenjohtajana-2015-2016\/","name":"Toimin valtuustoryhm\u00e4n puheenjohtajana 2015-2016 - Jenni Pitko - Vihreiden varapuheenjohtaja, ymp\u00e4rist\u00f6valiokunnan puheenjohtaja, kansanedustaja ja arkkitehti Oulusta","isPartOf":{"@id":"https:\/\/jennipitko.fi\/koti\/#website"},"datePublished":"2015-01-26T15:22:21+00:00","dateModified":"2015-01-28T20:04:08+00:00","breadcrumb":{"@id":"https:\/\/jennipitko.fi\/koti\/toimin-valtuustoryhman-puheenjohtajana-2015-2016\/#breadcrumb"},"inLanguage":"fi","potentialAction":[{"@type":"ReadAction","target":["https:\/\/jennipitko.fi\/koti\/toimin-valtuustoryhman-puheenjohtajana-2015-2016\/"]}]},{"@type":"BreadcrumbList","@id":"https:\/\/jennipitko.fi\/koti\/toimin-valtuustoryhman-puheenjohtajana-2015-2016\/#breadcrumb","itemListElement":[{"@type":"ListItem","position":1,"name":"Home","item":"https:\/\/jennipitko.fi\/koti\/"},{"@type":"ListItem","position":2,"name":"Toimin valtuustoryhm\u00e4n puheenjohtajana 2015-2016"}]},{"@type":"WebSite","@id":"https:\/\/jennipitko.fi\/koti\/#website","url":"https:\/\/jennipitko.fi\/koti\/","name":"Jenni Pitko - Vihreiden varapuheenjohtaja, ymp\u00e4rist\u00f6valiokunnan puheenjohtaja, kansanedustaja ja arkkitehti Oulusta","description":"Jenni Pitko - Vihreiden varapuheenjohtaja, ymp\u00e4rist\u00f6valiokunnan puheenjohtaja, kansanedustaja ja arkkitehti Oulusta","publisher":{"@id":"https:\/\/jennipitko.fi\/koti\/#organization"},"potentialAction":[{"@type":"SearchAction","target":{"@type":"EntryPoint","urlTemplate":"https:\/\/jennipitko.fi\/koti\/?s={search_term_string}"},"query-input":{"@type":"PropertyValueSpecification","valueRequired":true,"valueName":"search_term_string"}}],"inLanguage":"fi"},{"@type":"Organization","@id":"https:\/\/jennipitko.fi\/koti\/#organization","name":"Jenni Pitko - Vihreiden varapuheenjohtaja, ymp\u00e4rist\u00f6valiokunnan puheenjohtaja, kansanedustaja ja arkkitehti Oulusta","url":"https:\/\/jennipitko.fi\/koti\/","logo":{"@type":"ImageObject","inLanguage":"fi","@id":"https:\/\/jennipitko.fi\/koti\/#\/schema\/logo\/image\/","url":"https:\/\/jennipitko.fi\/koti\/wp-content\/uploads\/2025\/09\/Nimeton-malli-38.png","contentUrl":"https:\/\/jennipitko.fi\/koti\/wp-content\/uploads\/2025\/09\/Nimeton-malli-38.png","width":1280,"height":847,"caption":"Jenni Pitko - Vihreiden varapuheenjohtaja, ymp\u00e4rist\u00f6valiokunnan puheenjohtaja, kansanedustaja ja arkkitehti Oulusta"},"image":{"@id":"https:\/\/jennipitko.fi\/koti\/#\/schema\/logo\/image\/"}},{"@type":"Person","@id":"https:\/\/jennipitko.fi\/koti\/#\/schema\/person\/35955c467f851f10124809310e7e7ee8","name":"Jenni","image":{"@type":"ImageObject","inLanguage":"fi","@id":"https:\/\/secure.gravatar.com\/avatar\/625a0e6413b293da7739d42617828d564a4d6028aec3f45d8939a2ba1617199f?s=96&d=blank&r=g","url":"https:\/\/secure.gravatar.com\/avatar\/625a0e6413b293da7739d42617828d564a4d6028aec3f45d8939a2ba1617199f?s=96&d=blank&r=g","contentUrl":"https:\/\/secure.gravatar.com\/avatar\/625a0e6413b293da7739d42617828d564a4d6028aec3f45d8939a2ba1617199f?s=96&d=blank&r=g","caption":"Jenni"},"url":"https:\/\/jennipitko.fi\/koti\/author\/jenni\/"}]}},"_links":{"self":[{"href":"https:\/\/jennipitko.fi\/koti\/wp-json\/wp\/v2\/posts\/948","targetHints":{"allow":["GET"]}}],"collection":[{"href":"https:\/\/jennipitko.fi\/koti\/wp-json\/wp\/v2\/posts"}],"about":[{"href":"https:\/\/jennipitko.fi\/koti\/wp-json\/wp\/v2\/types\/post"}],"author":[{"embeddable":true,"href":"https:\/\/jennipitko.fi\/koti\/wp-json\/wp\/v2\/users\/1"}],"replies":[{"embeddable":true,"href":"https:\/\/jennipitko.fi\/koti\/wp-json\/wp\/v2\/comments?post=948"}],"version-history":[{"count":1,"href":"https:\/\/jennipitko.fi\/koti\/wp-json\/wp\/v2\/posts\/948\/revisions"}],"predecessor-version":[{"id":965,"href":"https:\/\/jennipitko.fi\/koti\/wp-json\/wp\/v2\/posts\/948\/revisions\/965"}],"wp:attachment":[{"href":"https:\/\/jennipitko.fi\/koti\/wp-json\/wp\/v2\/media?parent=948"}],"wp:term":[{"taxonomy":"category","embeddable":true,"href":"https:\/\/jennipitko.fi\/koti\/wp-json\/wp\/v2\/categories?post=948"},{"taxonomy":"post_tag","embeddable":true,"href":"https:\/\/jennipitko.fi\/koti\/wp-json\/wp\/v2\/tags?post=948"}],"curies":[{"name":"wp","href":"https:\/\/api.w.org\/{rel}","templated":true}]}}