{"id":959,"date":"2015-01-28T18:52:36","date_gmt":"2015-01-28T18:52:36","guid":{"rendered":"http:\/\/jennipitko.fi\/koti\/?p=959"},"modified":"2015-01-28T19:46:23","modified_gmt":"2015-01-28T19:46:23","slug":"koululiikunnassa-pois-sukupuolierottelusta-ja-kohti-innostavaa-liikunnallisuutta","status":"publish","type":"post","link":"https:\/\/jennipitko.fi\/koti\/koululiikunnassa-pois-sukupuolierottelusta-ja-kohti-innostavaa-liikunnallisuutta\/","title":{"rendered":"Koululiikunnassa pois sukupuolierottelusta ja kohti innostavaa liikunnallisuutta"},"content":{"rendered":"<p>Liikkumattomuus on t\u00e4ll\u00e4 hetkell\u00e4 ehk\u00e4 suurin kansakunnan terveytt\u00e4 uhkaava asia. Liikkumattomuus lis\u00e4\u00e4 sosiaali- ja terveysministeri\u00f6n mukaan monia kansansairauksia ja kansantalouden kustannuksia. Liikunta on t\u00e4rke\u00e4\u00e4 ihmisten fyysiselle, psyykkiselle ja sosiaaliselle hyvinvoinnille sek\u00e4 terveelliselle ja turvalliselle kasvulle ja kehitykselle. Liikuntaan ja fyysisesti aktiiviseen el\u00e4m\u00e4ntapaan voi yhteiskunnan toimesta kannustaa monin tavoin, mutta niin kuin monien muidenkin kansan toimintamallien muuttamisessa, on koululla t\u00e4ss\u00e4 oma roolinsa.<\/p>\n<p><!--more--><\/p>\n<p>Liikunta on tutkimuksen mukaan (Tiainen, 2009) oppilaiden keskuudessa suosittua, mutta ministeri\u00f6n mukaan koululiikunnan ulkopuolella liikunnan harrastaminen on liian v\u00e4h\u00e4ist\u00e4. Koko kansan liikunnallista aktiivisuutta leimaa polarisoituminen. Sosiaali- ja terveysministeri\u00f6n mukaan (Muutosta liikkeell\u00e4, 2014) niiden, jotka harrastavat liikuntaa paljon, j\u00e4lkel\u00e4isetkin harrastavat sit\u00e4 paljon tai riitt\u00e4v\u00e4sti. Matalammin koulutetut ja alhaisimpaan tuloluokkaan kuuluvat ihmiset eiv\u00e4t liiku riitt\u00e4v\u00e4sti kuten eiv\u00e4t heid\u00e4n lapsensakaan. Tiaisen mukaan koululiikunnasta nauttivat eniten urheilulliset lapset, kun ministeri\u00f6n raportin perusteella koululiikunnan tulisi tulisi aktivoida juuri niit\u00e4 v\u00e4h\u00e4n liikkuva lapsia, koska liikunnallista mallia ei v\u00e4ltt\u00e4m\u00e4tt\u00e4 ole saatavilla kotoa.<\/p>\n<p>Koululiikuntaa onkin aika uudistaa. Liikunnan opetusta tulisi muuttaa kilpailuhenkisest\u00e4 suorittamisesta liikunnallisen motivaation kasvattamiseen. My\u00f6s sukupuolen perusteella jaotelluista ryhmist\u00e4 tulee luopua, sill\u00e4 niit\u00e4 yll\u00e4pit\u00e4m\u00e4ll\u00e4 liikunta erotetaan erilliseksi osaksi arkea ja samalla tullaan korostaneeksi liikunnan harrastajan fyysisi\u00e4 ominaisuuksia liikunnan ilon ja hy\u00f6tyjen sijaan. Suomalaisessa yhteiskunnassa olemme tottuneet el\u00e4m\u00e4\u00e4n, oppimaan, ja ty\u00f6skentelem\u00e4\u00e4n ryhmiss\u00e4, joissa on molempia sukupuolia.<\/p>\n<p>Fyysisten eroavaisuuksien korostaminen liikuntaryhmien jaossa ei ole tarpeellista, jos opetuksen keski\u00f6ss\u00e4 on motivaation kasvattaminen, oppijan liikunnallisista l\u00e4ht\u00f6kohdista huolimatta. Erot fyysisiss\u00e4 ominaisuuksissa ja vahvuuksissa voivat olla suurempia saman sukupuolen sis\u00e4ll\u00e4 kuin eri sukupuolta olevien yksil\u00f6iden v\u00e4lill\u00e4. On olemassa kilpailuhenkisi\u00e4, nopeita ja vahvoja tytt\u00f6j\u00e4, kuten my\u00f6s herkki\u00e4, rauhallisista, yksil\u00f6lajeista enemm\u00e4n pit\u00e4vi\u00e4 poikia. Ja kaikkea n\u00e4iden v\u00e4lilt\u00e4.<\/p>\n<p>Fyysisiin ominaisuuksiin liittyen on my\u00f6s perusteltu sukupuoleen perustuvaa jakoa sill\u00e4, ett\u00e4 tyt\u00f6t j\u00e4\u00e4v\u00e4t poikien jalkoihin. Jos liikunnan opetuksessa t\u00e4ht\u00e4imen\u00e4 on motivoiva yhdess\u00e4 liikkuminen, ei kenenk\u00e4\u00e4n, fyysisesti heikomman tyt\u00f6n tai pojan, tulisi pel\u00e4t\u00e4 tulevansa satutetuksi. T\u00e4llainen tunne liitettyn\u00e4 kilpailukeskeisyyden aiheuttamaan stressiin voi hyvinkin olla syy monien karmeisiin kokemuksiin koululiikunnasta. Sellaiset tunteet voivat vied\u00e4 liikunnan harrastamisesta ilon pitk\u00e4ksikin aikaa.<\/p>\n<p>T\u00e4st\u00e4 asiasta keskusteltaessa esille nousee usein myytti tytt\u00f6jen ja poikien erilaisista lajimieltymyksist\u00e4. Itse en ainakaan usko, ett\u00e4 olisi olemassa jotenkin sis\u00e4\u00e4nrakennettuna tytt\u00f6jen ja poikien erillisi\u00e4 lajimieltymyksi\u00e4, vaan n\u00e4hd\u00e4kseni lajimieltymykset ovat pitk\u00e4lti yksil\u00f6llisi\u00e4, sukupuolesta riippumattomia. Koulun ei tulisi opettaa lapsille, ett\u00e4 vain tietyt lajit ovat sopivia jommalle kummalle sukupuolelle. Itse olisin mieluummin ollut pelaamassa jalkapalloa kuin venyttelem\u00e4ss\u00e4 kent\u00e4n laidalla. K\u00e4sitt\u00e4m\u00e4t\u00f6nt\u00e4 on se, ett\u00e4 viel\u00e4 t\u00e4n\u00e4kin p\u00e4iv\u00e4n\u00e4 monissa kouluissa talvisilla s\u00e4ill\u00e4 tyt\u00f6t sitovat valkoisten luistinten nauhat ja hypp\u00e4\u00e4v\u00e4t kent\u00e4lle harjoittelemaan piruetteja, kun kent\u00e4n toisessa p\u00e4\u00e4ss\u00e4 pojat hokkareillaan ryhtyv\u00e4t pelaamaan j\u00e4\u00e4kiekkoa. Emme kai oikeasti halua kasvattaa lapsiamme t\u00e4llaisiin tytt\u00f6m\u00e4isiin ja poikamaisiin stereotypioihin ja rajoittaviin muotteihin?<\/p>\n<p>Jos luovumme suorituskeskeisest\u00e4 liikunnanopetuksesta ja keski\u00f6ss\u00e4 on liikkumisen ilo, jonkun mieless\u00e4 voi her\u00e4t\u00e4 huoli, ett\u00e4 sitten syntyy huippu-urheilijoita? Edelleen koululiikunnasta toivottavasti mahdollisimman moni saisi kipin\u00e4n alkaa harrastamaan jotain tietty\u00e4 lajia ammattimaisesti tai muuten vain omalla ajallaan. Ammattimaista harjoitusta urheilulajeissa tarjoavat liikuntaseurat, joita my\u00f6s julkisesti tuetaan ja tulee jatkossakin tukea. L\u00e4ht\u00f6kohtana liikunnan opetuksessa tulisi kuitenkin olla ammattiurheilijoiden kasvattamisen sijaan sen pasiivisimmankin liikkujan kannustaminen liikkumaan. Ilon kautta urheilijoiden alkuja voi synty\u00e4 siin\u00e4 sivussa nykyist\u00e4 enemm\u00e4nkin!<\/p>\n<p>Liikuntatunneilla tulisikin pyrki\u00e4 tarjoamaan oppilaille mahdollisuuksia tutustua mahdollisimman erilaisiin lajeihin, tapoihin liikkua ja pit\u00e4\u00e4 huolta fyysisest\u00e4 kunnosta. Jos liikuntatunneilla tarvitsee jakaa luokka osiin, eik\u00f6 olisi motivoivampaa jakaa ryhm\u00e4 esimerkiksi henkil\u00f6kohtaisten mieltymysten ja kiinnostuksen kohteiden perusteella?<\/p>\n<p>Liikunnan sis\u00e4lt\u00f6jen muuttaminen vaatisi ohjeistusta Opetushallitukselta ja muutosta opetussuunnitelmiin. Sukupuolen perusteella teht\u00e4v\u00e4st\u00e4 erottelusta voi kuitenkin kunta p\u00e4\u00e4tt\u00e4\u00e4 itse jo nyt. Lains\u00e4\u00e4d\u00e4nn\u00f6ss\u00e4 ei ole esteit\u00e4 liikuntaryhmien yhdist\u00e4miselle. J\u00e4tin aiheesta valtuustoaloitteen Oulun kaupunginvaltuuston kokouksessa. Siit\u00e4 uutisoi muun muassa sanomalehti Kaleva &lt;a href=&#8221;http:\/\/www.kaleva.fi\/uutiset\/oulu\/vihreiden-pitko-esittaa-yhteisia-koululiikuntatunteja-tytoille-ja-pojille\/687876\/&#8221;&gt;verkkosivuillaan&lt;\/a&gt;.<\/p>\n<p><strong>Toivottavasti Oulu ottaisi askeleen kohti liikunnan iloa t\u00e4ht\u00e4\u00e4v\u00e4\u00e4 liikunnanopetusta!<\/strong><\/p>\n","protected":false},"excerpt":{"rendered":"<p>Liikkumattomuus on t\u00e4ll\u00e4 hetkell\u00e4 ehk\u00e4 suurin kansakunnan terveytt\u00e4 uhkaava asia. Liikkumattomuus lis\u00e4\u00e4 sosiaali- ja terveysministeri\u00f6n mukaan monia kansansairauksia ja kansantalouden [&hellip;]<\/p>\n","protected":false},"author":1,"featured_media":0,"comment_status":"open","ping_status":"closed","sticky":false,"template":"","format":"standard","meta":{"_monsterinsights_skip_tracking":false,"_monsterinsights_sitenote_active":false,"_monsterinsights_sitenote_note":"","_monsterinsights_sitenote_category":0,"site-sidebar-layout":"default","site-content-layout":"","ast-site-content-layout":"default","site-content-style":"default","site-sidebar-style":"default","ast-global-header-display":"","ast-banner-title-visibility":"","ast-main-header-display":"","ast-hfb-above-header-display":"","ast-hfb-below-header-display":"","ast-hfb-mobile-header-display":"","site-post-title":"","ast-breadcrumbs-content":"","ast-featured-img":"","footer-sml-layout":"","ast-disable-related-posts":"","theme-transparent-header-meta":"","adv-header-id-meta":"","stick-header-meta":"","header-above-stick-meta":"","header-main-stick-meta":"","header-below-stick-meta":"","astra-migrate-meta-layouts":"default","ast-page-background-enabled":"default","ast-page-background-meta":{"desktop":{"background-color":"var(--ast-global-color-5)","background-image":"","background-repeat":"repeat","background-position":"center center","background-size":"auto","background-attachment":"scroll","background-type":"","background-media":"","overlay-type":"","overlay-color":"","overlay-opacity":"","overlay-gradient":""},"tablet":{"background-color":"","background-image":"","background-repeat":"repeat","background-position":"center center","background-size":"auto","background-attachment":"scroll","background-type":"","background-media":"","overlay-type":"","overlay-color":"","overlay-opacity":"","overlay-gradient":""},"mobile":{"background-color":"","background-image":"","background-repeat":"repeat","background-position":"center center","background-size":"auto","background-attachment":"scroll","background-type":"","background-media":"","overlay-type":"","overlay-color":"","overlay-opacity":"","overlay-gradient":""}},"ast-content-background-meta":{"desktop":{"background-color":"var(--ast-global-color-4)","background-image":"","background-repeat":"repeat","background-position":"center center","background-size":"auto","background-attachment":"scroll","background-type":"","background-media":"","overlay-type":"","overlay-color":"","overlay-opacity":"","overlay-gradient":""},"tablet":{"background-color":"var(--ast-global-color-4)","background-image":"","background-repeat":"repeat","background-position":"center center","background-size":"auto","background-attachment":"scroll","background-type":"","background-media":"","overlay-type":"","overlay-color":"","overlay-opacity":"","overlay-gradient":""},"mobile":{"background-color":"var(--ast-global-color-4)","background-image":"","background-repeat":"repeat","background-position":"center center","background-size":"auto","background-attachment":"scroll","background-type":"","background-media":"","overlay-type":"","overlay-color":"","overlay-opacity":"","overlay-gradient":""}},"footnotes":""},"categories":[2,125],"tags":[132,129,128,136,135,111,137],"class_list":["post-959","post","type-post","status-publish","format-standard","hentry","category-blogi","category-valtuustoaloitteet","tag-hyvinvointi","tag-koululiikunta","tag-liikunta","tag-lukio","tag-peruskoulu","tag-tasa-arvo","tag-toisen-asteen-koulutus"],"yoast_head":"<!-- This site is optimized with the Yoast SEO plugin v27.5 - https:\/\/yoast.com\/product\/yoast-seo-wordpress\/ -->\n<title>Koululiikunnassa pois sukupuolierottelusta ja kohti innostavaa liikunnallisuutta - Jenni Pitko - Vihreiden varapuheenjohtaja, ymp\u00e4rist\u00f6valiokunnan puheenjohtaja, kansanedustaja ja arkkitehti Oulusta<\/title>\n<meta name=\"robots\" content=\"index, follow, max-snippet:-1, max-image-preview:large, max-video-preview:-1\" \/>\n<link rel=\"canonical\" href=\"https:\/\/jennipitko.fi\/koti\/koululiikunnassa-pois-sukupuolierottelusta-ja-kohti-innostavaa-liikunnallisuutta\/\" \/>\n<meta property=\"og:locale\" content=\"fi_FI\" \/>\n<meta property=\"og:type\" content=\"article\" \/>\n<meta property=\"og:title\" content=\"Koululiikunnassa pois sukupuolierottelusta ja kohti innostavaa liikunnallisuutta - Jenni Pitko - Vihreiden varapuheenjohtaja, ymp\u00e4rist\u00f6valiokunnan puheenjohtaja, kansanedustaja ja arkkitehti Oulusta\" \/>\n<meta property=\"og:description\" content=\"Liikkumattomuus on t\u00e4ll\u00e4 hetkell\u00e4 ehk\u00e4 suurin kansakunnan terveytt\u00e4 uhkaava asia. Liikkumattomuus lis\u00e4\u00e4 sosiaali- ja terveysministeri\u00f6n mukaan monia kansansairauksia ja kansantalouden [&hellip;]\" \/>\n<meta property=\"og:url\" content=\"https:\/\/jennipitko.fi\/koti\/koululiikunnassa-pois-sukupuolierottelusta-ja-kohti-innostavaa-liikunnallisuutta\/\" \/>\n<meta property=\"og:site_name\" content=\"Jenni Pitko - Vihreiden varapuheenjohtaja, ymp\u00e4rist\u00f6valiokunnan puheenjohtaja, kansanedustaja ja arkkitehti Oulusta\" \/>\n<meta property=\"article:published_time\" content=\"2015-01-28T18:52:36+00:00\" \/>\n<meta property=\"article:modified_time\" content=\"2015-01-28T19:46:23+00:00\" \/>\n<meta name=\"author\" content=\"Jenni\" \/>\n<meta name=\"twitter:card\" content=\"summary_large_image\" \/>\n<meta name=\"twitter:label1\" content=\"Kirjoittanut\" \/>\n\t<meta name=\"twitter:data1\" content=\"Jenni\" \/>\n\t<meta name=\"twitter:label2\" content=\"Arvioitu lukuaika\" \/>\n\t<meta name=\"twitter:data2\" content=\"3 minuuttia\" \/>\n<script type=\"application\/ld+json\" class=\"yoast-schema-graph\">{\"@context\":\"https:\\\/\\\/schema.org\",\"@graph\":[{\"@type\":\"Article\",\"@id\":\"https:\\\/\\\/jennipitko.fi\\\/koti\\\/koululiikunnassa-pois-sukupuolierottelusta-ja-kohti-innostavaa-liikunnallisuutta\\\/#article\",\"isPartOf\":{\"@id\":\"https:\\\/\\\/jennipitko.fi\\\/koti\\\/koululiikunnassa-pois-sukupuolierottelusta-ja-kohti-innostavaa-liikunnallisuutta\\\/\"},\"author\":{\"name\":\"Jenni\",\"@id\":\"https:\\\/\\\/jennipitko.fi\\\/koti\\\/#\\\/schema\\\/person\\\/35955c467f851f10124809310e7e7ee8\"},\"headline\":\"Koululiikunnassa pois sukupuolierottelusta ja kohti innostavaa liikunnallisuutta\",\"datePublished\":\"2015-01-28T18:52:36+00:00\",\"dateModified\":\"2015-01-28T19:46:23+00:00\",\"mainEntityOfPage\":{\"@id\":\"https:\\\/\\\/jennipitko.fi\\\/koti\\\/koululiikunnassa-pois-sukupuolierottelusta-ja-kohti-innostavaa-liikunnallisuutta\\\/\"},\"wordCount\":696,\"commentCount\":0,\"publisher\":{\"@id\":\"https:\\\/\\\/jennipitko.fi\\\/koti\\\/#organization\"},\"keywords\":[\"hyvinvointi\",\"koululiikunta\",\"liikunta\",\"lukio\",\"peruskoulu\",\"tasa-arvo\",\"toisen asteen koulutus\"],\"articleSection\":[\"Blogi\",\"Valtuustoaloitteet\"],\"inLanguage\":\"fi\",\"potentialAction\":[{\"@type\":\"CommentAction\",\"name\":\"Comment\",\"target\":[\"https:\\\/\\\/jennipitko.fi\\\/koti\\\/koululiikunnassa-pois-sukupuolierottelusta-ja-kohti-innostavaa-liikunnallisuutta\\\/#respond\"]}]},{\"@type\":\"WebPage\",\"@id\":\"https:\\\/\\\/jennipitko.fi\\\/koti\\\/koululiikunnassa-pois-sukupuolierottelusta-ja-kohti-innostavaa-liikunnallisuutta\\\/\",\"url\":\"https:\\\/\\\/jennipitko.fi\\\/koti\\\/koululiikunnassa-pois-sukupuolierottelusta-ja-kohti-innostavaa-liikunnallisuutta\\\/\",\"name\":\"Koululiikunnassa pois sukupuolierottelusta ja kohti innostavaa liikunnallisuutta - Jenni Pitko - Vihreiden varapuheenjohtaja, ymp\u00e4rist\u00f6valiokunnan puheenjohtaja, kansanedustaja ja arkkitehti Oulusta\",\"isPartOf\":{\"@id\":\"https:\\\/\\\/jennipitko.fi\\\/koti\\\/#website\"},\"datePublished\":\"2015-01-28T18:52:36+00:00\",\"dateModified\":\"2015-01-28T19:46:23+00:00\",\"breadcrumb\":{\"@id\":\"https:\\\/\\\/jennipitko.fi\\\/koti\\\/koululiikunnassa-pois-sukupuolierottelusta-ja-kohti-innostavaa-liikunnallisuutta\\\/#breadcrumb\"},\"inLanguage\":\"fi\",\"potentialAction\":[{\"@type\":\"ReadAction\",\"target\":[\"https:\\\/\\\/jennipitko.fi\\\/koti\\\/koululiikunnassa-pois-sukupuolierottelusta-ja-kohti-innostavaa-liikunnallisuutta\\\/\"]}]},{\"@type\":\"BreadcrumbList\",\"@id\":\"https:\\\/\\\/jennipitko.fi\\\/koti\\\/koululiikunnassa-pois-sukupuolierottelusta-ja-kohti-innostavaa-liikunnallisuutta\\\/#breadcrumb\",\"itemListElement\":[{\"@type\":\"ListItem\",\"position\":1,\"name\":\"Home\",\"item\":\"https:\\\/\\\/jennipitko.fi\\\/koti\\\/\"},{\"@type\":\"ListItem\",\"position\":2,\"name\":\"Koululiikunnassa pois sukupuolierottelusta ja kohti innostavaa liikunnallisuutta\"}]},{\"@type\":\"WebSite\",\"@id\":\"https:\\\/\\\/jennipitko.fi\\\/koti\\\/#website\",\"url\":\"https:\\\/\\\/jennipitko.fi\\\/koti\\\/\",\"name\":\"Jenni Pitko - Vihreiden varapuheenjohtaja, ymp\u00e4rist\u00f6valiokunnan puheenjohtaja, kansanedustaja ja arkkitehti Oulusta\",\"description\":\"Jenni Pitko - Vihreiden varapuheenjohtaja, ymp\u00e4rist\u00f6valiokunnan puheenjohtaja, kansanedustaja ja arkkitehti Oulusta\",\"publisher\":{\"@id\":\"https:\\\/\\\/jennipitko.fi\\\/koti\\\/#organization\"},\"potentialAction\":[{\"@type\":\"SearchAction\",\"target\":{\"@type\":\"EntryPoint\",\"urlTemplate\":\"https:\\\/\\\/jennipitko.fi\\\/koti\\\/?s={search_term_string}\"},\"query-input\":{\"@type\":\"PropertyValueSpecification\",\"valueRequired\":true,\"valueName\":\"search_term_string\"}}],\"inLanguage\":\"fi\"},{\"@type\":\"Organization\",\"@id\":\"https:\\\/\\\/jennipitko.fi\\\/koti\\\/#organization\",\"name\":\"Jenni Pitko - Vihreiden varapuheenjohtaja, ymp\u00e4rist\u00f6valiokunnan puheenjohtaja, kansanedustaja ja arkkitehti Oulusta\",\"url\":\"https:\\\/\\\/jennipitko.fi\\\/koti\\\/\",\"logo\":{\"@type\":\"ImageObject\",\"inLanguage\":\"fi\",\"@id\":\"https:\\\/\\\/jennipitko.fi\\\/koti\\\/#\\\/schema\\\/logo\\\/image\\\/\",\"url\":\"https:\\\/\\\/jennipitko.fi\\\/koti\\\/wp-content\\\/uploads\\\/2025\\\/09\\\/Nimeton-malli-38.png\",\"contentUrl\":\"https:\\\/\\\/jennipitko.fi\\\/koti\\\/wp-content\\\/uploads\\\/2025\\\/09\\\/Nimeton-malli-38.png\",\"width\":1280,\"height\":847,\"caption\":\"Jenni Pitko - Vihreiden varapuheenjohtaja, ymp\u00e4rist\u00f6valiokunnan puheenjohtaja, kansanedustaja ja arkkitehti Oulusta\"},\"image\":{\"@id\":\"https:\\\/\\\/jennipitko.fi\\\/koti\\\/#\\\/schema\\\/logo\\\/image\\\/\"}},{\"@type\":\"Person\",\"@id\":\"https:\\\/\\\/jennipitko.fi\\\/koti\\\/#\\\/schema\\\/person\\\/35955c467f851f10124809310e7e7ee8\",\"name\":\"Jenni\",\"image\":{\"@type\":\"ImageObject\",\"inLanguage\":\"fi\",\"@id\":\"https:\\\/\\\/secure.gravatar.com\\\/avatar\\\/625a0e6413b293da7739d42617828d564a4d6028aec3f45d8939a2ba1617199f?s=96&d=blank&r=g\",\"url\":\"https:\\\/\\\/secure.gravatar.com\\\/avatar\\\/625a0e6413b293da7739d42617828d564a4d6028aec3f45d8939a2ba1617199f?s=96&d=blank&r=g\",\"contentUrl\":\"https:\\\/\\\/secure.gravatar.com\\\/avatar\\\/625a0e6413b293da7739d42617828d564a4d6028aec3f45d8939a2ba1617199f?s=96&d=blank&r=g\",\"caption\":\"Jenni\"},\"url\":\"https:\\\/\\\/jennipitko.fi\\\/koti\\\/author\\\/jenni\\\/\"}]}<\/script>\n<!-- \/ Yoast SEO plugin. -->","yoast_head_json":{"title":"Koululiikunnassa pois sukupuolierottelusta ja kohti innostavaa liikunnallisuutta - Jenni Pitko - Vihreiden varapuheenjohtaja, ymp\u00e4rist\u00f6valiokunnan puheenjohtaja, kansanedustaja ja arkkitehti Oulusta","robots":{"index":"index","follow":"follow","max-snippet":"max-snippet:-1","max-image-preview":"max-image-preview:large","max-video-preview":"max-video-preview:-1"},"canonical":"https:\/\/jennipitko.fi\/koti\/koululiikunnassa-pois-sukupuolierottelusta-ja-kohti-innostavaa-liikunnallisuutta\/","og_locale":"fi_FI","og_type":"article","og_title":"Koululiikunnassa pois sukupuolierottelusta ja kohti innostavaa liikunnallisuutta - Jenni Pitko - Vihreiden varapuheenjohtaja, ymp\u00e4rist\u00f6valiokunnan puheenjohtaja, kansanedustaja ja arkkitehti Oulusta","og_description":"Liikkumattomuus on t\u00e4ll\u00e4 hetkell\u00e4 ehk\u00e4 suurin kansakunnan terveytt\u00e4 uhkaava asia. Liikkumattomuus lis\u00e4\u00e4 sosiaali- ja terveysministeri\u00f6n mukaan monia kansansairauksia ja kansantalouden [&hellip;]","og_url":"https:\/\/jennipitko.fi\/koti\/koululiikunnassa-pois-sukupuolierottelusta-ja-kohti-innostavaa-liikunnallisuutta\/","og_site_name":"Jenni Pitko - Vihreiden varapuheenjohtaja, ymp\u00e4rist\u00f6valiokunnan puheenjohtaja, kansanedustaja ja arkkitehti Oulusta","article_published_time":"2015-01-28T18:52:36+00:00","article_modified_time":"2015-01-28T19:46:23+00:00","author":"Jenni","twitter_card":"summary_large_image","twitter_misc":{"Kirjoittanut":"Jenni","Arvioitu lukuaika":"3 minuuttia"},"schema":{"@context":"https:\/\/schema.org","@graph":[{"@type":"Article","@id":"https:\/\/jennipitko.fi\/koti\/koululiikunnassa-pois-sukupuolierottelusta-ja-kohti-innostavaa-liikunnallisuutta\/#article","isPartOf":{"@id":"https:\/\/jennipitko.fi\/koti\/koululiikunnassa-pois-sukupuolierottelusta-ja-kohti-innostavaa-liikunnallisuutta\/"},"author":{"name":"Jenni","@id":"https:\/\/jennipitko.fi\/koti\/#\/schema\/person\/35955c467f851f10124809310e7e7ee8"},"headline":"Koululiikunnassa pois sukupuolierottelusta ja kohti innostavaa liikunnallisuutta","datePublished":"2015-01-28T18:52:36+00:00","dateModified":"2015-01-28T19:46:23+00:00","mainEntityOfPage":{"@id":"https:\/\/jennipitko.fi\/koti\/koululiikunnassa-pois-sukupuolierottelusta-ja-kohti-innostavaa-liikunnallisuutta\/"},"wordCount":696,"commentCount":0,"publisher":{"@id":"https:\/\/jennipitko.fi\/koti\/#organization"},"keywords":["hyvinvointi","koululiikunta","liikunta","lukio","peruskoulu","tasa-arvo","toisen asteen koulutus"],"articleSection":["Blogi","Valtuustoaloitteet"],"inLanguage":"fi","potentialAction":[{"@type":"CommentAction","name":"Comment","target":["https:\/\/jennipitko.fi\/koti\/koululiikunnassa-pois-sukupuolierottelusta-ja-kohti-innostavaa-liikunnallisuutta\/#respond"]}]},{"@type":"WebPage","@id":"https:\/\/jennipitko.fi\/koti\/koululiikunnassa-pois-sukupuolierottelusta-ja-kohti-innostavaa-liikunnallisuutta\/","url":"https:\/\/jennipitko.fi\/koti\/koululiikunnassa-pois-sukupuolierottelusta-ja-kohti-innostavaa-liikunnallisuutta\/","name":"Koululiikunnassa pois sukupuolierottelusta ja kohti innostavaa liikunnallisuutta - Jenni Pitko - Vihreiden varapuheenjohtaja, ymp\u00e4rist\u00f6valiokunnan puheenjohtaja, kansanedustaja ja arkkitehti Oulusta","isPartOf":{"@id":"https:\/\/jennipitko.fi\/koti\/#website"},"datePublished":"2015-01-28T18:52:36+00:00","dateModified":"2015-01-28T19:46:23+00:00","breadcrumb":{"@id":"https:\/\/jennipitko.fi\/koti\/koululiikunnassa-pois-sukupuolierottelusta-ja-kohti-innostavaa-liikunnallisuutta\/#breadcrumb"},"inLanguage":"fi","potentialAction":[{"@type":"ReadAction","target":["https:\/\/jennipitko.fi\/koti\/koululiikunnassa-pois-sukupuolierottelusta-ja-kohti-innostavaa-liikunnallisuutta\/"]}]},{"@type":"BreadcrumbList","@id":"https:\/\/jennipitko.fi\/koti\/koululiikunnassa-pois-sukupuolierottelusta-ja-kohti-innostavaa-liikunnallisuutta\/#breadcrumb","itemListElement":[{"@type":"ListItem","position":1,"name":"Home","item":"https:\/\/jennipitko.fi\/koti\/"},{"@type":"ListItem","position":2,"name":"Koululiikunnassa pois sukupuolierottelusta ja kohti innostavaa liikunnallisuutta"}]},{"@type":"WebSite","@id":"https:\/\/jennipitko.fi\/koti\/#website","url":"https:\/\/jennipitko.fi\/koti\/","name":"Jenni Pitko - Vihreiden varapuheenjohtaja, ymp\u00e4rist\u00f6valiokunnan puheenjohtaja, kansanedustaja ja arkkitehti Oulusta","description":"Jenni Pitko - Vihreiden varapuheenjohtaja, ymp\u00e4rist\u00f6valiokunnan puheenjohtaja, kansanedustaja ja arkkitehti Oulusta","publisher":{"@id":"https:\/\/jennipitko.fi\/koti\/#organization"},"potentialAction":[{"@type":"SearchAction","target":{"@type":"EntryPoint","urlTemplate":"https:\/\/jennipitko.fi\/koti\/?s={search_term_string}"},"query-input":{"@type":"PropertyValueSpecification","valueRequired":true,"valueName":"search_term_string"}}],"inLanguage":"fi"},{"@type":"Organization","@id":"https:\/\/jennipitko.fi\/koti\/#organization","name":"Jenni Pitko - Vihreiden varapuheenjohtaja, ymp\u00e4rist\u00f6valiokunnan puheenjohtaja, kansanedustaja ja arkkitehti Oulusta","url":"https:\/\/jennipitko.fi\/koti\/","logo":{"@type":"ImageObject","inLanguage":"fi","@id":"https:\/\/jennipitko.fi\/koti\/#\/schema\/logo\/image\/","url":"https:\/\/jennipitko.fi\/koti\/wp-content\/uploads\/2025\/09\/Nimeton-malli-38.png","contentUrl":"https:\/\/jennipitko.fi\/koti\/wp-content\/uploads\/2025\/09\/Nimeton-malli-38.png","width":1280,"height":847,"caption":"Jenni Pitko - Vihreiden varapuheenjohtaja, ymp\u00e4rist\u00f6valiokunnan puheenjohtaja, kansanedustaja ja arkkitehti Oulusta"},"image":{"@id":"https:\/\/jennipitko.fi\/koti\/#\/schema\/logo\/image\/"}},{"@type":"Person","@id":"https:\/\/jennipitko.fi\/koti\/#\/schema\/person\/35955c467f851f10124809310e7e7ee8","name":"Jenni","image":{"@type":"ImageObject","inLanguage":"fi","@id":"https:\/\/secure.gravatar.com\/avatar\/625a0e6413b293da7739d42617828d564a4d6028aec3f45d8939a2ba1617199f?s=96&d=blank&r=g","url":"https:\/\/secure.gravatar.com\/avatar\/625a0e6413b293da7739d42617828d564a4d6028aec3f45d8939a2ba1617199f?s=96&d=blank&r=g","contentUrl":"https:\/\/secure.gravatar.com\/avatar\/625a0e6413b293da7739d42617828d564a4d6028aec3f45d8939a2ba1617199f?s=96&d=blank&r=g","caption":"Jenni"},"url":"https:\/\/jennipitko.fi\/koti\/author\/jenni\/"}]}},"_links":{"self":[{"href":"https:\/\/jennipitko.fi\/koti\/wp-json\/wp\/v2\/posts\/959","targetHints":{"allow":["GET"]}}],"collection":[{"href":"https:\/\/jennipitko.fi\/koti\/wp-json\/wp\/v2\/posts"}],"about":[{"href":"https:\/\/jennipitko.fi\/koti\/wp-json\/wp\/v2\/types\/post"}],"author":[{"embeddable":true,"href":"https:\/\/jennipitko.fi\/koti\/wp-json\/wp\/v2\/users\/1"}],"replies":[{"embeddable":true,"href":"https:\/\/jennipitko.fi\/koti\/wp-json\/wp\/v2\/comments?post=959"}],"version-history":[{"count":1,"href":"https:\/\/jennipitko.fi\/koti\/wp-json\/wp\/v2\/posts\/959\/revisions"}],"predecessor-version":[{"id":964,"href":"https:\/\/jennipitko.fi\/koti\/wp-json\/wp\/v2\/posts\/959\/revisions\/964"}],"wp:attachment":[{"href":"https:\/\/jennipitko.fi\/koti\/wp-json\/wp\/v2\/media?parent=959"}],"wp:term":[{"taxonomy":"category","embeddable":true,"href":"https:\/\/jennipitko.fi\/koti\/wp-json\/wp\/v2\/categories?post=959"},{"taxonomy":"post_tag","embeddable":true,"href":"https:\/\/jennipitko.fi\/koti\/wp-json\/wp\/v2\/tags?post=959"}],"curies":[{"name":"wp","href":"https:\/\/api.w.org\/{rel}","templated":true}]}}